{"id":37936,"date":"2017-12-13T17:16:09","date_gmt":"2017-12-13T14:16:09","guid":{"rendered":"http:\/\/btv.md\/?p=37936"},"modified":"2017-12-13T17:16:09","modified_gmt":"2017-12-13T14:16:09","slug":"o-parte-din-europa-occidentala-afectata-de-vremea-nefavorabila","status":"publish","type":"post","link":"https:\/\/www.btv.md\/ro\/o-parte-din-europa-occidentala-afectata-de-vremea-nefavorabila\/","title":{"rendered":"O parte din Europa Occidental\u0103, afectat\u0103 de vremea nefavorabil\u0103"},"content":{"rendered":"<p><strong>Vremea nefavorabil\u0103 \u2013 c\u0103deri abundente de z\u0103pad\u0103, v\u00eenturi violente, polei \u0219i ghea\u021b\u0103 pe \u0219osele &#8211; afecteaz\u0103 \u00eencep\u00eend de duminic\u0103 Fran\u021ba, Germania \u0219i Marea Britanie, perturb\u00eend transporturile \u0219i priv\u00eend de electricitate mii de locuin\u021be, informeaz\u0103 lexpress.fr.<\/strong><\/p>\n<p style=\"text-align: center;\"><iframe data-src=\"https:\/\/www.youtube.com\/embed\/H5mNR05TmNE\" width=\"854\" height=\"480\" frameborder=\"0\" allowfullscreen=\"allowfullscreen\" src=\"data:image\/svg+xml;base64,PHN2ZyB3aWR0aD0iMSIgaGVpZ2h0PSIxIiB4bWxucz0iaHR0cDovL3d3dy53My5vcmcvMjAwMC9zdmciPjwvc3ZnPg==\" class=\"lazyload\" data-load-mode=\"1\"><\/iframe><\/p>\n<p>\u00cen Fran\u021ba, 32 de departamente au fost plasate sub cod galben de alert\u0103 duminic\u0103, 10 decembrie, sear\u0103, \u00een special \u00een regiunile Nord \u0219i Pas-de-Calais, unde v\u00eenturi puternice au privat de electricitate peste 20.000 de locuin\u021be. Din cauza c\u0103derilor de z\u0103pad\u0103, 8.000 de locuin\u021be au r\u0103mas f\u0103r\u0103 electricitate.<\/p>\n<p>Feribotul companiei britanice P&amp;O, cu peste 300 de c\u0103l\u0103tori la bord, a e\u0219uat duminic\u0103 \u00een jurul pr\u00eenzului \u00een portul Calais, unul dintre cele mai importante din Europa prin prisma num\u0103rului de pasageri. Incidentul nu a f\u0103cut victime \u0219i nici r\u0103ni\u021bi, \u00eens\u0103 a \u00eentrerupt temporar traficul de pe Canalul M\u00eenecii.<\/p>\n<p>\u00cen Corsica, unde a fost emis\u0103 o alert\u0103 de ploi abundente \u0219i inunda\u021bii, intemperiile au determinat \u00eenchiderea aeroporturilor din Ajaccio \u0219i Figari, duminic\u0103 dup\u0103-amiaz\u0103.<\/p>\n<p>O marte parte din Germania a fost afectat\u0103 de c\u0103deri de z\u0103pad\u0103 masive \u0219i temperaturi \u00een jurul valorii de zero grade Celsius, care au provocat anularea a peste 330 de zboruri la Frankfurt, cel mai mare hub aeroportuar din Germania \u0219i una dintre bazele principale ale companiei Lufthansa, unde trebuiau operate duminic\u0103 un num\u0103r de 1.260 de curse.<\/p>\n<p>Aeroportul din Dusseldorf a fost \u00eenchis timp de patru ore \u00een duminic\u0103 dup\u0103-amiaz\u0103, noteaz\u0103 DPA.<\/p>\n<p>Perturb\u0103ri ale traficului au afectat, de asemenea, trenurile, care au fost \u00eent\u00eerziate, redirec\u021bionate sau anulate \u00een landul Renania de Nord-Westfalia.<\/p>\n<p>Situa\u021bia este similar\u0103 \u00een Marea Britanie, unde au fost \u00eenregistrate cele mai mari c\u0103deri de z\u0103pad\u0103 din ultimii ani, comparabile cu cele din martie 2014 \u0219i din iarna anului 2010.<\/p>\n<p>Serviciul meteorologic britanic (Met Office) a emis un cod galben de alert\u0103 p\u00een\u0103 duminic\u0103 la ora local\u0103 18.00, dup\u0103 ce \u00een mai multe zone din Anglia \u0219i \u021aara Galilor stratul de z\u0103pad\u0103 a atins pragul de 20 de centimetri.<\/p>\n<p>Z\u0103pada a c\u0103zut \u0219i \u00een Sco\u021bia, Irlanda de Nord \u0219i la Londra, zone aflate sub inciden\u021ba codului galben. Stratul de z\u0103pad\u0103 a rezistat \u00eens\u0103 doar c\u00eeteva ore \u00een capitala britanic\u0103, \u00eenainte de a se topi.<\/p>\n<p>Mai multe zone au fost deosebit de afectate. La jum\u0103tatea zilei de duminic\u0103, stratul de z\u0103pad\u0103 atingea 30 de centimetri \u00een Sennybridge (\u021aara Galilor), 18 centimetri \u00een Hereford (Anglia) \u0219i 10 centimetri \u00een Coleshill (\u00een apropiere de Birmingham), potrivit unui purt\u0103tor de cuv\u00eent de la Met Office, Oli Claydon, citat de AFP.<\/p>\n<p>Stratul de z\u0103pad\u0103 a continuat s\u0103 creasc\u0103 \u00een cursul dup\u0103-amiezii, &#8222;\u00eens\u0103 ce a fost mai r\u0103u a trecut&#8221;, a ad\u0103ugat aceea\u0219i surs\u0103, potrivit c\u0103reia vremea se va ameliora pe parcursul orelor urm\u0103toare. El a avertizat \u00eens\u0103 \u00een leg\u0103tur\u0103 cu riscul de producere a poleiului, din cauza temperaturilor negative.<\/p>\n<p>La fel ca \u00een Germania, transporturile au fost afectate. Aeroportul din Birmingham, al doilea ora\u0219 din Marea Britanie, a fost \u00eenchis toat\u0103 diminea\u021ba de duminic\u0103 \u0219i a fost redeschis abia \u00een cursul dup\u0103-amiezii. Zeci de zboruri au fost anulate, \u00eent\u00eerziate sau redirec\u021bionate spre alte aeroporturi britanice.<\/p>\n<p>Numeroase zboruri au fost anulate \u0219i \u00eent\u00eerziate pe aeroportul din Luton, la nord de Londra, unde toate pistele au fost redeschise duminic\u0103 dup\u0103-amiaz\u0103, dup\u0103 ce fuseser\u0103 \u00eenchise temporar \u00een cursul dimine\u021bii.<\/p>\n<p>Transportul feroviar a fost de asemenea perturbat \u00eentr-o mare parte a Angliei \u0219i a \u021a\u0103rii Galilor, a anun\u021bat National Rail.<\/p>\n<p>Mai multe autostr\u0103zi \u0219i drumuri din zonele afectate au fost \u00eenchise pentru circula\u021bie din cauza unor autovehicule r\u0103mase \u00een pan\u0103 \u0219i a coliziunilor, potrivit Highways England, administratorul re\u021belei rutiere engleze.<\/p>\n<p>O re\u021bea de spitale din Midlands (centrul Angliei, n.r.) a lansat un apel pe Twitter adresat persoanelor care posed\u0103 vehicule cu trac\u021biune integral\u0103, rug\u00eendu-le s\u0103 \u00eei aduc\u0103 pe angaja\u021bii clinicilor sale la locurile lor de munc\u0103.<\/p>\n<p>Sute de \u0219coli au r\u0103mas \u00eenchise luni diminea\u021b\u0103 \u00een Marea Britanie din cauza z\u0103pezii \u0219i a \u00eenghe\u021bului, iar serviciul de meteorologie na\u021bional a plasat sub cod galben de alert\u0103 cea mai mare parte a \u021a\u0103rii Galilor \u0219i centrul Angliei.<\/p>\n<p>&#8222;<em>Din cauza z\u0103pezii \u0219i a \u00eenghe\u021bului<\/em>&#8222;, autorit\u0103\u021bile din ora\u0219ul Birmingham au anun\u021bat c\u0103 toate \u0219colile publice \u0219i serviciile de transport locale vor r\u0103m\u00eene \u00eenchise luni.<\/p>\n<p>Zeci de alte \u0219coli au fost de asemenea \u00eenchise \u00een alte comitate din centrul Angliei \u0219i din \u021aara Galilor.<\/p>\n<blockquote>\n<p>&#8222;<em>Odat\u0103 cu frigul \u0219i cu z\u0103pada din anumite p\u0103r\u021bi ale Angliei, ca \u0219i cu ploaia care a venit din sud-est \u00een a doua parte a nop\u021bii, suprafe\u021be \u00eentinse au fost acoperite cu ghea\u021b\u0103 \u0219i ele nu au fost \u00eenc\u0103 tratate. \u00cen acela\u0219i timp, z\u0103pada va continua s\u0103 cad\u0103 \u00een anumite p\u0103r\u021bi din sud-estul Angliei \u00een aceast\u0103 diminea\u021b\u0103 (luni) \u0219i \u00een \u00eenceputul dup\u0103-amiezii \u0219i doar \u00een anumite p\u0103r\u021bi \u00een estul Angliei \u00een aceast\u0103 dup\u0103-amiaz\u0103&#8221;<\/em>, au transmis reprezentan\u021bii Met Office pe site-ul oficial al institu\u021biei.<\/p>\n<\/blockquote>\n<p>Totu\u0219i, impactul va fi &#8222;mult mai pu\u021bin amplu \u0219i mai pu\u021bin important dec\u00eet cel \u00eenregistrat \u00een anumite regiuni din Anglia \u0219i \u021aara Galilor \u00een timpul zilei de duminic\u0103&#8221;, potrivit meteorologilor britanici. Cele dou\u0103 regiuni au fost plasate sub cod portocaliu.<\/p>\n<p>Furnizorul de electricitate Western Power Distribution, care opereaz\u0103 \u00een centrul Angliei \u0219i sud-vestul \u021a\u0103rii Galilor, avea luni diminea\u021b\u0103 aproximativ 7.000 de clien\u021bi priva\u021bi de energie electric\u0103.<\/p>\n<p>&#8222;<em>Am restabilit furnizarea de curent pentru mai mult de 99.500 de clien\u021bi pe parcursul ultimelor 24 de ore&#8221;<\/em>, a anun\u021bat luni diminea\u021b\u0103 aceast\u0103 companie prin intermediul unui mesaj publicat pe site-ul ei.<\/p>\n<p>Anumite curse aeriene vor fi perturbate \u0219i luni, au anun\u021bat reprezentan\u021bii aeroporturilor londoneze Luton \u0219i Heathrow.<\/p>\n<p>\u00cen privin\u021ba traficului feroviar, circula\u021bia unora dintre trenuri va fi perturbat\u0103 sau \u00eentrerupt\u0103 \u00een timpul zilei de luni, a precizat National Rail.<\/p>\n<p><a href=\"http:\/\/www.noi.md\/md\/news_id\/259623\">noi.md<\/a><\/p>\n","protected":false},"excerpt":{"rendered":"<p>Vremea nefavorabil\u0103 \u2013 c\u0103deri abundente de z\u0103pad\u0103, v\u00eenturi violente, polei \u0219i ghea\u021b\u0103 pe \u0219osele &#8211; afecteaz\u0103 \u00eencep\u00eend de duminic\u0103 Fran\u021ba, Germania \u0219i Marea Britanie, perturb\u00eend transporturile \u0219i priv\u00eend de electricitate mii de locuin\u021be, informeaz\u0103 lexpress.fr. \u00cen Fran\u021ba, 32 de departamente au fost plasate sub cod galben de alert\u0103 duminic\u0103, 10 decembrie, sear\u0103, \u00een special \u00een [&hellip;]<\/p>\n","protected":false},"author":4,"featured_media":37938,"comment_status":"closed","ping_status":"closed","sticky":false,"template":"","format":"standard","meta":{"footnotes":""},"categories":[6354],"tags":[],"class_list":["post-37936","post","type-post","status-publish","format-standard","has-post-thumbnail","hentry","category-externe-ro"],"yoast_head":"<!-- This site is optimized with the Yoast SEO plugin v27.4 - https:\/\/yoast.com\/product\/yoast-seo-wordpress\/ -->\n<title>O parte din Europa Occidental\u0103, afectat\u0103 de vremea nefavorabil\u0103<\/title>\n<meta name=\"robots\" content=\"index, follow, max-snippet:-1, max-image-preview:large, max-video-preview:-1\" \/>\n<link rel=\"canonical\" href=\"https:\/\/www.btv.md\/ro\/o-parte-din-europa-occidentala-afectata-de-vremea-nefavorabila\/\" \/>\n<meta property=\"og:locale\" content=\"ro_RO\" \/>\n<meta property=\"og:type\" content=\"article\" \/>\n<meta property=\"og:title\" content=\"O parte din Europa Occidental\u0103, afectat\u0103 de vremea nefavorabil\u0103\" \/>\n<meta property=\"og:description\" content=\"Vremea nefavorabil\u0103 \u2013 c\u0103deri abundente de z\u0103pad\u0103, v\u00eenturi violente, polei \u0219i ghea\u021b\u0103 pe \u0219osele &#8211; afecteaz\u0103 \u00eencep\u00eend de duminic\u0103 Fran\u021ba, Germania \u0219i Marea Britanie, perturb\u00eend transporturile \u0219i priv\u00eend de electricitate mii de locuin\u021be, informeaz\u0103 lexpress.fr. \u00cen Fran\u021ba, 32 de departamente au fost plasate sub cod galben de alert\u0103 duminic\u0103, 10 decembrie, sear\u0103, \u00een special \u00een [&hellip;]\" \/>\n<meta property=\"og:url\" content=\"https:\/\/www.btv.md\/ro\/o-parte-din-europa-occidentala-afectata-de-vremea-nefavorabila\/\" \/>\n<meta property=\"og:site_name\" content=\"BTV\" \/>\n<meta property=\"article:publisher\" content=\"https:\/\/www.facebook.com\/btvmoldova\/\" \/>\n<meta property=\"article:published_time\" content=\"2017-12-13T14:16:09+00:00\" \/>\n<meta property=\"og:image\" content=\"https:\/\/www.btv.md\/wp-content\/uploads\/2017\/12\/iarna_poza_zapada_22119600_55831900.jpg\" \/>\n\t<meta property=\"og:image:width\" content=\"720\" \/>\n\t<meta property=\"og:image:height\" content=\"405\" \/>\n\t<meta property=\"og:image:type\" content=\"image\/jpeg\" \/>\n<meta name=\"author\" content=\"admin\" \/>\n<meta name=\"twitter:label1\" content=\"Scris de\" \/>\n\t<meta name=\"twitter:data1\" content=\"admin\" \/>\n\t<meta name=\"twitter:label2\" content=\"Timp estimat pentru citire\" \/>\n\t<meta name=\"twitter:data2\" content=\"5 minute\" \/>\n<script type=\"application\/ld+json\" class=\"yoast-schema-graph\">{\"@context\":\"https:\\\/\\\/schema.org\",\"@graph\":[{\"@type\":\"Article\",\"@id\":\"https:\\\/\\\/www.btv.md\\\/ro\\\/o-parte-din-europa-occidentala-afectata-de-vremea-nefavorabila\\\/#article\",\"isPartOf\":{\"@id\":\"https:\\\/\\\/www.btv.md\\\/ro\\\/o-parte-din-europa-occidentala-afectata-de-vremea-nefavorabila\\\/\"},\"author\":{\"name\":\"admin\",\"@id\":\"https:\\\/\\\/www.btv.md\\\/#\\\/schema\\\/person\\\/8fadce81561b3ce2c34c46dadc4ccbf2\"},\"headline\":\"O parte din Europa Occidental\u0103, afectat\u0103 de vremea nefavorabil\u0103\",\"datePublished\":\"2017-12-13T14:16:09+00:00\",\"mainEntityOfPage\":{\"@id\":\"https:\\\/\\\/www.btv.md\\\/ro\\\/o-parte-din-europa-occidentala-afectata-de-vremea-nefavorabila\\\/\"},\"wordCount\":1025,\"image\":{\"@id\":\"https:\\\/\\\/www.btv.md\\\/ro\\\/o-parte-din-europa-occidentala-afectata-de-vremea-nefavorabila\\\/#primaryimage\"},\"thumbnailUrl\":\"https:\\\/\\\/www.btv.md\\\/wp-content\\\/uploads\\\/2017\\\/12\\\/iarna_poza_zapada_22119600_55831900.jpg\",\"articleSection\":[\"Externe\"],\"inLanguage\":\"ro-RO\"},{\"@type\":\"WebPage\",\"@id\":\"https:\\\/\\\/www.btv.md\\\/ro\\\/o-parte-din-europa-occidentala-afectata-de-vremea-nefavorabila\\\/\",\"url\":\"https:\\\/\\\/www.btv.md\\\/ro\\\/o-parte-din-europa-occidentala-afectata-de-vremea-nefavorabila\\\/\",\"name\":\"O parte din Europa Occidental\u0103, afectat\u0103 de vremea nefavorabil\u0103\",\"isPartOf\":{\"@id\":\"https:\\\/\\\/www.btv.md\\\/#website\"},\"primaryImageOfPage\":{\"@id\":\"https:\\\/\\\/www.btv.md\\\/ro\\\/o-parte-din-europa-occidentala-afectata-de-vremea-nefavorabila\\\/#primaryimage\"},\"image\":{\"@id\":\"https:\\\/\\\/www.btv.md\\\/ro\\\/o-parte-din-europa-occidentala-afectata-de-vremea-nefavorabila\\\/#primaryimage\"},\"thumbnailUrl\":\"https:\\\/\\\/www.btv.md\\\/wp-content\\\/uploads\\\/2017\\\/12\\\/iarna_poza_zapada_22119600_55831900.jpg\",\"datePublished\":\"2017-12-13T14:16:09+00:00\",\"author\":{\"@id\":\"https:\\\/\\\/www.btv.md\\\/#\\\/schema\\\/person\\\/8fadce81561b3ce2c34c46dadc4ccbf2\"},\"inLanguage\":\"ro-RO\",\"potentialAction\":[{\"@type\":\"ReadAction\",\"target\":[\"https:\\\/\\\/www.btv.md\\\/ro\\\/o-parte-din-europa-occidentala-afectata-de-vremea-nefavorabila\\\/\"]}]},{\"@type\":\"ImageObject\",\"inLanguage\":\"ro-RO\",\"@id\":\"https:\\\/\\\/www.btv.md\\\/ro\\\/o-parte-din-europa-occidentala-afectata-de-vremea-nefavorabila\\\/#primaryimage\",\"url\":\"https:\\\/\\\/www.btv.md\\\/wp-content\\\/uploads\\\/2017\\\/12\\\/iarna_poza_zapada_22119600_55831900.jpg\",\"contentUrl\":\"https:\\\/\\\/www.btv.md\\\/wp-content\\\/uploads\\\/2017\\\/12\\\/iarna_poza_zapada_22119600_55831900.jpg\",\"width\":720,\"height\":405,\"caption\":\"vreme nefavorabil\u0103\"},{\"@type\":\"WebSite\",\"@id\":\"https:\\\/\\\/www.btv.md\\\/#website\",\"url\":\"https:\\\/\\\/www.btv.md\\\/\",\"name\":\"BTV\",\"description\":\"\u0411\u0435\u043b\u044c\u0446\u043a\u043e\u0435 \u0442\u0435\u043b\u0435\u0432\u0438\u0434\u0435\u043d\u0438\u0435\",\"potentialAction\":[{\"@type\":\"SearchAction\",\"target\":{\"@type\":\"EntryPoint\",\"urlTemplate\":\"https:\\\/\\\/www.btv.md\\\/?s={search_term_string}\"},\"query-input\":{\"@type\":\"PropertyValueSpecification\",\"valueRequired\":true,\"valueName\":\"search_term_string\"}}],\"inLanguage\":\"ro-RO\"},{\"@type\":\"Person\",\"@id\":\"https:\\\/\\\/www.btv.md\\\/#\\\/schema\\\/person\\\/8fadce81561b3ce2c34c46dadc4ccbf2\",\"name\":\"admin\"}]}<\/script>\n<!-- \/ Yoast SEO plugin. -->","yoast_head_json":{"title":"O parte din Europa Occidental\u0103, afectat\u0103 de vremea nefavorabil\u0103","robots":{"index":"index","follow":"follow","max-snippet":"max-snippet:-1","max-image-preview":"max-image-preview:large","max-video-preview":"max-video-preview:-1"},"canonical":"https:\/\/www.btv.md\/ro\/o-parte-din-europa-occidentala-afectata-de-vremea-nefavorabila\/","og_locale":"ro_RO","og_type":"article","og_title":"O parte din Europa Occidental\u0103, afectat\u0103 de vremea nefavorabil\u0103","og_description":"Vremea nefavorabil\u0103 \u2013 c\u0103deri abundente de z\u0103pad\u0103, v\u00eenturi violente, polei \u0219i ghea\u021b\u0103 pe \u0219osele &#8211; afecteaz\u0103 \u00eencep\u00eend de duminic\u0103 Fran\u021ba, Germania \u0219i Marea Britanie, perturb\u00eend transporturile \u0219i priv\u00eend de electricitate mii de locuin\u021be, informeaz\u0103 lexpress.fr. \u00cen Fran\u021ba, 32 de departamente au fost plasate sub cod galben de alert\u0103 duminic\u0103, 10 decembrie, sear\u0103, \u00een special \u00een [&hellip;]","og_url":"https:\/\/www.btv.md\/ro\/o-parte-din-europa-occidentala-afectata-de-vremea-nefavorabila\/","og_site_name":"BTV","article_publisher":"https:\/\/www.facebook.com\/btvmoldova\/","article_published_time":"2017-12-13T14:16:09+00:00","og_image":[{"width":720,"height":405,"url":"https:\/\/www.btv.md\/wp-content\/uploads\/2017\/12\/iarna_poza_zapada_22119600_55831900.jpg","type":"image\/jpeg"}],"author":"admin","twitter_misc":{"Scris de":"admin","Timp estimat pentru citire":"5 minute"},"schema":{"@context":"https:\/\/schema.org","@graph":[{"@type":"Article","@id":"https:\/\/www.btv.md\/ro\/o-parte-din-europa-occidentala-afectata-de-vremea-nefavorabila\/#article","isPartOf":{"@id":"https:\/\/www.btv.md\/ro\/o-parte-din-europa-occidentala-afectata-de-vremea-nefavorabila\/"},"author":{"name":"admin","@id":"https:\/\/www.btv.md\/#\/schema\/person\/8fadce81561b3ce2c34c46dadc4ccbf2"},"headline":"O parte din Europa Occidental\u0103, afectat\u0103 de vremea nefavorabil\u0103","datePublished":"2017-12-13T14:16:09+00:00","mainEntityOfPage":{"@id":"https:\/\/www.btv.md\/ro\/o-parte-din-europa-occidentala-afectata-de-vremea-nefavorabila\/"},"wordCount":1025,"image":{"@id":"https:\/\/www.btv.md\/ro\/o-parte-din-europa-occidentala-afectata-de-vremea-nefavorabila\/#primaryimage"},"thumbnailUrl":"https:\/\/www.btv.md\/wp-content\/uploads\/2017\/12\/iarna_poza_zapada_22119600_55831900.jpg","articleSection":["Externe"],"inLanguage":"ro-RO"},{"@type":"WebPage","@id":"https:\/\/www.btv.md\/ro\/o-parte-din-europa-occidentala-afectata-de-vremea-nefavorabila\/","url":"https:\/\/www.btv.md\/ro\/o-parte-din-europa-occidentala-afectata-de-vremea-nefavorabila\/","name":"O parte din Europa Occidental\u0103, afectat\u0103 de vremea nefavorabil\u0103","isPartOf":{"@id":"https:\/\/www.btv.md\/#website"},"primaryImageOfPage":{"@id":"https:\/\/www.btv.md\/ro\/o-parte-din-europa-occidentala-afectata-de-vremea-nefavorabila\/#primaryimage"},"image":{"@id":"https:\/\/www.btv.md\/ro\/o-parte-din-europa-occidentala-afectata-de-vremea-nefavorabila\/#primaryimage"},"thumbnailUrl":"https:\/\/www.btv.md\/wp-content\/uploads\/2017\/12\/iarna_poza_zapada_22119600_55831900.jpg","datePublished":"2017-12-13T14:16:09+00:00","author":{"@id":"https:\/\/www.btv.md\/#\/schema\/person\/8fadce81561b3ce2c34c46dadc4ccbf2"},"inLanguage":"ro-RO","potentialAction":[{"@type":"ReadAction","target":["https:\/\/www.btv.md\/ro\/o-parte-din-europa-occidentala-afectata-de-vremea-nefavorabila\/"]}]},{"@type":"ImageObject","inLanguage":"ro-RO","@id":"https:\/\/www.btv.md\/ro\/o-parte-din-europa-occidentala-afectata-de-vremea-nefavorabila\/#primaryimage","url":"https:\/\/www.btv.md\/wp-content\/uploads\/2017\/12\/iarna_poza_zapada_22119600_55831900.jpg","contentUrl":"https:\/\/www.btv.md\/wp-content\/uploads\/2017\/12\/iarna_poza_zapada_22119600_55831900.jpg","width":720,"height":405,"caption":"vreme nefavorabil\u0103"},{"@type":"WebSite","@id":"https:\/\/www.btv.md\/#website","url":"https:\/\/www.btv.md\/","name":"BTV","description":"\u0411\u0435\u043b\u044c\u0446\u043a\u043e\u0435 \u0442\u0435\u043b\u0435\u0432\u0438\u0434\u0435\u043d\u0438\u0435","potentialAction":[{"@type":"SearchAction","target":{"@type":"EntryPoint","urlTemplate":"https:\/\/www.btv.md\/?s={search_term_string}"},"query-input":{"@type":"PropertyValueSpecification","valueRequired":true,"valueName":"search_term_string"}}],"inLanguage":"ro-RO"},{"@type":"Person","@id":"https:\/\/www.btv.md\/#\/schema\/person\/8fadce81561b3ce2c34c46dadc4ccbf2","name":"admin"}]}},"_links":{"self":[{"href":"https:\/\/www.btv.md\/ro\/wp-json\/wp\/v2\/posts\/37936","targetHints":{"allow":["GET"]}}],"collection":[{"href":"https:\/\/www.btv.md\/ro\/wp-json\/wp\/v2\/posts"}],"about":[{"href":"https:\/\/www.btv.md\/ro\/wp-json\/wp\/v2\/types\/post"}],"author":[{"embeddable":true,"href":"https:\/\/www.btv.md\/ro\/wp-json\/wp\/v2\/users\/4"}],"replies":[{"embeddable":true,"href":"https:\/\/www.btv.md\/ro\/wp-json\/wp\/v2\/comments?post=37936"}],"version-history":[{"count":0,"href":"https:\/\/www.btv.md\/ro\/wp-json\/wp\/v2\/posts\/37936\/revisions"}],"wp:featuredmedia":[{"embeddable":true,"href":"https:\/\/www.btv.md\/ro\/wp-json\/wp\/v2\/media\/37938"}],"wp:attachment":[{"href":"https:\/\/www.btv.md\/ro\/wp-json\/wp\/v2\/media?parent=37936"}],"wp:term":[{"taxonomy":"category","embeddable":true,"href":"https:\/\/www.btv.md\/ro\/wp-json\/wp\/v2\/categories?post=37936"},{"taxonomy":"post_tag","embeddable":true,"href":"https:\/\/www.btv.md\/ro\/wp-json\/wp\/v2\/tags?post=37936"}],"curies":[{"name":"wp","href":"https:\/\/api.w.org\/{rel}","templated":true}]}}