{"id":37940,"date":"2017-12-13T17:20:46","date_gmt":"2017-12-13T14:20:46","guid":{"rendered":"http:\/\/btv.md\/?p=37940"},"modified":"2017-12-13T17:37:02","modified_gmt":"2017-12-13T14:37:02","slug":"sa-donam-pentru-fetita-care-a-ramas-orfana-saptamana-trecuta","status":"publish","type":"post","link":"https:\/\/www.btv.md\/ro\/sa-donam-pentru-fetita-care-a-ramas-orfana-saptamana-trecuta\/","title":{"rendered":"S\u0103 don\u0103m pentru feti\u021ba care a r\u0103mas orfan\u0103 s\u0103pt\u0103m\u00e2na trecut\u0103"},"content":{"rendered":"<p><strong>O feti\u021b\u0103 de doar un ani\u0219or a r\u0103mas orfan\u0103 dup\u0103 ce p\u0103rin\u021bii ei au decedat \u00een groaznicul accident rutier, care a avut loc la data de 9 decembrie, pe traseul Chi\u0219in\u0103u-Leu\u0219eni.<\/strong><\/p>\n<p style=\"text-align: center;\"><iframe data-src=\"https:\/\/www.youtube.com\/embed\/1yps1knFuIo\" width=\"854\" height=\"480\" frameborder=\"0\" allowfullscreen=\"allowfullscreen\" src=\"data:image\/svg+xml;base64,PHN2ZyB3aWR0aD0iMSIgaGVpZ2h0PSIxIiB4bWxucz0iaHR0cDovL3d3dy53My5vcmcvMjAwMC9zdmciPjwvc3ZnPg==\" class=\"lazyload\" data-load-mode=\"1\"><\/iframe><\/p>\n<p>Ani\u0219oara, feti\u021ba cuplului, va fi crescut\u0103 de sora victimei. Pentru c\u0103 aceast\u0103 persoan\u0103 cu suflet mare are deja 2 copii, nu va reu\u0219i s\u0103-i \u00eentre\u021bin\u0103 financiar pe to\u021bi 3.<\/p>\n<p>Pentru c\u0103 nu exist\u0103 copii str\u0103ini, v\u0103 rug\u0103m s\u0103 s\u0103ri\u021bi \u00een ajutorul acestui pui de om. Pe l\u00e2ng\u0103 contul bancar pe care-l vom ata\u0219a mai jos, pentru dona\u021bii le pute\u021bi contacta pe Alicia Valcov, Dana Odainic, Cristina Mastac Comerzan sau Ionela Had\u00e2rca.<\/p>\n<p>&nbsp;<\/p>\n<p><strong><em>Nume\/Denumire Beneficiar (R)Liliana Turcan <\/em><\/strong><\/p>\n<p><strong><em>Cod Fiscal Beneficiar 0971106029539<\/em><\/strong><\/p>\n<p><strong><em>IBAN Beneficiar MD75AG000000022593296268<\/em><\/strong><\/p>\n<p><strong><em>Cod Banca Beneficiar AGRNMD2X <\/em><\/strong><\/p>\n<p><strong><em>Denumire Banc\u0103 Beneficiar BC&#8217;MOLDOVA-AGROINDBANK&#8217;S.A.<\/em><\/strong><\/p>\n<p>&nbsp;<\/p>\n<p><a href=\"http:\/\/mamaplus.md\/posts\/19939\/\">mamaplus.md<\/a><\/p>\n","protected":false},"excerpt":{"rendered":"<p>O feti\u021b\u0103 de doar un ani\u0219or a r\u0103mas orfan\u0103 dup\u0103 ce p\u0103rin\u021bii ei au decedat \u00een groaznicul accident rutier, care a avut loc la data de 9 decembrie, pe traseul Chi\u0219in\u0103u-Leu\u0219eni. Ani\u0219oara, feti\u021ba cuplului, va fi crescut\u0103 de sora victimei. Pentru c\u0103 aceast\u0103 persoan\u0103 cu suflet mare are deja 2 copii, nu va reu\u0219i s\u0103-i [&hellip;]<\/p>\n","protected":false},"author":4,"featured_media":37942,"comment_status":"closed","ping_status":"closed","sticky":false,"template":"","format":"standard","meta":{"footnotes":""},"categories":[6349],"tags":[],"class_list":["post-37940","post","type-post","status-publish","format-standard","has-post-thumbnail","hentry","category-social"],"yoast_head":"<!-- This site is optimized with the Yoast SEO plugin v27.4 - https:\/\/yoast.com\/product\/yoast-seo-wordpress\/ -->\n<title>S\u0103 don\u0103m pentru feti\u021ba care a r\u0103mas orfan\u0103 s\u0103pt\u0103m\u00e2na trecut\u0103<\/title>\n<meta name=\"description\" content=\"O feti\u021b\u0103 de doar un ani\u0219or a r\u0103mas orfan\u0103 dup\u0103 ce p\u0103rin\u021bii ei au decedat \u00een groaznicul accident rutier, care a avut loc la data de 9 decembrie.\" \/>\n<meta name=\"robots\" content=\"index, follow, max-snippet:-1, max-image-preview:large, max-video-preview:-1\" \/>\n<link rel=\"canonical\" href=\"https:\/\/www.btv.md\/ro\/sa-donam-pentru-fetita-care-a-ramas-orfana-saptamana-trecuta\/\" \/>\n<meta property=\"og:locale\" content=\"ro_RO\" \/>\n<meta property=\"og:type\" content=\"article\" \/>\n<meta property=\"og:title\" content=\"S\u0103 don\u0103m pentru feti\u021ba care a r\u0103mas orfan\u0103 s\u0103pt\u0103m\u00e2na trecut\u0103\" \/>\n<meta property=\"og:description\" content=\"O feti\u021b\u0103 de doar un ani\u0219or a r\u0103mas orfan\u0103 dup\u0103 ce p\u0103rin\u021bii ei au decedat \u00een groaznicul accident rutier, care a avut loc la data de 9 decembrie, pe traseul Chi\u0219in\u0103u-Leu\u0219eni.\" \/>\n<meta property=\"og:url\" content=\"https:\/\/www.btv.md\/ro\/sa-donam-pentru-fetita-care-a-ramas-orfana-saptamana-trecuta\/\" \/>\n<meta property=\"og:site_name\" content=\"BTV\" \/>\n<meta property=\"article:publisher\" content=\"https:\/\/www.facebook.com\/btvmoldova\/\" \/>\n<meta property=\"article:published_time\" content=\"2017-12-13T14:20:46+00:00\" \/>\n<meta property=\"article:modified_time\" content=\"2017-12-13T14:37:02+00:00\" \/>\n<meta property=\"og:image\" content=\"https:\/\/www.btv.md\/wp-content\/uploads\/2017\/12\/accident-1.jpg\" \/>\n\t<meta property=\"og:image:width\" content=\"1600\" \/>\n\t<meta property=\"og:image:height\" content=\"1200\" \/>\n\t<meta property=\"og:image:type\" content=\"image\/jpeg\" \/>\n<meta name=\"author\" content=\"admin\" \/>\n<meta name=\"twitter:label1\" content=\"Scris de\" \/>\n\t<meta name=\"twitter:data1\" content=\"admin\" \/>\n\t<meta name=\"twitter:label2\" content=\"Timp estimat pentru citire\" \/>\n\t<meta name=\"twitter:data2\" content=\"1 minut\" \/>\n<script type=\"application\/ld+json\" class=\"yoast-schema-graph\">{\"@context\":\"https:\\\/\\\/schema.org\",\"@graph\":[{\"@type\":\"Article\",\"@id\":\"https:\\\/\\\/www.btv.md\\\/ro\\\/sa-donam-pentru-fetita-care-a-ramas-orfana-saptamana-trecuta\\\/#article\",\"isPartOf\":{\"@id\":\"https:\\\/\\\/www.btv.md\\\/ro\\\/sa-donam-pentru-fetita-care-a-ramas-orfana-saptamana-trecuta\\\/\"},\"author\":{\"name\":\"admin\",\"@id\":\"https:\\\/\\\/www.btv.md\\\/#\\\/schema\\\/person\\\/8fadce81561b3ce2c34c46dadc4ccbf2\"},\"headline\":\"S\u0103 don\u0103m pentru feti\u021ba care a r\u0103mas orfan\u0103 s\u0103pt\u0103m\u00e2na trecut\u0103\",\"datePublished\":\"2017-12-13T14:20:46+00:00\",\"dateModified\":\"2017-12-13T14:37:02+00:00\",\"mainEntityOfPage\":{\"@id\":\"https:\\\/\\\/www.btv.md\\\/ro\\\/sa-donam-pentru-fetita-care-a-ramas-orfana-saptamana-trecuta\\\/\"},\"wordCount\":166,\"image\":{\"@id\":\"https:\\\/\\\/www.btv.md\\\/ro\\\/sa-donam-pentru-fetita-care-a-ramas-orfana-saptamana-trecuta\\\/#primaryimage\"},\"thumbnailUrl\":\"https:\\\/\\\/www.btv.md\\\/wp-content\\\/uploads\\\/2017\\\/12\\\/accident-1.jpg\",\"articleSection\":[\"Social\"],\"inLanguage\":\"ro-RO\"},{\"@type\":\"WebPage\",\"@id\":\"https:\\\/\\\/www.btv.md\\\/ro\\\/sa-donam-pentru-fetita-care-a-ramas-orfana-saptamana-trecuta\\\/\",\"url\":\"https:\\\/\\\/www.btv.md\\\/ro\\\/sa-donam-pentru-fetita-care-a-ramas-orfana-saptamana-trecuta\\\/\",\"name\":\"S\u0103 don\u0103m pentru feti\u021ba care a r\u0103mas orfan\u0103 s\u0103pt\u0103m\u00e2na trecut\u0103\",\"isPartOf\":{\"@id\":\"https:\\\/\\\/www.btv.md\\\/#website\"},\"primaryImageOfPage\":{\"@id\":\"https:\\\/\\\/www.btv.md\\\/ro\\\/sa-donam-pentru-fetita-care-a-ramas-orfana-saptamana-trecuta\\\/#primaryimage\"},\"image\":{\"@id\":\"https:\\\/\\\/www.btv.md\\\/ro\\\/sa-donam-pentru-fetita-care-a-ramas-orfana-saptamana-trecuta\\\/#primaryimage\"},\"thumbnailUrl\":\"https:\\\/\\\/www.btv.md\\\/wp-content\\\/uploads\\\/2017\\\/12\\\/accident-1.jpg\",\"datePublished\":\"2017-12-13T14:20:46+00:00\",\"dateModified\":\"2017-12-13T14:37:02+00:00\",\"author\":{\"@id\":\"https:\\\/\\\/www.btv.md\\\/#\\\/schema\\\/person\\\/8fadce81561b3ce2c34c46dadc4ccbf2\"},\"description\":\"O feti\u021b\u0103 de doar un ani\u0219or a r\u0103mas orfan\u0103 dup\u0103 ce p\u0103rin\u021bii ei au decedat \u00een groaznicul accident rutier, care a avut loc la data de 9 decembrie.\",\"inLanguage\":\"ro-RO\",\"potentialAction\":[{\"@type\":\"ReadAction\",\"target\":[\"https:\\\/\\\/www.btv.md\\\/ro\\\/sa-donam-pentru-fetita-care-a-ramas-orfana-saptamana-trecuta\\\/\"]}]},{\"@type\":\"ImageObject\",\"inLanguage\":\"ro-RO\",\"@id\":\"https:\\\/\\\/www.btv.md\\\/ro\\\/sa-donam-pentru-fetita-care-a-ramas-orfana-saptamana-trecuta\\\/#primaryimage\",\"url\":\"https:\\\/\\\/www.btv.md\\\/wp-content\\\/uploads\\\/2017\\\/12\\\/accident-1.jpg\",\"contentUrl\":\"https:\\\/\\\/www.btv.md\\\/wp-content\\\/uploads\\\/2017\\\/12\\\/accident-1.jpg\",\"width\":1600,\"height\":1200},{\"@type\":\"WebSite\",\"@id\":\"https:\\\/\\\/www.btv.md\\\/#website\",\"url\":\"https:\\\/\\\/www.btv.md\\\/\",\"name\":\"BTV\",\"description\":\"\u0411\u0435\u043b\u044c\u0446\u043a\u043e\u0435 \u0442\u0435\u043b\u0435\u0432\u0438\u0434\u0435\u043d\u0438\u0435\",\"potentialAction\":[{\"@type\":\"SearchAction\",\"target\":{\"@type\":\"EntryPoint\",\"urlTemplate\":\"https:\\\/\\\/www.btv.md\\\/?s={search_term_string}\"},\"query-input\":{\"@type\":\"PropertyValueSpecification\",\"valueRequired\":true,\"valueName\":\"search_term_string\"}}],\"inLanguage\":\"ro-RO\"},{\"@type\":\"Person\",\"@id\":\"https:\\\/\\\/www.btv.md\\\/#\\\/schema\\\/person\\\/8fadce81561b3ce2c34c46dadc4ccbf2\",\"name\":\"admin\"}]}<\/script>\n<!-- \/ Yoast SEO plugin. -->","yoast_head_json":{"title":"S\u0103 don\u0103m pentru feti\u021ba care a r\u0103mas orfan\u0103 s\u0103pt\u0103m\u00e2na trecut\u0103","description":"O feti\u021b\u0103 de doar un ani\u0219or a r\u0103mas orfan\u0103 dup\u0103 ce p\u0103rin\u021bii ei au decedat \u00een groaznicul accident rutier, care a avut loc la data de 9 decembrie.","robots":{"index":"index","follow":"follow","max-snippet":"max-snippet:-1","max-image-preview":"max-image-preview:large","max-video-preview":"max-video-preview:-1"},"canonical":"https:\/\/www.btv.md\/ro\/sa-donam-pentru-fetita-care-a-ramas-orfana-saptamana-trecuta\/","og_locale":"ro_RO","og_type":"article","og_title":"S\u0103 don\u0103m pentru feti\u021ba care a r\u0103mas orfan\u0103 s\u0103pt\u0103m\u00e2na trecut\u0103","og_description":"O feti\u021b\u0103 de doar un ani\u0219or a r\u0103mas orfan\u0103 dup\u0103 ce p\u0103rin\u021bii ei au decedat \u00een groaznicul accident rutier, care a avut loc la data de 9 decembrie, pe traseul Chi\u0219in\u0103u-Leu\u0219eni.","og_url":"https:\/\/www.btv.md\/ro\/sa-donam-pentru-fetita-care-a-ramas-orfana-saptamana-trecuta\/","og_site_name":"BTV","article_publisher":"https:\/\/www.facebook.com\/btvmoldova\/","article_published_time":"2017-12-13T14:20:46+00:00","article_modified_time":"2017-12-13T14:37:02+00:00","og_image":[{"width":1600,"height":1200,"url":"https:\/\/www.btv.md\/wp-content\/uploads\/2017\/12\/accident-1.jpg","type":"image\/jpeg"}],"author":"admin","twitter_misc":{"Scris de":"admin","Timp estimat pentru citire":"1 minut"},"schema":{"@context":"https:\/\/schema.org","@graph":[{"@type":"Article","@id":"https:\/\/www.btv.md\/ro\/sa-donam-pentru-fetita-care-a-ramas-orfana-saptamana-trecuta\/#article","isPartOf":{"@id":"https:\/\/www.btv.md\/ro\/sa-donam-pentru-fetita-care-a-ramas-orfana-saptamana-trecuta\/"},"author":{"name":"admin","@id":"https:\/\/www.btv.md\/#\/schema\/person\/8fadce81561b3ce2c34c46dadc4ccbf2"},"headline":"S\u0103 don\u0103m pentru feti\u021ba care a r\u0103mas orfan\u0103 s\u0103pt\u0103m\u00e2na trecut\u0103","datePublished":"2017-12-13T14:20:46+00:00","dateModified":"2017-12-13T14:37:02+00:00","mainEntityOfPage":{"@id":"https:\/\/www.btv.md\/ro\/sa-donam-pentru-fetita-care-a-ramas-orfana-saptamana-trecuta\/"},"wordCount":166,"image":{"@id":"https:\/\/www.btv.md\/ro\/sa-donam-pentru-fetita-care-a-ramas-orfana-saptamana-trecuta\/#primaryimage"},"thumbnailUrl":"https:\/\/www.btv.md\/wp-content\/uploads\/2017\/12\/accident-1.jpg","articleSection":["Social"],"inLanguage":"ro-RO"},{"@type":"WebPage","@id":"https:\/\/www.btv.md\/ro\/sa-donam-pentru-fetita-care-a-ramas-orfana-saptamana-trecuta\/","url":"https:\/\/www.btv.md\/ro\/sa-donam-pentru-fetita-care-a-ramas-orfana-saptamana-trecuta\/","name":"S\u0103 don\u0103m pentru feti\u021ba care a r\u0103mas orfan\u0103 s\u0103pt\u0103m\u00e2na trecut\u0103","isPartOf":{"@id":"https:\/\/www.btv.md\/#website"},"primaryImageOfPage":{"@id":"https:\/\/www.btv.md\/ro\/sa-donam-pentru-fetita-care-a-ramas-orfana-saptamana-trecuta\/#primaryimage"},"image":{"@id":"https:\/\/www.btv.md\/ro\/sa-donam-pentru-fetita-care-a-ramas-orfana-saptamana-trecuta\/#primaryimage"},"thumbnailUrl":"https:\/\/www.btv.md\/wp-content\/uploads\/2017\/12\/accident-1.jpg","datePublished":"2017-12-13T14:20:46+00:00","dateModified":"2017-12-13T14:37:02+00:00","author":{"@id":"https:\/\/www.btv.md\/#\/schema\/person\/8fadce81561b3ce2c34c46dadc4ccbf2"},"description":"O feti\u021b\u0103 de doar un ani\u0219or a r\u0103mas orfan\u0103 dup\u0103 ce p\u0103rin\u021bii ei au decedat \u00een groaznicul accident rutier, care a avut loc la data de 9 decembrie.","inLanguage":"ro-RO","potentialAction":[{"@type":"ReadAction","target":["https:\/\/www.btv.md\/ro\/sa-donam-pentru-fetita-care-a-ramas-orfana-saptamana-trecuta\/"]}]},{"@type":"ImageObject","inLanguage":"ro-RO","@id":"https:\/\/www.btv.md\/ro\/sa-donam-pentru-fetita-care-a-ramas-orfana-saptamana-trecuta\/#primaryimage","url":"https:\/\/www.btv.md\/wp-content\/uploads\/2017\/12\/accident-1.jpg","contentUrl":"https:\/\/www.btv.md\/wp-content\/uploads\/2017\/12\/accident-1.jpg","width":1600,"height":1200},{"@type":"WebSite","@id":"https:\/\/www.btv.md\/#website","url":"https:\/\/www.btv.md\/","name":"BTV","description":"\u0411\u0435\u043b\u044c\u0446\u043a\u043e\u0435 \u0442\u0435\u043b\u0435\u0432\u0438\u0434\u0435\u043d\u0438\u0435","potentialAction":[{"@type":"SearchAction","target":{"@type":"EntryPoint","urlTemplate":"https:\/\/www.btv.md\/?s={search_term_string}"},"query-input":{"@type":"PropertyValueSpecification","valueRequired":true,"valueName":"search_term_string"}}],"inLanguage":"ro-RO"},{"@type":"Person","@id":"https:\/\/www.btv.md\/#\/schema\/person\/8fadce81561b3ce2c34c46dadc4ccbf2","name":"admin"}]}},"_links":{"self":[{"href":"https:\/\/www.btv.md\/ro\/wp-json\/wp\/v2\/posts\/37940","targetHints":{"allow":["GET"]}}],"collection":[{"href":"https:\/\/www.btv.md\/ro\/wp-json\/wp\/v2\/posts"}],"about":[{"href":"https:\/\/www.btv.md\/ro\/wp-json\/wp\/v2\/types\/post"}],"author":[{"embeddable":true,"href":"https:\/\/www.btv.md\/ro\/wp-json\/wp\/v2\/users\/4"}],"replies":[{"embeddable":true,"href":"https:\/\/www.btv.md\/ro\/wp-json\/wp\/v2\/comments?post=37940"}],"version-history":[{"count":0,"href":"https:\/\/www.btv.md\/ro\/wp-json\/wp\/v2\/posts\/37940\/revisions"}],"wp:featuredmedia":[{"embeddable":true,"href":"https:\/\/www.btv.md\/ro\/wp-json\/wp\/v2\/media\/37942"}],"wp:attachment":[{"href":"https:\/\/www.btv.md\/ro\/wp-json\/wp\/v2\/media?parent=37940"}],"wp:term":[{"taxonomy":"category","embeddable":true,"href":"https:\/\/www.btv.md\/ro\/wp-json\/wp\/v2\/categories?post=37940"},{"taxonomy":"post_tag","embeddable":true,"href":"https:\/\/www.btv.md\/ro\/wp-json\/wp\/v2\/tags?post=37940"}],"curies":[{"name":"wp","href":"https:\/\/api.w.org\/{rel}","templated":true}]}}