{"id":37944,"date":"2017-12-13T17:22:49","date_gmt":"2017-12-13T14:22:49","guid":{"rendered":"http:\/\/btv.md\/?p=37944"},"modified":"2017-12-13T17:35:40","modified_gmt":"2017-12-13T14:35:40","slug":"alti-12-ani-de-inchisoare-pentru-veaceslav-platon","status":"publish","type":"post","link":"https:\/\/www.btv.md\/ro\/alti-12-ani-de-inchisoare-pentru-veaceslav-platon\/","title":{"rendered":"Al\u021bi 12 ani de \u00eenchisoare pentru Veaceslav Platon"},"content":{"rendered":"<p><strong>Veaceslav Platon, condamnat anterior la 18 de \u00eenchisoare pentru escrocherie \u015fi sp\u0103lare de bani, a mai primit 12 ani de priva\u021biune de libertate. De aceast\u0103 dat\u0103, controversatul om de afaceri s-ar face vinovat de tentativ\u0103 de escrocherie \u00een propor\u0163ii deosebit de mari \u015fi corupere a masca\u0163ilor de la Deta\u015famentul cu Destina\u0163ie Special\u0103 \u201ePantera\u201d. Decizia a fost luat\u0103 de magistra\u021bii Judec\u0103toriei Chi\u0219in\u0103u mar\u021bi, 12 decembrie. Sentin\u0163a a fost dictat\u0103 \u00een lipsa omului de afaceri \u015fi a avoca\u0163ilor pe care i-a angajat, ace\u015ftia fiind \u00eenl\u0103tura\u0163i din process, relateaz\u0103 <a href=\"https:\/\/anticoruptie.md\/ro\/dosare-de-coruptie\/veaceslav-platon-condamnat-la-12-ani-de-inchisoare-pentru-ca-ar-fi-incercat-sa-corupa-gardienii-sentinta-a-fost-dictata-in-lipsa-omului-de-afaceri-si-a-avocatilor-pe-care-i-a-angajat\">anticoruptie.md<\/a>.<\/strong><\/p>\n<p style=\"text-align: center;\"><iframe data-src=\"https:\/\/www.youtube.com\/embed\/90xUMKX0m20\" width=\"854\" height=\"480\" frameborder=\"0\" allowfullscreen=\"allowfullscreen\" src=\"data:image\/svg+xml;base64,PHN2ZyB3aWR0aD0iMSIgaGVpZ2h0PSIxIiB4bWxucz0iaHR0cDovL3d3dy53My5vcmcvMjAwMC9zdmciPjwvc3ZnPg==\" class=\"lazyload\" data-load-mode=\"1\"><\/iframe><\/p>\n<p>Una dintre cauze penale a fost expediat\u0103 \u00een judecat\u0103 la mijlocul verii. Omul de afaceri a fost condamnat pentru faptul c\u0103, pe 22 decembrie 2016, afl\u00e2ndu-se \u00een biroul de a\u015fteptare din incinta Judec\u0103toriei Chi\u015fin\u0103u, sediul Buiucani, a avut discu\u0163ii cu doi gardieni din cadrul Deta\u015famentului cu Destina\u0163ie Special\u0103 \u201ePantera\u201d al Departamentului Institu\u0163iilor Penitenciare care asigurau paza \u015fi escortarea acestuia \u00een instan\u0163ele de judecat\u0103.<\/p>\n<p>\u00cen cadrul discu\u0163iilor, Veaceslav Platon le-ar fi promis gardienilor apartamente \u00een Capital\u0103, automobile \u015fi c\u00e2te 5.000 de euro pe lun\u0103 pentru a-i permite ac\u0163iuni interzise \u00een cadrul \u00eent\u00e2lnirilor cu avoca\u0163ii, inclusiv prin facilitarea accesului la un telefon mobil. Anterior, ap\u0103r\u0103torii s\u0103i au declarat c\u0103 dialogul cu masca\u021bii nu a fost dec\u00e2t o glum\u0103.<\/p>\n<p>\u00cen aprilie 2017, omul de afaceri a fost condamnat pentru escrocherie \u015fi sp\u0103lare de bani la 18 ani de \u00eenchisoare. Peste o lun\u0103, Procuratura Anticorup\u0163ie a anun\u0163at c\u0103 a expediat \u00een judecat\u0103 un nou dosar \u00een care Veaceslav Platon este \u00eenvinuit de tentativ\u0103 de escrocherie \u00een propor\u0163ii deosebit de mari, s\u0103v\u00e2r\u015fit\u0103 de un grup criminal organizat. Potrivit materialelor cauzei penale la care se face trimitere \u00een comunicatul de pres\u0103 al Procuraturii Generale, s-a constatat c\u0103 \u00een 2016 businessmanul, fiind gestionarul cu pachetul majoritar de ac\u0163iuni a trei companii de asigurare, de\u0163inute prin intermediul unor persoane interpuse, a organizat sustragerea banilor de\u0163inu\u0163i pe conturile companiilor. Inculpatul ar fi implicat alte dou\u0103 persoane \u00een calitate de autori, \u201ecare nemijlocit urmau s\u0103 realizeze planul criminal elaborat \u00een vederea ob\u0163inerii bunurilor ce nu li se cuvin\u201d. Procurorii sus\u0163in c\u0103 \u201eac\u0163iunile inten\u0163ionate ale grupului criminal organizat nu \u015fi-au produs efectul, din cauze independente de voin\u0163a f\u0103ptuitorilor\u201d, ei fiind re\u0163inu\u0163i.<\/p>\n","protected":false},"excerpt":{"rendered":"<p>Veaceslav Platon, condamnat anterior la 18 de \u00eenchisoare pentru escrocherie \u015fi sp\u0103lare de bani, a mai primit 12 ani de priva\u021biune de libertate. De aceast\u0103 dat\u0103, controversatul om de afaceri s-ar face vinovat de tentativ\u0103 de escrocherie \u00een propor\u0163ii deosebit de mari \u015fi corupere a masca\u0163ilor de la Deta\u015famentul cu Destina\u0163ie Special\u0103 \u201ePantera\u201d. Decizia a [&hellip;]<\/p>\n","protected":false},"author":4,"featured_media":15990,"comment_status":"closed","ping_status":"closed","sticky":false,"template":"","format":"standard","meta":{"footnotes":""},"categories":[6368],"tags":[],"class_list":["post-37944","post","type-post","status-publish","format-standard","has-post-thumbnail","hentry","category-politica-ro"],"yoast_head":"<!-- This site is optimized with the Yoast SEO plugin v27.4 - https:\/\/yoast.com\/product\/yoast-seo-wordpress\/ -->\n<title>Al\u021bi 12 ani de \u00eenchisoare pentru Veaceslav Platon<\/title>\n<meta name=\"robots\" content=\"index, follow, max-snippet:-1, max-image-preview:large, max-video-preview:-1\" \/>\n<link rel=\"canonical\" href=\"https:\/\/www.btv.md\/ro\/alti-12-ani-de-inchisoare-pentru-veaceslav-platon\/\" \/>\n<meta property=\"og:locale\" content=\"ro_RO\" \/>\n<meta property=\"og:type\" content=\"article\" \/>\n<meta property=\"og:title\" content=\"Al\u021bi 12 ani de \u00eenchisoare pentru Veaceslav Platon\" \/>\n<meta property=\"og:description\" content=\"Veaceslav Platon, condamnat anterior la 18 de \u00eenchisoare pentru escrocherie \u015fi sp\u0103lare de bani, a mai primit 12 ani de priva\u021biune de libertate. De aceast\u0103 dat\u0103, controversatul om de afaceri s-ar face vinovat de tentativ\u0103 de escrocherie \u00een propor\u0163ii deosebit de mari \u015fi corupere a masca\u0163ilor de la Deta\u015famentul cu Destina\u0163ie Special\u0103 \u201ePantera\u201d. Decizia a [&hellip;]\" \/>\n<meta property=\"og:url\" content=\"https:\/\/www.btv.md\/ro\/alti-12-ani-de-inchisoare-pentru-veaceslav-platon\/\" \/>\n<meta property=\"og:site_name\" content=\"BTV\" \/>\n<meta property=\"article:publisher\" content=\"https:\/\/www.facebook.com\/btvmoldova\/\" \/>\n<meta property=\"article:published_time\" content=\"2017-12-13T14:22:49+00:00\" \/>\n<meta property=\"article:modified_time\" content=\"2017-12-13T14:35:40+00:00\" \/>\n<meta property=\"og:image\" content=\"https:\/\/www.btv.md\/wp-content\/uploads\/2016\/07\/Veaceslav-Platon_risemoldova_2016.jpg\" \/>\n\t<meta property=\"og:image:width\" content=\"1300\" \/>\n\t<meta property=\"og:image:height\" content=\"866\" \/>\n\t<meta property=\"og:image:type\" content=\"image\/jpeg\" \/>\n<meta name=\"author\" content=\"admin\" \/>\n<meta name=\"twitter:label1\" content=\"Scris de\" \/>\n\t<meta name=\"twitter:data1\" content=\"admin\" \/>\n\t<meta name=\"twitter:label2\" content=\"Timp estimat pentru citire\" \/>\n\t<meta name=\"twitter:data2\" content=\"2 minute\" \/>\n<script type=\"application\/ld+json\" class=\"yoast-schema-graph\">{\"@context\":\"https:\\\/\\\/schema.org\",\"@graph\":[{\"@type\":\"Article\",\"@id\":\"https:\\\/\\\/www.btv.md\\\/ro\\\/alti-12-ani-de-inchisoare-pentru-veaceslav-platon\\\/#article\",\"isPartOf\":{\"@id\":\"https:\\\/\\\/www.btv.md\\\/ro\\\/alti-12-ani-de-inchisoare-pentru-veaceslav-platon\\\/\"},\"author\":{\"name\":\"admin\",\"@id\":\"https:\\\/\\\/www.btv.md\\\/#\\\/schema\\\/person\\\/8fadce81561b3ce2c34c46dadc4ccbf2\"},\"headline\":\"Al\u021bi 12 ani de \u00eenchisoare pentru Veaceslav Platon\",\"datePublished\":\"2017-12-13T14:22:49+00:00\",\"dateModified\":\"2017-12-13T14:35:40+00:00\",\"mainEntityOfPage\":{\"@id\":\"https:\\\/\\\/www.btv.md\\\/ro\\\/alti-12-ani-de-inchisoare-pentru-veaceslav-platon\\\/\"},\"wordCount\":412,\"image\":{\"@id\":\"https:\\\/\\\/www.btv.md\\\/ro\\\/alti-12-ani-de-inchisoare-pentru-veaceslav-platon\\\/#primaryimage\"},\"thumbnailUrl\":\"https:\\\/\\\/www.btv.md\\\/wp-content\\\/uploads\\\/2016\\\/07\\\/Veaceslav-Platon_risemoldova_2016.jpg\",\"articleSection\":[\"Politic\u0103\"],\"inLanguage\":\"ro-RO\"},{\"@type\":\"WebPage\",\"@id\":\"https:\\\/\\\/www.btv.md\\\/ro\\\/alti-12-ani-de-inchisoare-pentru-veaceslav-platon\\\/\",\"url\":\"https:\\\/\\\/www.btv.md\\\/ro\\\/alti-12-ani-de-inchisoare-pentru-veaceslav-platon\\\/\",\"name\":\"Al\u021bi 12 ani de \u00eenchisoare pentru Veaceslav Platon\",\"isPartOf\":{\"@id\":\"https:\\\/\\\/www.btv.md\\\/#website\"},\"primaryImageOfPage\":{\"@id\":\"https:\\\/\\\/www.btv.md\\\/ro\\\/alti-12-ani-de-inchisoare-pentru-veaceslav-platon\\\/#primaryimage\"},\"image\":{\"@id\":\"https:\\\/\\\/www.btv.md\\\/ro\\\/alti-12-ani-de-inchisoare-pentru-veaceslav-platon\\\/#primaryimage\"},\"thumbnailUrl\":\"https:\\\/\\\/www.btv.md\\\/wp-content\\\/uploads\\\/2016\\\/07\\\/Veaceslav-Platon_risemoldova_2016.jpg\",\"datePublished\":\"2017-12-13T14:22:49+00:00\",\"dateModified\":\"2017-12-13T14:35:40+00:00\",\"author\":{\"@id\":\"https:\\\/\\\/www.btv.md\\\/#\\\/schema\\\/person\\\/8fadce81561b3ce2c34c46dadc4ccbf2\"},\"inLanguage\":\"ro-RO\",\"potentialAction\":[{\"@type\":\"ReadAction\",\"target\":[\"https:\\\/\\\/www.btv.md\\\/ro\\\/alti-12-ani-de-inchisoare-pentru-veaceslav-platon\\\/\"]}]},{\"@type\":\"ImageObject\",\"inLanguage\":\"ro-RO\",\"@id\":\"https:\\\/\\\/www.btv.md\\\/ro\\\/alti-12-ani-de-inchisoare-pentru-veaceslav-platon\\\/#primaryimage\",\"url\":\"https:\\\/\\\/www.btv.md\\\/wp-content\\\/uploads\\\/2016\\\/07\\\/Veaceslav-Platon_risemoldova_2016.jpg\",\"contentUrl\":\"https:\\\/\\\/www.btv.md\\\/wp-content\\\/uploads\\\/2016\\\/07\\\/Veaceslav-Platon_risemoldova_2016.jpg\",\"width\":1300,\"height\":866},{\"@type\":\"WebSite\",\"@id\":\"https:\\\/\\\/www.btv.md\\\/#website\",\"url\":\"https:\\\/\\\/www.btv.md\\\/\",\"name\":\"BTV\",\"description\":\"\u0411\u0435\u043b\u044c\u0446\u043a\u043e\u0435 \u0442\u0435\u043b\u0435\u0432\u0438\u0434\u0435\u043d\u0438\u0435\",\"potentialAction\":[{\"@type\":\"SearchAction\",\"target\":{\"@type\":\"EntryPoint\",\"urlTemplate\":\"https:\\\/\\\/www.btv.md\\\/?s={search_term_string}\"},\"query-input\":{\"@type\":\"PropertyValueSpecification\",\"valueRequired\":true,\"valueName\":\"search_term_string\"}}],\"inLanguage\":\"ro-RO\"},{\"@type\":\"Person\",\"@id\":\"https:\\\/\\\/www.btv.md\\\/#\\\/schema\\\/person\\\/8fadce81561b3ce2c34c46dadc4ccbf2\",\"name\":\"admin\"}]}<\/script>\n<!-- \/ Yoast SEO plugin. -->","yoast_head_json":{"title":"Al\u021bi 12 ani de \u00eenchisoare pentru Veaceslav Platon","robots":{"index":"index","follow":"follow","max-snippet":"max-snippet:-1","max-image-preview":"max-image-preview:large","max-video-preview":"max-video-preview:-1"},"canonical":"https:\/\/www.btv.md\/ro\/alti-12-ani-de-inchisoare-pentru-veaceslav-platon\/","og_locale":"ro_RO","og_type":"article","og_title":"Al\u021bi 12 ani de \u00eenchisoare pentru Veaceslav Platon","og_description":"Veaceslav Platon, condamnat anterior la 18 de \u00eenchisoare pentru escrocherie \u015fi sp\u0103lare de bani, a mai primit 12 ani de priva\u021biune de libertate. De aceast\u0103 dat\u0103, controversatul om de afaceri s-ar face vinovat de tentativ\u0103 de escrocherie \u00een propor\u0163ii deosebit de mari \u015fi corupere a masca\u0163ilor de la Deta\u015famentul cu Destina\u0163ie Special\u0103 \u201ePantera\u201d. Decizia a [&hellip;]","og_url":"https:\/\/www.btv.md\/ro\/alti-12-ani-de-inchisoare-pentru-veaceslav-platon\/","og_site_name":"BTV","article_publisher":"https:\/\/www.facebook.com\/btvmoldova\/","article_published_time":"2017-12-13T14:22:49+00:00","article_modified_time":"2017-12-13T14:35:40+00:00","og_image":[{"width":1300,"height":866,"url":"https:\/\/www.btv.md\/wp-content\/uploads\/2016\/07\/Veaceslav-Platon_risemoldova_2016.jpg","type":"image\/jpeg"}],"author":"admin","twitter_misc":{"Scris de":"admin","Timp estimat pentru citire":"2 minute"},"schema":{"@context":"https:\/\/schema.org","@graph":[{"@type":"Article","@id":"https:\/\/www.btv.md\/ro\/alti-12-ani-de-inchisoare-pentru-veaceslav-platon\/#article","isPartOf":{"@id":"https:\/\/www.btv.md\/ro\/alti-12-ani-de-inchisoare-pentru-veaceslav-platon\/"},"author":{"name":"admin","@id":"https:\/\/www.btv.md\/#\/schema\/person\/8fadce81561b3ce2c34c46dadc4ccbf2"},"headline":"Al\u021bi 12 ani de \u00eenchisoare pentru Veaceslav Platon","datePublished":"2017-12-13T14:22:49+00:00","dateModified":"2017-12-13T14:35:40+00:00","mainEntityOfPage":{"@id":"https:\/\/www.btv.md\/ro\/alti-12-ani-de-inchisoare-pentru-veaceslav-platon\/"},"wordCount":412,"image":{"@id":"https:\/\/www.btv.md\/ro\/alti-12-ani-de-inchisoare-pentru-veaceslav-platon\/#primaryimage"},"thumbnailUrl":"https:\/\/www.btv.md\/wp-content\/uploads\/2016\/07\/Veaceslav-Platon_risemoldova_2016.jpg","articleSection":["Politic\u0103"],"inLanguage":"ro-RO"},{"@type":"WebPage","@id":"https:\/\/www.btv.md\/ro\/alti-12-ani-de-inchisoare-pentru-veaceslav-platon\/","url":"https:\/\/www.btv.md\/ro\/alti-12-ani-de-inchisoare-pentru-veaceslav-platon\/","name":"Al\u021bi 12 ani de \u00eenchisoare pentru Veaceslav Platon","isPartOf":{"@id":"https:\/\/www.btv.md\/#website"},"primaryImageOfPage":{"@id":"https:\/\/www.btv.md\/ro\/alti-12-ani-de-inchisoare-pentru-veaceslav-platon\/#primaryimage"},"image":{"@id":"https:\/\/www.btv.md\/ro\/alti-12-ani-de-inchisoare-pentru-veaceslav-platon\/#primaryimage"},"thumbnailUrl":"https:\/\/www.btv.md\/wp-content\/uploads\/2016\/07\/Veaceslav-Platon_risemoldova_2016.jpg","datePublished":"2017-12-13T14:22:49+00:00","dateModified":"2017-12-13T14:35:40+00:00","author":{"@id":"https:\/\/www.btv.md\/#\/schema\/person\/8fadce81561b3ce2c34c46dadc4ccbf2"},"inLanguage":"ro-RO","potentialAction":[{"@type":"ReadAction","target":["https:\/\/www.btv.md\/ro\/alti-12-ani-de-inchisoare-pentru-veaceslav-platon\/"]}]},{"@type":"ImageObject","inLanguage":"ro-RO","@id":"https:\/\/www.btv.md\/ro\/alti-12-ani-de-inchisoare-pentru-veaceslav-platon\/#primaryimage","url":"https:\/\/www.btv.md\/wp-content\/uploads\/2016\/07\/Veaceslav-Platon_risemoldova_2016.jpg","contentUrl":"https:\/\/www.btv.md\/wp-content\/uploads\/2016\/07\/Veaceslav-Platon_risemoldova_2016.jpg","width":1300,"height":866},{"@type":"WebSite","@id":"https:\/\/www.btv.md\/#website","url":"https:\/\/www.btv.md\/","name":"BTV","description":"\u0411\u0435\u043b\u044c\u0446\u043a\u043e\u0435 \u0442\u0435\u043b\u0435\u0432\u0438\u0434\u0435\u043d\u0438\u0435","potentialAction":[{"@type":"SearchAction","target":{"@type":"EntryPoint","urlTemplate":"https:\/\/www.btv.md\/?s={search_term_string}"},"query-input":{"@type":"PropertyValueSpecification","valueRequired":true,"valueName":"search_term_string"}}],"inLanguage":"ro-RO"},{"@type":"Person","@id":"https:\/\/www.btv.md\/#\/schema\/person\/8fadce81561b3ce2c34c46dadc4ccbf2","name":"admin"}]}},"_links":{"self":[{"href":"https:\/\/www.btv.md\/ro\/wp-json\/wp\/v2\/posts\/37944","targetHints":{"allow":["GET"]}}],"collection":[{"href":"https:\/\/www.btv.md\/ro\/wp-json\/wp\/v2\/posts"}],"about":[{"href":"https:\/\/www.btv.md\/ro\/wp-json\/wp\/v2\/types\/post"}],"author":[{"embeddable":true,"href":"https:\/\/www.btv.md\/ro\/wp-json\/wp\/v2\/users\/4"}],"replies":[{"embeddable":true,"href":"https:\/\/www.btv.md\/ro\/wp-json\/wp\/v2\/comments?post=37944"}],"version-history":[{"count":0,"href":"https:\/\/www.btv.md\/ro\/wp-json\/wp\/v2\/posts\/37944\/revisions"}],"wp:featuredmedia":[{"embeddable":true,"href":"https:\/\/www.btv.md\/ro\/wp-json\/wp\/v2\/media\/15990"}],"wp:attachment":[{"href":"https:\/\/www.btv.md\/ro\/wp-json\/wp\/v2\/media?parent=37944"}],"wp:term":[{"taxonomy":"category","embeddable":true,"href":"https:\/\/www.btv.md\/ro\/wp-json\/wp\/v2\/categories?post=37944"},{"taxonomy":"post_tag","embeddable":true,"href":"https:\/\/www.btv.md\/ro\/wp-json\/wp\/v2\/tags?post=37944"}],"curies":[{"name":"wp","href":"https:\/\/api.w.org\/{rel}","templated":true}]}}