{"id":38037,"date":"2017-12-14T17:43:37","date_gmt":"2017-12-14T14:43:37","guid":{"rendered":"http:\/\/btv.md\/?p=38037"},"modified":"2017-12-14T17:43:37","modified_gmt":"2017-12-14T14:43:37","slug":"decis-la-balti-va-fi-deschisa-o-cresa-sociala","status":"publish","type":"post","link":"https:\/\/www.btv.md\/ro\/decis-la-balti-va-fi-deschisa-o-cresa-sociala\/","title":{"rendered":"Decis: La B\u0103l\u021bi va fi deschis\u0103 o cre\u0219\u0103 social\u0103"},"content":{"rendered":"<p><strong>Consiliul municipal B\u0103l\u021bi a aprobat instituirea unei grupe de cre\u0219\u0103 gratuit\u0103 pentru copii din familii social vulnerabile, cu v\u00e2rsta de p\u00e2n\u0103 la 3 ani. Aceasta urmeaz\u0103 s\u0103 fie inaugurat\u0103 la \u00eenceputul anului viitor \u00een incinta institu\u021biei pre\u0219colare specializate nr.13. Ea va avea o capacitate de maxim 12 copii.<\/strong><\/p>\n<p style=\"text-align: center;\"><iframe data-src=\"https:\/\/www.youtube.com\/embed\/_lwAScsIaWw\" width=\"854\" height=\"480\" frameborder=\"0\" allowfullscreen=\"allowfullscreen\" src=\"data:image\/svg+xml;base64,PHN2ZyB3aWR0aD0iMSIgaGVpZ2h0PSIxIiB4bWxucz0iaHR0cDovL3d3dy53My5vcmcvMjAwMC9zdmciPjwvc3ZnPg==\" class=\"lazyload\" data-load-mode=\"1\"><\/iframe><\/p>\n<p>Deschiderea cre\u0219ei sociale va fi posibil\u0103 gra\u021bie acordului de parteneriat dintre administra\u021bia public\u0103 local\u0103 cu Asocia\u021bia Ob\u0219teasc\u0103 Copil, Comunitate, Familie (CCF Moldova), care \u00een luna martie-aprilie curent, au desf\u0103\u0219urat o campanie de colectare de fonduri. \u00cen cadrul acesteia au fost aduna\u021bi 6500 de euro. Suma a fost dublat\u0103 de Banca European\u0103 pentru Reconstruc\u021bie \u0219i Dezvoltare. \u00centre timp, amenajarea \u00eenc\u0103perii este pe ultima sut\u0103 de metri.<\/p>\n<p>Cei care vor asigura durabilitatea \u0219i buna func\u021bionare a grupei de cre\u0219\u0103 sunt autorit\u0103\u021bile publice locale din B\u0103l\u021bi. De luni p\u00e2n\u0103 vineri, copiii vor avea parte de \u00eengrijire zilnic\u0103 \u0219i activit\u0103\u021bi care s\u0103 le sprijine dezvoltarea,\u00a0 \u00een timp ce p\u0103rin\u021bii lor vor putea merge la munc\u0103.<\/p>\n","protected":false},"excerpt":{"rendered":"<p>Consiliul municipal B\u0103l\u021bi a aprobat instituirea unei grupe de cre\u0219\u0103 gratuit\u0103 pentru copii din familii social vulnerabile, cu v\u00e2rsta de p\u00e2n\u0103 la 3 ani. Aceasta urmeaz\u0103 s\u0103 fie inaugurat\u0103 la \u00eenceputul anului viitor \u00een incinta institu\u021biei pre\u0219colare specializate nr.13. Ea va avea o capacitate de maxim 12 copii. Deschiderea cre\u0219ei sociale va fi posibil\u0103 gra\u021bie [&hellip;]<\/p>\n","protected":false},"author":4,"featured_media":27682,"comment_status":"closed","ping_status":"closed","sticky":false,"template":"","format":"standard","meta":{"footnotes":""},"categories":[12],"tags":[],"class_list":["post-38037","post","type-post","status-publish","format-standard","has-post-thumbnail","hentry","category-balti"],"yoast_head":"<!-- This site is optimized with the Yoast SEO plugin v27.4 - https:\/\/yoast.com\/product\/yoast-seo-wordpress\/ -->\n<title>Decis: La B\u0103l\u021bi va fi deschis\u0103 o cre\u0219\u0103 social\u0103<\/title>\n<meta name=\"description\" content=\"Consiliul municipal B\u0103l\u021bi a aprobat instituirea unei grupe de cre\u0219\u0103 gratuit\u0103 pentru copii din familii social vulnerabile, cu v\u00e2rsta de p\u00e2n\u0103 la 3 ani.\" \/>\n<meta name=\"robots\" content=\"index, follow, max-snippet:-1, max-image-preview:large, max-video-preview:-1\" \/>\n<link rel=\"canonical\" href=\"https:\/\/www.btv.md\/ro\/decis-la-balti-va-fi-deschisa-o-cresa-sociala\/\" \/>\n<meta property=\"og:locale\" content=\"ro_RO\" \/>\n<meta property=\"og:type\" content=\"article\" \/>\n<meta property=\"og:title\" content=\"Decis: La B\u0103l\u021bi va fi deschis\u0103 o cre\u0219\u0103 social\u0103\" \/>\n<meta property=\"og:description\" content=\"Consiliul municipal B\u0103l\u021bi a aprobat instituirea unei grupe de cre\u0219\u0103 gratuit\u0103 pentru copii din familii social vulnerabile, cu v\u00e2rsta de p\u00e2n\u0103 la 3 ani.\" \/>\n<meta property=\"og:url\" content=\"https:\/\/www.btv.md\/ro\/decis-la-balti-va-fi-deschisa-o-cresa-sociala\/\" \/>\n<meta property=\"og:site_name\" content=\"BTV\" \/>\n<meta property=\"article:publisher\" content=\"https:\/\/www.facebook.com\/btvmoldova\/\" \/>\n<meta property=\"article:published_time\" content=\"2017-12-14T14:43:37+00:00\" \/>\n<meta property=\"og:image\" content=\"https:\/\/www.btv.md\/wp-content\/uploads\/2017\/06\/gradi-e1498128917866.png\" \/>\n\t<meta property=\"og:image:width\" content=\"1000\" \/>\n\t<meta property=\"og:image:height\" content=\"455\" \/>\n\t<meta property=\"og:image:type\" content=\"image\/png\" \/>\n<meta name=\"author\" content=\"admin\" \/>\n<meta name=\"twitter:label1\" content=\"Scris de\" \/>\n\t<meta name=\"twitter:data1\" content=\"admin\" \/>\n\t<meta name=\"twitter:label2\" content=\"Timp estimat pentru citire\" \/>\n\t<meta name=\"twitter:data2\" content=\"1 minut\" \/>\n<script type=\"application\/ld+json\" class=\"yoast-schema-graph\">{\"@context\":\"https:\\\/\\\/schema.org\",\"@graph\":[{\"@type\":\"Article\",\"@id\":\"https:\\\/\\\/www.btv.md\\\/ro\\\/decis-la-balti-va-fi-deschisa-o-cresa-sociala\\\/#article\",\"isPartOf\":{\"@id\":\"https:\\\/\\\/www.btv.md\\\/ro\\\/decis-la-balti-va-fi-deschisa-o-cresa-sociala\\\/\"},\"author\":{\"name\":\"admin\",\"@id\":\"https:\\\/\\\/www.btv.md\\\/#\\\/schema\\\/person\\\/8fadce81561b3ce2c34c46dadc4ccbf2\"},\"headline\":\"Decis: La B\u0103l\u021bi va fi deschis\u0103 o cre\u0219\u0103 social\u0103\",\"datePublished\":\"2017-12-14T14:43:37+00:00\",\"mainEntityOfPage\":{\"@id\":\"https:\\\/\\\/www.btv.md\\\/ro\\\/decis-la-balti-va-fi-deschisa-o-cresa-sociala\\\/\"},\"wordCount\":190,\"image\":{\"@id\":\"https:\\\/\\\/www.btv.md\\\/ro\\\/decis-la-balti-va-fi-deschisa-o-cresa-sociala\\\/#primaryimage\"},\"thumbnailUrl\":\"https:\\\/\\\/www.btv.md\\\/wp-content\\\/uploads\\\/2017\\\/06\\\/gradi-e1498128917866.png\",\"articleSection\":[\"\u0413\u043e\u0440\u043e\u0434\"],\"inLanguage\":\"ro-RO\"},{\"@type\":\"WebPage\",\"@id\":\"https:\\\/\\\/www.btv.md\\\/ro\\\/decis-la-balti-va-fi-deschisa-o-cresa-sociala\\\/\",\"url\":\"https:\\\/\\\/www.btv.md\\\/ro\\\/decis-la-balti-va-fi-deschisa-o-cresa-sociala\\\/\",\"name\":\"Decis: La B\u0103l\u021bi va fi deschis\u0103 o cre\u0219\u0103 social\u0103\",\"isPartOf\":{\"@id\":\"https:\\\/\\\/www.btv.md\\\/#website\"},\"primaryImageOfPage\":{\"@id\":\"https:\\\/\\\/www.btv.md\\\/ro\\\/decis-la-balti-va-fi-deschisa-o-cresa-sociala\\\/#primaryimage\"},\"image\":{\"@id\":\"https:\\\/\\\/www.btv.md\\\/ro\\\/decis-la-balti-va-fi-deschisa-o-cresa-sociala\\\/#primaryimage\"},\"thumbnailUrl\":\"https:\\\/\\\/www.btv.md\\\/wp-content\\\/uploads\\\/2017\\\/06\\\/gradi-e1498128917866.png\",\"datePublished\":\"2017-12-14T14:43:37+00:00\",\"author\":{\"@id\":\"https:\\\/\\\/www.btv.md\\\/#\\\/schema\\\/person\\\/8fadce81561b3ce2c34c46dadc4ccbf2\"},\"description\":\"Consiliul municipal B\u0103l\u021bi a aprobat instituirea unei grupe de cre\u0219\u0103 gratuit\u0103 pentru copii din familii social vulnerabile, cu v\u00e2rsta de p\u00e2n\u0103 la 3 ani.\",\"inLanguage\":\"ro-RO\",\"potentialAction\":[{\"@type\":\"ReadAction\",\"target\":[\"https:\\\/\\\/www.btv.md\\\/ro\\\/decis-la-balti-va-fi-deschisa-o-cresa-sociala\\\/\"]}]},{\"@type\":\"ImageObject\",\"inLanguage\":\"ro-RO\",\"@id\":\"https:\\\/\\\/www.btv.md\\\/ro\\\/decis-la-balti-va-fi-deschisa-o-cresa-sociala\\\/#primaryimage\",\"url\":\"https:\\\/\\\/www.btv.md\\\/wp-content\\\/uploads\\\/2017\\\/06\\\/gradi-e1498128917866.png\",\"contentUrl\":\"https:\\\/\\\/www.btv.md\\\/wp-content\\\/uploads\\\/2017\\\/06\\\/gradi-e1498128917866.png\",\"width\":1000,\"height\":455},{\"@type\":\"WebSite\",\"@id\":\"https:\\\/\\\/www.btv.md\\\/#website\",\"url\":\"https:\\\/\\\/www.btv.md\\\/\",\"name\":\"BTV\",\"description\":\"\u0411\u0435\u043b\u044c\u0446\u043a\u043e\u0435 \u0442\u0435\u043b\u0435\u0432\u0438\u0434\u0435\u043d\u0438\u0435\",\"potentialAction\":[{\"@type\":\"SearchAction\",\"target\":{\"@type\":\"EntryPoint\",\"urlTemplate\":\"https:\\\/\\\/www.btv.md\\\/?s={search_term_string}\"},\"query-input\":{\"@type\":\"PropertyValueSpecification\",\"valueRequired\":true,\"valueName\":\"search_term_string\"}}],\"inLanguage\":\"ro-RO\"},{\"@type\":\"Person\",\"@id\":\"https:\\\/\\\/www.btv.md\\\/#\\\/schema\\\/person\\\/8fadce81561b3ce2c34c46dadc4ccbf2\",\"name\":\"admin\"}]}<\/script>\n<!-- \/ Yoast SEO plugin. -->","yoast_head_json":{"title":"Decis: La B\u0103l\u021bi va fi deschis\u0103 o cre\u0219\u0103 social\u0103","description":"Consiliul municipal B\u0103l\u021bi a aprobat instituirea unei grupe de cre\u0219\u0103 gratuit\u0103 pentru copii din familii social vulnerabile, cu v\u00e2rsta de p\u00e2n\u0103 la 3 ani.","robots":{"index":"index","follow":"follow","max-snippet":"max-snippet:-1","max-image-preview":"max-image-preview:large","max-video-preview":"max-video-preview:-1"},"canonical":"https:\/\/www.btv.md\/ro\/decis-la-balti-va-fi-deschisa-o-cresa-sociala\/","og_locale":"ro_RO","og_type":"article","og_title":"Decis: La B\u0103l\u021bi va fi deschis\u0103 o cre\u0219\u0103 social\u0103","og_description":"Consiliul municipal B\u0103l\u021bi a aprobat instituirea unei grupe de cre\u0219\u0103 gratuit\u0103 pentru copii din familii social vulnerabile, cu v\u00e2rsta de p\u00e2n\u0103 la 3 ani.","og_url":"https:\/\/www.btv.md\/ro\/decis-la-balti-va-fi-deschisa-o-cresa-sociala\/","og_site_name":"BTV","article_publisher":"https:\/\/www.facebook.com\/btvmoldova\/","article_published_time":"2017-12-14T14:43:37+00:00","og_image":[{"width":1000,"height":455,"url":"https:\/\/www.btv.md\/wp-content\/uploads\/2017\/06\/gradi-e1498128917866.png","type":"image\/png"}],"author":"admin","twitter_misc":{"Scris de":"admin","Timp estimat pentru citire":"1 minut"},"schema":{"@context":"https:\/\/schema.org","@graph":[{"@type":"Article","@id":"https:\/\/www.btv.md\/ro\/decis-la-balti-va-fi-deschisa-o-cresa-sociala\/#article","isPartOf":{"@id":"https:\/\/www.btv.md\/ro\/decis-la-balti-va-fi-deschisa-o-cresa-sociala\/"},"author":{"name":"admin","@id":"https:\/\/www.btv.md\/#\/schema\/person\/8fadce81561b3ce2c34c46dadc4ccbf2"},"headline":"Decis: La B\u0103l\u021bi va fi deschis\u0103 o cre\u0219\u0103 social\u0103","datePublished":"2017-12-14T14:43:37+00:00","mainEntityOfPage":{"@id":"https:\/\/www.btv.md\/ro\/decis-la-balti-va-fi-deschisa-o-cresa-sociala\/"},"wordCount":190,"image":{"@id":"https:\/\/www.btv.md\/ro\/decis-la-balti-va-fi-deschisa-o-cresa-sociala\/#primaryimage"},"thumbnailUrl":"https:\/\/www.btv.md\/wp-content\/uploads\/2017\/06\/gradi-e1498128917866.png","articleSection":["\u0413\u043e\u0440\u043e\u0434"],"inLanguage":"ro-RO"},{"@type":"WebPage","@id":"https:\/\/www.btv.md\/ro\/decis-la-balti-va-fi-deschisa-o-cresa-sociala\/","url":"https:\/\/www.btv.md\/ro\/decis-la-balti-va-fi-deschisa-o-cresa-sociala\/","name":"Decis: La B\u0103l\u021bi va fi deschis\u0103 o cre\u0219\u0103 social\u0103","isPartOf":{"@id":"https:\/\/www.btv.md\/#website"},"primaryImageOfPage":{"@id":"https:\/\/www.btv.md\/ro\/decis-la-balti-va-fi-deschisa-o-cresa-sociala\/#primaryimage"},"image":{"@id":"https:\/\/www.btv.md\/ro\/decis-la-balti-va-fi-deschisa-o-cresa-sociala\/#primaryimage"},"thumbnailUrl":"https:\/\/www.btv.md\/wp-content\/uploads\/2017\/06\/gradi-e1498128917866.png","datePublished":"2017-12-14T14:43:37+00:00","author":{"@id":"https:\/\/www.btv.md\/#\/schema\/person\/8fadce81561b3ce2c34c46dadc4ccbf2"},"description":"Consiliul municipal B\u0103l\u021bi a aprobat instituirea unei grupe de cre\u0219\u0103 gratuit\u0103 pentru copii din familii social vulnerabile, cu v\u00e2rsta de p\u00e2n\u0103 la 3 ani.","inLanguage":"ro-RO","potentialAction":[{"@type":"ReadAction","target":["https:\/\/www.btv.md\/ro\/decis-la-balti-va-fi-deschisa-o-cresa-sociala\/"]}]},{"@type":"ImageObject","inLanguage":"ro-RO","@id":"https:\/\/www.btv.md\/ro\/decis-la-balti-va-fi-deschisa-o-cresa-sociala\/#primaryimage","url":"https:\/\/www.btv.md\/wp-content\/uploads\/2017\/06\/gradi-e1498128917866.png","contentUrl":"https:\/\/www.btv.md\/wp-content\/uploads\/2017\/06\/gradi-e1498128917866.png","width":1000,"height":455},{"@type":"WebSite","@id":"https:\/\/www.btv.md\/#website","url":"https:\/\/www.btv.md\/","name":"BTV","description":"\u0411\u0435\u043b\u044c\u0446\u043a\u043e\u0435 \u0442\u0435\u043b\u0435\u0432\u0438\u0434\u0435\u043d\u0438\u0435","potentialAction":[{"@type":"SearchAction","target":{"@type":"EntryPoint","urlTemplate":"https:\/\/www.btv.md\/?s={search_term_string}"},"query-input":{"@type":"PropertyValueSpecification","valueRequired":true,"valueName":"search_term_string"}}],"inLanguage":"ro-RO"},{"@type":"Person","@id":"https:\/\/www.btv.md\/#\/schema\/person\/8fadce81561b3ce2c34c46dadc4ccbf2","name":"admin"}]}},"_links":{"self":[{"href":"https:\/\/www.btv.md\/ro\/wp-json\/wp\/v2\/posts\/38037","targetHints":{"allow":["GET"]}}],"collection":[{"href":"https:\/\/www.btv.md\/ro\/wp-json\/wp\/v2\/posts"}],"about":[{"href":"https:\/\/www.btv.md\/ro\/wp-json\/wp\/v2\/types\/post"}],"author":[{"embeddable":true,"href":"https:\/\/www.btv.md\/ro\/wp-json\/wp\/v2\/users\/4"}],"replies":[{"embeddable":true,"href":"https:\/\/www.btv.md\/ro\/wp-json\/wp\/v2\/comments?post=38037"}],"version-history":[{"count":0,"href":"https:\/\/www.btv.md\/ro\/wp-json\/wp\/v2\/posts\/38037\/revisions"}],"wp:featuredmedia":[{"embeddable":true,"href":"https:\/\/www.btv.md\/ro\/wp-json\/wp\/v2\/media\/27682"}],"wp:attachment":[{"href":"https:\/\/www.btv.md\/ro\/wp-json\/wp\/v2\/media?parent=38037"}],"wp:term":[{"taxonomy":"category","embeddable":true,"href":"https:\/\/www.btv.md\/ro\/wp-json\/wp\/v2\/categories?post=38037"},{"taxonomy":"post_tag","embeddable":true,"href":"https:\/\/www.btv.md\/ro\/wp-json\/wp\/v2\/tags?post=38037"}],"curies":[{"name":"wp","href":"https:\/\/api.w.org\/{rel}","templated":true}]}}