{"id":38041,"date":"2017-12-14T11:01:12","date_gmt":"2017-12-14T08:01:12","guid":{"rendered":"http:\/\/btv.md\/?p=38041"},"modified":"2017-12-14T19:11:10","modified_gmt":"2017-12-14T16:11:10","slug":"cum-arata-cea-mai-frumoasa-fetita-din-lume-internetul-a-explodat","status":"publish","type":"post","link":"https:\/\/www.btv.md\/ro\/cum-arata-cea-mai-frumoasa-fetita-din-lume-internetul-a-explodat\/","title":{"rendered":"Cum arat\u0103 cea mai frumoas\u0103 feti\u021b\u0103 din lume? Internetul a explodat"},"content":{"rendered":"<p><strong>Anastasia Kneazeva din Rusia a fost recunoscut\u0103 drept cea mai frumoas\u0103 feti\u021b\u0103 din lume, \u00eenlocuind-o pe fran\u021buzoaica de 16 ani Thylane Blondeau care, la vremea sa, a ob\u021binut titlul respectiv tot la v\u00e2rsta de \u0219ase ani, relateaz\u0103 <a href=\"https:\/\/sputnik.md\/video\/20171213\/16116950\/cea-mai-frumoasa-fetita-din-lume.html\">Sputnik Moldova<\/a>.<\/strong><\/p>\n<p style=\"text-align: center;\"><iframe data-src=\"https:\/\/www.youtube.com\/embed\/dFc-385JsaM\" width=\"854\" height=\"480\" frameborder=\"0\" allowfullscreen=\"allowfullscreen\" src=\"data:image\/svg+xml;base64,PHN2ZyB3aWR0aD0iMSIgaGVpZ2h0PSIxIiB4bWxucz0iaHR0cDovL3d3dy53My5vcmcvMjAwMC9zdmciPjwvc3ZnPg==\" class=\"lazyload\" data-load-mode=\"1\"><\/iframe><\/p>\n<p>La moment, Anastasia are deja la activ zeci de \u0219edin\u021be foto \u0219i, totodat\u0103, a \u00eencheiat un contract cu agen\u021bia de modeling \u201ePresident Kids Management&#8221;.<\/p>\n<p>\u00cen octombrie 2016, feti\u021ba a devenit imaginea colec\u021biei \u201eLittle Miss Aoki&#8221;, care face parte din brandul de lux \u201eMischka Aok&#8221;.<\/p>\n<p>\u00cen afar\u0103 de aceasta, ea a fost invitat\u0103 s\u0103 participe la campaniile publicitare \u201eAmoreco&#8221; \u0219i \u201eKisabiano&#8221;.<\/p>\n<p>Kneazeva a reu\u0219it deja s\u0103 adune o \u00eentreag\u0103 armat\u0103 de admiratori din toat\u0103 lumea care sunt \u00eenc\u00e2nta\u021bi de chipul ei de p\u0103pu\u0219\u0103 de por\u021belan, cu ochii alba\u0219tri sclipitori.<\/p>\n<p>Noua vedet\u0103 a Instagramului are deja peste 500 de mii de abona\u021bi.<\/p>\n<p>Anastasia Kneazeva s-a n\u0103scut pe 1 iulie 2011, la Moscova. Cea care administreaz\u0103 toate conturile feti\u021bei de pe re\u021belele de socializare este chiar mama sa.<\/p>\n<p>Primele fotografii ale copile pe post de model au \u00eenceput s\u0103 apar\u0103 pe internet \u00een anul 2015.<\/p>\n","protected":false},"excerpt":{"rendered":"<p>Anastasia Kneazeva din Rusia a fost recunoscut\u0103 drept cea mai frumoas\u0103 feti\u021b\u0103 din lume, \u00eenlocuind-o pe fran\u021buzoaica de 16 ani Thylane Blondeau care, la vremea sa, a ob\u021binut titlul respectiv tot la v\u00e2rsta de \u0219ase ani, relateaz\u0103 Sputnik Moldova. La moment, Anastasia are deja la activ zeci de \u0219edin\u021be foto \u0219i, totodat\u0103, a \u00eencheiat un [&hellip;]<\/p>\n","protected":false},"author":4,"featured_media":38042,"comment_status":"closed","ping_status":"closed","sticky":false,"template":"","format":"standard","meta":{"footnotes":""},"categories":[6354],"tags":[],"class_list":["post-38041","post","type-post","status-publish","format-standard","has-post-thumbnail","hentry","category-externe-ro"],"yoast_head":"<!-- This site is optimized with the Yoast SEO plugin v27.4 - https:\/\/yoast.com\/product\/yoast-seo-wordpress\/ -->\n<title>Cum arat\u0103 cea mai frumoas\u0103 feti\u021b\u0103 din lume? Internetul a explodat<\/title>\n<meta name=\"robots\" content=\"index, follow, max-snippet:-1, max-image-preview:large, max-video-preview:-1\" \/>\n<link rel=\"canonical\" href=\"https:\/\/www.btv.md\/ro\/cum-arata-cea-mai-frumoasa-fetita-din-lume-internetul-a-explodat\/\" \/>\n<meta property=\"og:locale\" content=\"ro_RO\" \/>\n<meta property=\"og:type\" content=\"article\" \/>\n<meta property=\"og:title\" content=\"Cum arat\u0103 cea mai frumoas\u0103 feti\u021b\u0103 din lume? Internetul a explodat\" \/>\n<meta property=\"og:description\" content=\"Anastasia Kneazeva din Rusia a fost recunoscut\u0103 drept cea mai frumoas\u0103 feti\u021b\u0103 din lume, \u00eenlocuind-o pe fran\u021buzoaica de 16 ani Thylane Blondeau care, la vremea sa, a ob\u021binut titlul respectiv tot la v\u00e2rsta de \u0219ase ani, relateaz\u0103 Sputnik Moldova. La moment, Anastasia are deja la activ zeci de \u0219edin\u021be foto \u0219i, totodat\u0103, a \u00eencheiat un [&hellip;]\" \/>\n<meta property=\"og:url\" content=\"https:\/\/www.btv.md\/ro\/cum-arata-cea-mai-frumoasa-fetita-din-lume-internetul-a-explodat\/\" \/>\n<meta property=\"og:site_name\" content=\"BTV\" \/>\n<meta property=\"article:publisher\" content=\"https:\/\/www.facebook.com\/btvmoldova\/\" \/>\n<meta property=\"article:published_time\" content=\"2017-12-14T08:01:12+00:00\" \/>\n<meta property=\"article:modified_time\" content=\"2017-12-14T16:11:10+00:00\" \/>\n<meta property=\"og:image\" content=\"https:\/\/www.btv.md\/wp-content\/uploads\/2017\/12\/800x0_1513020964ca383b3c.jpg\" \/>\n\t<meta property=\"og:image:width\" content=\"800\" \/>\n\t<meta property=\"og:image:height\" content=\"470\" \/>\n\t<meta property=\"og:image:type\" content=\"image\/jpeg\" \/>\n<meta name=\"author\" content=\"admin\" \/>\n<meta name=\"twitter:label1\" content=\"Scris de\" \/>\n\t<meta name=\"twitter:data1\" content=\"admin\" \/>\n\t<meta name=\"twitter:label2\" content=\"Timp estimat pentru citire\" \/>\n\t<meta name=\"twitter:data2\" content=\"1 minut\" \/>\n<script type=\"application\/ld+json\" class=\"yoast-schema-graph\">{\"@context\":\"https:\\\/\\\/schema.org\",\"@graph\":[{\"@type\":\"Article\",\"@id\":\"https:\\\/\\\/www.btv.md\\\/ro\\\/cum-arata-cea-mai-frumoasa-fetita-din-lume-internetul-a-explodat\\\/#article\",\"isPartOf\":{\"@id\":\"https:\\\/\\\/www.btv.md\\\/ro\\\/cum-arata-cea-mai-frumoasa-fetita-din-lume-internetul-a-explodat\\\/\"},\"author\":{\"name\":\"admin\",\"@id\":\"https:\\\/\\\/www.btv.md\\\/#\\\/schema\\\/person\\\/8fadce81561b3ce2c34c46dadc4ccbf2\"},\"headline\":\"Cum arat\u0103 cea mai frumoas\u0103 feti\u021b\u0103 din lume? Internetul a explodat\",\"datePublished\":\"2017-12-14T08:01:12+00:00\",\"dateModified\":\"2017-12-14T16:11:10+00:00\",\"mainEntityOfPage\":{\"@id\":\"https:\\\/\\\/www.btv.md\\\/ro\\\/cum-arata-cea-mai-frumoasa-fetita-din-lume-internetul-a-explodat\\\/\"},\"wordCount\":203,\"image\":{\"@id\":\"https:\\\/\\\/www.btv.md\\\/ro\\\/cum-arata-cea-mai-frumoasa-fetita-din-lume-internetul-a-explodat\\\/#primaryimage\"},\"thumbnailUrl\":\"https:\\\/\\\/www.btv.md\\\/wp-content\\\/uploads\\\/2017\\\/12\\\/800x0_1513020964ca383b3c.jpg\",\"articleSection\":[\"Externe\"],\"inLanguage\":\"ro-RO\"},{\"@type\":\"WebPage\",\"@id\":\"https:\\\/\\\/www.btv.md\\\/ro\\\/cum-arata-cea-mai-frumoasa-fetita-din-lume-internetul-a-explodat\\\/\",\"url\":\"https:\\\/\\\/www.btv.md\\\/ro\\\/cum-arata-cea-mai-frumoasa-fetita-din-lume-internetul-a-explodat\\\/\",\"name\":\"Cum arat\u0103 cea mai frumoas\u0103 feti\u021b\u0103 din lume? Internetul a explodat\",\"isPartOf\":{\"@id\":\"https:\\\/\\\/www.btv.md\\\/#website\"},\"primaryImageOfPage\":{\"@id\":\"https:\\\/\\\/www.btv.md\\\/ro\\\/cum-arata-cea-mai-frumoasa-fetita-din-lume-internetul-a-explodat\\\/#primaryimage\"},\"image\":{\"@id\":\"https:\\\/\\\/www.btv.md\\\/ro\\\/cum-arata-cea-mai-frumoasa-fetita-din-lume-internetul-a-explodat\\\/#primaryimage\"},\"thumbnailUrl\":\"https:\\\/\\\/www.btv.md\\\/wp-content\\\/uploads\\\/2017\\\/12\\\/800x0_1513020964ca383b3c.jpg\",\"datePublished\":\"2017-12-14T08:01:12+00:00\",\"dateModified\":\"2017-12-14T16:11:10+00:00\",\"author\":{\"@id\":\"https:\\\/\\\/www.btv.md\\\/#\\\/schema\\\/person\\\/8fadce81561b3ce2c34c46dadc4ccbf2\"},\"inLanguage\":\"ro-RO\",\"potentialAction\":[{\"@type\":\"ReadAction\",\"target\":[\"https:\\\/\\\/www.btv.md\\\/ro\\\/cum-arata-cea-mai-frumoasa-fetita-din-lume-internetul-a-explodat\\\/\"]}]},{\"@type\":\"ImageObject\",\"inLanguage\":\"ro-RO\",\"@id\":\"https:\\\/\\\/www.btv.md\\\/ro\\\/cum-arata-cea-mai-frumoasa-fetita-din-lume-internetul-a-explodat\\\/#primaryimage\",\"url\":\"https:\\\/\\\/www.btv.md\\\/wp-content\\\/uploads\\\/2017\\\/12\\\/800x0_1513020964ca383b3c.jpg\",\"contentUrl\":\"https:\\\/\\\/www.btv.md\\\/wp-content\\\/uploads\\\/2017\\\/12\\\/800x0_1513020964ca383b3c.jpg\",\"width\":800,\"height\":470,\"caption\":\"feti\u021ba\"},{\"@type\":\"WebSite\",\"@id\":\"https:\\\/\\\/www.btv.md\\\/#website\",\"url\":\"https:\\\/\\\/www.btv.md\\\/\",\"name\":\"BTV\",\"description\":\"\u0411\u0435\u043b\u044c\u0446\u043a\u043e\u0435 \u0442\u0435\u043b\u0435\u0432\u0438\u0434\u0435\u043d\u0438\u0435\",\"potentialAction\":[{\"@type\":\"SearchAction\",\"target\":{\"@type\":\"EntryPoint\",\"urlTemplate\":\"https:\\\/\\\/www.btv.md\\\/?s={search_term_string}\"},\"query-input\":{\"@type\":\"PropertyValueSpecification\",\"valueRequired\":true,\"valueName\":\"search_term_string\"}}],\"inLanguage\":\"ro-RO\"},{\"@type\":\"Person\",\"@id\":\"https:\\\/\\\/www.btv.md\\\/#\\\/schema\\\/person\\\/8fadce81561b3ce2c34c46dadc4ccbf2\",\"name\":\"admin\"}]}<\/script>\n<!-- \/ Yoast SEO plugin. -->","yoast_head_json":{"title":"Cum arat\u0103 cea mai frumoas\u0103 feti\u021b\u0103 din lume? Internetul a explodat","robots":{"index":"index","follow":"follow","max-snippet":"max-snippet:-1","max-image-preview":"max-image-preview:large","max-video-preview":"max-video-preview:-1"},"canonical":"https:\/\/www.btv.md\/ro\/cum-arata-cea-mai-frumoasa-fetita-din-lume-internetul-a-explodat\/","og_locale":"ro_RO","og_type":"article","og_title":"Cum arat\u0103 cea mai frumoas\u0103 feti\u021b\u0103 din lume? Internetul a explodat","og_description":"Anastasia Kneazeva din Rusia a fost recunoscut\u0103 drept cea mai frumoas\u0103 feti\u021b\u0103 din lume, \u00eenlocuind-o pe fran\u021buzoaica de 16 ani Thylane Blondeau care, la vremea sa, a ob\u021binut titlul respectiv tot la v\u00e2rsta de \u0219ase ani, relateaz\u0103 Sputnik Moldova. La moment, Anastasia are deja la activ zeci de \u0219edin\u021be foto \u0219i, totodat\u0103, a \u00eencheiat un [&hellip;]","og_url":"https:\/\/www.btv.md\/ro\/cum-arata-cea-mai-frumoasa-fetita-din-lume-internetul-a-explodat\/","og_site_name":"BTV","article_publisher":"https:\/\/www.facebook.com\/btvmoldova\/","article_published_time":"2017-12-14T08:01:12+00:00","article_modified_time":"2017-12-14T16:11:10+00:00","og_image":[{"width":800,"height":470,"url":"https:\/\/www.btv.md\/wp-content\/uploads\/2017\/12\/800x0_1513020964ca383b3c.jpg","type":"image\/jpeg"}],"author":"admin","twitter_misc":{"Scris de":"admin","Timp estimat pentru citire":"1 minut"},"schema":{"@context":"https:\/\/schema.org","@graph":[{"@type":"Article","@id":"https:\/\/www.btv.md\/ro\/cum-arata-cea-mai-frumoasa-fetita-din-lume-internetul-a-explodat\/#article","isPartOf":{"@id":"https:\/\/www.btv.md\/ro\/cum-arata-cea-mai-frumoasa-fetita-din-lume-internetul-a-explodat\/"},"author":{"name":"admin","@id":"https:\/\/www.btv.md\/#\/schema\/person\/8fadce81561b3ce2c34c46dadc4ccbf2"},"headline":"Cum arat\u0103 cea mai frumoas\u0103 feti\u021b\u0103 din lume? Internetul a explodat","datePublished":"2017-12-14T08:01:12+00:00","dateModified":"2017-12-14T16:11:10+00:00","mainEntityOfPage":{"@id":"https:\/\/www.btv.md\/ro\/cum-arata-cea-mai-frumoasa-fetita-din-lume-internetul-a-explodat\/"},"wordCount":203,"image":{"@id":"https:\/\/www.btv.md\/ro\/cum-arata-cea-mai-frumoasa-fetita-din-lume-internetul-a-explodat\/#primaryimage"},"thumbnailUrl":"https:\/\/www.btv.md\/wp-content\/uploads\/2017\/12\/800x0_1513020964ca383b3c.jpg","articleSection":["Externe"],"inLanguage":"ro-RO"},{"@type":"WebPage","@id":"https:\/\/www.btv.md\/ro\/cum-arata-cea-mai-frumoasa-fetita-din-lume-internetul-a-explodat\/","url":"https:\/\/www.btv.md\/ro\/cum-arata-cea-mai-frumoasa-fetita-din-lume-internetul-a-explodat\/","name":"Cum arat\u0103 cea mai frumoas\u0103 feti\u021b\u0103 din lume? Internetul a explodat","isPartOf":{"@id":"https:\/\/www.btv.md\/#website"},"primaryImageOfPage":{"@id":"https:\/\/www.btv.md\/ro\/cum-arata-cea-mai-frumoasa-fetita-din-lume-internetul-a-explodat\/#primaryimage"},"image":{"@id":"https:\/\/www.btv.md\/ro\/cum-arata-cea-mai-frumoasa-fetita-din-lume-internetul-a-explodat\/#primaryimage"},"thumbnailUrl":"https:\/\/www.btv.md\/wp-content\/uploads\/2017\/12\/800x0_1513020964ca383b3c.jpg","datePublished":"2017-12-14T08:01:12+00:00","dateModified":"2017-12-14T16:11:10+00:00","author":{"@id":"https:\/\/www.btv.md\/#\/schema\/person\/8fadce81561b3ce2c34c46dadc4ccbf2"},"inLanguage":"ro-RO","potentialAction":[{"@type":"ReadAction","target":["https:\/\/www.btv.md\/ro\/cum-arata-cea-mai-frumoasa-fetita-din-lume-internetul-a-explodat\/"]}]},{"@type":"ImageObject","inLanguage":"ro-RO","@id":"https:\/\/www.btv.md\/ro\/cum-arata-cea-mai-frumoasa-fetita-din-lume-internetul-a-explodat\/#primaryimage","url":"https:\/\/www.btv.md\/wp-content\/uploads\/2017\/12\/800x0_1513020964ca383b3c.jpg","contentUrl":"https:\/\/www.btv.md\/wp-content\/uploads\/2017\/12\/800x0_1513020964ca383b3c.jpg","width":800,"height":470,"caption":"feti\u021ba"},{"@type":"WebSite","@id":"https:\/\/www.btv.md\/#website","url":"https:\/\/www.btv.md\/","name":"BTV","description":"\u0411\u0435\u043b\u044c\u0446\u043a\u043e\u0435 \u0442\u0435\u043b\u0435\u0432\u0438\u0434\u0435\u043d\u0438\u0435","potentialAction":[{"@type":"SearchAction","target":{"@type":"EntryPoint","urlTemplate":"https:\/\/www.btv.md\/?s={search_term_string}"},"query-input":{"@type":"PropertyValueSpecification","valueRequired":true,"valueName":"search_term_string"}}],"inLanguage":"ro-RO"},{"@type":"Person","@id":"https:\/\/www.btv.md\/#\/schema\/person\/8fadce81561b3ce2c34c46dadc4ccbf2","name":"admin"}]}},"_links":{"self":[{"href":"https:\/\/www.btv.md\/ro\/wp-json\/wp\/v2\/posts\/38041","targetHints":{"allow":["GET"]}}],"collection":[{"href":"https:\/\/www.btv.md\/ro\/wp-json\/wp\/v2\/posts"}],"about":[{"href":"https:\/\/www.btv.md\/ro\/wp-json\/wp\/v2\/types\/post"}],"author":[{"embeddable":true,"href":"https:\/\/www.btv.md\/ro\/wp-json\/wp\/v2\/users\/4"}],"replies":[{"embeddable":true,"href":"https:\/\/www.btv.md\/ro\/wp-json\/wp\/v2\/comments?post=38041"}],"version-history":[{"count":0,"href":"https:\/\/www.btv.md\/ro\/wp-json\/wp\/v2\/posts\/38041\/revisions"}],"wp:featuredmedia":[{"embeddable":true,"href":"https:\/\/www.btv.md\/ro\/wp-json\/wp\/v2\/media\/38042"}],"wp:attachment":[{"href":"https:\/\/www.btv.md\/ro\/wp-json\/wp\/v2\/media?parent=38041"}],"wp:term":[{"taxonomy":"category","embeddable":true,"href":"https:\/\/www.btv.md\/ro\/wp-json\/wp\/v2\/categories?post=38041"},{"taxonomy":"post_tag","embeddable":true,"href":"https:\/\/www.btv.md\/ro\/wp-json\/wp\/v2\/tags?post=38041"}],"curies":[{"name":"wp","href":"https:\/\/api.w.org\/{rel}","templated":true}]}}