{"id":38044,"date":"2017-12-14T12:04:02","date_gmt":"2017-12-14T09:04:02","guid":{"rendered":"http:\/\/btv.md\/?p=38044"},"modified":"2017-12-14T19:18:37","modified_gmt":"2017-12-14T16:18:37","slug":"crima-de-la-metroul-din-bucuresti-o-tanara-de-25-de-ani-ucisa","status":"publish","type":"post","link":"https:\/\/www.btv.md\/ro\/crima-de-la-metroul-din-bucuresti-o-tanara-de-25-de-ani-ucisa\/","title":{"rendered":"Crima de la metroul din Bucure\u015fti: O t\u00e2n\u0103ra de 25 de ani, ucis\u0103"},"content":{"rendered":"<p><strong>Mar\u0163i, 12 decembrie, sear\u0103, \u00een sta\u0163ia de metrou Dristor 1, \u00een Bucure\u015fti, o femeie a \u00eempins-o pe t\u00e2n\u0103ra de 25 de ani, pe linia de metrou. Aceasta a murit \u00een urma impactului cu trenul, relateaz\u0103 <a href=\"http:\/\/www.romaniatv.net\/tanara-impinsa-in-statia-costin-georgian-s-a-salvat-dupa-ce-s-a-luptat-cu-agresoarea-fata-ucisa-impinsa-cu-piciorul-pe-sina_392730.html\">romaniatv.net<\/a>.<\/strong><\/p>\n<p style=\"text-align: center;\"><iframe data-src=\"https:\/\/www.youtube.com\/embed\/75O6rZNtlso\" width=\"854\" height=\"480\" frameborder=\"0\" allowfullscreen=\"allowfullscreen\" src=\"data:image\/svg+xml;base64,PHN2ZyB3aWR0aD0iMSIgaGVpZ2h0PSIxIiB4bWxucz0iaHR0cDovL3d3dy53My5vcmcvMjAwMC9zdmciPjwvc3ZnPg==\" class=\"lazyload\" data-load-mode=\"1\"><\/iframe><\/p>\n<p>Anchetatorii au ref\u0103cut firul evenimentelor, c\u00e2nd o t\u00e2n\u0103r\u0103 de 25 de ani, din Craiova a fost \u00eempins\u0103, aparent f\u0103r\u0103 motiv, \u00een fa\u021ba metroului. Suspecta, o femeie de 36 de ani, a fost re\u021binut\u0103, dar a refuzat s\u0103-\u0219i motiveze gestul, scrie <a href=\"http:\/\/www.digi24.ro\/stiri\/actualitate\/evenimente\/crima-de-la-metrou-filmul-evenimentelor-ce-s-a-vazut-pe-camerele-de-supraveghere-844643\">digi24.ro<\/a>.<\/p>\n<p>Totul a fost surprins de camerele de luat vederi din sta\u021bia de metrou Dristor 1, unde s-a produs incidentul, \u00een jurul orei 20.00. Nu era mult\u0103 lume pe peron, iar martorii nu au putut oferi multe detalii la audierile la Poli\u021bia Capitalei.<\/p>\n<p>Imaginile surprinse pe camerele de supraveghere arat\u0103 c\u0103 principala suspect\u0103 ar fi p\u00e2ndit momentul c\u00e2nd victima, t\u00e2n\u0103ra de 25 de ani, nu era foarte atent\u0103, se uita \u00een telefon, \u0219i ar fi \u00eempins-o de pe peron pe \u0219inele de la metrou \u00een momentul \u00een care trenul se apropia de sta\u021bia Dristor 1.<\/p>\n<p>T\u00e2n\u0103ra ar fi \u00eencercat s\u0103 urce \u00eenapoi pe peron, dar suspecta ar fi \u00eempins-o cu piciorul \u0219i ar fi izbit-o practic de metroul care tocmai intra \u00een sta\u021bie.<\/p>\n<p>Femeia, care a fost prins\u0103 dup\u0103 c\u00e2teva ore, s-ar fi recunoscut \u00een imaginile filmate de camerele de supraveghere, \u00eens\u0103 nu a oferit nicio explica\u021bie pentru gestul s\u0103u, nici nu l-a recunoscut, nici nu l-a negat.<\/p>\n<p>Suspecta a fost re\u021binut\u0103 pentru 24 de ore \u0219i va fi dus\u0103 \u00een fa\u021ba instan\u021bei, cu propunere de arestare preventiv\u0103. Va fi, de asemenea, supus\u0103 unei expertize medicale, pentru c\u0103 anchetatorii trebuie s\u0103 stabileasc\u0103 dac\u0103 femeia avea sau nu discern\u0103m\u00e2nt \u00een momentul comiterii crimei.<\/p>\n","protected":false},"excerpt":{"rendered":"<p>Mar\u0163i, 12 decembrie, sear\u0103, \u00een sta\u0163ia de metrou Dristor 1, \u00een Bucure\u015fti, o femeie a \u00eempins-o pe t\u00e2n\u0103ra de 25 de ani, pe linia de metrou. Aceasta a murit \u00een urma impactului cu trenul, relateaz\u0103 romaniatv.net. Anchetatorii au ref\u0103cut firul evenimentelor, c\u00e2nd o t\u00e2n\u0103r\u0103 de 25 de ani, din Craiova a fost \u00eempins\u0103, aparent f\u0103r\u0103 [&hellip;]<\/p>\n","protected":false},"author":4,"featured_media":38045,"comment_status":"closed","ping_status":"closed","sticky":false,"template":"","format":"standard","meta":{"footnotes":""},"categories":[6354],"tags":[],"class_list":["post-38044","post","type-post","status-publish","format-standard","has-post-thumbnail","hentry","category-externe-ro"],"yoast_head":"<!-- This site is optimized with the Yoast SEO plugin v27.4 - https:\/\/yoast.com\/product\/yoast-seo-wordpress\/ -->\n<title>Crima de la metroul din Bucure\u015fti: O t\u00e2n\u0103ra de 25 de ani, ucis\u0103<\/title>\n<meta name=\"robots\" content=\"index, follow, max-snippet:-1, max-image-preview:large, max-video-preview:-1\" \/>\n<link rel=\"canonical\" href=\"https:\/\/www.btv.md\/ro\/crima-de-la-metroul-din-bucuresti-o-tanara-de-25-de-ani-ucisa\/\" \/>\n<meta property=\"og:locale\" content=\"ro_RO\" \/>\n<meta property=\"og:type\" content=\"article\" \/>\n<meta property=\"og:title\" content=\"Crima de la metroul din Bucure\u015fti: O t\u00e2n\u0103ra de 25 de ani, ucis\u0103\" \/>\n<meta property=\"og:description\" content=\"Mar\u0163i, 12 decembrie, sear\u0103, \u00een sta\u0163ia de metrou Dristor 1, \u00een Bucure\u015fti, o femeie a \u00eempins-o pe t\u00e2n\u0103ra de 25 de ani, pe linia de metrou. Aceasta a murit \u00een urma impactului cu trenul, relateaz\u0103 romaniatv.net. Anchetatorii au ref\u0103cut firul evenimentelor, c\u00e2nd o t\u00e2n\u0103r\u0103 de 25 de ani, din Craiova a fost \u00eempins\u0103, aparent f\u0103r\u0103 [&hellip;]\" \/>\n<meta property=\"og:url\" content=\"https:\/\/www.btv.md\/ro\/crima-de-la-metroul-din-bucuresti-o-tanara-de-25-de-ani-ucisa\/\" \/>\n<meta property=\"og:site_name\" content=\"BTV\" \/>\n<meta property=\"article:publisher\" content=\"https:\/\/www.facebook.com\/btvmoldova\/\" \/>\n<meta property=\"article:published_time\" content=\"2017-12-14T09:04:02+00:00\" \/>\n<meta property=\"article:modified_time\" content=\"2017-12-14T16:18:37+00:00\" \/>\n<meta property=\"og:image\" content=\"https:\/\/www.btv.md\/wp-content\/uploads\/2017\/12\/img.jpg\" \/>\n\t<meta property=\"og:image:width\" content=\"840\" \/>\n\t<meta property=\"og:image:height\" content=\"558\" \/>\n\t<meta property=\"og:image:type\" content=\"image\/jpeg\" \/>\n<meta name=\"author\" content=\"admin\" \/>\n<meta name=\"twitter:label1\" content=\"Scris de\" \/>\n\t<meta name=\"twitter:data1\" content=\"admin\" \/>\n\t<meta name=\"twitter:label2\" content=\"Timp estimat pentru citire\" \/>\n\t<meta name=\"twitter:data2\" content=\"2 minute\" \/>\n<script type=\"application\/ld+json\" class=\"yoast-schema-graph\">{\"@context\":\"https:\\\/\\\/schema.org\",\"@graph\":[{\"@type\":\"Article\",\"@id\":\"https:\\\/\\\/www.btv.md\\\/ro\\\/crima-de-la-metroul-din-bucuresti-o-tanara-de-25-de-ani-ucisa\\\/#article\",\"isPartOf\":{\"@id\":\"https:\\\/\\\/www.btv.md\\\/ro\\\/crima-de-la-metroul-din-bucuresti-o-tanara-de-25-de-ani-ucisa\\\/\"},\"author\":{\"name\":\"admin\",\"@id\":\"https:\\\/\\\/www.btv.md\\\/#\\\/schema\\\/person\\\/8fadce81561b3ce2c34c46dadc4ccbf2\"},\"headline\":\"Crima de la metroul din Bucure\u015fti: O t\u00e2n\u0103ra de 25 de ani, ucis\u0103\",\"datePublished\":\"2017-12-14T09:04:02+00:00\",\"dateModified\":\"2017-12-14T16:18:37+00:00\",\"mainEntityOfPage\":{\"@id\":\"https:\\\/\\\/www.btv.md\\\/ro\\\/crima-de-la-metroul-din-bucuresti-o-tanara-de-25-de-ani-ucisa\\\/\"},\"wordCount\":317,\"image\":{\"@id\":\"https:\\\/\\\/www.btv.md\\\/ro\\\/crima-de-la-metroul-din-bucuresti-o-tanara-de-25-de-ani-ucisa\\\/#primaryimage\"},\"thumbnailUrl\":\"https:\\\/\\\/www.btv.md\\\/wp-content\\\/uploads\\\/2017\\\/12\\\/img.jpg\",\"articleSection\":[\"Externe\"],\"inLanguage\":\"ro-RO\"},{\"@type\":\"WebPage\",\"@id\":\"https:\\\/\\\/www.btv.md\\\/ro\\\/crima-de-la-metroul-din-bucuresti-o-tanara-de-25-de-ani-ucisa\\\/\",\"url\":\"https:\\\/\\\/www.btv.md\\\/ro\\\/crima-de-la-metroul-din-bucuresti-o-tanara-de-25-de-ani-ucisa\\\/\",\"name\":\"Crima de la metroul din Bucure\u015fti: O t\u00e2n\u0103ra de 25 de ani, ucis\u0103\",\"isPartOf\":{\"@id\":\"https:\\\/\\\/www.btv.md\\\/#website\"},\"primaryImageOfPage\":{\"@id\":\"https:\\\/\\\/www.btv.md\\\/ro\\\/crima-de-la-metroul-din-bucuresti-o-tanara-de-25-de-ani-ucisa\\\/#primaryimage\"},\"image\":{\"@id\":\"https:\\\/\\\/www.btv.md\\\/ro\\\/crima-de-la-metroul-din-bucuresti-o-tanara-de-25-de-ani-ucisa\\\/#primaryimage\"},\"thumbnailUrl\":\"https:\\\/\\\/www.btv.md\\\/wp-content\\\/uploads\\\/2017\\\/12\\\/img.jpg\",\"datePublished\":\"2017-12-14T09:04:02+00:00\",\"dateModified\":\"2017-12-14T16:18:37+00:00\",\"author\":{\"@id\":\"https:\\\/\\\/www.btv.md\\\/#\\\/schema\\\/person\\\/8fadce81561b3ce2c34c46dadc4ccbf2\"},\"inLanguage\":\"ro-RO\",\"potentialAction\":[{\"@type\":\"ReadAction\",\"target\":[\"https:\\\/\\\/www.btv.md\\\/ro\\\/crima-de-la-metroul-din-bucuresti-o-tanara-de-25-de-ani-ucisa\\\/\"]}]},{\"@type\":\"ImageObject\",\"inLanguage\":\"ro-RO\",\"@id\":\"https:\\\/\\\/www.btv.md\\\/ro\\\/crima-de-la-metroul-din-bucuresti-o-tanara-de-25-de-ani-ucisa\\\/#primaryimage\",\"url\":\"https:\\\/\\\/www.btv.md\\\/wp-content\\\/uploads\\\/2017\\\/12\\\/img.jpg\",\"contentUrl\":\"https:\\\/\\\/www.btv.md\\\/wp-content\\\/uploads\\\/2017\\\/12\\\/img.jpg\",\"width\":840,\"height\":558,\"caption\":\"metroul din Bucure\u015fti\"},{\"@type\":\"WebSite\",\"@id\":\"https:\\\/\\\/www.btv.md\\\/#website\",\"url\":\"https:\\\/\\\/www.btv.md\\\/\",\"name\":\"BTV\",\"description\":\"\u0411\u0435\u043b\u044c\u0446\u043a\u043e\u0435 \u0442\u0435\u043b\u0435\u0432\u0438\u0434\u0435\u043d\u0438\u0435\",\"potentialAction\":[{\"@type\":\"SearchAction\",\"target\":{\"@type\":\"EntryPoint\",\"urlTemplate\":\"https:\\\/\\\/www.btv.md\\\/?s={search_term_string}\"},\"query-input\":{\"@type\":\"PropertyValueSpecification\",\"valueRequired\":true,\"valueName\":\"search_term_string\"}}],\"inLanguage\":\"ro-RO\"},{\"@type\":\"Person\",\"@id\":\"https:\\\/\\\/www.btv.md\\\/#\\\/schema\\\/person\\\/8fadce81561b3ce2c34c46dadc4ccbf2\",\"name\":\"admin\"}]}<\/script>\n<!-- \/ Yoast SEO plugin. -->","yoast_head_json":{"title":"Crima de la metroul din Bucure\u015fti: O t\u00e2n\u0103ra de 25 de ani, ucis\u0103","robots":{"index":"index","follow":"follow","max-snippet":"max-snippet:-1","max-image-preview":"max-image-preview:large","max-video-preview":"max-video-preview:-1"},"canonical":"https:\/\/www.btv.md\/ro\/crima-de-la-metroul-din-bucuresti-o-tanara-de-25-de-ani-ucisa\/","og_locale":"ro_RO","og_type":"article","og_title":"Crima de la metroul din Bucure\u015fti: O t\u00e2n\u0103ra de 25 de ani, ucis\u0103","og_description":"Mar\u0163i, 12 decembrie, sear\u0103, \u00een sta\u0163ia de metrou Dristor 1, \u00een Bucure\u015fti, o femeie a \u00eempins-o pe t\u00e2n\u0103ra de 25 de ani, pe linia de metrou. Aceasta a murit \u00een urma impactului cu trenul, relateaz\u0103 romaniatv.net. Anchetatorii au ref\u0103cut firul evenimentelor, c\u00e2nd o t\u00e2n\u0103r\u0103 de 25 de ani, din Craiova a fost \u00eempins\u0103, aparent f\u0103r\u0103 [&hellip;]","og_url":"https:\/\/www.btv.md\/ro\/crima-de-la-metroul-din-bucuresti-o-tanara-de-25-de-ani-ucisa\/","og_site_name":"BTV","article_publisher":"https:\/\/www.facebook.com\/btvmoldova\/","article_published_time":"2017-12-14T09:04:02+00:00","article_modified_time":"2017-12-14T16:18:37+00:00","og_image":[{"width":840,"height":558,"url":"https:\/\/www.btv.md\/wp-content\/uploads\/2017\/12\/img.jpg","type":"image\/jpeg"}],"author":"admin","twitter_misc":{"Scris de":"admin","Timp estimat pentru citire":"2 minute"},"schema":{"@context":"https:\/\/schema.org","@graph":[{"@type":"Article","@id":"https:\/\/www.btv.md\/ro\/crima-de-la-metroul-din-bucuresti-o-tanara-de-25-de-ani-ucisa\/#article","isPartOf":{"@id":"https:\/\/www.btv.md\/ro\/crima-de-la-metroul-din-bucuresti-o-tanara-de-25-de-ani-ucisa\/"},"author":{"name":"admin","@id":"https:\/\/www.btv.md\/#\/schema\/person\/8fadce81561b3ce2c34c46dadc4ccbf2"},"headline":"Crima de la metroul din Bucure\u015fti: O t\u00e2n\u0103ra de 25 de ani, ucis\u0103","datePublished":"2017-12-14T09:04:02+00:00","dateModified":"2017-12-14T16:18:37+00:00","mainEntityOfPage":{"@id":"https:\/\/www.btv.md\/ro\/crima-de-la-metroul-din-bucuresti-o-tanara-de-25-de-ani-ucisa\/"},"wordCount":317,"image":{"@id":"https:\/\/www.btv.md\/ro\/crima-de-la-metroul-din-bucuresti-o-tanara-de-25-de-ani-ucisa\/#primaryimage"},"thumbnailUrl":"https:\/\/www.btv.md\/wp-content\/uploads\/2017\/12\/img.jpg","articleSection":["Externe"],"inLanguage":"ro-RO"},{"@type":"WebPage","@id":"https:\/\/www.btv.md\/ro\/crima-de-la-metroul-din-bucuresti-o-tanara-de-25-de-ani-ucisa\/","url":"https:\/\/www.btv.md\/ro\/crima-de-la-metroul-din-bucuresti-o-tanara-de-25-de-ani-ucisa\/","name":"Crima de la metroul din Bucure\u015fti: O t\u00e2n\u0103ra de 25 de ani, ucis\u0103","isPartOf":{"@id":"https:\/\/www.btv.md\/#website"},"primaryImageOfPage":{"@id":"https:\/\/www.btv.md\/ro\/crima-de-la-metroul-din-bucuresti-o-tanara-de-25-de-ani-ucisa\/#primaryimage"},"image":{"@id":"https:\/\/www.btv.md\/ro\/crima-de-la-metroul-din-bucuresti-o-tanara-de-25-de-ani-ucisa\/#primaryimage"},"thumbnailUrl":"https:\/\/www.btv.md\/wp-content\/uploads\/2017\/12\/img.jpg","datePublished":"2017-12-14T09:04:02+00:00","dateModified":"2017-12-14T16:18:37+00:00","author":{"@id":"https:\/\/www.btv.md\/#\/schema\/person\/8fadce81561b3ce2c34c46dadc4ccbf2"},"inLanguage":"ro-RO","potentialAction":[{"@type":"ReadAction","target":["https:\/\/www.btv.md\/ro\/crima-de-la-metroul-din-bucuresti-o-tanara-de-25-de-ani-ucisa\/"]}]},{"@type":"ImageObject","inLanguage":"ro-RO","@id":"https:\/\/www.btv.md\/ro\/crima-de-la-metroul-din-bucuresti-o-tanara-de-25-de-ani-ucisa\/#primaryimage","url":"https:\/\/www.btv.md\/wp-content\/uploads\/2017\/12\/img.jpg","contentUrl":"https:\/\/www.btv.md\/wp-content\/uploads\/2017\/12\/img.jpg","width":840,"height":558,"caption":"metroul din Bucure\u015fti"},{"@type":"WebSite","@id":"https:\/\/www.btv.md\/#website","url":"https:\/\/www.btv.md\/","name":"BTV","description":"\u0411\u0435\u043b\u044c\u0446\u043a\u043e\u0435 \u0442\u0435\u043b\u0435\u0432\u0438\u0434\u0435\u043d\u0438\u0435","potentialAction":[{"@type":"SearchAction","target":{"@type":"EntryPoint","urlTemplate":"https:\/\/www.btv.md\/?s={search_term_string}"},"query-input":{"@type":"PropertyValueSpecification","valueRequired":true,"valueName":"search_term_string"}}],"inLanguage":"ro-RO"},{"@type":"Person","@id":"https:\/\/www.btv.md\/#\/schema\/person\/8fadce81561b3ce2c34c46dadc4ccbf2","name":"admin"}]}},"_links":{"self":[{"href":"https:\/\/www.btv.md\/ro\/wp-json\/wp\/v2\/posts\/38044","targetHints":{"allow":["GET"]}}],"collection":[{"href":"https:\/\/www.btv.md\/ro\/wp-json\/wp\/v2\/posts"}],"about":[{"href":"https:\/\/www.btv.md\/ro\/wp-json\/wp\/v2\/types\/post"}],"author":[{"embeddable":true,"href":"https:\/\/www.btv.md\/ro\/wp-json\/wp\/v2\/users\/4"}],"replies":[{"embeddable":true,"href":"https:\/\/www.btv.md\/ro\/wp-json\/wp\/v2\/comments?post=38044"}],"version-history":[{"count":0,"href":"https:\/\/www.btv.md\/ro\/wp-json\/wp\/v2\/posts\/38044\/revisions"}],"wp:featuredmedia":[{"embeddable":true,"href":"https:\/\/www.btv.md\/ro\/wp-json\/wp\/v2\/media\/38045"}],"wp:attachment":[{"href":"https:\/\/www.btv.md\/ro\/wp-json\/wp\/v2\/media?parent=38044"}],"wp:term":[{"taxonomy":"category","embeddable":true,"href":"https:\/\/www.btv.md\/ro\/wp-json\/wp\/v2\/categories?post=38044"},{"taxonomy":"post_tag","embeddable":true,"href":"https:\/\/www.btv.md\/ro\/wp-json\/wp\/v2\/tags?post=38044"}],"curies":[{"name":"wp","href":"https:\/\/api.w.org\/{rel}","templated":true}]}}