{"id":38047,"date":"2017-12-14T13:06:54","date_gmt":"2017-12-14T10:06:54","guid":{"rendered":"http:\/\/btv.md\/?p=38047"},"modified":"2017-12-14T18:46:03","modified_gmt":"2017-12-14T15:46:03","slug":"de-ce-elevii-isi-bat-profesorii-din-cauza-televizorului-explica-psihologul","status":"publish","type":"post","link":"https:\/\/www.btv.md\/ro\/de-ce-elevii-isi-bat-profesorii-din-cauza-televizorului-explica-psihologul\/","title":{"rendered":"De ce elevii \u00ee\u015fi bat profesorii? \u00abDin cauza televizorului\u00bb, explic\u0103 psihologul"},"content":{"rendered":"<p><strong>De ce elevii \u00ee\u015fi bat profesorii? \u00abDin cauza televizorului\u00bb, spune psihologul rom\u00e2n Ilie Marinescu care a \u00eencercat s\u0103 explice ce \u00eei \u201dm\u00e2n\u0103 \u00een lupt\u0103\u201d pe copii \u00eempotriva dasc\u0103lilor.<\/strong><\/p>\n<p style=\"text-align: center;\"><iframe data-src=\"https:\/\/www.youtube.com\/embed\/REzyq4KWL7Q\" width=\"854\" height=\"480\" frameborder=\"0\" allowfullscreen=\"allowfullscreen\" src=\"data:image\/svg+xml;base64,PHN2ZyB3aWR0aD0iMSIgaGVpZ2h0PSIxIiB4bWxucz0iaHR0cDovL3d3dy53My5vcmcvMjAwMC9zdmciPjwvc3ZnPg==\" class=\"lazyload\" data-load-mode=\"1\"><\/iframe><\/p>\n<p>Ce au \u00een comun trei unit\u0103\u021bi de \u00eenv\u0103\u021b\u0103m\u00e2nt din Constan\u021ba, Miercurea Ciuc sau din comuna teleorm\u0103nean\u0103 Poroschia? \u00cen fiecare dintre ele, elevii au agresat \u00een ultimele zile cadrele didactice, \u00eentr-o rev\u0103rsare de ur\u0103 f\u0103r\u0103 precedent \u00een \u0219coala rom\u00e2neasc\u0103, relateaz\u0103 <a href=\"http:\/\/www.click.ro\/news\/national\/de-ce-elevii-isi-bat-profesorii-din-cauza-televizorului-explica-psihologul\">click.ro<\/a>.<\/p>\n<p>Pe 28 noiembrie, la \u0218coala Gimnazial\u0103 din Poroschia de Teleorman, o profesoar\u0103 de Educa\u021bie Civic\u0103 este batjocorit\u0103 de trei elevi de clasa a VIII-a, \u00eentr-un mod care a \u0219ocat opinia public\u0103. \u00cen timp ce unul \u021binea u\u0219a, s\u0103 nu \u201dscape\u201d captiva, altul filma, iar cel de al treilea o abuza verbal \u0219i semn suprem al respectului datorat unui cadru didactic, o altoia \u00een mod repetat peste fund.<\/p>\n<p>Opt zile mai t\u00e2rziu, \u00een ora\u0219ul Miercurea Ciuc, la o clas\u0103 a VII-a, o profesoar\u0103 a fost agresat\u0103, \u00eempins\u0103 \u0219i lovit\u0103.\u201dUn b\u0103iat s-a ridicat brusc din banc\u0103, aparent f\u0103r\u0103 motiv \u0219i a luat-o pe profesoar\u0103 de m\u00e2ini, a zdruncinat-o, a \u00eempins-o \u0219i i-a adresat mai multe vorbe ur\u00e2te\u201d, a declarat Gheorghe Filip, purt\u0103torul de cuv\u00e2nt al Inspectoratului de Poli\u021bie al Jude\u021bului Harghita.<\/p>\n<p>A doua zi, un nou caz de atac asupra unui profesor s-a \u00eenregistrat la Constan\u021ba. Un elev de 16 ani, care repeta clasa a IX-a s-a sup\u0103rat din senin pe profesoara de francez\u0103 \u0219i a agresat-o verbal \u0219i fizic, p\u0103lmuind-o peste fa\u021b\u0103. Apoi, m\u00e2ndru de ce a f\u0103cut a p\u0103r\u0103sit sala \u0219i a plecat acas\u0103.<\/p>\n<p>Deocamdat\u0103, \u00een toate cele trei cazuri s-au deschis dosare penale, iar f\u0103pta\u0219ii sunt cerceta\u021bi deocamdat\u0103 \u00een stare de libertate.<\/p>\n<p>\u00cen astfel de situa\u021bii, profesorii se g\u0103sesc deseori \u00een diferite \u021b\u0103ri. Pe Internet exist\u0103 multe dovezi ale comportamentului indecente al a\u0219a-numitelor copii. Ce le motiveaz\u0103 \u0219i unde este limita acestei nelegiuiri?<\/p>\n<p>Unul dintre cei mai cunoscu\u021bi psihologi rom\u00e2ni, Ilie Marinescu, a explicat, ce \u00eei \u201dm\u00e2n\u0103 \u00een lupt\u0103\u201dpe ace\u0219ti copii, care \u00ee\u0219i agreseaz\u0103 dasc\u0103lii.<\/p>\n<blockquote>\n<p><em>\u201dSunt multe cauze. La unii copii este efectul violen\u021bei promovate la televizor \u0219i acumulate f\u0103r\u0103 discern\u0103m\u00e2nt, la al\u021bii este spiritul de frond\u0103, exacerbat de mediul \u00een care tr\u0103iesc, fie c\u0103 vorbim de cel de acas\u0103, fie c\u0103 vorbim de anturajul de prieteni sau de la \u0219coal\u0103\u201d, a explicat Ilie Marinescu. Acesta nu a exclus existen\u021ba unor probleme psihice nedescoperite la unii elevi, \u00een timp ce la al\u021bii este vorba de invidie sau lipsa p\u0103rin\u021bilor, pleca\u021bi din \u021bar\u0103 sau pur \u0219i simplu neinteresa\u021bi de soarta copiilor. Solu\u021bii? \u201dFamilia este prima care ar trebui s\u0103 vad\u0103 ce se \u00eent\u00e2mpl\u0103 cu fiul sau fiica lor, iar rolul educatorilor este ca \u00een astfel de cazuri s\u0103 nu izoleze copilul\u201d<\/em>, a dezv\u0103luit psihologul.<\/p>\n<\/blockquote>\n","protected":false},"excerpt":{"rendered":"<p>De ce elevii \u00ee\u015fi bat profesorii? \u00abDin cauza televizorului\u00bb, spune psihologul rom\u00e2n Ilie Marinescu care a \u00eencercat s\u0103 explice ce \u00eei \u201dm\u00e2n\u0103 \u00een lupt\u0103\u201d pe copii \u00eempotriva dasc\u0103lilor. Ce au \u00een comun trei unit\u0103\u021bi de \u00eenv\u0103\u021b\u0103m\u00e2nt din Constan\u021ba, Miercurea Ciuc sau din comuna teleorm\u0103nean\u0103 Poroschia? \u00cen fiecare dintre ele, elevii au agresat \u00een ultimele zile [&hellip;]<\/p>\n","protected":false},"author":4,"featured_media":38051,"comment_status":"closed","ping_status":"closed","sticky":false,"template":"","format":"standard","meta":{"footnotes":""},"categories":[6354],"tags":[],"class_list":["post-38047","post","type-post","status-publish","format-standard","has-post-thumbnail","hentry","category-externe-ro"],"yoast_head":"<!-- This site is optimized with the Yoast SEO plugin v27.4 - https:\/\/yoast.com\/product\/yoast-seo-wordpress\/ -->\n<title>De ce elevii \u00ee\u015fi bat profesorii? \u00abDin cauza televizorului\u00bb, explic\u0103 psihologul<\/title>\n<meta name=\"robots\" content=\"index, follow, max-snippet:-1, max-image-preview:large, max-video-preview:-1\" \/>\n<link rel=\"canonical\" href=\"https:\/\/www.btv.md\/ro\/de-ce-elevii-isi-bat-profesorii-din-cauza-televizorului-explica-psihologul\/\" \/>\n<meta property=\"og:locale\" content=\"ro_RO\" \/>\n<meta property=\"og:type\" content=\"article\" \/>\n<meta property=\"og:title\" content=\"De ce elevii \u00ee\u015fi bat profesorii? \u00abDin cauza televizorului\u00bb, explic\u0103 psihologul\" \/>\n<meta property=\"og:description\" content=\"De ce elevii \u00ee\u015fi bat profesorii? \u00abDin cauza televizorului\u00bb, spune psihologul rom\u00e2n Ilie Marinescu care a \u00eencercat s\u0103 explice ce \u00eei \u201dm\u00e2n\u0103 \u00een lupt\u0103\u201d pe copii \u00eempotriva dasc\u0103lilor. Ce au \u00een comun trei unit\u0103\u021bi de \u00eenv\u0103\u021b\u0103m\u00e2nt din Constan\u021ba, Miercurea Ciuc sau din comuna teleorm\u0103nean\u0103 Poroschia? \u00cen fiecare dintre ele, elevii au agresat \u00een ultimele zile [&hellip;]\" \/>\n<meta property=\"og:url\" content=\"https:\/\/www.btv.md\/ro\/de-ce-elevii-isi-bat-profesorii-din-cauza-televizorului-explica-psihologul\/\" \/>\n<meta property=\"og:site_name\" content=\"BTV\" \/>\n<meta property=\"article:publisher\" content=\"https:\/\/www.facebook.com\/btvmoldova\/\" \/>\n<meta property=\"article:published_time\" content=\"2017-12-14T10:06:54+00:00\" \/>\n<meta property=\"article:modified_time\" content=\"2017-12-14T15:46:03+00:00\" \/>\n<meta property=\"og:image\" content=\"https:\/\/www.btv.md\/wp-content\/uploads\/2017\/12\/scoala-internationala.jpg\" \/>\n\t<meta property=\"og:image:width\" content=\"700\" \/>\n\t<meta property=\"og:image:height\" content=\"489\" \/>\n\t<meta property=\"og:image:type\" content=\"image\/jpeg\" \/>\n<meta name=\"author\" content=\"admin\" \/>\n<meta name=\"twitter:label1\" content=\"Scris de\" \/>\n\t<meta name=\"twitter:data1\" content=\"admin\" \/>\n\t<meta name=\"twitter:label2\" content=\"Timp estimat pentru citire\" \/>\n\t<meta name=\"twitter:data2\" content=\"2 minute\" \/>\n<script type=\"application\/ld+json\" class=\"yoast-schema-graph\">{\"@context\":\"https:\\\/\\\/schema.org\",\"@graph\":[{\"@type\":\"Article\",\"@id\":\"https:\\\/\\\/www.btv.md\\\/ro\\\/de-ce-elevii-isi-bat-profesorii-din-cauza-televizorului-explica-psihologul\\\/#article\",\"isPartOf\":{\"@id\":\"https:\\\/\\\/www.btv.md\\\/ro\\\/de-ce-elevii-isi-bat-profesorii-din-cauza-televizorului-explica-psihologul\\\/\"},\"author\":{\"name\":\"admin\",\"@id\":\"https:\\\/\\\/www.btv.md\\\/#\\\/schema\\\/person\\\/8fadce81561b3ce2c34c46dadc4ccbf2\"},\"headline\":\"De ce elevii \u00ee\u015fi bat profesorii? \u00abDin cauza televizorului\u00bb, explic\u0103 psihologul\",\"datePublished\":\"2017-12-14T10:06:54+00:00\",\"dateModified\":\"2017-12-14T15:46:03+00:00\",\"mainEntityOfPage\":{\"@id\":\"https:\\\/\\\/www.btv.md\\\/ro\\\/de-ce-elevii-isi-bat-profesorii-din-cauza-televizorului-explica-psihologul\\\/\"},\"wordCount\":510,\"image\":{\"@id\":\"https:\\\/\\\/www.btv.md\\\/ro\\\/de-ce-elevii-isi-bat-profesorii-din-cauza-televizorului-explica-psihologul\\\/#primaryimage\"},\"thumbnailUrl\":\"https:\\\/\\\/www.btv.md\\\/wp-content\\\/uploads\\\/2017\\\/12\\\/scoala-internationala.jpg\",\"articleSection\":[\"Externe\"],\"inLanguage\":\"ro-RO\"},{\"@type\":\"WebPage\",\"@id\":\"https:\\\/\\\/www.btv.md\\\/ro\\\/de-ce-elevii-isi-bat-profesorii-din-cauza-televizorului-explica-psihologul\\\/\",\"url\":\"https:\\\/\\\/www.btv.md\\\/ro\\\/de-ce-elevii-isi-bat-profesorii-din-cauza-televizorului-explica-psihologul\\\/\",\"name\":\"De ce elevii \u00ee\u015fi bat profesorii? \u00abDin cauza televizorului\u00bb, explic\u0103 psihologul\",\"isPartOf\":{\"@id\":\"https:\\\/\\\/www.btv.md\\\/#website\"},\"primaryImageOfPage\":{\"@id\":\"https:\\\/\\\/www.btv.md\\\/ro\\\/de-ce-elevii-isi-bat-profesorii-din-cauza-televizorului-explica-psihologul\\\/#primaryimage\"},\"image\":{\"@id\":\"https:\\\/\\\/www.btv.md\\\/ro\\\/de-ce-elevii-isi-bat-profesorii-din-cauza-televizorului-explica-psihologul\\\/#primaryimage\"},\"thumbnailUrl\":\"https:\\\/\\\/www.btv.md\\\/wp-content\\\/uploads\\\/2017\\\/12\\\/scoala-internationala.jpg\",\"datePublished\":\"2017-12-14T10:06:54+00:00\",\"dateModified\":\"2017-12-14T15:46:03+00:00\",\"author\":{\"@id\":\"https:\\\/\\\/www.btv.md\\\/#\\\/schema\\\/person\\\/8fadce81561b3ce2c34c46dadc4ccbf2\"},\"inLanguage\":\"ro-RO\",\"potentialAction\":[{\"@type\":\"ReadAction\",\"target\":[\"https:\\\/\\\/www.btv.md\\\/ro\\\/de-ce-elevii-isi-bat-profesorii-din-cauza-televizorului-explica-psihologul\\\/\"]}]},{\"@type\":\"ImageObject\",\"inLanguage\":\"ro-RO\",\"@id\":\"https:\\\/\\\/www.btv.md\\\/ro\\\/de-ce-elevii-isi-bat-profesorii-din-cauza-televizorului-explica-psihologul\\\/#primaryimage\",\"url\":\"https:\\\/\\\/www.btv.md\\\/wp-content\\\/uploads\\\/2017\\\/12\\\/scoala-internationala.jpg\",\"contentUrl\":\"https:\\\/\\\/www.btv.md\\\/wp-content\\\/uploads\\\/2017\\\/12\\\/scoala-internationala.jpg\",\"width\":700,\"height\":489,\"caption\":\"profesori agresa\u021bi\"},{\"@type\":\"WebSite\",\"@id\":\"https:\\\/\\\/www.btv.md\\\/#website\",\"url\":\"https:\\\/\\\/www.btv.md\\\/\",\"name\":\"BTV\",\"description\":\"\u0411\u0435\u043b\u044c\u0446\u043a\u043e\u0435 \u0442\u0435\u043b\u0435\u0432\u0438\u0434\u0435\u043d\u0438\u0435\",\"potentialAction\":[{\"@type\":\"SearchAction\",\"target\":{\"@type\":\"EntryPoint\",\"urlTemplate\":\"https:\\\/\\\/www.btv.md\\\/?s={search_term_string}\"},\"query-input\":{\"@type\":\"PropertyValueSpecification\",\"valueRequired\":true,\"valueName\":\"search_term_string\"}}],\"inLanguage\":\"ro-RO\"},{\"@type\":\"Person\",\"@id\":\"https:\\\/\\\/www.btv.md\\\/#\\\/schema\\\/person\\\/8fadce81561b3ce2c34c46dadc4ccbf2\",\"name\":\"admin\"}]}<\/script>\n<!-- \/ Yoast SEO plugin. -->","yoast_head_json":{"title":"De ce elevii \u00ee\u015fi bat profesorii? \u00abDin cauza televizorului\u00bb, explic\u0103 psihologul","robots":{"index":"index","follow":"follow","max-snippet":"max-snippet:-1","max-image-preview":"max-image-preview:large","max-video-preview":"max-video-preview:-1"},"canonical":"https:\/\/www.btv.md\/ro\/de-ce-elevii-isi-bat-profesorii-din-cauza-televizorului-explica-psihologul\/","og_locale":"ro_RO","og_type":"article","og_title":"De ce elevii \u00ee\u015fi bat profesorii? \u00abDin cauza televizorului\u00bb, explic\u0103 psihologul","og_description":"De ce elevii \u00ee\u015fi bat profesorii? \u00abDin cauza televizorului\u00bb, spune psihologul rom\u00e2n Ilie Marinescu care a \u00eencercat s\u0103 explice ce \u00eei \u201dm\u00e2n\u0103 \u00een lupt\u0103\u201d pe copii \u00eempotriva dasc\u0103lilor. Ce au \u00een comun trei unit\u0103\u021bi de \u00eenv\u0103\u021b\u0103m\u00e2nt din Constan\u021ba, Miercurea Ciuc sau din comuna teleorm\u0103nean\u0103 Poroschia? \u00cen fiecare dintre ele, elevii au agresat \u00een ultimele zile [&hellip;]","og_url":"https:\/\/www.btv.md\/ro\/de-ce-elevii-isi-bat-profesorii-din-cauza-televizorului-explica-psihologul\/","og_site_name":"BTV","article_publisher":"https:\/\/www.facebook.com\/btvmoldova\/","article_published_time":"2017-12-14T10:06:54+00:00","article_modified_time":"2017-12-14T15:46:03+00:00","og_image":[{"width":700,"height":489,"url":"https:\/\/www.btv.md\/wp-content\/uploads\/2017\/12\/scoala-internationala.jpg","type":"image\/jpeg"}],"author":"admin","twitter_misc":{"Scris de":"admin","Timp estimat pentru citire":"2 minute"},"schema":{"@context":"https:\/\/schema.org","@graph":[{"@type":"Article","@id":"https:\/\/www.btv.md\/ro\/de-ce-elevii-isi-bat-profesorii-din-cauza-televizorului-explica-psihologul\/#article","isPartOf":{"@id":"https:\/\/www.btv.md\/ro\/de-ce-elevii-isi-bat-profesorii-din-cauza-televizorului-explica-psihologul\/"},"author":{"name":"admin","@id":"https:\/\/www.btv.md\/#\/schema\/person\/8fadce81561b3ce2c34c46dadc4ccbf2"},"headline":"De ce elevii \u00ee\u015fi bat profesorii? \u00abDin cauza televizorului\u00bb, explic\u0103 psihologul","datePublished":"2017-12-14T10:06:54+00:00","dateModified":"2017-12-14T15:46:03+00:00","mainEntityOfPage":{"@id":"https:\/\/www.btv.md\/ro\/de-ce-elevii-isi-bat-profesorii-din-cauza-televizorului-explica-psihologul\/"},"wordCount":510,"image":{"@id":"https:\/\/www.btv.md\/ro\/de-ce-elevii-isi-bat-profesorii-din-cauza-televizorului-explica-psihologul\/#primaryimage"},"thumbnailUrl":"https:\/\/www.btv.md\/wp-content\/uploads\/2017\/12\/scoala-internationala.jpg","articleSection":["Externe"],"inLanguage":"ro-RO"},{"@type":"WebPage","@id":"https:\/\/www.btv.md\/ro\/de-ce-elevii-isi-bat-profesorii-din-cauza-televizorului-explica-psihologul\/","url":"https:\/\/www.btv.md\/ro\/de-ce-elevii-isi-bat-profesorii-din-cauza-televizorului-explica-psihologul\/","name":"De ce elevii \u00ee\u015fi bat profesorii? \u00abDin cauza televizorului\u00bb, explic\u0103 psihologul","isPartOf":{"@id":"https:\/\/www.btv.md\/#website"},"primaryImageOfPage":{"@id":"https:\/\/www.btv.md\/ro\/de-ce-elevii-isi-bat-profesorii-din-cauza-televizorului-explica-psihologul\/#primaryimage"},"image":{"@id":"https:\/\/www.btv.md\/ro\/de-ce-elevii-isi-bat-profesorii-din-cauza-televizorului-explica-psihologul\/#primaryimage"},"thumbnailUrl":"https:\/\/www.btv.md\/wp-content\/uploads\/2017\/12\/scoala-internationala.jpg","datePublished":"2017-12-14T10:06:54+00:00","dateModified":"2017-12-14T15:46:03+00:00","author":{"@id":"https:\/\/www.btv.md\/#\/schema\/person\/8fadce81561b3ce2c34c46dadc4ccbf2"},"inLanguage":"ro-RO","potentialAction":[{"@type":"ReadAction","target":["https:\/\/www.btv.md\/ro\/de-ce-elevii-isi-bat-profesorii-din-cauza-televizorului-explica-psihologul\/"]}]},{"@type":"ImageObject","inLanguage":"ro-RO","@id":"https:\/\/www.btv.md\/ro\/de-ce-elevii-isi-bat-profesorii-din-cauza-televizorului-explica-psihologul\/#primaryimage","url":"https:\/\/www.btv.md\/wp-content\/uploads\/2017\/12\/scoala-internationala.jpg","contentUrl":"https:\/\/www.btv.md\/wp-content\/uploads\/2017\/12\/scoala-internationala.jpg","width":700,"height":489,"caption":"profesori agresa\u021bi"},{"@type":"WebSite","@id":"https:\/\/www.btv.md\/#website","url":"https:\/\/www.btv.md\/","name":"BTV","description":"\u0411\u0435\u043b\u044c\u0446\u043a\u043e\u0435 \u0442\u0435\u043b\u0435\u0432\u0438\u0434\u0435\u043d\u0438\u0435","potentialAction":[{"@type":"SearchAction","target":{"@type":"EntryPoint","urlTemplate":"https:\/\/www.btv.md\/?s={search_term_string}"},"query-input":{"@type":"PropertyValueSpecification","valueRequired":true,"valueName":"search_term_string"}}],"inLanguage":"ro-RO"},{"@type":"Person","@id":"https:\/\/www.btv.md\/#\/schema\/person\/8fadce81561b3ce2c34c46dadc4ccbf2","name":"admin"}]}},"_links":{"self":[{"href":"https:\/\/www.btv.md\/ro\/wp-json\/wp\/v2\/posts\/38047","targetHints":{"allow":["GET"]}}],"collection":[{"href":"https:\/\/www.btv.md\/ro\/wp-json\/wp\/v2\/posts"}],"about":[{"href":"https:\/\/www.btv.md\/ro\/wp-json\/wp\/v2\/types\/post"}],"author":[{"embeddable":true,"href":"https:\/\/www.btv.md\/ro\/wp-json\/wp\/v2\/users\/4"}],"replies":[{"embeddable":true,"href":"https:\/\/www.btv.md\/ro\/wp-json\/wp\/v2\/comments?post=38047"}],"version-history":[{"count":0,"href":"https:\/\/www.btv.md\/ro\/wp-json\/wp\/v2\/posts\/38047\/revisions"}],"wp:featuredmedia":[{"embeddable":true,"href":"https:\/\/www.btv.md\/ro\/wp-json\/wp\/v2\/media\/38051"}],"wp:attachment":[{"href":"https:\/\/www.btv.md\/ro\/wp-json\/wp\/v2\/media?parent=38047"}],"wp:term":[{"taxonomy":"category","embeddable":true,"href":"https:\/\/www.btv.md\/ro\/wp-json\/wp\/v2\/categories?post=38047"},{"taxonomy":"post_tag","embeddable":true,"href":"https:\/\/www.btv.md\/ro\/wp-json\/wp\/v2\/tags?post=38047"}],"curies":[{"name":"wp","href":"https:\/\/api.w.org\/{rel}","templated":true}]}}