{"id":39281,"date":"2018-01-09T21:49:02","date_gmt":"2018-01-09T18:49:02","guid":{"rendered":"https:\/\/btv.md\/?p=39281"},"modified":"2019-02-09T15:27:07","modified_gmt":"2019-02-09T13:27:07","slug":"in-moldova-va-fi-creata-o-institutie-care-va-examina-cazurile-de-malpraxis","status":"publish","type":"post","link":"https:\/\/www.btv.md\/ro\/in-moldova-va-fi-creata-o-institutie-care-va-examina-cazurile-de-malpraxis\/","title":{"rendered":"\u00cen Moldova va fi creat\u0103 o institu\u021bie care va examina cazurile de malpraxis"},"content":{"rendered":"<p><strong>\u00cen contextul scandalului din jurul tinerei care a avortat la maternitate f\u0103r\u0103 supraveghere medical\u0103, autorit\u0103\u021bile\u00a0examineaz\u0103 posibilitatea \u00eenfiin\u021b\u0103rii unei institu\u021bii responsabile\u00a0de gestionarea dosarelor de malpraxis, noteaz\u0103 <a href=\"http:\/\/noi.md\/md\/societate\/in-moldova-va-fi-creata-o-institutie-care-va-examina-cazurile-de-malpraxis\">NOI.md<\/a>.<\/strong><\/p>\n<p>Declara\u021bia a fost f\u0103cut\u0103 ast\u0103zi de c\u0103tre secretarul general de stat al Ministerului S\u0103n\u0103t\u0103\u021bii, Boris G\u00eelc\u0103. Noua institu\u021bie va fi \u00eemputernicit\u0103 s\u0103 retrag\u0103 dreptul de a profesa \u00een calitate de medic.<\/p>\n<blockquote><p><em>\u201eAcest lucru se va \u00eent\u00eempla cu titlu\u00a0imediat, p\u00een\u0103 c\u00eend vom avea\u00a0\u00een Republica Moldova o institu\u021bie responsabil\u0103 de gestionarea \u0219i\u00a0examinarea cazurilor de erori medicale, de malpraxis, de abateri de la normele de etic\u0103 \u0219i deontologie, institu\u021bie care exist\u0103\u00a0\u00een foarte multe \u021b\u0103ri din UE \u0219i care se cere a fi prezent\u0103 \u0219i \u00een RM\u201d,<\/em> &#8211; a declarat secretarul de stat.<\/p><\/blockquote>\n<p>Potrivit lui, discu\u021biile pe marginea \u00eenfiin\u021b\u0103rii unei institu\u021bii specializate pe investigarea erorilor medicale se t\u0103r\u0103g\u0103neaz\u0103 pe parcursul mai multor ani.<\/p>\n<blockquote><p><em>\u201eAu mai fost discu\u021bii la acest subiect, dar au r\u0103mas pasive. Aceast\u0103 institu\u021bie trebuie s\u0103 fie una independent\u0103 fa\u021b\u0103 de Ministerul S\u0103n\u0103t\u0103\u021bii, iar investiga\u021biile foarte transparente. Institu\u021bia trebuie s\u0103 considere analiza acestor cazuri, inclusiv p\u00een\u0103 la retragerea dreptului de a profesa meseria de medic, cu aplicarea unor\u00a0sanc\u021biuni disciplinare, contraven\u021bionale pe anumite cazuri\u201d,<\/em> &#8211; a ad\u0103ugat G\u00eelc\u0103.<\/p><\/blockquote>\n<p>&nbsp;<\/p>\n<p>Surs\u0103:\u00a0<a href=\"http:\/\/noi.md\/md\/societate\/in-moldova-va-fi-creata-o-institutie-care-va-examina-cazurile-de-malpraxis\">noi.md<\/a><\/p>\n","protected":false},"excerpt":{"rendered":"<p>\u00cen contextul scandalului din jurul tinerei care a avortat la maternitate f\u0103r\u0103 supraveghere medical\u0103, autorit\u0103\u021bile\u00a0examineaz\u0103 posibilitatea \u00eenfiin\u021b\u0103rii unei institu\u021bii responsabile\u00a0de gestionarea dosarelor de malpraxis, noteaz\u0103 NOI.md. Declara\u021bia a fost f\u0103cut\u0103 ast\u0103zi de c\u0103tre secretarul general de stat al Ministerului S\u0103n\u0103t\u0103\u021bii, Boris G\u00eelc\u0103. Noua institu\u021bie va fi \u00eemputernicit\u0103 s\u0103 retrag\u0103 dreptul de a profesa \u00een calitate [&hellip;]<\/p>\n","protected":false},"author":4,"featured_media":39282,"comment_status":"closed","ping_status":"closed","sticky":false,"template":"","format":"standard","meta":{"footnotes":""},"categories":[6349],"tags":[],"class_list":["post-39281","post","type-post","status-publish","format-standard","has-post-thumbnail","hentry","category-social"],"yoast_head":"<!-- This site is optimized with the Yoast SEO plugin v27.4 - https:\/\/yoast.com\/product\/yoast-seo-wordpress\/ -->\n<title>\u0412 \u041c\u043e\u043b\u0434\u043e\u0432\u0435 \u0431\u0443\u0434\u0435\u0442 \u0441\u043e\u0437\u0434\u0430\u043d\u043e \u0443\u0447\u0440\u0435\u0436\u0434\u0435\u043d\u0438\u0435 \u0434\u043b\u044f \u0440\u0430\u0441\u0441\u043b\u0435\u0434\u043e\u0432\u0430\u043d\u0438\u044f \u0432\u0440\u0430\u0447\u0435\u0431\u043d\u044b\u0445 \u043e\u0448\u0438\u0431\u043e\u043a<\/title>\n<meta name=\"description\" content=\"\u0412 \u043a\u043e\u043d\u0442\u0435\u043a\u0441\u0442\u0435 \u0441\u043a\u0430\u043d\u0434\u0430\u043b\u0430 \u0432\u043e\u043a\u0440\u0443\u0433 \u043c\u043e\u043b\u043e\u0434\u043e\u0439 \u0436\u0435\u043d\u0449\u0438\u043d\u044b, \u0443 \u043a\u043e\u0442\u043e\u0440\u043e\u0439 \u0441\u043b\u0443\u0447\u0438\u043b\u0441\u044f \u0432\u044b\u043a\u0438\u0434\u044b\u0448 \u0432 \u0440\u043e\u0434\u0434\u043e\u043c\u0435 \u0431\u0435\u0437 \u043c\u0435\u0434\u0438\u0446\u0438\u043d\u0441\u043a\u043e\u0433\u043e \u043d\u0430\u0431\u043b\u044e\u0434\u0435\u043d\u0438\u044f, \u0432\u043b\u0430\u0441\u0442\u0438 \u0440\u0430\u0441\u0441\u043c\u0430\u0442\u0440\u0438\u0432\u0430\u044e\u0442 \u0432\u043e\u0437\u043c\u043e\u0436\u043d\u043e\u0441\u0442\u044c \u0441\u043e\u0437\u0434\u0430\u043d\u0438\u044f \u0443\u0447\u0440\u0435\u0436\u0434\u0435\u043d\u0438\u044f, \u043e\u0442\u0432\u0435\u0442\u0441\u0442\u0432\u0435\u043d\u043d\u043e\u0433\u043e \u0437\u0430 \u0440\u0430\u0441\u0441\u043b\u0435\u0434\u043e\u0432\u0430\u043d\u0438\u0435 \u0441\u043b\u0443\u0447\u0430\u0435\u0432 \u0432\u0440\u0430\u0447\u0435\u0431\u043d\u044b\u0445 \u043e\u0448\u0438\u0431\u043e\u043a, \u0441\u043e\u043e\u0431\u0449\u0430\u0435\u0442 Noi.md.\" \/>\n<meta name=\"robots\" content=\"index, follow, max-snippet:-1, max-image-preview:large, max-video-preview:-1\" \/>\n<link rel=\"canonical\" href=\"https:\/\/www.btv.md\/ro\/in-moldova-va-fi-creata-o-institutie-care-va-examina-cazurile-de-malpraxis\/\" \/>\n<meta property=\"og:locale\" content=\"ro_RO\" \/>\n<meta property=\"og:type\" content=\"article\" \/>\n<meta property=\"og:title\" content=\"\u0412 \u041c\u043e\u043b\u0434\u043e\u0432\u0435 \u0431\u0443\u0434\u0435\u0442 \u0441\u043e\u0437\u0434\u0430\u043d\u043e \u0443\u0447\u0440\u0435\u0436\u0434\u0435\u043d\u0438\u0435 \u0434\u043b\u044f \u0440\u0430\u0441\u0441\u043b\u0435\u0434\u043e\u0432\u0430\u043d\u0438\u044f \u0432\u0440\u0430\u0447\u0435\u0431\u043d\u044b\u0445 \u043e\u0448\u0438\u0431\u043e\u043a\" \/>\n<meta property=\"og:description\" content=\"\u0412 \u043a\u043e\u043d\u0442\u0435\u043a\u0441\u0442\u0435 \u0441\u043a\u0430\u043d\u0434\u0430\u043b\u0430 \u0432\u043e\u043a\u0440\u0443\u0433 \u043c\u043e\u043b\u043e\u0434\u043e\u0439 \u0436\u0435\u043d\u0449\u0438\u043d\u044b, \u0443 \u043a\u043e\u0442\u043e\u0440\u043e\u0439 \u0441\u043b\u0443\u0447\u0438\u043b\u0441\u044f \u0432\u044b\u043a\u0438\u0434\u044b\u0448 \u0432 \u0440\u043e\u0434\u0434\u043e\u043c\u0435 \u0431\u0435\u0437 \u043c\u0435\u0434\u0438\u0446\u0438\u043d\u0441\u043a\u043e\u0433\u043e \u043d\u0430\u0431\u043b\u044e\u0434\u0435\u043d\u0438\u044f, \u0432\u043b\u0430\u0441\u0442\u0438 \u0440\u0430\u0441\u0441\u043c\u0430\u0442\u0440\u0438\u0432\u0430\u044e\u0442 \u0432\u043e\u0437\u043c\u043e\u0436\u043d\u043e\u0441\u0442\u044c \u0441\u043e\u0437\u0434\u0430\u043d\u0438\u044f \u0443\u0447\u0440\u0435\u0436\u0434\u0435\u043d\u0438\u044f, \u043e\u0442\u0432\u0435\u0442\u0441\u0442\u0432\u0435\u043d\u043d\u043e\u0433\u043e \u0437\u0430 \u0440\u0430\u0441\u0441\u043b\u0435\u0434\u043e\u0432\u0430\u043d\u0438\u0435 \u0441\u043b\u0443\u0447\u0430\u0435\u0432 \u0432\u0440\u0430\u0447\u0435\u0431\u043d\u044b\u0445 \u043e\u0448\u0438\u0431\u043e\u043a, \u0441\u043e\u043e\u0431\u0449\u0430\u0435\u0442 Noi.md.\" \/>\n<meta property=\"og:url\" content=\"https:\/\/www.btv.md\/ro\/in-moldova-va-fi-creata-o-institutie-care-va-examina-cazurile-de-malpraxis\/\" \/>\n<meta property=\"og:site_name\" content=\"BTV\" \/>\n<meta property=\"article:publisher\" content=\"https:\/\/www.facebook.com\/btvmoldova\/\" \/>\n<meta property=\"article:published_time\" content=\"2018-01-09T18:49:02+00:00\" \/>\n<meta property=\"article:modified_time\" content=\"2019-02-09T13:27:07+00:00\" \/>\n<meta property=\"og:image\" content=\"https:\/\/www.btv.md\/wp-content\/uploads\/2018\/01\/264298.jpg\" \/>\n\t<meta property=\"og:image:width\" content=\"700\" \/>\n\t<meta property=\"og:image:height\" content=\"500\" \/>\n\t<meta property=\"og:image:type\" content=\"image\/jpeg\" \/>\n<meta name=\"author\" content=\"admin\" \/>\n<meta name=\"twitter:label1\" content=\"Scris de\" \/>\n\t<meta name=\"twitter:data1\" content=\"admin\" \/>\n\t<meta name=\"twitter:label2\" content=\"Timp estimat pentru citire\" \/>\n\t<meta name=\"twitter:data2\" content=\"1 minut\" \/>\n<script type=\"application\/ld+json\" class=\"yoast-schema-graph\">{\"@context\":\"https:\\\/\\\/schema.org\",\"@graph\":[{\"@type\":\"Article\",\"@id\":\"https:\\\/\\\/www.btv.md\\\/ro\\\/in-moldova-va-fi-creata-o-institutie-care-va-examina-cazurile-de-malpraxis\\\/#article\",\"isPartOf\":{\"@id\":\"https:\\\/\\\/www.btv.md\\\/ro\\\/in-moldova-va-fi-creata-o-institutie-care-va-examina-cazurile-de-malpraxis\\\/\"},\"author\":{\"name\":\"admin\",\"@id\":\"https:\\\/\\\/www.btv.md\\\/#\\\/schema\\\/person\\\/8fadce81561b3ce2c34c46dadc4ccbf2\"},\"headline\":\"\u00cen Moldova va fi creat\u0103 o institu\u021bie care va examina cazurile de malpraxis\",\"datePublished\":\"2018-01-09T18:49:02+00:00\",\"dateModified\":\"2019-02-09T13:27:07+00:00\",\"mainEntityOfPage\":{\"@id\":\"https:\\\/\\\/www.btv.md\\\/ro\\\/in-moldova-va-fi-creata-o-institutie-care-va-examina-cazurile-de-malpraxis\\\/\"},\"wordCount\":254,\"image\":{\"@id\":\"https:\\\/\\\/www.btv.md\\\/ro\\\/in-moldova-va-fi-creata-o-institutie-care-va-examina-cazurile-de-malpraxis\\\/#primaryimage\"},\"thumbnailUrl\":\"https:\\\/\\\/www.btv.md\\\/wp-content\\\/uploads\\\/2018\\\/01\\\/264298.jpg\",\"articleSection\":[\"Social\"],\"inLanguage\":\"ro-RO\"},{\"@type\":\"WebPage\",\"@id\":\"https:\\\/\\\/www.btv.md\\\/ro\\\/in-moldova-va-fi-creata-o-institutie-care-va-examina-cazurile-de-malpraxis\\\/\",\"url\":\"https:\\\/\\\/www.btv.md\\\/ro\\\/in-moldova-va-fi-creata-o-institutie-care-va-examina-cazurile-de-malpraxis\\\/\",\"name\":\"\u0412 \u041c\u043e\u043b\u0434\u043e\u0432\u0435 \u0431\u0443\u0434\u0435\u0442 \u0441\u043e\u0437\u0434\u0430\u043d\u043e \u0443\u0447\u0440\u0435\u0436\u0434\u0435\u043d\u0438\u0435 \u0434\u043b\u044f \u0440\u0430\u0441\u0441\u043b\u0435\u0434\u043e\u0432\u0430\u043d\u0438\u044f \u0432\u0440\u0430\u0447\u0435\u0431\u043d\u044b\u0445 \u043e\u0448\u0438\u0431\u043e\u043a\",\"isPartOf\":{\"@id\":\"https:\\\/\\\/www.btv.md\\\/#website\"},\"primaryImageOfPage\":{\"@id\":\"https:\\\/\\\/www.btv.md\\\/ro\\\/in-moldova-va-fi-creata-o-institutie-care-va-examina-cazurile-de-malpraxis\\\/#primaryimage\"},\"image\":{\"@id\":\"https:\\\/\\\/www.btv.md\\\/ro\\\/in-moldova-va-fi-creata-o-institutie-care-va-examina-cazurile-de-malpraxis\\\/#primaryimage\"},\"thumbnailUrl\":\"https:\\\/\\\/www.btv.md\\\/wp-content\\\/uploads\\\/2018\\\/01\\\/264298.jpg\",\"datePublished\":\"2018-01-09T18:49:02+00:00\",\"dateModified\":\"2019-02-09T13:27:07+00:00\",\"author\":{\"@id\":\"https:\\\/\\\/www.btv.md\\\/#\\\/schema\\\/person\\\/8fadce81561b3ce2c34c46dadc4ccbf2\"},\"description\":\"\u0412 \u043a\u043e\u043d\u0442\u0435\u043a\u0441\u0442\u0435 \u0441\u043a\u0430\u043d\u0434\u0430\u043b\u0430 \u0432\u043e\u043a\u0440\u0443\u0433 \u043c\u043e\u043b\u043e\u0434\u043e\u0439 \u0436\u0435\u043d\u0449\u0438\u043d\u044b, \u0443 \u043a\u043e\u0442\u043e\u0440\u043e\u0439 \u0441\u043b\u0443\u0447\u0438\u043b\u0441\u044f \u0432\u044b\u043a\u0438\u0434\u044b\u0448 \u0432 \u0440\u043e\u0434\u0434\u043e\u043c\u0435 \u0431\u0435\u0437 \u043c\u0435\u0434\u0438\u0446\u0438\u043d\u0441\u043a\u043e\u0433\u043e \u043d\u0430\u0431\u043b\u044e\u0434\u0435\u043d\u0438\u044f, \u0432\u043b\u0430\u0441\u0442\u0438 \u0440\u0430\u0441\u0441\u043c\u0430\u0442\u0440\u0438\u0432\u0430\u044e\u0442 \u0432\u043e\u0437\u043c\u043e\u0436\u043d\u043e\u0441\u0442\u044c \u0441\u043e\u0437\u0434\u0430\u043d\u0438\u044f \u0443\u0447\u0440\u0435\u0436\u0434\u0435\u043d\u0438\u044f, \u043e\u0442\u0432\u0435\u0442\u0441\u0442\u0432\u0435\u043d\u043d\u043e\u0433\u043e \u0437\u0430 \u0440\u0430\u0441\u0441\u043b\u0435\u0434\u043e\u0432\u0430\u043d\u0438\u0435 \u0441\u043b\u0443\u0447\u0430\u0435\u0432 \u0432\u0440\u0430\u0447\u0435\u0431\u043d\u044b\u0445 \u043e\u0448\u0438\u0431\u043e\u043a, \u0441\u043e\u043e\u0431\u0449\u0430\u0435\u0442 Noi.md.\",\"inLanguage\":\"ro-RO\",\"potentialAction\":[{\"@type\":\"ReadAction\",\"target\":[\"https:\\\/\\\/www.btv.md\\\/ro\\\/in-moldova-va-fi-creata-o-institutie-care-va-examina-cazurile-de-malpraxis\\\/\"]}]},{\"@type\":\"ImageObject\",\"inLanguage\":\"ro-RO\",\"@id\":\"https:\\\/\\\/www.btv.md\\\/ro\\\/in-moldova-va-fi-creata-o-institutie-care-va-examina-cazurile-de-malpraxis\\\/#primaryimage\",\"url\":\"https:\\\/\\\/www.btv.md\\\/wp-content\\\/uploads\\\/2018\\\/01\\\/264298.jpg\",\"contentUrl\":\"https:\\\/\\\/www.btv.md\\\/wp-content\\\/uploads\\\/2018\\\/01\\\/264298.jpg\",\"width\":700,\"height\":500,\"caption\":\"bolinitsa\"},{\"@type\":\"WebSite\",\"@id\":\"https:\\\/\\\/www.btv.md\\\/#website\",\"url\":\"https:\\\/\\\/www.btv.md\\\/\",\"name\":\"BTV\",\"description\":\"\u0411\u0435\u043b\u044c\u0446\u043a\u043e\u0435 \u0442\u0435\u043b\u0435\u0432\u0438\u0434\u0435\u043d\u0438\u0435\",\"potentialAction\":[{\"@type\":\"SearchAction\",\"target\":{\"@type\":\"EntryPoint\",\"urlTemplate\":\"https:\\\/\\\/www.btv.md\\\/?s={search_term_string}\"},\"query-input\":{\"@type\":\"PropertyValueSpecification\",\"valueRequired\":true,\"valueName\":\"search_term_string\"}}],\"inLanguage\":\"ro-RO\"},{\"@type\":\"Person\",\"@id\":\"https:\\\/\\\/www.btv.md\\\/#\\\/schema\\\/person\\\/8fadce81561b3ce2c34c46dadc4ccbf2\",\"name\":\"admin\"}]}<\/script>\n<!-- \/ Yoast SEO plugin. -->","yoast_head_json":{"title":"\u0412 \u041c\u043e\u043b\u0434\u043e\u0432\u0435 \u0431\u0443\u0434\u0435\u0442 \u0441\u043e\u0437\u0434\u0430\u043d\u043e \u0443\u0447\u0440\u0435\u0436\u0434\u0435\u043d\u0438\u0435 \u0434\u043b\u044f \u0440\u0430\u0441\u0441\u043b\u0435\u0434\u043e\u0432\u0430\u043d\u0438\u044f \u0432\u0440\u0430\u0447\u0435\u0431\u043d\u044b\u0445 \u043e\u0448\u0438\u0431\u043e\u043a","description":"\u0412 \u043a\u043e\u043d\u0442\u0435\u043a\u0441\u0442\u0435 \u0441\u043a\u0430\u043d\u0434\u0430\u043b\u0430 \u0432\u043e\u043a\u0440\u0443\u0433 \u043c\u043e\u043b\u043e\u0434\u043e\u0439 \u0436\u0435\u043d\u0449\u0438\u043d\u044b, \u0443 \u043a\u043e\u0442\u043e\u0440\u043e\u0439 \u0441\u043b\u0443\u0447\u0438\u043b\u0441\u044f \u0432\u044b\u043a\u0438\u0434\u044b\u0448 \u0432 \u0440\u043e\u0434\u0434\u043e\u043c\u0435 \u0431\u0435\u0437 \u043c\u0435\u0434\u0438\u0446\u0438\u043d\u0441\u043a\u043e\u0433\u043e \u043d\u0430\u0431\u043b\u044e\u0434\u0435\u043d\u0438\u044f, \u0432\u043b\u0430\u0441\u0442\u0438 \u0440\u0430\u0441\u0441\u043c\u0430\u0442\u0440\u0438\u0432\u0430\u044e\u0442 \u0432\u043e\u0437\u043c\u043e\u0436\u043d\u043e\u0441\u0442\u044c \u0441\u043e\u0437\u0434\u0430\u043d\u0438\u044f \u0443\u0447\u0440\u0435\u0436\u0434\u0435\u043d\u0438\u044f, \u043e\u0442\u0432\u0435\u0442\u0441\u0442\u0432\u0435\u043d\u043d\u043e\u0433\u043e \u0437\u0430 \u0440\u0430\u0441\u0441\u043b\u0435\u0434\u043e\u0432\u0430\u043d\u0438\u0435 \u0441\u043b\u0443\u0447\u0430\u0435\u0432 \u0432\u0440\u0430\u0447\u0435\u0431\u043d\u044b\u0445 \u043e\u0448\u0438\u0431\u043e\u043a, \u0441\u043e\u043e\u0431\u0449\u0430\u0435\u0442 Noi.md.","robots":{"index":"index","follow":"follow","max-snippet":"max-snippet:-1","max-image-preview":"max-image-preview:large","max-video-preview":"max-video-preview:-1"},"canonical":"https:\/\/www.btv.md\/ro\/in-moldova-va-fi-creata-o-institutie-care-va-examina-cazurile-de-malpraxis\/","og_locale":"ro_RO","og_type":"article","og_title":"\u0412 \u041c\u043e\u043b\u0434\u043e\u0432\u0435 \u0431\u0443\u0434\u0435\u0442 \u0441\u043e\u0437\u0434\u0430\u043d\u043e \u0443\u0447\u0440\u0435\u0436\u0434\u0435\u043d\u0438\u0435 \u0434\u043b\u044f \u0440\u0430\u0441\u0441\u043b\u0435\u0434\u043e\u0432\u0430\u043d\u0438\u044f \u0432\u0440\u0430\u0447\u0435\u0431\u043d\u044b\u0445 \u043e\u0448\u0438\u0431\u043e\u043a","og_description":"\u0412 \u043a\u043e\u043d\u0442\u0435\u043a\u0441\u0442\u0435 \u0441\u043a\u0430\u043d\u0434\u0430\u043b\u0430 \u0432\u043e\u043a\u0440\u0443\u0433 \u043c\u043e\u043b\u043e\u0434\u043e\u0439 \u0436\u0435\u043d\u0449\u0438\u043d\u044b, \u0443 \u043a\u043e\u0442\u043e\u0440\u043e\u0439 \u0441\u043b\u0443\u0447\u0438\u043b\u0441\u044f \u0432\u044b\u043a\u0438\u0434\u044b\u0448 \u0432 \u0440\u043e\u0434\u0434\u043e\u043c\u0435 \u0431\u0435\u0437 \u043c\u0435\u0434\u0438\u0446\u0438\u043d\u0441\u043a\u043e\u0433\u043e \u043d\u0430\u0431\u043b\u044e\u0434\u0435\u043d\u0438\u044f, \u0432\u043b\u0430\u0441\u0442\u0438 \u0440\u0430\u0441\u0441\u043c\u0430\u0442\u0440\u0438\u0432\u0430\u044e\u0442 \u0432\u043e\u0437\u043c\u043e\u0436\u043d\u043e\u0441\u0442\u044c \u0441\u043e\u0437\u0434\u0430\u043d\u0438\u044f \u0443\u0447\u0440\u0435\u0436\u0434\u0435\u043d\u0438\u044f, \u043e\u0442\u0432\u0435\u0442\u0441\u0442\u0432\u0435\u043d\u043d\u043e\u0433\u043e \u0437\u0430 \u0440\u0430\u0441\u0441\u043b\u0435\u0434\u043e\u0432\u0430\u043d\u0438\u0435 \u0441\u043b\u0443\u0447\u0430\u0435\u0432 \u0432\u0440\u0430\u0447\u0435\u0431\u043d\u044b\u0445 \u043e\u0448\u0438\u0431\u043e\u043a, \u0441\u043e\u043e\u0431\u0449\u0430\u0435\u0442 Noi.md.","og_url":"https:\/\/www.btv.md\/ro\/in-moldova-va-fi-creata-o-institutie-care-va-examina-cazurile-de-malpraxis\/","og_site_name":"BTV","article_publisher":"https:\/\/www.facebook.com\/btvmoldova\/","article_published_time":"2018-01-09T18:49:02+00:00","article_modified_time":"2019-02-09T13:27:07+00:00","og_image":[{"width":700,"height":500,"url":"https:\/\/www.btv.md\/wp-content\/uploads\/2018\/01\/264298.jpg","type":"image\/jpeg"}],"author":"admin","twitter_misc":{"Scris de":"admin","Timp estimat pentru citire":"1 minut"},"schema":{"@context":"https:\/\/schema.org","@graph":[{"@type":"Article","@id":"https:\/\/www.btv.md\/ro\/in-moldova-va-fi-creata-o-institutie-care-va-examina-cazurile-de-malpraxis\/#article","isPartOf":{"@id":"https:\/\/www.btv.md\/ro\/in-moldova-va-fi-creata-o-institutie-care-va-examina-cazurile-de-malpraxis\/"},"author":{"name":"admin","@id":"https:\/\/www.btv.md\/#\/schema\/person\/8fadce81561b3ce2c34c46dadc4ccbf2"},"headline":"\u00cen Moldova va fi creat\u0103 o institu\u021bie care va examina cazurile de malpraxis","datePublished":"2018-01-09T18:49:02+00:00","dateModified":"2019-02-09T13:27:07+00:00","mainEntityOfPage":{"@id":"https:\/\/www.btv.md\/ro\/in-moldova-va-fi-creata-o-institutie-care-va-examina-cazurile-de-malpraxis\/"},"wordCount":254,"image":{"@id":"https:\/\/www.btv.md\/ro\/in-moldova-va-fi-creata-o-institutie-care-va-examina-cazurile-de-malpraxis\/#primaryimage"},"thumbnailUrl":"https:\/\/www.btv.md\/wp-content\/uploads\/2018\/01\/264298.jpg","articleSection":["Social"],"inLanguage":"ro-RO"},{"@type":"WebPage","@id":"https:\/\/www.btv.md\/ro\/in-moldova-va-fi-creata-o-institutie-care-va-examina-cazurile-de-malpraxis\/","url":"https:\/\/www.btv.md\/ro\/in-moldova-va-fi-creata-o-institutie-care-va-examina-cazurile-de-malpraxis\/","name":"\u0412 \u041c\u043e\u043b\u0434\u043e\u0432\u0435 \u0431\u0443\u0434\u0435\u0442 \u0441\u043e\u0437\u0434\u0430\u043d\u043e \u0443\u0447\u0440\u0435\u0436\u0434\u0435\u043d\u0438\u0435 \u0434\u043b\u044f \u0440\u0430\u0441\u0441\u043b\u0435\u0434\u043e\u0432\u0430\u043d\u0438\u044f \u0432\u0440\u0430\u0447\u0435\u0431\u043d\u044b\u0445 \u043e\u0448\u0438\u0431\u043e\u043a","isPartOf":{"@id":"https:\/\/www.btv.md\/#website"},"primaryImageOfPage":{"@id":"https:\/\/www.btv.md\/ro\/in-moldova-va-fi-creata-o-institutie-care-va-examina-cazurile-de-malpraxis\/#primaryimage"},"image":{"@id":"https:\/\/www.btv.md\/ro\/in-moldova-va-fi-creata-o-institutie-care-va-examina-cazurile-de-malpraxis\/#primaryimage"},"thumbnailUrl":"https:\/\/www.btv.md\/wp-content\/uploads\/2018\/01\/264298.jpg","datePublished":"2018-01-09T18:49:02+00:00","dateModified":"2019-02-09T13:27:07+00:00","author":{"@id":"https:\/\/www.btv.md\/#\/schema\/person\/8fadce81561b3ce2c34c46dadc4ccbf2"},"description":"\u0412 \u043a\u043e\u043d\u0442\u0435\u043a\u0441\u0442\u0435 \u0441\u043a\u0430\u043d\u0434\u0430\u043b\u0430 \u0432\u043e\u043a\u0440\u0443\u0433 \u043c\u043e\u043b\u043e\u0434\u043e\u0439 \u0436\u0435\u043d\u0449\u0438\u043d\u044b, \u0443 \u043a\u043e\u0442\u043e\u0440\u043e\u0439 \u0441\u043b\u0443\u0447\u0438\u043b\u0441\u044f \u0432\u044b\u043a\u0438\u0434\u044b\u0448 \u0432 \u0440\u043e\u0434\u0434\u043e\u043c\u0435 \u0431\u0435\u0437 \u043c\u0435\u0434\u0438\u0446\u0438\u043d\u0441\u043a\u043e\u0433\u043e \u043d\u0430\u0431\u043b\u044e\u0434\u0435\u043d\u0438\u044f, \u0432\u043b\u0430\u0441\u0442\u0438 \u0440\u0430\u0441\u0441\u043c\u0430\u0442\u0440\u0438\u0432\u0430\u044e\u0442 \u0432\u043e\u0437\u043c\u043e\u0436\u043d\u043e\u0441\u0442\u044c \u0441\u043e\u0437\u0434\u0430\u043d\u0438\u044f \u0443\u0447\u0440\u0435\u0436\u0434\u0435\u043d\u0438\u044f, \u043e\u0442\u0432\u0435\u0442\u0441\u0442\u0432\u0435\u043d\u043d\u043e\u0433\u043e \u0437\u0430 \u0440\u0430\u0441\u0441\u043b\u0435\u0434\u043e\u0432\u0430\u043d\u0438\u0435 \u0441\u043b\u0443\u0447\u0430\u0435\u0432 \u0432\u0440\u0430\u0447\u0435\u0431\u043d\u044b\u0445 \u043e\u0448\u0438\u0431\u043e\u043a, \u0441\u043e\u043e\u0431\u0449\u0430\u0435\u0442 Noi.md.","inLanguage":"ro-RO","potentialAction":[{"@type":"ReadAction","target":["https:\/\/www.btv.md\/ro\/in-moldova-va-fi-creata-o-institutie-care-va-examina-cazurile-de-malpraxis\/"]}]},{"@type":"ImageObject","inLanguage":"ro-RO","@id":"https:\/\/www.btv.md\/ro\/in-moldova-va-fi-creata-o-institutie-care-va-examina-cazurile-de-malpraxis\/#primaryimage","url":"https:\/\/www.btv.md\/wp-content\/uploads\/2018\/01\/264298.jpg","contentUrl":"https:\/\/www.btv.md\/wp-content\/uploads\/2018\/01\/264298.jpg","width":700,"height":500,"caption":"bolinitsa"},{"@type":"WebSite","@id":"https:\/\/www.btv.md\/#website","url":"https:\/\/www.btv.md\/","name":"BTV","description":"\u0411\u0435\u043b\u044c\u0446\u043a\u043e\u0435 \u0442\u0435\u043b\u0435\u0432\u0438\u0434\u0435\u043d\u0438\u0435","potentialAction":[{"@type":"SearchAction","target":{"@type":"EntryPoint","urlTemplate":"https:\/\/www.btv.md\/?s={search_term_string}"},"query-input":{"@type":"PropertyValueSpecification","valueRequired":true,"valueName":"search_term_string"}}],"inLanguage":"ro-RO"},{"@type":"Person","@id":"https:\/\/www.btv.md\/#\/schema\/person\/8fadce81561b3ce2c34c46dadc4ccbf2","name":"admin"}]}},"_links":{"self":[{"href":"https:\/\/www.btv.md\/ro\/wp-json\/wp\/v2\/posts\/39281","targetHints":{"allow":["GET"]}}],"collection":[{"href":"https:\/\/www.btv.md\/ro\/wp-json\/wp\/v2\/posts"}],"about":[{"href":"https:\/\/www.btv.md\/ro\/wp-json\/wp\/v2\/types\/post"}],"author":[{"embeddable":true,"href":"https:\/\/www.btv.md\/ro\/wp-json\/wp\/v2\/users\/4"}],"replies":[{"embeddable":true,"href":"https:\/\/www.btv.md\/ro\/wp-json\/wp\/v2\/comments?post=39281"}],"version-history":[{"count":0,"href":"https:\/\/www.btv.md\/ro\/wp-json\/wp\/v2\/posts\/39281\/revisions"}],"wp:featuredmedia":[{"embeddable":true,"href":"https:\/\/www.btv.md\/ro\/wp-json\/wp\/v2\/media\/39282"}],"wp:attachment":[{"href":"https:\/\/www.btv.md\/ro\/wp-json\/wp\/v2\/media?parent=39281"}],"wp:term":[{"taxonomy":"category","embeddable":true,"href":"https:\/\/www.btv.md\/ro\/wp-json\/wp\/v2\/categories?post=39281"},{"taxonomy":"post_tag","embeddable":true,"href":"https:\/\/www.btv.md\/ro\/wp-json\/wp\/v2\/tags?post=39281"}],"curies":[{"name":"wp","href":"https:\/\/api.w.org\/{rel}","templated":true}]}}