{"id":39284,"date":"2018-01-09T22:01:29","date_gmt":"2018-01-09T19:01:29","guid":{"rendered":"https:\/\/btv.md\/?p=39284"},"modified":"2018-01-09T22:01:29","modified_gmt":"2018-01-09T19:01:29","slug":"un-copil-s-a-nascut-in-italia-cu-harta-republicii-moldova-pe-picior","status":"publish","type":"post","link":"https:\/\/www.btv.md\/ro\/un-copil-s-a-nascut-in-italia-cu-harta-republicii-moldova-pe-picior\/","title":{"rendered":"Un copil s-a n\u0103scut \u00een Italia cu harta republicii Moldova pe picior"},"content":{"rendered":"<p><strong>Un caz unic s-a \u00eent\u00e2mplat \u00een Italia. O moldoveanc\u0103 a n\u0103scut un bebelu\u0219 cu un semn mai deosebit pe corp. Mai exact, copilul are pe piciorul st\u00e2nd un semn ce seam\u0103n\u0103 aproape perfect cu harta Republicii Moldova.<\/strong><\/p>\n<p>Poza a fost postat\u0103 \u00eentr-un grup pe facebook unde a adunat zeci de comentarii \u0219i mii de like-uri.<\/p>\n<blockquote>\n<p><em>\u201eMoldovean din talp\u0103. Conceput \u0219i n\u0103scut \u00een Italia, dar cu emblem\u0103 de patriot.\u201d<\/em>, &#8211; a scris Oxana Cernei.<\/p>\n<\/blockquote>\n<p>La nivel mondial, 80% dintre bebelu\u0219i vin pe lume cu diferite semne \u0219i, \u00een func\u021bie de cultur\u0103, acest lucru cap\u0103t\u0103 diverse semnifica\u021bii. Pentru spanioli \u0219i arabi de exemplu, purt\u0103torii acestora au o stea norcoas\u0103 \u00een frunte \u0219i trebuie s\u0103 profite de energiile pozitive cu care au fost \u00eenzestra\u021bi prin na\u0219tere.<\/p>\n<p>&nbsp;<\/p>\n<p><strong>Surs\u0103<\/strong>: <a href=\"https:\/\/telegraph.md\/foto-un-copil-s-a-nascut-in-italia-cu-harta-republicii-moldova-pe-picior\/\">telegraph.md<\/a><\/p>\n","protected":false},"excerpt":{"rendered":"<p>Un caz unic s-a \u00eent\u00e2mplat \u00een Italia. O moldoveanc\u0103 a n\u0103scut un bebelu\u0219 cu un semn mai deosebit pe corp. Mai exact, copilul are pe piciorul st\u00e2nd un semn ce seam\u0103n\u0103 aproape perfect cu harta Republicii Moldova. Poza a fost postat\u0103 \u00eentr-un grup pe facebook unde a adunat zeci de comentarii \u0219i mii de like-uri. [&hellip;]<\/p>\n","protected":false},"author":4,"featured_media":39285,"comment_status":"closed","ping_status":"closed","sticky":false,"template":"","format":"standard","meta":{"footnotes":""},"categories":[6349],"tags":[],"class_list":["post-39284","post","type-post","status-publish","format-standard","has-post-thumbnail","hentry","category-social"],"yoast_head":"<!-- This site is optimized with the Yoast SEO plugin v27.4 - https:\/\/yoast.com\/product\/yoast-seo-wordpress\/ -->\n<title>Un copil s-a n\u0103scut \u00een Italia cu harta republicii Moldova pe picior<\/title>\n<meta name=\"description\" content=\"Un caz unic s-a \u00eent\u00e2mplat \u00een Italia. O moldoveanc\u0103 a n\u0103scut un bebelu\u0219 cu un semn mai deosebit pe corp. Mai exact, copilul are pe piciorul st\u00e2nd un semn ce seam\u0103n\u0103 aproape perfect cu harta Republicii Moldova.\" \/>\n<meta name=\"robots\" content=\"index, follow, max-snippet:-1, max-image-preview:large, max-video-preview:-1\" \/>\n<link rel=\"canonical\" href=\"https:\/\/www.btv.md\/ro\/un-copil-s-a-nascut-in-italia-cu-harta-republicii-moldova-pe-picior\/\" \/>\n<meta property=\"og:locale\" content=\"ro_RO\" \/>\n<meta property=\"og:type\" content=\"article\" \/>\n<meta property=\"og:title\" content=\"Un copil s-a n\u0103scut \u00een Italia cu harta republicii Moldova pe picior\" \/>\n<meta property=\"og:description\" content=\"Un caz unic s-a \u00eent\u00e2mplat \u00een Italia. O moldoveanc\u0103 a n\u0103scut un bebelu\u0219 cu un semn mai deosebit pe corp. Mai exact, copilul are pe piciorul st\u00e2nd un semn ce seam\u0103n\u0103 aproape perfect cu harta Republicii Moldova.\" \/>\n<meta property=\"og:url\" content=\"https:\/\/www.btv.md\/ro\/un-copil-s-a-nascut-in-italia-cu-harta-republicii-moldova-pe-picior\/\" \/>\n<meta property=\"og:site_name\" content=\"BTV\" \/>\n<meta property=\"article:publisher\" content=\"https:\/\/www.facebook.com\/btvmoldova\/\" \/>\n<meta property=\"article:published_time\" content=\"2018-01-09T19:01:29+00:00\" \/>\n<meta property=\"og:image\" content=\"https:\/\/www.btv.md\/wp-content\/uploads\/2018\/01\/60638da36fdf3b2f69598e8b5735d227.jpg\" \/>\n\t<meta property=\"og:image:width\" content=\"700\" \/>\n\t<meta property=\"og:image:height\" content=\"500\" \/>\n\t<meta property=\"og:image:type\" content=\"image\/jpeg\" \/>\n<meta name=\"author\" content=\"admin\" \/>\n<meta name=\"twitter:label1\" content=\"Scris de\" \/>\n\t<meta name=\"twitter:data1\" content=\"admin\" \/>\n\t<meta name=\"twitter:label2\" content=\"Timp estimat pentru citire\" \/>\n\t<meta name=\"twitter:data2\" content=\"1 minut\" \/>\n<script type=\"application\/ld+json\" class=\"yoast-schema-graph\">{\"@context\":\"https:\\\/\\\/schema.org\",\"@graph\":[{\"@type\":\"Article\",\"@id\":\"https:\\\/\\\/www.btv.md\\\/ro\\\/un-copil-s-a-nascut-in-italia-cu-harta-republicii-moldova-pe-picior\\\/#article\",\"isPartOf\":{\"@id\":\"https:\\\/\\\/www.btv.md\\\/ro\\\/un-copil-s-a-nascut-in-italia-cu-harta-republicii-moldova-pe-picior\\\/\"},\"author\":{\"name\":\"admin\",\"@id\":\"https:\\\/\\\/www.btv.md\\\/#\\\/schema\\\/person\\\/8fadce81561b3ce2c34c46dadc4ccbf2\"},\"headline\":\"Un copil s-a n\u0103scut \u00een Italia cu harta republicii Moldova pe picior\",\"datePublished\":\"2018-01-09T19:01:29+00:00\",\"mainEntityOfPage\":{\"@id\":\"https:\\\/\\\/www.btv.md\\\/ro\\\/un-copil-s-a-nascut-in-italia-cu-harta-republicii-moldova-pe-picior\\\/\"},\"wordCount\":151,\"image\":{\"@id\":\"https:\\\/\\\/www.btv.md\\\/ro\\\/un-copil-s-a-nascut-in-italia-cu-harta-republicii-moldova-pe-picior\\\/#primaryimage\"},\"thumbnailUrl\":\"https:\\\/\\\/www.btv.md\\\/wp-content\\\/uploads\\\/2018\\\/01\\\/60638da36fdf3b2f69598e8b5735d227.jpg\",\"articleSection\":[\"Social\"],\"inLanguage\":\"ro-RO\"},{\"@type\":\"WebPage\",\"@id\":\"https:\\\/\\\/www.btv.md\\\/ro\\\/un-copil-s-a-nascut-in-italia-cu-harta-republicii-moldova-pe-picior\\\/\",\"url\":\"https:\\\/\\\/www.btv.md\\\/ro\\\/un-copil-s-a-nascut-in-italia-cu-harta-republicii-moldova-pe-picior\\\/\",\"name\":\"Un copil s-a n\u0103scut \u00een Italia cu harta republicii Moldova pe picior\",\"isPartOf\":{\"@id\":\"https:\\\/\\\/www.btv.md\\\/#website\"},\"primaryImageOfPage\":{\"@id\":\"https:\\\/\\\/www.btv.md\\\/ro\\\/un-copil-s-a-nascut-in-italia-cu-harta-republicii-moldova-pe-picior\\\/#primaryimage\"},\"image\":{\"@id\":\"https:\\\/\\\/www.btv.md\\\/ro\\\/un-copil-s-a-nascut-in-italia-cu-harta-republicii-moldova-pe-picior\\\/#primaryimage\"},\"thumbnailUrl\":\"https:\\\/\\\/www.btv.md\\\/wp-content\\\/uploads\\\/2018\\\/01\\\/60638da36fdf3b2f69598e8b5735d227.jpg\",\"datePublished\":\"2018-01-09T19:01:29+00:00\",\"author\":{\"@id\":\"https:\\\/\\\/www.btv.md\\\/#\\\/schema\\\/person\\\/8fadce81561b3ce2c34c46dadc4ccbf2\"},\"description\":\"Un caz unic s-a \u00eent\u00e2mplat \u00een Italia. O moldoveanc\u0103 a n\u0103scut un bebelu\u0219 cu un semn mai deosebit pe corp. Mai exact, copilul are pe piciorul st\u00e2nd un semn ce seam\u0103n\u0103 aproape perfect cu harta Republicii Moldova.\",\"inLanguage\":\"ro-RO\",\"potentialAction\":[{\"@type\":\"ReadAction\",\"target\":[\"https:\\\/\\\/www.btv.md\\\/ro\\\/un-copil-s-a-nascut-in-italia-cu-harta-republicii-moldova-pe-picior\\\/\"]}]},{\"@type\":\"ImageObject\",\"inLanguage\":\"ro-RO\",\"@id\":\"https:\\\/\\\/www.btv.md\\\/ro\\\/un-copil-s-a-nascut-in-italia-cu-harta-republicii-moldova-pe-picior\\\/#primaryimage\",\"url\":\"https:\\\/\\\/www.btv.md\\\/wp-content\\\/uploads\\\/2018\\\/01\\\/60638da36fdf3b2f69598e8b5735d227.jpg\",\"contentUrl\":\"https:\\\/\\\/www.btv.md\\\/wp-content\\\/uploads\\\/2018\\\/01\\\/60638da36fdf3b2f69598e8b5735d227.jpg\",\"width\":700,\"height\":500},{\"@type\":\"WebSite\",\"@id\":\"https:\\\/\\\/www.btv.md\\\/#website\",\"url\":\"https:\\\/\\\/www.btv.md\\\/\",\"name\":\"BTV\",\"description\":\"\u0411\u0435\u043b\u044c\u0446\u043a\u043e\u0435 \u0442\u0435\u043b\u0435\u0432\u0438\u0434\u0435\u043d\u0438\u0435\",\"potentialAction\":[{\"@type\":\"SearchAction\",\"target\":{\"@type\":\"EntryPoint\",\"urlTemplate\":\"https:\\\/\\\/www.btv.md\\\/?s={search_term_string}\"},\"query-input\":{\"@type\":\"PropertyValueSpecification\",\"valueRequired\":true,\"valueName\":\"search_term_string\"}}],\"inLanguage\":\"ro-RO\"},{\"@type\":\"Person\",\"@id\":\"https:\\\/\\\/www.btv.md\\\/#\\\/schema\\\/person\\\/8fadce81561b3ce2c34c46dadc4ccbf2\",\"name\":\"admin\"}]}<\/script>\n<!-- \/ Yoast SEO plugin. -->","yoast_head_json":{"title":"Un copil s-a n\u0103scut \u00een Italia cu harta republicii Moldova pe picior","description":"Un caz unic s-a \u00eent\u00e2mplat \u00een Italia. O moldoveanc\u0103 a n\u0103scut un bebelu\u0219 cu un semn mai deosebit pe corp. Mai exact, copilul are pe piciorul st\u00e2nd un semn ce seam\u0103n\u0103 aproape perfect cu harta Republicii Moldova.","robots":{"index":"index","follow":"follow","max-snippet":"max-snippet:-1","max-image-preview":"max-image-preview:large","max-video-preview":"max-video-preview:-1"},"canonical":"https:\/\/www.btv.md\/ro\/un-copil-s-a-nascut-in-italia-cu-harta-republicii-moldova-pe-picior\/","og_locale":"ro_RO","og_type":"article","og_title":"Un copil s-a n\u0103scut \u00een Italia cu harta republicii Moldova pe picior","og_description":"Un caz unic s-a \u00eent\u00e2mplat \u00een Italia. O moldoveanc\u0103 a n\u0103scut un bebelu\u0219 cu un semn mai deosebit pe corp. Mai exact, copilul are pe piciorul st\u00e2nd un semn ce seam\u0103n\u0103 aproape perfect cu harta Republicii Moldova.","og_url":"https:\/\/www.btv.md\/ro\/un-copil-s-a-nascut-in-italia-cu-harta-republicii-moldova-pe-picior\/","og_site_name":"BTV","article_publisher":"https:\/\/www.facebook.com\/btvmoldova\/","article_published_time":"2018-01-09T19:01:29+00:00","og_image":[{"width":700,"height":500,"url":"https:\/\/www.btv.md\/wp-content\/uploads\/2018\/01\/60638da36fdf3b2f69598e8b5735d227.jpg","type":"image\/jpeg"}],"author":"admin","twitter_misc":{"Scris de":"admin","Timp estimat pentru citire":"1 minut"},"schema":{"@context":"https:\/\/schema.org","@graph":[{"@type":"Article","@id":"https:\/\/www.btv.md\/ro\/un-copil-s-a-nascut-in-italia-cu-harta-republicii-moldova-pe-picior\/#article","isPartOf":{"@id":"https:\/\/www.btv.md\/ro\/un-copil-s-a-nascut-in-italia-cu-harta-republicii-moldova-pe-picior\/"},"author":{"name":"admin","@id":"https:\/\/www.btv.md\/#\/schema\/person\/8fadce81561b3ce2c34c46dadc4ccbf2"},"headline":"Un copil s-a n\u0103scut \u00een Italia cu harta republicii Moldova pe picior","datePublished":"2018-01-09T19:01:29+00:00","mainEntityOfPage":{"@id":"https:\/\/www.btv.md\/ro\/un-copil-s-a-nascut-in-italia-cu-harta-republicii-moldova-pe-picior\/"},"wordCount":151,"image":{"@id":"https:\/\/www.btv.md\/ro\/un-copil-s-a-nascut-in-italia-cu-harta-republicii-moldova-pe-picior\/#primaryimage"},"thumbnailUrl":"https:\/\/www.btv.md\/wp-content\/uploads\/2018\/01\/60638da36fdf3b2f69598e8b5735d227.jpg","articleSection":["Social"],"inLanguage":"ro-RO"},{"@type":"WebPage","@id":"https:\/\/www.btv.md\/ro\/un-copil-s-a-nascut-in-italia-cu-harta-republicii-moldova-pe-picior\/","url":"https:\/\/www.btv.md\/ro\/un-copil-s-a-nascut-in-italia-cu-harta-republicii-moldova-pe-picior\/","name":"Un copil s-a n\u0103scut \u00een Italia cu harta republicii Moldova pe picior","isPartOf":{"@id":"https:\/\/www.btv.md\/#website"},"primaryImageOfPage":{"@id":"https:\/\/www.btv.md\/ro\/un-copil-s-a-nascut-in-italia-cu-harta-republicii-moldova-pe-picior\/#primaryimage"},"image":{"@id":"https:\/\/www.btv.md\/ro\/un-copil-s-a-nascut-in-italia-cu-harta-republicii-moldova-pe-picior\/#primaryimage"},"thumbnailUrl":"https:\/\/www.btv.md\/wp-content\/uploads\/2018\/01\/60638da36fdf3b2f69598e8b5735d227.jpg","datePublished":"2018-01-09T19:01:29+00:00","author":{"@id":"https:\/\/www.btv.md\/#\/schema\/person\/8fadce81561b3ce2c34c46dadc4ccbf2"},"description":"Un caz unic s-a \u00eent\u00e2mplat \u00een Italia. O moldoveanc\u0103 a n\u0103scut un bebelu\u0219 cu un semn mai deosebit pe corp. Mai exact, copilul are pe piciorul st\u00e2nd un semn ce seam\u0103n\u0103 aproape perfect cu harta Republicii Moldova.","inLanguage":"ro-RO","potentialAction":[{"@type":"ReadAction","target":["https:\/\/www.btv.md\/ro\/un-copil-s-a-nascut-in-italia-cu-harta-republicii-moldova-pe-picior\/"]}]},{"@type":"ImageObject","inLanguage":"ro-RO","@id":"https:\/\/www.btv.md\/ro\/un-copil-s-a-nascut-in-italia-cu-harta-republicii-moldova-pe-picior\/#primaryimage","url":"https:\/\/www.btv.md\/wp-content\/uploads\/2018\/01\/60638da36fdf3b2f69598e8b5735d227.jpg","contentUrl":"https:\/\/www.btv.md\/wp-content\/uploads\/2018\/01\/60638da36fdf3b2f69598e8b5735d227.jpg","width":700,"height":500},{"@type":"WebSite","@id":"https:\/\/www.btv.md\/#website","url":"https:\/\/www.btv.md\/","name":"BTV","description":"\u0411\u0435\u043b\u044c\u0446\u043a\u043e\u0435 \u0442\u0435\u043b\u0435\u0432\u0438\u0434\u0435\u043d\u0438\u0435","potentialAction":[{"@type":"SearchAction","target":{"@type":"EntryPoint","urlTemplate":"https:\/\/www.btv.md\/?s={search_term_string}"},"query-input":{"@type":"PropertyValueSpecification","valueRequired":true,"valueName":"search_term_string"}}],"inLanguage":"ro-RO"},{"@type":"Person","@id":"https:\/\/www.btv.md\/#\/schema\/person\/8fadce81561b3ce2c34c46dadc4ccbf2","name":"admin"}]}},"_links":{"self":[{"href":"https:\/\/www.btv.md\/ro\/wp-json\/wp\/v2\/posts\/39284","targetHints":{"allow":["GET"]}}],"collection":[{"href":"https:\/\/www.btv.md\/ro\/wp-json\/wp\/v2\/posts"}],"about":[{"href":"https:\/\/www.btv.md\/ro\/wp-json\/wp\/v2\/types\/post"}],"author":[{"embeddable":true,"href":"https:\/\/www.btv.md\/ro\/wp-json\/wp\/v2\/users\/4"}],"replies":[{"embeddable":true,"href":"https:\/\/www.btv.md\/ro\/wp-json\/wp\/v2\/comments?post=39284"}],"version-history":[{"count":0,"href":"https:\/\/www.btv.md\/ro\/wp-json\/wp\/v2\/posts\/39284\/revisions"}],"wp:featuredmedia":[{"embeddable":true,"href":"https:\/\/www.btv.md\/ro\/wp-json\/wp\/v2\/media\/39285"}],"wp:attachment":[{"href":"https:\/\/www.btv.md\/ro\/wp-json\/wp\/v2\/media?parent=39284"}],"wp:term":[{"taxonomy":"category","embeddable":true,"href":"https:\/\/www.btv.md\/ro\/wp-json\/wp\/v2\/categories?post=39284"},{"taxonomy":"post_tag","embeddable":true,"href":"https:\/\/www.btv.md\/ro\/wp-json\/wp\/v2\/tags?post=39284"}],"curies":[{"name":"wp","href":"https:\/\/api.w.org\/{rel}","templated":true}]}}