{"id":39603,"date":"2018-01-12T13:42:41","date_gmt":"2018-01-12T10:42:41","guid":{"rendered":"https:\/\/btv.md\/?p=39603"},"modified":"2018-01-12T19:22:00","modified_gmt":"2018-01-12T16:22:00","slug":"slovenia-si-romania-lideri-in-ue-la-cresterea-productiei-industriale","status":"publish","type":"post","link":"https:\/\/www.btv.md\/ro\/slovenia-si-romania-lideri-in-ue-la-cresterea-productiei-industriale\/","title":{"rendered":"Slovenia \u0219i Rom\u00e2nia, lideri \u00een ue la cre\u0219terea produc\u021biei industriale"},"content":{"rendered":"<p><strong>Produc\u0163ia industrial\u0103 a crescut \u00een noiembrie cu 3,2% \u00een zona euro \u015fi cu 3,5% \u00een Uniunea European\u0103, comparativ cu perioada similar\u0103 din 2016, iar Slovenia, Rom\u00e2nia \u015fi Cehia au \u00eenregistrat cel mai semnificativ avans, arat\u0103 datele publicate joi de Oficiul European de Statistic\u0103 (Eurostat), transmite <a href=\"https:\/\/wwwb.agerpres.ro\/economic-extern\/2018\/01\/11\/eurostat-slovenia-si-romania-lideri-in-ue-la-cresterea-productiei-industriale-in-noiembrie--34606\">agerpres.ro<\/a>.<\/strong><\/p>\n<p style=\"text-align: center;\"><iframe data-src=\"https:\/\/www.youtube.com\/embed\/xip0ms06fuM\" width=\"854\" height=\"480\" frameborder=\"0\" allowfullscreen=\"allowfullscreen\" src=\"data:image\/svg+xml;base64,PHN2ZyB3aWR0aD0iMSIgaGVpZ2h0PSIxIiB4bWxucz0iaHR0cDovL3d3dy53My5vcmcvMjAwMC9zdmciPjwvc3ZnPg==\" class=\"lazyload\" data-load-mode=\"1\"><\/iframe><\/p>\n<p>\n \u00cen noiembrie, cele mai mari cre\u015fteri anuale ale produc\u0163iei industriale au fost raportate \u00een Slovenia (9,9%), Rom\u00e2nia (9,3%) \u015fi Cehia (8,5%), singurele sc\u0103deri fiind \u00een Irlanda (minus 10,1%), Olanda (minus 4,7%), Danemarca (minus 2,7%) \u015fi Croa\u0163ia (minus 1,6%).<\/p>\n<p> \u00cen noiembrie, comparativ cu luna precedent\u0103, produc\u0163ia industrial\u0103 a crescut cu 0,9% \u00een Uniunea European\u0103 \u015fi cu 1% \u00een zona euro, dup\u0103 ce \u00een octombrie s-a \u00eenregistrat un avans de 0,5% \u00een UE \u015fi cu 0,4% \u00een zona euro.<\/p>\n<p> Cele mai mari cre\u015fteri trimestriale ale produc\u0163iei industriale \u00een noiembrie au fost raportate \u00een Cehia \u015fi Germania (ambele cu 3,6%) \u015fi Luxemburg (3,4%), cele mai semnificative sc\u0103deri fiind \u00eenregistrate \u00een Irlanda (minus 9,4%), Croa\u0163ia (minus 3,6%) \u015fi Ungaria (minus 2,1%).<\/p>\n<p> Rom\u00e2nia a \u00eenregistrat \u00een noiembrie un avans trimestrial de 0,7% al produc\u0163iei industriale, dup\u0103 o cre\u015ftere de 1,3% \u00een octombrie.<\/p>\n<p>&nbsp;<\/p>\n<p><strong>Surs\u0103:\u00a0<a href=\"https:\/\/wwwb.agerpres.ro\/economic-extern\/2018\/01\/11\/eurostat-slovenia-si-romania-lideri-in-ue-la-cresterea-productiei-industriale-in-noiembrie--34606\">agerpres.ro<\/a><\/strong><\/p>\n","protected":false},"excerpt":{"rendered":"<p>Produc\u0163ia industrial\u0103 a crescut \u00een noiembrie cu 3,2% \u00een zona euro \u015fi cu 3,5% \u00een Uniunea European\u0103, comparativ cu perioada similar\u0103 din 2016, iar Slovenia, Rom\u00e2nia \u015fi Cehia au \u00eenregistrat cel mai semnificativ avans, arat\u0103 datele publicate joi de Oficiul European de Statistic\u0103 (Eurostat), transmite agerpres.ro. \u00cen noiembrie, cele mai mari cre\u015fteri anuale ale produc\u0163iei [&hellip;]<\/p>\n","protected":false},"author":4,"featured_media":39604,"comment_status":"closed","ping_status":"closed","sticky":false,"template":"","format":"standard","meta":{"footnotes":""},"categories":[6354],"tags":[],"class_list":["post-39603","post","type-post","status-publish","format-standard","has-post-thumbnail","hentry","category-externe-ro"],"yoast_head":"<!-- This site is optimized with the Yoast SEO plugin v27.4 - https:\/\/yoast.com\/product\/yoast-seo-wordpress\/ -->\n<title>Slovenia \u0219i Rom\u00e2nia, lideri \u00een ue la cre\u0219terea produc\u021biei industriale<\/title>\n<meta name=\"description\" content=\"Produc\u0163ia industrial\u0103 a crescut \u00een noiembrie cu 3,2% \u00een zona euro \u015fi cu 3,5% \u00een Uniunea European\u0103, comparativ cu perioada similar\u0103 din 2016, iar Slovenia, Rom\u00e2nia \u015fi Cehia au \u00eenregistrat cel mai semnificativ avans, arat\u0103 datele publicate joi de Oficiul European de Statistic\u0103 (Eurostat).\" \/>\n<meta name=\"robots\" content=\"index, follow, max-snippet:-1, max-image-preview:large, max-video-preview:-1\" \/>\n<link rel=\"canonical\" href=\"https:\/\/www.btv.md\/ro\/slovenia-si-romania-lideri-in-ue-la-cresterea-productiei-industriale\/\" \/>\n<meta property=\"og:locale\" content=\"ro_RO\" \/>\n<meta property=\"og:type\" content=\"article\" \/>\n<meta property=\"og:title\" content=\"Slovenia \u0219i Rom\u00e2nia, lideri \u00een ue la cre\u0219terea produc\u021biei industriale\" \/>\n<meta property=\"og:description\" content=\"Produc\u0163ia industrial\u0103 a crescut \u00een noiembrie cu 3,2% \u00een zona euro \u015fi cu 3,5% \u00een Uniunea European\u0103, comparativ cu perioada similar\u0103 din 2016, iar Slovenia, Rom\u00e2nia \u015fi Cehia au \u00eenregistrat cel mai semnificativ avans, arat\u0103 datele publicate joi de Oficiul European de Statistic\u0103 (Eurostat).\" \/>\n<meta property=\"og:url\" content=\"https:\/\/www.btv.md\/ro\/slovenia-si-romania-lideri-in-ue-la-cresterea-productiei-industriale\/\" \/>\n<meta property=\"og:site_name\" content=\"BTV\" \/>\n<meta property=\"article:publisher\" content=\"https:\/\/www.facebook.com\/btvmoldova\/\" \/>\n<meta property=\"article:published_time\" content=\"2018-01-12T10:42:41+00:00\" \/>\n<meta property=\"article:modified_time\" content=\"2018-01-12T16:22:00+00:00\" \/>\n<meta property=\"og:image\" content=\"https:\/\/www.btv.md\/wp-content\/uploads\/2018\/01\/avtomobili_inovatsia.jpg\" \/>\n\t<meta property=\"og:image:width\" content=\"700\" \/>\n\t<meta property=\"og:image:height\" content=\"500\" \/>\n\t<meta property=\"og:image:type\" content=\"image\/jpeg\" \/>\n<meta name=\"author\" content=\"admin\" \/>\n<meta name=\"twitter:label1\" content=\"Scris de\" \/>\n\t<meta name=\"twitter:data1\" content=\"admin\" \/>\n\t<meta name=\"twitter:label2\" content=\"Timp estimat pentru citire\" \/>\n\t<meta name=\"twitter:data2\" content=\"1 minut\" \/>\n<script type=\"application\/ld+json\" class=\"yoast-schema-graph\">{\"@context\":\"https:\\\/\\\/schema.org\",\"@graph\":[{\"@type\":\"Article\",\"@id\":\"https:\\\/\\\/www.btv.md\\\/ro\\\/slovenia-si-romania-lideri-in-ue-la-cresterea-productiei-industriale\\\/#article\",\"isPartOf\":{\"@id\":\"https:\\\/\\\/www.btv.md\\\/ro\\\/slovenia-si-romania-lideri-in-ue-la-cresterea-productiei-industriale\\\/\"},\"author\":{\"name\":\"admin\",\"@id\":\"https:\\\/\\\/www.btv.md\\\/#\\\/schema\\\/person\\\/8fadce81561b3ce2c34c46dadc4ccbf2\"},\"headline\":\"Slovenia \u0219i Rom\u00e2nia, lideri \u00een ue la cre\u0219terea produc\u021biei industriale\",\"datePublished\":\"2018-01-12T10:42:41+00:00\",\"dateModified\":\"2018-01-12T16:22:00+00:00\",\"mainEntityOfPage\":{\"@id\":\"https:\\\/\\\/www.btv.md\\\/ro\\\/slovenia-si-romania-lideri-in-ue-la-cresterea-productiei-industriale\\\/\"},\"wordCount\":195,\"image\":{\"@id\":\"https:\\\/\\\/www.btv.md\\\/ro\\\/slovenia-si-romania-lideri-in-ue-la-cresterea-productiei-industriale\\\/#primaryimage\"},\"thumbnailUrl\":\"https:\\\/\\\/www.btv.md\\\/wp-content\\\/uploads\\\/2018\\\/01\\\/avtomobili_inovatsia.jpg\",\"articleSection\":[\"Externe\"],\"inLanguage\":\"ro-RO\"},{\"@type\":\"WebPage\",\"@id\":\"https:\\\/\\\/www.btv.md\\\/ro\\\/slovenia-si-romania-lideri-in-ue-la-cresterea-productiei-industriale\\\/\",\"url\":\"https:\\\/\\\/www.btv.md\\\/ro\\\/slovenia-si-romania-lideri-in-ue-la-cresterea-productiei-industriale\\\/\",\"name\":\"Slovenia \u0219i Rom\u00e2nia, lideri \u00een ue la cre\u0219terea produc\u021biei industriale\",\"isPartOf\":{\"@id\":\"https:\\\/\\\/www.btv.md\\\/#website\"},\"primaryImageOfPage\":{\"@id\":\"https:\\\/\\\/www.btv.md\\\/ro\\\/slovenia-si-romania-lideri-in-ue-la-cresterea-productiei-industriale\\\/#primaryimage\"},\"image\":{\"@id\":\"https:\\\/\\\/www.btv.md\\\/ro\\\/slovenia-si-romania-lideri-in-ue-la-cresterea-productiei-industriale\\\/#primaryimage\"},\"thumbnailUrl\":\"https:\\\/\\\/www.btv.md\\\/wp-content\\\/uploads\\\/2018\\\/01\\\/avtomobili_inovatsia.jpg\",\"datePublished\":\"2018-01-12T10:42:41+00:00\",\"dateModified\":\"2018-01-12T16:22:00+00:00\",\"author\":{\"@id\":\"https:\\\/\\\/www.btv.md\\\/#\\\/schema\\\/person\\\/8fadce81561b3ce2c34c46dadc4ccbf2\"},\"description\":\"Produc\u0163ia industrial\u0103 a crescut \u00een noiembrie cu 3,2% \u00een zona euro \u015fi cu 3,5% \u00een Uniunea European\u0103, comparativ cu perioada similar\u0103 din 2016, iar Slovenia, Rom\u00e2nia \u015fi Cehia au \u00eenregistrat cel mai semnificativ avans, arat\u0103 datele publicate joi de Oficiul European de Statistic\u0103 (Eurostat).\",\"inLanguage\":\"ro-RO\",\"potentialAction\":[{\"@type\":\"ReadAction\",\"target\":[\"https:\\\/\\\/www.btv.md\\\/ro\\\/slovenia-si-romania-lideri-in-ue-la-cresterea-productiei-industriale\\\/\"]}]},{\"@type\":\"ImageObject\",\"inLanguage\":\"ro-RO\",\"@id\":\"https:\\\/\\\/www.btv.md\\\/ro\\\/slovenia-si-romania-lideri-in-ue-la-cresterea-productiei-industriale\\\/#primaryimage\",\"url\":\"https:\\\/\\\/www.btv.md\\\/wp-content\\\/uploads\\\/2018\\\/01\\\/avtomobili_inovatsia.jpg\",\"contentUrl\":\"https:\\\/\\\/www.btv.md\\\/wp-content\\\/uploads\\\/2018\\\/01\\\/avtomobili_inovatsia.jpg\",\"width\":700,\"height\":500},{\"@type\":\"WebSite\",\"@id\":\"https:\\\/\\\/www.btv.md\\\/#website\",\"url\":\"https:\\\/\\\/www.btv.md\\\/\",\"name\":\"BTV\",\"description\":\"\u0411\u0435\u043b\u044c\u0446\u043a\u043e\u0435 \u0442\u0435\u043b\u0435\u0432\u0438\u0434\u0435\u043d\u0438\u0435\",\"potentialAction\":[{\"@type\":\"SearchAction\",\"target\":{\"@type\":\"EntryPoint\",\"urlTemplate\":\"https:\\\/\\\/www.btv.md\\\/?s={search_term_string}\"},\"query-input\":{\"@type\":\"PropertyValueSpecification\",\"valueRequired\":true,\"valueName\":\"search_term_string\"}}],\"inLanguage\":\"ro-RO\"},{\"@type\":\"Person\",\"@id\":\"https:\\\/\\\/www.btv.md\\\/#\\\/schema\\\/person\\\/8fadce81561b3ce2c34c46dadc4ccbf2\",\"name\":\"admin\"}]}<\/script>\n<!-- \/ Yoast SEO plugin. -->","yoast_head_json":{"title":"Slovenia \u0219i Rom\u00e2nia, lideri \u00een ue la cre\u0219terea produc\u021biei industriale","description":"Produc\u0163ia industrial\u0103 a crescut \u00een noiembrie cu 3,2% \u00een zona euro \u015fi cu 3,5% \u00een Uniunea European\u0103, comparativ cu perioada similar\u0103 din 2016, iar Slovenia, Rom\u00e2nia \u015fi Cehia au \u00eenregistrat cel mai semnificativ avans, arat\u0103 datele publicate joi de Oficiul European de Statistic\u0103 (Eurostat).","robots":{"index":"index","follow":"follow","max-snippet":"max-snippet:-1","max-image-preview":"max-image-preview:large","max-video-preview":"max-video-preview:-1"},"canonical":"https:\/\/www.btv.md\/ro\/slovenia-si-romania-lideri-in-ue-la-cresterea-productiei-industriale\/","og_locale":"ro_RO","og_type":"article","og_title":"Slovenia \u0219i Rom\u00e2nia, lideri \u00een ue la cre\u0219terea produc\u021biei industriale","og_description":"Produc\u0163ia industrial\u0103 a crescut \u00een noiembrie cu 3,2% \u00een zona euro \u015fi cu 3,5% \u00een Uniunea European\u0103, comparativ cu perioada similar\u0103 din 2016, iar Slovenia, Rom\u00e2nia \u015fi Cehia au \u00eenregistrat cel mai semnificativ avans, arat\u0103 datele publicate joi de Oficiul European de Statistic\u0103 (Eurostat).","og_url":"https:\/\/www.btv.md\/ro\/slovenia-si-romania-lideri-in-ue-la-cresterea-productiei-industriale\/","og_site_name":"BTV","article_publisher":"https:\/\/www.facebook.com\/btvmoldova\/","article_published_time":"2018-01-12T10:42:41+00:00","article_modified_time":"2018-01-12T16:22:00+00:00","og_image":[{"width":700,"height":500,"url":"https:\/\/www.btv.md\/wp-content\/uploads\/2018\/01\/avtomobili_inovatsia.jpg","type":"image\/jpeg"}],"author":"admin","twitter_misc":{"Scris de":"admin","Timp estimat pentru citire":"1 minut"},"schema":{"@context":"https:\/\/schema.org","@graph":[{"@type":"Article","@id":"https:\/\/www.btv.md\/ro\/slovenia-si-romania-lideri-in-ue-la-cresterea-productiei-industriale\/#article","isPartOf":{"@id":"https:\/\/www.btv.md\/ro\/slovenia-si-romania-lideri-in-ue-la-cresterea-productiei-industriale\/"},"author":{"name":"admin","@id":"https:\/\/www.btv.md\/#\/schema\/person\/8fadce81561b3ce2c34c46dadc4ccbf2"},"headline":"Slovenia \u0219i Rom\u00e2nia, lideri \u00een ue la cre\u0219terea produc\u021biei industriale","datePublished":"2018-01-12T10:42:41+00:00","dateModified":"2018-01-12T16:22:00+00:00","mainEntityOfPage":{"@id":"https:\/\/www.btv.md\/ro\/slovenia-si-romania-lideri-in-ue-la-cresterea-productiei-industriale\/"},"wordCount":195,"image":{"@id":"https:\/\/www.btv.md\/ro\/slovenia-si-romania-lideri-in-ue-la-cresterea-productiei-industriale\/#primaryimage"},"thumbnailUrl":"https:\/\/www.btv.md\/wp-content\/uploads\/2018\/01\/avtomobili_inovatsia.jpg","articleSection":["Externe"],"inLanguage":"ro-RO"},{"@type":"WebPage","@id":"https:\/\/www.btv.md\/ro\/slovenia-si-romania-lideri-in-ue-la-cresterea-productiei-industriale\/","url":"https:\/\/www.btv.md\/ro\/slovenia-si-romania-lideri-in-ue-la-cresterea-productiei-industriale\/","name":"Slovenia \u0219i Rom\u00e2nia, lideri \u00een ue la cre\u0219terea produc\u021biei industriale","isPartOf":{"@id":"https:\/\/www.btv.md\/#website"},"primaryImageOfPage":{"@id":"https:\/\/www.btv.md\/ro\/slovenia-si-romania-lideri-in-ue-la-cresterea-productiei-industriale\/#primaryimage"},"image":{"@id":"https:\/\/www.btv.md\/ro\/slovenia-si-romania-lideri-in-ue-la-cresterea-productiei-industriale\/#primaryimage"},"thumbnailUrl":"https:\/\/www.btv.md\/wp-content\/uploads\/2018\/01\/avtomobili_inovatsia.jpg","datePublished":"2018-01-12T10:42:41+00:00","dateModified":"2018-01-12T16:22:00+00:00","author":{"@id":"https:\/\/www.btv.md\/#\/schema\/person\/8fadce81561b3ce2c34c46dadc4ccbf2"},"description":"Produc\u0163ia industrial\u0103 a crescut \u00een noiembrie cu 3,2% \u00een zona euro \u015fi cu 3,5% \u00een Uniunea European\u0103, comparativ cu perioada similar\u0103 din 2016, iar Slovenia, Rom\u00e2nia \u015fi Cehia au \u00eenregistrat cel mai semnificativ avans, arat\u0103 datele publicate joi de Oficiul European de Statistic\u0103 (Eurostat).","inLanguage":"ro-RO","potentialAction":[{"@type":"ReadAction","target":["https:\/\/www.btv.md\/ro\/slovenia-si-romania-lideri-in-ue-la-cresterea-productiei-industriale\/"]}]},{"@type":"ImageObject","inLanguage":"ro-RO","@id":"https:\/\/www.btv.md\/ro\/slovenia-si-romania-lideri-in-ue-la-cresterea-productiei-industriale\/#primaryimage","url":"https:\/\/www.btv.md\/wp-content\/uploads\/2018\/01\/avtomobili_inovatsia.jpg","contentUrl":"https:\/\/www.btv.md\/wp-content\/uploads\/2018\/01\/avtomobili_inovatsia.jpg","width":700,"height":500},{"@type":"WebSite","@id":"https:\/\/www.btv.md\/#website","url":"https:\/\/www.btv.md\/","name":"BTV","description":"\u0411\u0435\u043b\u044c\u0446\u043a\u043e\u0435 \u0442\u0435\u043b\u0435\u0432\u0438\u0434\u0435\u043d\u0438\u0435","potentialAction":[{"@type":"SearchAction","target":{"@type":"EntryPoint","urlTemplate":"https:\/\/www.btv.md\/?s={search_term_string}"},"query-input":{"@type":"PropertyValueSpecification","valueRequired":true,"valueName":"search_term_string"}}],"inLanguage":"ro-RO"},{"@type":"Person","@id":"https:\/\/www.btv.md\/#\/schema\/person\/8fadce81561b3ce2c34c46dadc4ccbf2","name":"admin"}]}},"_links":{"self":[{"href":"https:\/\/www.btv.md\/ro\/wp-json\/wp\/v2\/posts\/39603","targetHints":{"allow":["GET"]}}],"collection":[{"href":"https:\/\/www.btv.md\/ro\/wp-json\/wp\/v2\/posts"}],"about":[{"href":"https:\/\/www.btv.md\/ro\/wp-json\/wp\/v2\/types\/post"}],"author":[{"embeddable":true,"href":"https:\/\/www.btv.md\/ro\/wp-json\/wp\/v2\/users\/4"}],"replies":[{"embeddable":true,"href":"https:\/\/www.btv.md\/ro\/wp-json\/wp\/v2\/comments?post=39603"}],"version-history":[{"count":0,"href":"https:\/\/www.btv.md\/ro\/wp-json\/wp\/v2\/posts\/39603\/revisions"}],"wp:featuredmedia":[{"embeddable":true,"href":"https:\/\/www.btv.md\/ro\/wp-json\/wp\/v2\/media\/39604"}],"wp:attachment":[{"href":"https:\/\/www.btv.md\/ro\/wp-json\/wp\/v2\/media?parent=39603"}],"wp:term":[{"taxonomy":"category","embeddable":true,"href":"https:\/\/www.btv.md\/ro\/wp-json\/wp\/v2\/categories?post=39603"},{"taxonomy":"post_tag","embeddable":true,"href":"https:\/\/www.btv.md\/ro\/wp-json\/wp\/v2\/tags?post=39603"}],"curies":[{"name":"wp","href":"https:\/\/api.w.org\/{rel}","templated":true}]}}