{"id":39649,"date":"2018-01-12T17:40:58","date_gmt":"2018-01-12T14:40:58","guid":{"rendered":"https:\/\/btv.md\/?p=39649"},"modified":"2018-01-12T17:46:43","modified_gmt":"2018-01-12T14:46:43","slug":"nato-sporeste-efectivele-marinei-din-marea-britanie-din-cauza-submarinelor-rusesti","status":"publish","type":"post","link":"https:\/\/www.btv.md\/ro\/nato-sporeste-efectivele-marinei-din-marea-britanie-din-cauza-submarinelor-rusesti\/","title":{"rendered":"NATO spore\u0219te efectivele Marinei din Marea Britanie din cauza submarinelor ruse\u0219ti"},"content":{"rendered":"<p><strong>NATO inten\u021bioneaz\u0103 s\u0103 m\u0103reasc\u0103 Postul de Comand\u0103 al Marinei din Marea Britanie, din cauza cre\u0219terii semnificative a activitatii\u00a0 submarine ruse\u0219ti \u00een apele britanice, scrie The Times, citat de <a href=\"http:\/\/www.paginaderusia.ro\/nato-va-mari-postul-de-comanda-al-marinei-din-marea-britanie-din-cauza-activitatii-submarinelor-rusesti\/\">paginaderusia.ro<\/a>.<\/strong><\/p>\n<p style=\"text-align: center;\"><iframe data-src=\"https:\/\/www.youtube.com\/embed\/-Y_e4JRtJv0\" width=\"854\" height=\"480\" frameborder=\"0\" allowfullscreen=\"allowfullscreen\" src=\"data:image\/svg+xml;base64,PHN2ZyB3aWR0aD0iMSIgaGVpZ2h0PSIxIiB4bWxucz0iaHR0cDovL3d3dy53My5vcmcvMjAwMC9zdmciPjwvc3ZnPg==\" class=\"lazyload\" data-load-mode=\"1\"><\/iframe><\/p>\n<p>Alian\u021ba Nord-Atlantica inten\u021bioneaz\u0103 s\u0103 m\u0103reasc\u0103 personalul din cadrul Comandamentului comun al Marinei NATO (MARCOM) de la baza militar\u0103 din Northwood. Acolo activeaz\u0103 acum aproximativ 300 de persoane, NATO inten\u021bioneaz\u0103 s\u0103 angajeze al\u021bi angaja\u021bi 100-200.<\/p>\n<p>De asemenea, se a\u0219teapta ca SUA va relua activitatea Comandamentului Atlantic de pe teritoriul s\u0103u, structur\u0103 care a fost dizolvat\u0103 dup\u0103 sf\u00e2r\u0219itul \u201dR\u0103zboiului Rece\u201d.<\/p>\n<p>Deciziile finale ar trebui s\u0103 fie luate la summitul NATO de la Bruxelles, care va ave aloc \u00een luna iulie.<\/p>\n<p>Propunerea de a extinde baza din Marea Britanie are legatura cu cre\u0219terea activit\u0103\u021bii ridicate a submarinelor ruse\u0219ti \u00een ultimii ani, inclusiv a \u0219ase submersibile din clasa Kilo, care patruleaza \u00een mod regulat \u00een Marea Neagr\u0103 \u0219i Marea Mediteran\u0103.<\/p>\n<p>De asemenea, NATO manifesta ingrijorarea c\u0103 submarine ruse\u0219ti ar putea deteriora cablurile de comunicare transatlantice, care asigur\u0103 leg\u0103tura \u00eentre Europa \u0219i Statele Unite ale Americii.<\/p>\n<p>Publica\u021bia subliniaz\u0103 faptul c\u0103 noua sarcin\u0103 pentru flota britanic\u0103 o reprezint\u0103 submarinele ruse\u0219ti de noua generatie, care sunt mai rapide \u0219i mai silen\u021bioase, ceea ce le face dificil de depistat \u00een faza timpurie, precum \u0219i lipsa investi\u021biilor \u00een sisteme anti-submarin din ultimii 25 de ani, c\u00e2nd Regatul Unit s-a concentrat asupra opera\u021biunilor pe uscat \u00een Balcani, Irak \u0219i Afganistan.<\/p>\n<p>&nbsp;<\/p>\n<p>Surs\u0103: <a href=\"http:\/\/www.paginaderusia.ro\/nato-va-mari-postul-de-comanda-al-marinei-din-marea-britanie-din-cauza-activitatii-submarinelor-rusesti\/\">paginaderussia.ro<\/a><\/p>\n","protected":false},"excerpt":{"rendered":"<p>NATO inten\u021bioneaz\u0103 s\u0103 m\u0103reasc\u0103 Postul de Comand\u0103 al Marinei din Marea Britanie, din cauza cre\u0219terii semnificative a activitatii\u00a0 submarine ruse\u0219ti \u00een apele britanice, scrie The Times, citat de paginaderusia.ro. Alian\u021ba Nord-Atlantica inten\u021bioneaz\u0103 s\u0103 m\u0103reasc\u0103 personalul din cadrul Comandamentului comun al Marinei NATO (MARCOM) de la baza militar\u0103 din Northwood. Acolo activeaz\u0103 acum aproximativ 300 de [&hellip;]<\/p>\n","protected":false},"author":4,"featured_media":39650,"comment_status":"closed","ping_status":"closed","sticky":false,"template":"","format":"standard","meta":{"footnotes":""},"categories":[6368],"tags":[],"class_list":["post-39649","post","type-post","status-publish","format-standard","has-post-thumbnail","hentry","category-politica-ro"],"yoast_head":"<!-- This site is optimized with the Yoast SEO plugin v27.4 - https:\/\/yoast.com\/product\/yoast-seo-wordpress\/ -->\n<title>NATO spore\u0219te efectivele Marinei din Marea Britanie din cauza submarinelor ruse\u0219ti<\/title>\n<meta name=\"description\" content=\"NATO inten\u021bioneaz\u0103 s\u0103 m\u0103reasc\u0103 Postul de Comand\u0103 al Marinei din Marea Britanie, din cauza cre\u0219terii semnificative a activitatii\u00a0 submarine ruse\u0219ti \u00een apele britanice, scrie The Times, citat de paginaderusia.ro.\" \/>\n<meta name=\"robots\" content=\"index, follow, max-snippet:-1, max-image-preview:large, max-video-preview:-1\" \/>\n<link rel=\"canonical\" href=\"https:\/\/www.btv.md\/ro\/nato-sporeste-efectivele-marinei-din-marea-britanie-din-cauza-submarinelor-rusesti\/\" \/>\n<meta property=\"og:locale\" content=\"ro_RO\" \/>\n<meta property=\"og:type\" content=\"article\" \/>\n<meta property=\"og:title\" content=\"NATO spore\u0219te efectivele Marinei din Marea Britanie din cauza submarinelor ruse\u0219ti\" \/>\n<meta property=\"og:description\" content=\"NATO inten\u021bioneaz\u0103 s\u0103 m\u0103reasc\u0103 Postul de Comand\u0103 al Marinei din Marea Britanie, din cauza cre\u0219terii semnificative a activitatii\u00a0 submarine ruse\u0219ti \u00een apele britanice, scrie The Times, citat de paginaderusia.ro.\" \/>\n<meta property=\"og:url\" content=\"https:\/\/www.btv.md\/ro\/nato-sporeste-efectivele-marinei-din-marea-britanie-din-cauza-submarinelor-rusesti\/\" \/>\n<meta property=\"og:site_name\" content=\"BTV\" \/>\n<meta property=\"article:publisher\" content=\"https:\/\/www.facebook.com\/btvmoldova\/\" \/>\n<meta property=\"article:published_time\" content=\"2018-01-12T14:40:58+00:00\" \/>\n<meta property=\"article:modified_time\" content=\"2018-01-12T14:46:43+00:00\" \/>\n<meta property=\"og:image\" content=\"https:\/\/www.btv.md\/wp-content\/uploads\/2018\/01\/nato.jpg\" \/>\n\t<meta property=\"og:image:width\" content=\"700\" \/>\n\t<meta property=\"og:image:height\" content=\"500\" \/>\n\t<meta property=\"og:image:type\" content=\"image\/jpeg\" \/>\n<meta name=\"author\" content=\"admin\" \/>\n<meta name=\"twitter:label1\" content=\"Scris de\" \/>\n\t<meta name=\"twitter:data1\" content=\"admin\" \/>\n\t<meta name=\"twitter:label2\" content=\"Timp estimat pentru citire\" \/>\n\t<meta name=\"twitter:data2\" content=\"1 minut\" \/>\n<script type=\"application\/ld+json\" class=\"yoast-schema-graph\">{\"@context\":\"https:\\\/\\\/schema.org\",\"@graph\":[{\"@type\":\"Article\",\"@id\":\"https:\\\/\\\/www.btv.md\\\/ro\\\/nato-sporeste-efectivele-marinei-din-marea-britanie-din-cauza-submarinelor-rusesti\\\/#article\",\"isPartOf\":{\"@id\":\"https:\\\/\\\/www.btv.md\\\/ro\\\/nato-sporeste-efectivele-marinei-din-marea-britanie-din-cauza-submarinelor-rusesti\\\/\"},\"author\":{\"name\":\"admin\",\"@id\":\"https:\\\/\\\/www.btv.md\\\/#\\\/schema\\\/person\\\/8fadce81561b3ce2c34c46dadc4ccbf2\"},\"headline\":\"NATO spore\u0219te efectivele Marinei din Marea Britanie din cauza submarinelor ruse\u0219ti\",\"datePublished\":\"2018-01-12T14:40:58+00:00\",\"dateModified\":\"2018-01-12T14:46:43+00:00\",\"mainEntityOfPage\":{\"@id\":\"https:\\\/\\\/www.btv.md\\\/ro\\\/nato-sporeste-efectivele-marinei-din-marea-britanie-din-cauza-submarinelor-rusesti\\\/\"},\"wordCount\":271,\"image\":{\"@id\":\"https:\\\/\\\/www.btv.md\\\/ro\\\/nato-sporeste-efectivele-marinei-din-marea-britanie-din-cauza-submarinelor-rusesti\\\/#primaryimage\"},\"thumbnailUrl\":\"https:\\\/\\\/www.btv.md\\\/wp-content\\\/uploads\\\/2018\\\/01\\\/nato.jpg\",\"articleSection\":[\"Politic\u0103\"],\"inLanguage\":\"ro-RO\"},{\"@type\":\"WebPage\",\"@id\":\"https:\\\/\\\/www.btv.md\\\/ro\\\/nato-sporeste-efectivele-marinei-din-marea-britanie-din-cauza-submarinelor-rusesti\\\/\",\"url\":\"https:\\\/\\\/www.btv.md\\\/ro\\\/nato-sporeste-efectivele-marinei-din-marea-britanie-din-cauza-submarinelor-rusesti\\\/\",\"name\":\"NATO spore\u0219te efectivele Marinei din Marea Britanie din cauza submarinelor ruse\u0219ti\",\"isPartOf\":{\"@id\":\"https:\\\/\\\/www.btv.md\\\/#website\"},\"primaryImageOfPage\":{\"@id\":\"https:\\\/\\\/www.btv.md\\\/ro\\\/nato-sporeste-efectivele-marinei-din-marea-britanie-din-cauza-submarinelor-rusesti\\\/#primaryimage\"},\"image\":{\"@id\":\"https:\\\/\\\/www.btv.md\\\/ro\\\/nato-sporeste-efectivele-marinei-din-marea-britanie-din-cauza-submarinelor-rusesti\\\/#primaryimage\"},\"thumbnailUrl\":\"https:\\\/\\\/www.btv.md\\\/wp-content\\\/uploads\\\/2018\\\/01\\\/nato.jpg\",\"datePublished\":\"2018-01-12T14:40:58+00:00\",\"dateModified\":\"2018-01-12T14:46:43+00:00\",\"author\":{\"@id\":\"https:\\\/\\\/www.btv.md\\\/#\\\/schema\\\/person\\\/8fadce81561b3ce2c34c46dadc4ccbf2\"},\"description\":\"NATO inten\u021bioneaz\u0103 s\u0103 m\u0103reasc\u0103 Postul de Comand\u0103 al Marinei din Marea Britanie, din cauza cre\u0219terii semnificative a activitatii\u00a0 submarine ruse\u0219ti \u00een apele britanice, scrie The Times, citat de paginaderusia.ro.\",\"inLanguage\":\"ro-RO\",\"potentialAction\":[{\"@type\":\"ReadAction\",\"target\":[\"https:\\\/\\\/www.btv.md\\\/ro\\\/nato-sporeste-efectivele-marinei-din-marea-britanie-din-cauza-submarinelor-rusesti\\\/\"]}]},{\"@type\":\"ImageObject\",\"inLanguage\":\"ro-RO\",\"@id\":\"https:\\\/\\\/www.btv.md\\\/ro\\\/nato-sporeste-efectivele-marinei-din-marea-britanie-din-cauza-submarinelor-rusesti\\\/#primaryimage\",\"url\":\"https:\\\/\\\/www.btv.md\\\/wp-content\\\/uploads\\\/2018\\\/01\\\/nato.jpg\",\"contentUrl\":\"https:\\\/\\\/www.btv.md\\\/wp-content\\\/uploads\\\/2018\\\/01\\\/nato.jpg\",\"width\":700,\"height\":500},{\"@type\":\"WebSite\",\"@id\":\"https:\\\/\\\/www.btv.md\\\/#website\",\"url\":\"https:\\\/\\\/www.btv.md\\\/\",\"name\":\"BTV\",\"description\":\"\u0411\u0435\u043b\u044c\u0446\u043a\u043e\u0435 \u0442\u0435\u043b\u0435\u0432\u0438\u0434\u0435\u043d\u0438\u0435\",\"potentialAction\":[{\"@type\":\"SearchAction\",\"target\":{\"@type\":\"EntryPoint\",\"urlTemplate\":\"https:\\\/\\\/www.btv.md\\\/?s={search_term_string}\"},\"query-input\":{\"@type\":\"PropertyValueSpecification\",\"valueRequired\":true,\"valueName\":\"search_term_string\"}}],\"inLanguage\":\"ro-RO\"},{\"@type\":\"Person\",\"@id\":\"https:\\\/\\\/www.btv.md\\\/#\\\/schema\\\/person\\\/8fadce81561b3ce2c34c46dadc4ccbf2\",\"name\":\"admin\"}]}<\/script>\n<!-- \/ Yoast SEO plugin. -->","yoast_head_json":{"title":"NATO spore\u0219te efectivele Marinei din Marea Britanie din cauza submarinelor ruse\u0219ti","description":"NATO inten\u021bioneaz\u0103 s\u0103 m\u0103reasc\u0103 Postul de Comand\u0103 al Marinei din Marea Britanie, din cauza cre\u0219terii semnificative a activitatii\u00a0 submarine ruse\u0219ti \u00een apele britanice, scrie The Times, citat de paginaderusia.ro.","robots":{"index":"index","follow":"follow","max-snippet":"max-snippet:-1","max-image-preview":"max-image-preview:large","max-video-preview":"max-video-preview:-1"},"canonical":"https:\/\/www.btv.md\/ro\/nato-sporeste-efectivele-marinei-din-marea-britanie-din-cauza-submarinelor-rusesti\/","og_locale":"ro_RO","og_type":"article","og_title":"NATO spore\u0219te efectivele Marinei din Marea Britanie din cauza submarinelor ruse\u0219ti","og_description":"NATO inten\u021bioneaz\u0103 s\u0103 m\u0103reasc\u0103 Postul de Comand\u0103 al Marinei din Marea Britanie, din cauza cre\u0219terii semnificative a activitatii\u00a0 submarine ruse\u0219ti \u00een apele britanice, scrie The Times, citat de paginaderusia.ro.","og_url":"https:\/\/www.btv.md\/ro\/nato-sporeste-efectivele-marinei-din-marea-britanie-din-cauza-submarinelor-rusesti\/","og_site_name":"BTV","article_publisher":"https:\/\/www.facebook.com\/btvmoldova\/","article_published_time":"2018-01-12T14:40:58+00:00","article_modified_time":"2018-01-12T14:46:43+00:00","og_image":[{"width":700,"height":500,"url":"https:\/\/www.btv.md\/wp-content\/uploads\/2018\/01\/nato.jpg","type":"image\/jpeg"}],"author":"admin","twitter_misc":{"Scris de":"admin","Timp estimat pentru citire":"1 minut"},"schema":{"@context":"https:\/\/schema.org","@graph":[{"@type":"Article","@id":"https:\/\/www.btv.md\/ro\/nato-sporeste-efectivele-marinei-din-marea-britanie-din-cauza-submarinelor-rusesti\/#article","isPartOf":{"@id":"https:\/\/www.btv.md\/ro\/nato-sporeste-efectivele-marinei-din-marea-britanie-din-cauza-submarinelor-rusesti\/"},"author":{"name":"admin","@id":"https:\/\/www.btv.md\/#\/schema\/person\/8fadce81561b3ce2c34c46dadc4ccbf2"},"headline":"NATO spore\u0219te efectivele Marinei din Marea Britanie din cauza submarinelor ruse\u0219ti","datePublished":"2018-01-12T14:40:58+00:00","dateModified":"2018-01-12T14:46:43+00:00","mainEntityOfPage":{"@id":"https:\/\/www.btv.md\/ro\/nato-sporeste-efectivele-marinei-din-marea-britanie-din-cauza-submarinelor-rusesti\/"},"wordCount":271,"image":{"@id":"https:\/\/www.btv.md\/ro\/nato-sporeste-efectivele-marinei-din-marea-britanie-din-cauza-submarinelor-rusesti\/#primaryimage"},"thumbnailUrl":"https:\/\/www.btv.md\/wp-content\/uploads\/2018\/01\/nato.jpg","articleSection":["Politic\u0103"],"inLanguage":"ro-RO"},{"@type":"WebPage","@id":"https:\/\/www.btv.md\/ro\/nato-sporeste-efectivele-marinei-din-marea-britanie-din-cauza-submarinelor-rusesti\/","url":"https:\/\/www.btv.md\/ro\/nato-sporeste-efectivele-marinei-din-marea-britanie-din-cauza-submarinelor-rusesti\/","name":"NATO spore\u0219te efectivele Marinei din Marea Britanie din cauza submarinelor ruse\u0219ti","isPartOf":{"@id":"https:\/\/www.btv.md\/#website"},"primaryImageOfPage":{"@id":"https:\/\/www.btv.md\/ro\/nato-sporeste-efectivele-marinei-din-marea-britanie-din-cauza-submarinelor-rusesti\/#primaryimage"},"image":{"@id":"https:\/\/www.btv.md\/ro\/nato-sporeste-efectivele-marinei-din-marea-britanie-din-cauza-submarinelor-rusesti\/#primaryimage"},"thumbnailUrl":"https:\/\/www.btv.md\/wp-content\/uploads\/2018\/01\/nato.jpg","datePublished":"2018-01-12T14:40:58+00:00","dateModified":"2018-01-12T14:46:43+00:00","author":{"@id":"https:\/\/www.btv.md\/#\/schema\/person\/8fadce81561b3ce2c34c46dadc4ccbf2"},"description":"NATO inten\u021bioneaz\u0103 s\u0103 m\u0103reasc\u0103 Postul de Comand\u0103 al Marinei din Marea Britanie, din cauza cre\u0219terii semnificative a activitatii\u00a0 submarine ruse\u0219ti \u00een apele britanice, scrie The Times, citat de paginaderusia.ro.","inLanguage":"ro-RO","potentialAction":[{"@type":"ReadAction","target":["https:\/\/www.btv.md\/ro\/nato-sporeste-efectivele-marinei-din-marea-britanie-din-cauza-submarinelor-rusesti\/"]}]},{"@type":"ImageObject","inLanguage":"ro-RO","@id":"https:\/\/www.btv.md\/ro\/nato-sporeste-efectivele-marinei-din-marea-britanie-din-cauza-submarinelor-rusesti\/#primaryimage","url":"https:\/\/www.btv.md\/wp-content\/uploads\/2018\/01\/nato.jpg","contentUrl":"https:\/\/www.btv.md\/wp-content\/uploads\/2018\/01\/nato.jpg","width":700,"height":500},{"@type":"WebSite","@id":"https:\/\/www.btv.md\/#website","url":"https:\/\/www.btv.md\/","name":"BTV","description":"\u0411\u0435\u043b\u044c\u0446\u043a\u043e\u0435 \u0442\u0435\u043b\u0435\u0432\u0438\u0434\u0435\u043d\u0438\u0435","potentialAction":[{"@type":"SearchAction","target":{"@type":"EntryPoint","urlTemplate":"https:\/\/www.btv.md\/?s={search_term_string}"},"query-input":{"@type":"PropertyValueSpecification","valueRequired":true,"valueName":"search_term_string"}}],"inLanguage":"ro-RO"},{"@type":"Person","@id":"https:\/\/www.btv.md\/#\/schema\/person\/8fadce81561b3ce2c34c46dadc4ccbf2","name":"admin"}]}},"_links":{"self":[{"href":"https:\/\/www.btv.md\/ro\/wp-json\/wp\/v2\/posts\/39649","targetHints":{"allow":["GET"]}}],"collection":[{"href":"https:\/\/www.btv.md\/ro\/wp-json\/wp\/v2\/posts"}],"about":[{"href":"https:\/\/www.btv.md\/ro\/wp-json\/wp\/v2\/types\/post"}],"author":[{"embeddable":true,"href":"https:\/\/www.btv.md\/ro\/wp-json\/wp\/v2\/users\/4"}],"replies":[{"embeddable":true,"href":"https:\/\/www.btv.md\/ro\/wp-json\/wp\/v2\/comments?post=39649"}],"version-history":[{"count":0,"href":"https:\/\/www.btv.md\/ro\/wp-json\/wp\/v2\/posts\/39649\/revisions"}],"wp:featuredmedia":[{"embeddable":true,"href":"https:\/\/www.btv.md\/ro\/wp-json\/wp\/v2\/media\/39650"}],"wp:attachment":[{"href":"https:\/\/www.btv.md\/ro\/wp-json\/wp\/v2\/media?parent=39649"}],"wp:term":[{"taxonomy":"category","embeddable":true,"href":"https:\/\/www.btv.md\/ro\/wp-json\/wp\/v2\/categories?post=39649"},{"taxonomy":"post_tag","embeddable":true,"href":"https:\/\/www.btv.md\/ro\/wp-json\/wp\/v2\/tags?post=39649"}],"curies":[{"name":"wp","href":"https:\/\/api.w.org\/{rel}","templated":true}]}}