{"id":39664,"date":"2018-01-12T18:31:48","date_gmt":"2018-01-12T15:31:48","guid":{"rendered":"https:\/\/btv.md\/?p=39664"},"modified":"2018-01-12T18:32:40","modified_gmt":"2018-01-12T15:32:40","slug":"lukasenko-va-pune-capat-disputei-dintre-rusia-si-belarus-privind-frontiera-comuna","status":"publish","type":"post","link":"https:\/\/www.btv.md\/ro\/lukasenko-va-pune-capat-disputei-dintre-rusia-si-belarus-privind-frontiera-comuna\/","title":{"rendered":"Luka\u015fenko va pune cap\u0103t disputei dintre Rusia \u0219i Belarus privind frontiera comun\u0103"},"content":{"rendered":"<p><strong>Pre\u015fedintele Belarusului, Aleksandr Luka\u015fenko, a declarat joi c\u0103 va pune cap\u0103t \u00een 2018 ne\u00een\u0163elegerilor cu Rusia privind frontiera comun\u0103 \u00eentre cele dou\u0103 \u0163\u0103ri, a informat agen\u0163ia de pres\u0103 belarus\u0103 Telegragh.<\/strong><\/p>\n<p style=\"text-align: center;\"><iframe data-src=\"https:\/\/www.youtube.com\/embed\/XEEngu4kymE\" width=\"854\" height=\"480\" frameborder=\"0\" allowfullscreen=\"allowfullscreen\" src=\"data:image\/svg+xml;base64,PHN2ZyB3aWR0aD0iMSIgaGVpZ2h0PSIxIiB4bWxucz0iaHR0cDovL3d3dy53My5vcmcvMjAwMC9zdmciPjwvc3ZnPg==\" class=\"lazyload\" data-load-mode=\"1\"><\/iframe><\/p>\n<p>\u00cen ianuarie 2017, Belarusul a anun\u0163at anularea obligativit\u0103\u0163ii vizei pentru sejururile cu o durat\u0103 de cinci zile maximum pentru cet\u0103\u0163enii din 80 de \u0163\u0103ri, inclusiv pentru 39 de \u0163\u0103ri europene \u015fi Statele Unite. Dup\u0103 aceea, Belarusul \u015fi Rusia au \u00eenceput s\u0103 aib\u0103 ne\u00een\u0163elegri \u00een privin\u0163a frontierei comune, scrie\u00a0<a href=\"https:\/\/www.agerpres.ro\/politica-externa\/2018\/01\/12\/presedintele-belarusului-afirma-ca-doreste-sa-puna-capat-disputei-cu-rusia-privind-frontiera-comuna--35162\">Agerpres.<\/a><\/p>\n<p> Aleksandr Luka\u015fenko a declarat \u00een cadrul unei conferin\u0163e la Minsk c\u0103 liberalizarea regimului de vize pentru cet\u0103\u0163enii str\u0103ini a provocat \u00eengrijor\u0103ri Rusiei.<\/p>\n<p> El a ad\u0103ugat c\u0103 grani\u0163a dintre Belarus \u015fi Rusia este adesea numit\u0103 pe internet \u201ecea mai ciudat\u0103 frontier\u0103 din Europa\u201d.<\/p>\n<p> Controalele la frontiera \u00eentre Belarus \u015fi Rusia au fost ridicate \u00een urma semn\u0103rii de c\u0103tre cele dou\u0103 \u0163\u0103ri a Tratatului de prietenie, bun\u0103 vecin\u0103tate \u015fi cooperare \u00een 1995.<\/p>\n<p> Rusia a introdus restric\u0163ii pentru cet\u0103\u0163enii din \u0163\u0103ri ter\u0163e care intr\u0103 \u00een Rusia din Belarus la \u00eenceputul anului 2016.<\/p>\n<p>&nbsp;<\/p>\n<p>Surs\u0103: <a href=\"https:\/\/www.agerpres.ro\/politica-externa\/2018\/01\/12\/presedintele-belarusului-afirma-ca-doreste-sa-puna-capat-disputei-cu-rusia-privind-frontiera-comuna--35162\">agerpres.ro<\/a><\/p>\n","protected":false},"excerpt":{"rendered":"<p>Pre\u015fedintele Belarusului, Aleksandr Luka\u015fenko, a declarat joi c\u0103 va pune cap\u0103t \u00een 2018 ne\u00een\u0163elegerilor cu Rusia privind frontiera comun\u0103 \u00eentre cele dou\u0103 \u0163\u0103ri, a informat agen\u0163ia de pres\u0103 belarus\u0103 Telegragh. \u00cen ianuarie 2017, Belarusul a anun\u0163at anularea obligativit\u0103\u0163ii vizei pentru sejururile cu o durat\u0103 de cinci zile maximum pentru cet\u0103\u0163enii din 80 de \u0163\u0103ri, inclusiv [&hellip;]<\/p>\n","protected":false},"author":4,"featured_media":39665,"comment_status":"closed","ping_status":"closed","sticky":false,"template":"","format":"standard","meta":{"footnotes":""},"categories":[6368],"tags":[],"class_list":["post-39664","post","type-post","status-publish","format-standard","has-post-thumbnail","hentry","category-politica-ro"],"yoast_head":"<!-- This site is optimized with the Yoast SEO plugin v27.4 - https:\/\/yoast.com\/product\/yoast-seo-wordpress\/ -->\n<title>Luka\u015fenko va pune cap\u0103t disputei dintre Rusia \u0219i Belarus privind frontiera comun\u0103<\/title>\n<meta name=\"description\" content=\"Pre\u015fedintele Belarusului, Aleksandr Luka\u015fenko, a declarat joi c\u0103 va pune cap\u0103t \u00een 2018 ne\u00een\u0163elegerilor cu Rusia privind frontiera comun\u0103 \u00eentre cele dou\u0103 \u0163\u0103ri\" \/>\n<meta name=\"robots\" content=\"index, follow, max-snippet:-1, max-image-preview:large, max-video-preview:-1\" \/>\n<link rel=\"canonical\" href=\"https:\/\/www.btv.md\/ro\/lukasenko-va-pune-capat-disputei-dintre-rusia-si-belarus-privind-frontiera-comuna\/\" \/>\n<meta property=\"og:locale\" content=\"ro_RO\" \/>\n<meta property=\"og:type\" content=\"article\" \/>\n<meta property=\"og:title\" content=\"Luka\u015fenko va pune cap\u0103t disputei dintre Rusia \u0219i Belarus privind frontiera comun\u0103\" \/>\n<meta property=\"og:description\" content=\"Pre\u015fedintele Belarusului, Aleksandr Luka\u015fenko, a declarat joi c\u0103 va pune cap\u0103t \u00een 2018 ne\u00een\u0163elegerilor cu Rusia privind frontiera comun\u0103 \u00eentre cele dou\u0103 \u0163\u0103ri\" \/>\n<meta property=\"og:url\" content=\"https:\/\/www.btv.md\/ro\/lukasenko-va-pune-capat-disputei-dintre-rusia-si-belarus-privind-frontiera-comuna\/\" \/>\n<meta property=\"og:site_name\" content=\"BTV\" \/>\n<meta property=\"article:publisher\" content=\"https:\/\/www.facebook.com\/btvmoldova\/\" \/>\n<meta property=\"article:published_time\" content=\"2018-01-12T15:31:48+00:00\" \/>\n<meta property=\"article:modified_time\" content=\"2018-01-12T15:32:40+00:00\" \/>\n<meta property=\"og:image\" content=\"https:\/\/www.btv.md\/wp-content\/uploads\/2018\/01\/lukashenko.jpg\" \/>\n\t<meta property=\"og:image:width\" content=\"700\" \/>\n\t<meta property=\"og:image:height\" content=\"500\" \/>\n\t<meta property=\"og:image:type\" content=\"image\/jpeg\" \/>\n<meta name=\"author\" content=\"admin\" \/>\n<meta name=\"twitter:label1\" content=\"Scris de\" \/>\n\t<meta name=\"twitter:data1\" content=\"admin\" \/>\n\t<meta name=\"twitter:label2\" content=\"Timp estimat pentru citire\" \/>\n\t<meta name=\"twitter:data2\" content=\"1 minut\" \/>\n<script type=\"application\/ld+json\" class=\"yoast-schema-graph\">{\"@context\":\"https:\\\/\\\/schema.org\",\"@graph\":[{\"@type\":\"Article\",\"@id\":\"https:\\\/\\\/www.btv.md\\\/ro\\\/lukasenko-va-pune-capat-disputei-dintre-rusia-si-belarus-privind-frontiera-comuna\\\/#article\",\"isPartOf\":{\"@id\":\"https:\\\/\\\/www.btv.md\\\/ro\\\/lukasenko-va-pune-capat-disputei-dintre-rusia-si-belarus-privind-frontiera-comuna\\\/\"},\"author\":{\"name\":\"admin\",\"@id\":\"https:\\\/\\\/www.btv.md\\\/#\\\/schema\\\/person\\\/8fadce81561b3ce2c34c46dadc4ccbf2\"},\"headline\":\"Luka\u015fenko va pune cap\u0103t disputei dintre Rusia \u0219i Belarus privind frontiera comun\u0103\",\"datePublished\":\"2018-01-12T15:31:48+00:00\",\"dateModified\":\"2018-01-12T15:32:40+00:00\",\"mainEntityOfPage\":{\"@id\":\"https:\\\/\\\/www.btv.md\\\/ro\\\/lukasenko-va-pune-capat-disputei-dintre-rusia-si-belarus-privind-frontiera-comuna\\\/\"},\"wordCount\":205,\"image\":{\"@id\":\"https:\\\/\\\/www.btv.md\\\/ro\\\/lukasenko-va-pune-capat-disputei-dintre-rusia-si-belarus-privind-frontiera-comuna\\\/#primaryimage\"},\"thumbnailUrl\":\"https:\\\/\\\/www.btv.md\\\/wp-content\\\/uploads\\\/2018\\\/01\\\/lukashenko.jpg\",\"articleSection\":[\"Politic\u0103\"],\"inLanguage\":\"ro-RO\"},{\"@type\":\"WebPage\",\"@id\":\"https:\\\/\\\/www.btv.md\\\/ro\\\/lukasenko-va-pune-capat-disputei-dintre-rusia-si-belarus-privind-frontiera-comuna\\\/\",\"url\":\"https:\\\/\\\/www.btv.md\\\/ro\\\/lukasenko-va-pune-capat-disputei-dintre-rusia-si-belarus-privind-frontiera-comuna\\\/\",\"name\":\"Luka\u015fenko va pune cap\u0103t disputei dintre Rusia \u0219i Belarus privind frontiera comun\u0103\",\"isPartOf\":{\"@id\":\"https:\\\/\\\/www.btv.md\\\/#website\"},\"primaryImageOfPage\":{\"@id\":\"https:\\\/\\\/www.btv.md\\\/ro\\\/lukasenko-va-pune-capat-disputei-dintre-rusia-si-belarus-privind-frontiera-comuna\\\/#primaryimage\"},\"image\":{\"@id\":\"https:\\\/\\\/www.btv.md\\\/ro\\\/lukasenko-va-pune-capat-disputei-dintre-rusia-si-belarus-privind-frontiera-comuna\\\/#primaryimage\"},\"thumbnailUrl\":\"https:\\\/\\\/www.btv.md\\\/wp-content\\\/uploads\\\/2018\\\/01\\\/lukashenko.jpg\",\"datePublished\":\"2018-01-12T15:31:48+00:00\",\"dateModified\":\"2018-01-12T15:32:40+00:00\",\"author\":{\"@id\":\"https:\\\/\\\/www.btv.md\\\/#\\\/schema\\\/person\\\/8fadce81561b3ce2c34c46dadc4ccbf2\"},\"description\":\"Pre\u015fedintele Belarusului, Aleksandr Luka\u015fenko, a declarat joi c\u0103 va pune cap\u0103t \u00een 2018 ne\u00een\u0163elegerilor cu Rusia privind frontiera comun\u0103 \u00eentre cele dou\u0103 \u0163\u0103ri\",\"inLanguage\":\"ro-RO\",\"potentialAction\":[{\"@type\":\"ReadAction\",\"target\":[\"https:\\\/\\\/www.btv.md\\\/ro\\\/lukasenko-va-pune-capat-disputei-dintre-rusia-si-belarus-privind-frontiera-comuna\\\/\"]}]},{\"@type\":\"ImageObject\",\"inLanguage\":\"ro-RO\",\"@id\":\"https:\\\/\\\/www.btv.md\\\/ro\\\/lukasenko-va-pune-capat-disputei-dintre-rusia-si-belarus-privind-frontiera-comuna\\\/#primaryimage\",\"url\":\"https:\\\/\\\/www.btv.md\\\/wp-content\\\/uploads\\\/2018\\\/01\\\/lukashenko.jpg\",\"contentUrl\":\"https:\\\/\\\/www.btv.md\\\/wp-content\\\/uploads\\\/2018\\\/01\\\/lukashenko.jpg\",\"width\":700,\"height\":500},{\"@type\":\"WebSite\",\"@id\":\"https:\\\/\\\/www.btv.md\\\/#website\",\"url\":\"https:\\\/\\\/www.btv.md\\\/\",\"name\":\"BTV\",\"description\":\"\u0411\u0435\u043b\u044c\u0446\u043a\u043e\u0435 \u0442\u0435\u043b\u0435\u0432\u0438\u0434\u0435\u043d\u0438\u0435\",\"potentialAction\":[{\"@type\":\"SearchAction\",\"target\":{\"@type\":\"EntryPoint\",\"urlTemplate\":\"https:\\\/\\\/www.btv.md\\\/?s={search_term_string}\"},\"query-input\":{\"@type\":\"PropertyValueSpecification\",\"valueRequired\":true,\"valueName\":\"search_term_string\"}}],\"inLanguage\":\"ro-RO\"},{\"@type\":\"Person\",\"@id\":\"https:\\\/\\\/www.btv.md\\\/#\\\/schema\\\/person\\\/8fadce81561b3ce2c34c46dadc4ccbf2\",\"name\":\"admin\"}]}<\/script>\n<!-- \/ Yoast SEO plugin. -->","yoast_head_json":{"title":"Luka\u015fenko va pune cap\u0103t disputei dintre Rusia \u0219i Belarus privind frontiera comun\u0103","description":"Pre\u015fedintele Belarusului, Aleksandr Luka\u015fenko, a declarat joi c\u0103 va pune cap\u0103t \u00een 2018 ne\u00een\u0163elegerilor cu Rusia privind frontiera comun\u0103 \u00eentre cele dou\u0103 \u0163\u0103ri","robots":{"index":"index","follow":"follow","max-snippet":"max-snippet:-1","max-image-preview":"max-image-preview:large","max-video-preview":"max-video-preview:-1"},"canonical":"https:\/\/www.btv.md\/ro\/lukasenko-va-pune-capat-disputei-dintre-rusia-si-belarus-privind-frontiera-comuna\/","og_locale":"ro_RO","og_type":"article","og_title":"Luka\u015fenko va pune cap\u0103t disputei dintre Rusia \u0219i Belarus privind frontiera comun\u0103","og_description":"Pre\u015fedintele Belarusului, Aleksandr Luka\u015fenko, a declarat joi c\u0103 va pune cap\u0103t \u00een 2018 ne\u00een\u0163elegerilor cu Rusia privind frontiera comun\u0103 \u00eentre cele dou\u0103 \u0163\u0103ri","og_url":"https:\/\/www.btv.md\/ro\/lukasenko-va-pune-capat-disputei-dintre-rusia-si-belarus-privind-frontiera-comuna\/","og_site_name":"BTV","article_publisher":"https:\/\/www.facebook.com\/btvmoldova\/","article_published_time":"2018-01-12T15:31:48+00:00","article_modified_time":"2018-01-12T15:32:40+00:00","og_image":[{"width":700,"height":500,"url":"https:\/\/www.btv.md\/wp-content\/uploads\/2018\/01\/lukashenko.jpg","type":"image\/jpeg"}],"author":"admin","twitter_misc":{"Scris de":"admin","Timp estimat pentru citire":"1 minut"},"schema":{"@context":"https:\/\/schema.org","@graph":[{"@type":"Article","@id":"https:\/\/www.btv.md\/ro\/lukasenko-va-pune-capat-disputei-dintre-rusia-si-belarus-privind-frontiera-comuna\/#article","isPartOf":{"@id":"https:\/\/www.btv.md\/ro\/lukasenko-va-pune-capat-disputei-dintre-rusia-si-belarus-privind-frontiera-comuna\/"},"author":{"name":"admin","@id":"https:\/\/www.btv.md\/#\/schema\/person\/8fadce81561b3ce2c34c46dadc4ccbf2"},"headline":"Luka\u015fenko va pune cap\u0103t disputei dintre Rusia \u0219i Belarus privind frontiera comun\u0103","datePublished":"2018-01-12T15:31:48+00:00","dateModified":"2018-01-12T15:32:40+00:00","mainEntityOfPage":{"@id":"https:\/\/www.btv.md\/ro\/lukasenko-va-pune-capat-disputei-dintre-rusia-si-belarus-privind-frontiera-comuna\/"},"wordCount":205,"image":{"@id":"https:\/\/www.btv.md\/ro\/lukasenko-va-pune-capat-disputei-dintre-rusia-si-belarus-privind-frontiera-comuna\/#primaryimage"},"thumbnailUrl":"https:\/\/www.btv.md\/wp-content\/uploads\/2018\/01\/lukashenko.jpg","articleSection":["Politic\u0103"],"inLanguage":"ro-RO"},{"@type":"WebPage","@id":"https:\/\/www.btv.md\/ro\/lukasenko-va-pune-capat-disputei-dintre-rusia-si-belarus-privind-frontiera-comuna\/","url":"https:\/\/www.btv.md\/ro\/lukasenko-va-pune-capat-disputei-dintre-rusia-si-belarus-privind-frontiera-comuna\/","name":"Luka\u015fenko va pune cap\u0103t disputei dintre Rusia \u0219i Belarus privind frontiera comun\u0103","isPartOf":{"@id":"https:\/\/www.btv.md\/#website"},"primaryImageOfPage":{"@id":"https:\/\/www.btv.md\/ro\/lukasenko-va-pune-capat-disputei-dintre-rusia-si-belarus-privind-frontiera-comuna\/#primaryimage"},"image":{"@id":"https:\/\/www.btv.md\/ro\/lukasenko-va-pune-capat-disputei-dintre-rusia-si-belarus-privind-frontiera-comuna\/#primaryimage"},"thumbnailUrl":"https:\/\/www.btv.md\/wp-content\/uploads\/2018\/01\/lukashenko.jpg","datePublished":"2018-01-12T15:31:48+00:00","dateModified":"2018-01-12T15:32:40+00:00","author":{"@id":"https:\/\/www.btv.md\/#\/schema\/person\/8fadce81561b3ce2c34c46dadc4ccbf2"},"description":"Pre\u015fedintele Belarusului, Aleksandr Luka\u015fenko, a declarat joi c\u0103 va pune cap\u0103t \u00een 2018 ne\u00een\u0163elegerilor cu Rusia privind frontiera comun\u0103 \u00eentre cele dou\u0103 \u0163\u0103ri","inLanguage":"ro-RO","potentialAction":[{"@type":"ReadAction","target":["https:\/\/www.btv.md\/ro\/lukasenko-va-pune-capat-disputei-dintre-rusia-si-belarus-privind-frontiera-comuna\/"]}]},{"@type":"ImageObject","inLanguage":"ro-RO","@id":"https:\/\/www.btv.md\/ro\/lukasenko-va-pune-capat-disputei-dintre-rusia-si-belarus-privind-frontiera-comuna\/#primaryimage","url":"https:\/\/www.btv.md\/wp-content\/uploads\/2018\/01\/lukashenko.jpg","contentUrl":"https:\/\/www.btv.md\/wp-content\/uploads\/2018\/01\/lukashenko.jpg","width":700,"height":500},{"@type":"WebSite","@id":"https:\/\/www.btv.md\/#website","url":"https:\/\/www.btv.md\/","name":"BTV","description":"\u0411\u0435\u043b\u044c\u0446\u043a\u043e\u0435 \u0442\u0435\u043b\u0435\u0432\u0438\u0434\u0435\u043d\u0438\u0435","potentialAction":[{"@type":"SearchAction","target":{"@type":"EntryPoint","urlTemplate":"https:\/\/www.btv.md\/?s={search_term_string}"},"query-input":{"@type":"PropertyValueSpecification","valueRequired":true,"valueName":"search_term_string"}}],"inLanguage":"ro-RO"},{"@type":"Person","@id":"https:\/\/www.btv.md\/#\/schema\/person\/8fadce81561b3ce2c34c46dadc4ccbf2","name":"admin"}]}},"_links":{"self":[{"href":"https:\/\/www.btv.md\/ro\/wp-json\/wp\/v2\/posts\/39664","targetHints":{"allow":["GET"]}}],"collection":[{"href":"https:\/\/www.btv.md\/ro\/wp-json\/wp\/v2\/posts"}],"about":[{"href":"https:\/\/www.btv.md\/ro\/wp-json\/wp\/v2\/types\/post"}],"author":[{"embeddable":true,"href":"https:\/\/www.btv.md\/ro\/wp-json\/wp\/v2\/users\/4"}],"replies":[{"embeddable":true,"href":"https:\/\/www.btv.md\/ro\/wp-json\/wp\/v2\/comments?post=39664"}],"version-history":[{"count":0,"href":"https:\/\/www.btv.md\/ro\/wp-json\/wp\/v2\/posts\/39664\/revisions"}],"wp:featuredmedia":[{"embeddable":true,"href":"https:\/\/www.btv.md\/ro\/wp-json\/wp\/v2\/media\/39665"}],"wp:attachment":[{"href":"https:\/\/www.btv.md\/ro\/wp-json\/wp\/v2\/media?parent=39664"}],"wp:term":[{"taxonomy":"category","embeddable":true,"href":"https:\/\/www.btv.md\/ro\/wp-json\/wp\/v2\/categories?post=39664"},{"taxonomy":"post_tag","embeddable":true,"href":"https:\/\/www.btv.md\/ro\/wp-json\/wp\/v2\/tags?post=39664"}],"curies":[{"name":"wp","href":"https:\/\/api.w.org\/{rel}","templated":true}]}}