{"id":39672,"date":"2018-01-12T19:04:18","date_gmt":"2018-01-12T16:04:18","guid":{"rendered":"https:\/\/btv.md\/?p=39672"},"modified":"2018-01-12T19:06:34","modified_gmt":"2018-01-12T16:06:34","slug":"acuzatie-copii-soldati-in-armata-germana","status":"publish","type":"post","link":"https:\/\/www.btv.md\/ro\/acuzatie-copii-soldati-in-armata-germana\/","title":{"rendered":"Acuza\u021bie: copii-solda\u021bi \u00een armata German\u0103"},"content":{"rendered":"<p><strong>Armata german\u0103 recruteaz\u0103 tot mai mul\u0163i minori. Num\u0103rul tinerilor care se al\u0103tur\u0103 for\u0163elor armate ca voluntari s-a triplat \u00een ultimii \u015fase ani, relateaz\u0103 Deutsche Welle.<\/strong><\/p>\n<p style=\"text-align: center;\"><iframe data-src=\"https:\/\/www.youtube.com\/embed\/QBzpqYqB5Uw\" width=\"854\" height=\"480\" frameborder=\"0\" allowfullscreen=\"allowfullscreen\" src=\"data:image\/svg+xml;base64,PHN2ZyB3aWR0aD0iMSIgaGVpZ2h0PSIxIiB4bWxucz0iaHR0cDovL3d3dy53My5vcmcvMjAwMC9zdmciPjwvc3ZnPg==\" class=\"lazyload\" data-load-mode=\"1\"><\/iframe><\/p>\n<p>\u00cen 2017, peste 2.000 de adolescen\u0163i au fost recruta\u0163i, iar 448 dintre ei au fost fete. Dintre to\u0163i, 90 erau \u00eenc\u0103 minori la finalizarea celor \u015fase luni din perioada de preg\u0103tire.<\/p>\n<p>Prin compara\u0163ie, \u00een 2011, num\u0103rul recru\u0163ilor sub 18 ani a fost de aproape 700.<\/p>\n<p>Cifrele au fost f\u0103cute publice la cererea unui partid de opozi\u0163ie din Germania, care acuz\u0103 armata c\u0103 \u00eenroleaz\u0103 copii-solda\u0163i \u015fi c\u0103 din aceast\u0103 postur\u0103 \u0163ara \u00ee\u015fi pierde credibilitatea \u00een combaterea acestui fenomen \u00een statele unde sunt conflicte \u00een desf\u0103\u015furare.<\/p>\n","protected":false},"excerpt":{"rendered":"<p>Armata german\u0103 recruteaz\u0103 tot mai mul\u0163i minori. Num\u0103rul tinerilor care se al\u0103tur\u0103 for\u0163elor armate ca voluntari s-a triplat \u00een ultimii \u015fase ani, relateaz\u0103 Deutsche Welle. \u00cen 2017, peste 2.000 de adolescen\u0163i au fost recruta\u0163i, iar 448 dintre ei au fost fete. Dintre to\u0163i, 90 erau \u00eenc\u0103 minori la finalizarea celor \u015fase luni din perioada de [&hellip;]<\/p>\n","protected":false},"author":4,"featured_media":39674,"comment_status":"closed","ping_status":"closed","sticky":false,"template":"","format":"standard","meta":{"footnotes":""},"categories":[6354],"tags":[],"class_list":["post-39672","post","type-post","status-publish","format-standard","has-post-thumbnail","hentry","category-externe-ro"],"yoast_head":"<!-- This site is optimized with the Yoast SEO plugin v27.4 - https:\/\/yoast.com\/product\/yoast-seo-wordpress\/ -->\n<title>Acuza\u021bie: copii-solda\u021bi \u00een armata German\u0103<\/title>\n<meta name=\"description\" content=\"Armata german\u0103 recruteaz\u0103 tot mai mul\u0163i minori. Num\u0103rul tinerilor care se al\u0103tur\u0103 for\u0163elor armate ca voluntari s-a triplat \u00een ultimii \u015fase ani, relateaz\u0103 Deutsche Welle.\" \/>\n<meta name=\"robots\" content=\"index, follow, max-snippet:-1, max-image-preview:large, max-video-preview:-1\" \/>\n<link rel=\"canonical\" href=\"https:\/\/www.btv.md\/ro\/acuzatie-copii-soldati-in-armata-germana\/\" \/>\n<meta property=\"og:locale\" content=\"ro_RO\" \/>\n<meta property=\"og:type\" content=\"article\" \/>\n<meta property=\"og:title\" content=\"Acuza\u021bie: copii-solda\u021bi \u00een armata German\u0103\" \/>\n<meta property=\"og:description\" content=\"Armata german\u0103 recruteaz\u0103 tot mai mul\u0163i minori. Num\u0103rul tinerilor care se al\u0103tur\u0103 for\u0163elor armate ca voluntari s-a triplat \u00een ultimii \u015fase ani, relateaz\u0103 Deutsche Welle.\" \/>\n<meta property=\"og:url\" content=\"https:\/\/www.btv.md\/ro\/acuzatie-copii-soldati-in-armata-germana\/\" \/>\n<meta property=\"og:site_name\" content=\"BTV\" \/>\n<meta property=\"article:publisher\" content=\"https:\/\/www.facebook.com\/btvmoldova\/\" \/>\n<meta property=\"article:published_time\" content=\"2018-01-12T16:04:18+00:00\" \/>\n<meta property=\"article:modified_time\" content=\"2018-01-12T16:06:34+00:00\" \/>\n<meta property=\"og:image\" content=\"https:\/\/www.btv.md\/wp-content\/uploads\/2018\/01\/flag_germanii.jpg\" \/>\n\t<meta property=\"og:image:width\" content=\"700\" \/>\n\t<meta property=\"og:image:height\" content=\"500\" \/>\n\t<meta property=\"og:image:type\" content=\"image\/jpeg\" \/>\n<meta name=\"author\" content=\"admin\" \/>\n<meta name=\"twitter:label1\" content=\"Scris de\" \/>\n\t<meta name=\"twitter:data1\" content=\"admin\" \/>\n\t<meta name=\"twitter:label2\" content=\"Timp estimat pentru citire\" \/>\n\t<meta name=\"twitter:data2\" content=\"1 minut\" \/>\n<script type=\"application\/ld+json\" class=\"yoast-schema-graph\">{\"@context\":\"https:\\\/\\\/schema.org\",\"@graph\":[{\"@type\":\"Article\",\"@id\":\"https:\\\/\\\/www.btv.md\\\/ro\\\/acuzatie-copii-soldati-in-armata-germana\\\/#article\",\"isPartOf\":{\"@id\":\"https:\\\/\\\/www.btv.md\\\/ro\\\/acuzatie-copii-soldati-in-armata-germana\\\/\"},\"author\":{\"name\":\"admin\",\"@id\":\"https:\\\/\\\/www.btv.md\\\/#\\\/schema\\\/person\\\/8fadce81561b3ce2c34c46dadc4ccbf2\"},\"headline\":\"Acuza\u021bie: copii-solda\u021bi \u00een armata German\u0103\",\"datePublished\":\"2018-01-12T16:04:18+00:00\",\"dateModified\":\"2018-01-12T16:06:34+00:00\",\"mainEntityOfPage\":{\"@id\":\"https:\\\/\\\/www.btv.md\\\/ro\\\/acuzatie-copii-soldati-in-armata-germana\\\/\"},\"wordCount\":124,\"image\":{\"@id\":\"https:\\\/\\\/www.btv.md\\\/ro\\\/acuzatie-copii-soldati-in-armata-germana\\\/#primaryimage\"},\"thumbnailUrl\":\"https:\\\/\\\/www.btv.md\\\/wp-content\\\/uploads\\\/2018\\\/01\\\/flag_germanii.jpg\",\"articleSection\":[\"Externe\"],\"inLanguage\":\"ro-RO\"},{\"@type\":\"WebPage\",\"@id\":\"https:\\\/\\\/www.btv.md\\\/ro\\\/acuzatie-copii-soldati-in-armata-germana\\\/\",\"url\":\"https:\\\/\\\/www.btv.md\\\/ro\\\/acuzatie-copii-soldati-in-armata-germana\\\/\",\"name\":\"Acuza\u021bie: copii-solda\u021bi \u00een armata German\u0103\",\"isPartOf\":{\"@id\":\"https:\\\/\\\/www.btv.md\\\/#website\"},\"primaryImageOfPage\":{\"@id\":\"https:\\\/\\\/www.btv.md\\\/ro\\\/acuzatie-copii-soldati-in-armata-germana\\\/#primaryimage\"},\"image\":{\"@id\":\"https:\\\/\\\/www.btv.md\\\/ro\\\/acuzatie-copii-soldati-in-armata-germana\\\/#primaryimage\"},\"thumbnailUrl\":\"https:\\\/\\\/www.btv.md\\\/wp-content\\\/uploads\\\/2018\\\/01\\\/flag_germanii.jpg\",\"datePublished\":\"2018-01-12T16:04:18+00:00\",\"dateModified\":\"2018-01-12T16:06:34+00:00\",\"author\":{\"@id\":\"https:\\\/\\\/www.btv.md\\\/#\\\/schema\\\/person\\\/8fadce81561b3ce2c34c46dadc4ccbf2\"},\"description\":\"Armata german\u0103 recruteaz\u0103 tot mai mul\u0163i minori. Num\u0103rul tinerilor care se al\u0103tur\u0103 for\u0163elor armate ca voluntari s-a triplat \u00een ultimii \u015fase ani, relateaz\u0103 Deutsche Welle.\",\"inLanguage\":\"ro-RO\",\"potentialAction\":[{\"@type\":\"ReadAction\",\"target\":[\"https:\\\/\\\/www.btv.md\\\/ro\\\/acuzatie-copii-soldati-in-armata-germana\\\/\"]}]},{\"@type\":\"ImageObject\",\"inLanguage\":\"ro-RO\",\"@id\":\"https:\\\/\\\/www.btv.md\\\/ro\\\/acuzatie-copii-soldati-in-armata-germana\\\/#primaryimage\",\"url\":\"https:\\\/\\\/www.btv.md\\\/wp-content\\\/uploads\\\/2018\\\/01\\\/flag_germanii.jpg\",\"contentUrl\":\"https:\\\/\\\/www.btv.md\\\/wp-content\\\/uploads\\\/2018\\\/01\\\/flag_germanii.jpg\",\"width\":700,\"height\":500},{\"@type\":\"WebSite\",\"@id\":\"https:\\\/\\\/www.btv.md\\\/#website\",\"url\":\"https:\\\/\\\/www.btv.md\\\/\",\"name\":\"BTV\",\"description\":\"\u0411\u0435\u043b\u044c\u0446\u043a\u043e\u0435 \u0442\u0435\u043b\u0435\u0432\u0438\u0434\u0435\u043d\u0438\u0435\",\"potentialAction\":[{\"@type\":\"SearchAction\",\"target\":{\"@type\":\"EntryPoint\",\"urlTemplate\":\"https:\\\/\\\/www.btv.md\\\/?s={search_term_string}\"},\"query-input\":{\"@type\":\"PropertyValueSpecification\",\"valueRequired\":true,\"valueName\":\"search_term_string\"}}],\"inLanguage\":\"ro-RO\"},{\"@type\":\"Person\",\"@id\":\"https:\\\/\\\/www.btv.md\\\/#\\\/schema\\\/person\\\/8fadce81561b3ce2c34c46dadc4ccbf2\",\"name\":\"admin\"}]}<\/script>\n<!-- \/ Yoast SEO plugin. -->","yoast_head_json":{"title":"Acuza\u021bie: copii-solda\u021bi \u00een armata German\u0103","description":"Armata german\u0103 recruteaz\u0103 tot mai mul\u0163i minori. Num\u0103rul tinerilor care se al\u0103tur\u0103 for\u0163elor armate ca voluntari s-a triplat \u00een ultimii \u015fase ani, relateaz\u0103 Deutsche Welle.","robots":{"index":"index","follow":"follow","max-snippet":"max-snippet:-1","max-image-preview":"max-image-preview:large","max-video-preview":"max-video-preview:-1"},"canonical":"https:\/\/www.btv.md\/ro\/acuzatie-copii-soldati-in-armata-germana\/","og_locale":"ro_RO","og_type":"article","og_title":"Acuza\u021bie: copii-solda\u021bi \u00een armata German\u0103","og_description":"Armata german\u0103 recruteaz\u0103 tot mai mul\u0163i minori. Num\u0103rul tinerilor care se al\u0103tur\u0103 for\u0163elor armate ca voluntari s-a triplat \u00een ultimii \u015fase ani, relateaz\u0103 Deutsche Welle.","og_url":"https:\/\/www.btv.md\/ro\/acuzatie-copii-soldati-in-armata-germana\/","og_site_name":"BTV","article_publisher":"https:\/\/www.facebook.com\/btvmoldova\/","article_published_time":"2018-01-12T16:04:18+00:00","article_modified_time":"2018-01-12T16:06:34+00:00","og_image":[{"width":700,"height":500,"url":"https:\/\/www.btv.md\/wp-content\/uploads\/2018\/01\/flag_germanii.jpg","type":"image\/jpeg"}],"author":"admin","twitter_misc":{"Scris de":"admin","Timp estimat pentru citire":"1 minut"},"schema":{"@context":"https:\/\/schema.org","@graph":[{"@type":"Article","@id":"https:\/\/www.btv.md\/ro\/acuzatie-copii-soldati-in-armata-germana\/#article","isPartOf":{"@id":"https:\/\/www.btv.md\/ro\/acuzatie-copii-soldati-in-armata-germana\/"},"author":{"name":"admin","@id":"https:\/\/www.btv.md\/#\/schema\/person\/8fadce81561b3ce2c34c46dadc4ccbf2"},"headline":"Acuza\u021bie: copii-solda\u021bi \u00een armata German\u0103","datePublished":"2018-01-12T16:04:18+00:00","dateModified":"2018-01-12T16:06:34+00:00","mainEntityOfPage":{"@id":"https:\/\/www.btv.md\/ro\/acuzatie-copii-soldati-in-armata-germana\/"},"wordCount":124,"image":{"@id":"https:\/\/www.btv.md\/ro\/acuzatie-copii-soldati-in-armata-germana\/#primaryimage"},"thumbnailUrl":"https:\/\/www.btv.md\/wp-content\/uploads\/2018\/01\/flag_germanii.jpg","articleSection":["Externe"],"inLanguage":"ro-RO"},{"@type":"WebPage","@id":"https:\/\/www.btv.md\/ro\/acuzatie-copii-soldati-in-armata-germana\/","url":"https:\/\/www.btv.md\/ro\/acuzatie-copii-soldati-in-armata-germana\/","name":"Acuza\u021bie: copii-solda\u021bi \u00een armata German\u0103","isPartOf":{"@id":"https:\/\/www.btv.md\/#website"},"primaryImageOfPage":{"@id":"https:\/\/www.btv.md\/ro\/acuzatie-copii-soldati-in-armata-germana\/#primaryimage"},"image":{"@id":"https:\/\/www.btv.md\/ro\/acuzatie-copii-soldati-in-armata-germana\/#primaryimage"},"thumbnailUrl":"https:\/\/www.btv.md\/wp-content\/uploads\/2018\/01\/flag_germanii.jpg","datePublished":"2018-01-12T16:04:18+00:00","dateModified":"2018-01-12T16:06:34+00:00","author":{"@id":"https:\/\/www.btv.md\/#\/schema\/person\/8fadce81561b3ce2c34c46dadc4ccbf2"},"description":"Armata german\u0103 recruteaz\u0103 tot mai mul\u0163i minori. Num\u0103rul tinerilor care se al\u0103tur\u0103 for\u0163elor armate ca voluntari s-a triplat \u00een ultimii \u015fase ani, relateaz\u0103 Deutsche Welle.","inLanguage":"ro-RO","potentialAction":[{"@type":"ReadAction","target":["https:\/\/www.btv.md\/ro\/acuzatie-copii-soldati-in-armata-germana\/"]}]},{"@type":"ImageObject","inLanguage":"ro-RO","@id":"https:\/\/www.btv.md\/ro\/acuzatie-copii-soldati-in-armata-germana\/#primaryimage","url":"https:\/\/www.btv.md\/wp-content\/uploads\/2018\/01\/flag_germanii.jpg","contentUrl":"https:\/\/www.btv.md\/wp-content\/uploads\/2018\/01\/flag_germanii.jpg","width":700,"height":500},{"@type":"WebSite","@id":"https:\/\/www.btv.md\/#website","url":"https:\/\/www.btv.md\/","name":"BTV","description":"\u0411\u0435\u043b\u044c\u0446\u043a\u043e\u0435 \u0442\u0435\u043b\u0435\u0432\u0438\u0434\u0435\u043d\u0438\u0435","potentialAction":[{"@type":"SearchAction","target":{"@type":"EntryPoint","urlTemplate":"https:\/\/www.btv.md\/?s={search_term_string}"},"query-input":{"@type":"PropertyValueSpecification","valueRequired":true,"valueName":"search_term_string"}}],"inLanguage":"ro-RO"},{"@type":"Person","@id":"https:\/\/www.btv.md\/#\/schema\/person\/8fadce81561b3ce2c34c46dadc4ccbf2","name":"admin"}]}},"_links":{"self":[{"href":"https:\/\/www.btv.md\/ro\/wp-json\/wp\/v2\/posts\/39672","targetHints":{"allow":["GET"]}}],"collection":[{"href":"https:\/\/www.btv.md\/ro\/wp-json\/wp\/v2\/posts"}],"about":[{"href":"https:\/\/www.btv.md\/ro\/wp-json\/wp\/v2\/types\/post"}],"author":[{"embeddable":true,"href":"https:\/\/www.btv.md\/ro\/wp-json\/wp\/v2\/users\/4"}],"replies":[{"embeddable":true,"href":"https:\/\/www.btv.md\/ro\/wp-json\/wp\/v2\/comments?post=39672"}],"version-history":[{"count":0,"href":"https:\/\/www.btv.md\/ro\/wp-json\/wp\/v2\/posts\/39672\/revisions"}],"wp:featuredmedia":[{"embeddable":true,"href":"https:\/\/www.btv.md\/ro\/wp-json\/wp\/v2\/media\/39674"}],"wp:attachment":[{"href":"https:\/\/www.btv.md\/ro\/wp-json\/wp\/v2\/media?parent=39672"}],"wp:term":[{"taxonomy":"category","embeddable":true,"href":"https:\/\/www.btv.md\/ro\/wp-json\/wp\/v2\/categories?post=39672"},{"taxonomy":"post_tag","embeddable":true,"href":"https:\/\/www.btv.md\/ro\/wp-json\/wp\/v2\/tags?post=39672"}],"curies":[{"name":"wp","href":"https:\/\/api.w.org\/{rel}","templated":true}]}}