{"id":39680,"date":"2018-01-12T19:46:10","date_gmt":"2018-01-12T16:46:10","guid":{"rendered":"https:\/\/btv.md\/?p=39680"},"modified":"2018-01-12T19:46:10","modified_gmt":"2018-01-12T16:46:10","slug":"compania-oriflame-a-rasfatat-femeile-din-balti","status":"publish","type":"post","link":"https:\/\/www.btv.md\/ro\/compania-oriflame-a-rasfatat-femeile-din-balti\/","title":{"rendered":"Compania Oriflame a r\u0103sf\u0103\u021bat femeile din B\u0103l\u021bi"},"content":{"rendered":"<p><strong>Compania suedez\u0103 Oriflame \u00a0a organizat cel mai tare eveniment la B\u0103l\u0163i. Femeile din nordul \u0163\u0103rii au avut parte de un Anti-casting. Acesta a adunat aproape 100 de doamne \u015fi domni\u015foare, care s-au bucurat de machiaj profesional \u015fi \u015fedin\u0163\u0103 foto, absolut gratis.<\/strong><\/p>\n<p style=\"text-align: center;\"><iframe data-src=\"https:\/\/www.youtube.com\/embed\/veWEGmy1Aso\" width=\"854\" height=\"480\" frameborder=\"0\" allowfullscreen=\"allowfullscreen\" src=\"data:image\/svg+xml;base64,PHN2ZyB3aWR0aD0iMSIgaGVpZ2h0PSIxIiB4bWxucz0iaHR0cDovL3d3dy53My5vcmcvMjAwMC9zdmciPjwvc3ZnPg==\" class=\"lazyload\" data-load-mode=\"1\"><\/iframe><\/p>\n<blockquote>\n<p><strong>Aliona \u021aurcan, partener <\/strong><strong>O<\/strong><strong>riflame<\/strong><strong>:<\/strong> <em>\u201eToate femeile care au fost invitate ast\u0103zi aici vor intelege c\u00e2t sunt de fermec\u0103toare. Vor \u00eencerca produsele noastre de \u00eengrijire a tenului, cosmedica decorativ\u0103 \u015fi \u00een final vor avea parte de o fotosesie profisional\u0103 gratis. Sopul evenimentul este de a compara pozele \u00eenaine \u015fi dup\u0103. Realiz\u00e2nd asemenea activit\u0103\u0163i chiar \u00een oficiile noastre noi am \u00een\u0163eles c\u0103 fiecare femeie este unic\u0103 \u015fi individual\u0103 prin frumuse\u0163ea ei\u201d<\/em><\/p>\n<\/blockquote>\n<p>Gama larg\u0103 de produse Oriflame sunt testate clinic de peste 100 de oameni de \u015ftiin\u0163\u0103, conform celor mai noi tehnologii, \u00een propriul Centu de ceretare \u015fi dezvoltare.<\/p>\n<blockquote>\n<p><strong>Anastasia \u021aurcan, partener Oriflame<\/strong><strong>:<\/strong> <em>\u201eLa moment noi facem accent pe \u00eengrijirea tenului deoarece fiecare femeie dore\u015fte s\u0103 ar\u0103te bine, modern dar \u015fi cosmetic\u0103 decorativ\u0103 pentru a oferi o frumuse\u0163e natural\u0103 tenului pentru a corecta unele imperfec\u0163iuni dac\u0103\u00a0 sunt \u015fi a eveden\u0163ia punctele forte ale fe\u0163ei. Acum a ap\u0103rut pe pia\u0163a noastr\u0103 \u015fi promovat noul brand \u201eNovage\u201d care ese realizat \u00een baza noilor tehnologii. Au trecut testul de calitate. Au fost elaborate \u00een timp de 8 ani axate pe produse anti-rid pentru \u00eengrijirea\u00a0<\/em><em>pielii.\u201d<\/em><\/p>\n<\/blockquote>\n<p><em>\u00a0<\/em>\u00a0Femeiile\u00a0 apreciaz\u0103 calitatea \u00eenalt\u0103 a produselor Oriflame.<\/p>\n<blockquote>\n<p><em>\u00a0\u201eSigur folosesc \u00een toat\u0103 ziua \u015fi toat\u0103 familia mea folose\u015fte, fiicele, so\u0163ul. Calitatea este superb\u0103, naturale, gipoalergice.\u201d<\/em><\/p>\n<p><em>\u00a0\u201eDac\u0103 sincer eu \u00eenc\u0103 nu am folosit produsele Oriflame doar le-am testat dar este efect. Fa\u0163a mea a devenit u\u015foar\u0103, pl\u0103cut.\u201d<\/em><\/p>\n<p><em>\u00a0\u201e Vreau s\u0103 spun mul\u0163umesc tuturor domni\u015foarelor care s-au str\u0103duit s\u0103 ne fac\u0103 ast\u0103zi frumoase \u015fi ne-au prezentat produsele Oriflame \u015fi apropo sunt foarte bune, recomand chiar din prima, adic\u0103 nu m-am folosit niciodat\u0103 p\u00e2n\u0103 acum dar am vazut efectul pe fa\u0163\u0103 ast\u0103zi.\u201d<\/em><\/p>\n<\/blockquote>\n<p><em>\u00a0<\/em>Reprezentan\u0163ii Oriflame sunt bucuro\u015fi s\u0103 fac\u0103 parte din echipa companiei.<\/p>\n<blockquote>\n<p><em>\u201eDe 15 ani reprezent\u0103m compania Oriflame \u00een Republica Moldova.\u201d<\/em><\/p>\n<p><em>\u00a0\u201eEste o companie suedez\u0103 oficial-legal este deschis\u0103 \u00een 65 de \u0163\u0103ri ale lumii \u015fi de 50 de ani cu succes \u00ee\u015fi desf\u0103\u015foara activittea pe pia\u0163a interna\u0163ional\u0103.\u201d<\/em><\/p>\n<p><strong>Natalia Silivestrova, partener Oriflame:<\/strong><em> \u201eDatorit\u0103 companiei po\u0163i s\u0103 fii nu numai frumoas\u0103 dar po\u0163i s\u0103 faci \u015fi bani, \u015fi s\u0103 cal\u0103tore\u015fti.Datorit\u0103 companiei Oriflame am fost deja \u00een dou\u0103 \u0163\u0103ri.\u201d<\/em><\/p>\n<\/blockquote>\n<p><em>\u00a0<\/em>\u00cen prezent compania Oriflame num\u0103r\u0103 aproape \u00a04 milioane de consultan\u021bi \u00een \u00eentreaga lume, care genereaz\u0103 v\u00e2nz\u0103ri anuale de peste 1,5 miliarde de euro.<\/p>\n<p>Brandul suedez de cosmetice, care promoveaz\u0103\u00a0 frumuse\u021bea ca stil de via\u021b\u0103!<\/p>\n<p>&nbsp;<\/p>\n<p>Surs\u0103: btv.md<\/p>\n","protected":false},"excerpt":{"rendered":"<p>Compania suedez\u0103 Oriflame \u00a0a organizat cel mai tare eveniment la B\u0103l\u0163i. Femeile din nordul \u0163\u0103rii au avut parte de un Anti-casting. Acesta a adunat aproape 100 de doamne \u015fi domni\u015foare, care s-au bucurat de machiaj profesional \u015fi \u015fedin\u0163\u0103 foto, absolut gratis. Aliona \u021aurcan, partener Oriflame: \u201eToate femeile care au fost invitate ast\u0103zi aici vor intelege [&hellip;]<\/p>\n","protected":false},"author":4,"featured_media":39681,"comment_status":"closed","ping_status":"closed","sticky":false,"template":"","format":"standard","meta":{"footnotes":""},"categories":[8],"tags":[],"class_list":["post-39680","post","type-post","status-publish","format-standard","has-post-thumbnail","hentry","category-obshestvo"],"yoast_head":"<!-- This site is optimized with the Yoast SEO plugin v27.4 - https:\/\/yoast.com\/product\/yoast-seo-wordpress\/ -->\n<title>Compania Oriflame a r\u0103sf\u0103\u021bat femeile din B\u0103l\u021bi<\/title>\n<meta name=\"description\" content=\"Compania suedez\u0103 Oriflame \u00a0a organizat cel mai tare eveniment la B\u0103l\u0163i. Femeile din nordul \u0163\u0103rii au avut parte de un Anti-casting. Acesta a adunat aproape 100 de doamne \u015fi domni\u015foare, care s-au bucurat de machiaj profesional \u015fi \u015fedin\u0163\u0103 foto, absolut gratis.\" \/>\n<meta name=\"robots\" content=\"index, follow, max-snippet:-1, max-image-preview:large, max-video-preview:-1\" \/>\n<link rel=\"canonical\" href=\"https:\/\/www.btv.md\/ro\/compania-oriflame-a-rasfatat-femeile-din-balti\/\" \/>\n<meta property=\"og:locale\" content=\"ro_RO\" \/>\n<meta property=\"og:type\" content=\"article\" \/>\n<meta property=\"og:title\" content=\"Compania Oriflame a r\u0103sf\u0103\u021bat femeile din B\u0103l\u021bi\" \/>\n<meta property=\"og:description\" content=\"Compania suedez\u0103 Oriflame \u00a0a organizat cel mai tare eveniment la B\u0103l\u0163i. Femeile din nordul \u0163\u0103rii au avut parte de un Anti-casting. Acesta a adunat aproape 100 de doamne \u015fi domni\u015foare, care s-au bucurat de machiaj profesional \u015fi \u015fedin\u0163\u0103 foto, absolut gratis.\" \/>\n<meta property=\"og:url\" content=\"https:\/\/www.btv.md\/ro\/compania-oriflame-a-rasfatat-femeile-din-balti\/\" \/>\n<meta property=\"og:site_name\" content=\"BTV\" \/>\n<meta property=\"article:publisher\" content=\"https:\/\/www.facebook.com\/btvmoldova\/\" \/>\n<meta property=\"article:published_time\" content=\"2018-01-12T16:46:10+00:00\" \/>\n<meta property=\"og:image\" content=\"https:\/\/www.btv.md\/wp-content\/uploads\/2018\/01\/oriflame.jpg\" \/>\n\t<meta property=\"og:image:width\" content=\"700\" \/>\n\t<meta property=\"og:image:height\" content=\"500\" \/>\n\t<meta property=\"og:image:type\" content=\"image\/jpeg\" \/>\n<meta name=\"author\" content=\"admin\" \/>\n<meta name=\"twitter:label1\" content=\"Scris de\" \/>\n\t<meta name=\"twitter:data1\" content=\"admin\" \/>\n\t<meta name=\"twitter:label2\" content=\"Timp estimat pentru citire\" \/>\n\t<meta name=\"twitter:data2\" content=\"2 minute\" \/>\n<script type=\"application\/ld+json\" class=\"yoast-schema-graph\">{\"@context\":\"https:\\\/\\\/schema.org\",\"@graph\":[{\"@type\":\"Article\",\"@id\":\"https:\\\/\\\/www.btv.md\\\/ro\\\/compania-oriflame-a-rasfatat-femeile-din-balti\\\/#article\",\"isPartOf\":{\"@id\":\"https:\\\/\\\/www.btv.md\\\/ro\\\/compania-oriflame-a-rasfatat-femeile-din-balti\\\/\"},\"author\":{\"name\":\"admin\",\"@id\":\"https:\\\/\\\/www.btv.md\\\/#\\\/schema\\\/person\\\/8fadce81561b3ce2c34c46dadc4ccbf2\"},\"headline\":\"Compania Oriflame a r\u0103sf\u0103\u021bat femeile din B\u0103l\u021bi\",\"datePublished\":\"2018-01-12T16:46:10+00:00\",\"mainEntityOfPage\":{\"@id\":\"https:\\\/\\\/www.btv.md\\\/ro\\\/compania-oriflame-a-rasfatat-femeile-din-balti\\\/\"},\"wordCount\":468,\"image\":{\"@id\":\"https:\\\/\\\/www.btv.md\\\/ro\\\/compania-oriflame-a-rasfatat-femeile-din-balti\\\/#primaryimage\"},\"thumbnailUrl\":\"https:\\\/\\\/www.btv.md\\\/wp-content\\\/uploads\\\/2018\\\/01\\\/oriflame.jpg\",\"articleSection\":[\"\u041e\u0431\u0449\u0435\u0441\u0442\u0432\u043e\"],\"inLanguage\":\"ro-RO\"},{\"@type\":\"WebPage\",\"@id\":\"https:\\\/\\\/www.btv.md\\\/ro\\\/compania-oriflame-a-rasfatat-femeile-din-balti\\\/\",\"url\":\"https:\\\/\\\/www.btv.md\\\/ro\\\/compania-oriflame-a-rasfatat-femeile-din-balti\\\/\",\"name\":\"Compania Oriflame a r\u0103sf\u0103\u021bat femeile din B\u0103l\u021bi\",\"isPartOf\":{\"@id\":\"https:\\\/\\\/www.btv.md\\\/#website\"},\"primaryImageOfPage\":{\"@id\":\"https:\\\/\\\/www.btv.md\\\/ro\\\/compania-oriflame-a-rasfatat-femeile-din-balti\\\/#primaryimage\"},\"image\":{\"@id\":\"https:\\\/\\\/www.btv.md\\\/ro\\\/compania-oriflame-a-rasfatat-femeile-din-balti\\\/#primaryimage\"},\"thumbnailUrl\":\"https:\\\/\\\/www.btv.md\\\/wp-content\\\/uploads\\\/2018\\\/01\\\/oriflame.jpg\",\"datePublished\":\"2018-01-12T16:46:10+00:00\",\"author\":{\"@id\":\"https:\\\/\\\/www.btv.md\\\/#\\\/schema\\\/person\\\/8fadce81561b3ce2c34c46dadc4ccbf2\"},\"description\":\"Compania suedez\u0103 Oriflame \u00a0a organizat cel mai tare eveniment la B\u0103l\u0163i. Femeile din nordul \u0163\u0103rii au avut parte de un Anti-casting. Acesta a adunat aproape 100 de doamne \u015fi domni\u015foare, care s-au bucurat de machiaj profesional \u015fi \u015fedin\u0163\u0103 foto, absolut gratis.\",\"inLanguage\":\"ro-RO\",\"potentialAction\":[{\"@type\":\"ReadAction\",\"target\":[\"https:\\\/\\\/www.btv.md\\\/ro\\\/compania-oriflame-a-rasfatat-femeile-din-balti\\\/\"]}]},{\"@type\":\"ImageObject\",\"inLanguage\":\"ro-RO\",\"@id\":\"https:\\\/\\\/www.btv.md\\\/ro\\\/compania-oriflame-a-rasfatat-femeile-din-balti\\\/#primaryimage\",\"url\":\"https:\\\/\\\/www.btv.md\\\/wp-content\\\/uploads\\\/2018\\\/01\\\/oriflame.jpg\",\"contentUrl\":\"https:\\\/\\\/www.btv.md\\\/wp-content\\\/uploads\\\/2018\\\/01\\\/oriflame.jpg\",\"width\":700,\"height\":500},{\"@type\":\"WebSite\",\"@id\":\"https:\\\/\\\/www.btv.md\\\/#website\",\"url\":\"https:\\\/\\\/www.btv.md\\\/\",\"name\":\"BTV\",\"description\":\"\u0411\u0435\u043b\u044c\u0446\u043a\u043e\u0435 \u0442\u0435\u043b\u0435\u0432\u0438\u0434\u0435\u043d\u0438\u0435\",\"potentialAction\":[{\"@type\":\"SearchAction\",\"target\":{\"@type\":\"EntryPoint\",\"urlTemplate\":\"https:\\\/\\\/www.btv.md\\\/?s={search_term_string}\"},\"query-input\":{\"@type\":\"PropertyValueSpecification\",\"valueRequired\":true,\"valueName\":\"search_term_string\"}}],\"inLanguage\":\"ro-RO\"},{\"@type\":\"Person\",\"@id\":\"https:\\\/\\\/www.btv.md\\\/#\\\/schema\\\/person\\\/8fadce81561b3ce2c34c46dadc4ccbf2\",\"name\":\"admin\"}]}<\/script>\n<!-- \/ Yoast SEO plugin. -->","yoast_head_json":{"title":"Compania Oriflame a r\u0103sf\u0103\u021bat femeile din B\u0103l\u021bi","description":"Compania suedez\u0103 Oriflame \u00a0a organizat cel mai tare eveniment la B\u0103l\u0163i. Femeile din nordul \u0163\u0103rii au avut parte de un Anti-casting. Acesta a adunat aproape 100 de doamne \u015fi domni\u015foare, care s-au bucurat de machiaj profesional \u015fi \u015fedin\u0163\u0103 foto, absolut gratis.","robots":{"index":"index","follow":"follow","max-snippet":"max-snippet:-1","max-image-preview":"max-image-preview:large","max-video-preview":"max-video-preview:-1"},"canonical":"https:\/\/www.btv.md\/ro\/compania-oriflame-a-rasfatat-femeile-din-balti\/","og_locale":"ro_RO","og_type":"article","og_title":"Compania Oriflame a r\u0103sf\u0103\u021bat femeile din B\u0103l\u021bi","og_description":"Compania suedez\u0103 Oriflame \u00a0a organizat cel mai tare eveniment la B\u0103l\u0163i. Femeile din nordul \u0163\u0103rii au avut parte de un Anti-casting. Acesta a adunat aproape 100 de doamne \u015fi domni\u015foare, care s-au bucurat de machiaj profesional \u015fi \u015fedin\u0163\u0103 foto, absolut gratis.","og_url":"https:\/\/www.btv.md\/ro\/compania-oriflame-a-rasfatat-femeile-din-balti\/","og_site_name":"BTV","article_publisher":"https:\/\/www.facebook.com\/btvmoldova\/","article_published_time":"2018-01-12T16:46:10+00:00","og_image":[{"width":700,"height":500,"url":"https:\/\/www.btv.md\/wp-content\/uploads\/2018\/01\/oriflame.jpg","type":"image\/jpeg"}],"author":"admin","twitter_misc":{"Scris de":"admin","Timp estimat pentru citire":"2 minute"},"schema":{"@context":"https:\/\/schema.org","@graph":[{"@type":"Article","@id":"https:\/\/www.btv.md\/ro\/compania-oriflame-a-rasfatat-femeile-din-balti\/#article","isPartOf":{"@id":"https:\/\/www.btv.md\/ro\/compania-oriflame-a-rasfatat-femeile-din-balti\/"},"author":{"name":"admin","@id":"https:\/\/www.btv.md\/#\/schema\/person\/8fadce81561b3ce2c34c46dadc4ccbf2"},"headline":"Compania Oriflame a r\u0103sf\u0103\u021bat femeile din B\u0103l\u021bi","datePublished":"2018-01-12T16:46:10+00:00","mainEntityOfPage":{"@id":"https:\/\/www.btv.md\/ro\/compania-oriflame-a-rasfatat-femeile-din-balti\/"},"wordCount":468,"image":{"@id":"https:\/\/www.btv.md\/ro\/compania-oriflame-a-rasfatat-femeile-din-balti\/#primaryimage"},"thumbnailUrl":"https:\/\/www.btv.md\/wp-content\/uploads\/2018\/01\/oriflame.jpg","articleSection":["\u041e\u0431\u0449\u0435\u0441\u0442\u0432\u043e"],"inLanguage":"ro-RO"},{"@type":"WebPage","@id":"https:\/\/www.btv.md\/ro\/compania-oriflame-a-rasfatat-femeile-din-balti\/","url":"https:\/\/www.btv.md\/ro\/compania-oriflame-a-rasfatat-femeile-din-balti\/","name":"Compania Oriflame a r\u0103sf\u0103\u021bat femeile din B\u0103l\u021bi","isPartOf":{"@id":"https:\/\/www.btv.md\/#website"},"primaryImageOfPage":{"@id":"https:\/\/www.btv.md\/ro\/compania-oriflame-a-rasfatat-femeile-din-balti\/#primaryimage"},"image":{"@id":"https:\/\/www.btv.md\/ro\/compania-oriflame-a-rasfatat-femeile-din-balti\/#primaryimage"},"thumbnailUrl":"https:\/\/www.btv.md\/wp-content\/uploads\/2018\/01\/oriflame.jpg","datePublished":"2018-01-12T16:46:10+00:00","author":{"@id":"https:\/\/www.btv.md\/#\/schema\/person\/8fadce81561b3ce2c34c46dadc4ccbf2"},"description":"Compania suedez\u0103 Oriflame \u00a0a organizat cel mai tare eveniment la B\u0103l\u0163i. Femeile din nordul \u0163\u0103rii au avut parte de un Anti-casting. Acesta a adunat aproape 100 de doamne \u015fi domni\u015foare, care s-au bucurat de machiaj profesional \u015fi \u015fedin\u0163\u0103 foto, absolut gratis.","inLanguage":"ro-RO","potentialAction":[{"@type":"ReadAction","target":["https:\/\/www.btv.md\/ro\/compania-oriflame-a-rasfatat-femeile-din-balti\/"]}]},{"@type":"ImageObject","inLanguage":"ro-RO","@id":"https:\/\/www.btv.md\/ro\/compania-oriflame-a-rasfatat-femeile-din-balti\/#primaryimage","url":"https:\/\/www.btv.md\/wp-content\/uploads\/2018\/01\/oriflame.jpg","contentUrl":"https:\/\/www.btv.md\/wp-content\/uploads\/2018\/01\/oriflame.jpg","width":700,"height":500},{"@type":"WebSite","@id":"https:\/\/www.btv.md\/#website","url":"https:\/\/www.btv.md\/","name":"BTV","description":"\u0411\u0435\u043b\u044c\u0446\u043a\u043e\u0435 \u0442\u0435\u043b\u0435\u0432\u0438\u0434\u0435\u043d\u0438\u0435","potentialAction":[{"@type":"SearchAction","target":{"@type":"EntryPoint","urlTemplate":"https:\/\/www.btv.md\/?s={search_term_string}"},"query-input":{"@type":"PropertyValueSpecification","valueRequired":true,"valueName":"search_term_string"}}],"inLanguage":"ro-RO"},{"@type":"Person","@id":"https:\/\/www.btv.md\/#\/schema\/person\/8fadce81561b3ce2c34c46dadc4ccbf2","name":"admin"}]}},"_links":{"self":[{"href":"https:\/\/www.btv.md\/ro\/wp-json\/wp\/v2\/posts\/39680","targetHints":{"allow":["GET"]}}],"collection":[{"href":"https:\/\/www.btv.md\/ro\/wp-json\/wp\/v2\/posts"}],"about":[{"href":"https:\/\/www.btv.md\/ro\/wp-json\/wp\/v2\/types\/post"}],"author":[{"embeddable":true,"href":"https:\/\/www.btv.md\/ro\/wp-json\/wp\/v2\/users\/4"}],"replies":[{"embeddable":true,"href":"https:\/\/www.btv.md\/ro\/wp-json\/wp\/v2\/comments?post=39680"}],"version-history":[{"count":0,"href":"https:\/\/www.btv.md\/ro\/wp-json\/wp\/v2\/posts\/39680\/revisions"}],"wp:featuredmedia":[{"embeddable":true,"href":"https:\/\/www.btv.md\/ro\/wp-json\/wp\/v2\/media\/39681"}],"wp:attachment":[{"href":"https:\/\/www.btv.md\/ro\/wp-json\/wp\/v2\/media?parent=39680"}],"wp:term":[{"taxonomy":"category","embeddable":true,"href":"https:\/\/www.btv.md\/ro\/wp-json\/wp\/v2\/categories?post=39680"},{"taxonomy":"post_tag","embeddable":true,"href":"https:\/\/www.btv.md\/ro\/wp-json\/wp\/v2\/tags?post=39680"}],"curies":[{"name":"wp","href":"https:\/\/api.w.org\/{rel}","templated":true}]}}