{"id":39707,"date":"2018-01-13T18:50:09","date_gmt":"2018-01-13T15:50:09","guid":{"rendered":"https:\/\/btv.md\/?p=39707"},"modified":"2018-01-13T18:51:03","modified_gmt":"2018-01-13T15:51:03","slug":"perchezitii-cu-tenta-politica-la-balti","status":"publish","type":"post","link":"https:\/\/www.btv.md\/ro\/perchezitii-cu-tenta-politica-la-balti\/","title":{"rendered":"Perchezi\u021bii cu tent\u0103 politic\u0103 la B\u0103l\u021bi"},"content":{"rendered":"<p><strong>Anchetatorii Procuraturii Anticorup\u021bie \u0219i ofi\u021berii Fulger au efectuat perchezi\u021bii la o firm\u0103 controlat\u0103 de liderul frac\u021biunii Partidul Nostru din consiliul municipal B\u0103l\u021bi, Igor Basist\u00eei. Potrivit avocatului care a venit la fa\u021ba locului, Basist\u00eei figureaz\u0103 \u00eentr-un dosar penal intentat de Procuratura Anticorup\u021bie de la Chi\u0219in\u0103u.<\/strong><\/p>\n<p style=\"text-align: center;\"><iframe data-src=\"https:\/\/www.youtube.com\/embed\/UO-P_TuoQcs\" width=\"854\" height=\"480\" frameborder=\"0\" allowfullscreen=\"allowfullscreen\" src=\"data:image\/svg+xml;base64,PHN2ZyB3aWR0aD0iMSIgaGVpZ2h0PSIxIiB4bWxucz0iaHR0cDovL3d3dy53My5vcmcvMjAwMC9zdmciPjwvc3ZnPg==\" class=\"lazyload\" data-load-mode=\"1\"><\/iframe><\/p>\n<p>Unii formatori de opinie \u0219i reprezentan\u021bi ai partidelor de opozi\u021bie afirm\u0103 c\u0103 regimul lui Plahotniuc se teme referendumul \u00een sprijinul lui Renato Usat\u00eei. Cu aceast\u0103 ocazie sunt \u00eentreprinse astfel de ac\u021biuni de intimidarea a ale\u0219ilor locali. Consiliul municipal B\u0103l\u021bi a anun\u0163at despre desf\u0103\u0219urarea lui pe 3 ianuarie, iar miercuri s\u0103pt\u0103m\u00e2na viitoare, consilierii trebuie s\u0103 se \u00eentruneasc\u0103 pentru a determina data plebescitului.<\/p>\n<p>Amintim c\u0103, vineri la B\u0103l\u021bi \u00eentr-o vizit\u0103 s-a aflat \u0219eful adjunct al Inspectoratului General de Poli\u021bie, Gheorghe Cavcaliuc.\u00a0 Dup\u0103 vizitat acestuia \u00een capitala de nord, presiunile asupra consilierilor locali s-a intensificat.<\/p>\n","protected":false},"excerpt":{"rendered":"<p>Anchetatorii Procuraturii Anticorup\u021bie \u0219i ofi\u021berii Fulger au efectuat perchezi\u021bii la o firm\u0103 controlat\u0103 de liderul frac\u021biunii Partidul Nostru din consiliul municipal B\u0103l\u021bi, Igor Basist\u00eei. Potrivit avocatului care a venit la fa\u021ba locului, Basist\u00eei figureaz\u0103 \u00eentr-un dosar penal intentat de Procuratura Anticorup\u021bie de la Chi\u0219in\u0103u. Unii formatori de opinie \u0219i reprezentan\u021bi ai partidelor de opozi\u021bie afirm\u0103 [&hellip;]<\/p>\n","protected":false},"author":4,"featured_media":39710,"comment_status":"closed","ping_status":"closed","sticky":false,"template":"","format":"standard","meta":{"footnotes":""},"categories":[6353],"tags":[],"class_list":["post-39707","post","type-post","status-publish","format-standard","has-post-thumbnail","hentry","category-oras"],"yoast_head":"<!-- This site is optimized with the Yoast SEO plugin v27.4 - https:\/\/yoast.com\/product\/yoast-seo-wordpress\/ -->\n<title>Perchezi\u021bii cu tent\u0103 politic\u0103 la B\u0103l\u021bi<\/title>\n<meta name=\"description\" content=\"Anchetatorii Procuraturii Anticorup\u021bie \u0219i ofi\u021berii Fulger au efectuat perchezi\u021bii la o firm\u0103 controlat\u0103 de liderul frac\u021biunii Partidul Nostru din consiliul municipal B\u0103l\u021bi, Igor Basist\u00eei.\" \/>\n<meta name=\"robots\" content=\"index, follow, max-snippet:-1, max-image-preview:large, max-video-preview:-1\" \/>\n<link rel=\"canonical\" href=\"https:\/\/www.btv.md\/ro\/perchezitii-cu-tenta-politica-la-balti\/\" \/>\n<meta property=\"og:locale\" content=\"ro_RO\" \/>\n<meta property=\"og:type\" content=\"article\" \/>\n<meta property=\"og:title\" content=\"Perchezi\u021bii cu tent\u0103 politic\u0103 la B\u0103l\u021bi\" \/>\n<meta property=\"og:description\" content=\"Anchetatorii Procuraturii Anticorup\u021bie \u0219i ofi\u021berii Fulger au efectuat perchezi\u021bii la o firm\u0103 controlat\u0103 de liderul frac\u021biunii Partidul Nostru din consiliul municipal B\u0103l\u021bi, Igor Basist\u00eei. Potrivit avocatului care a venit la fa\u021ba locului, Basist\u00eei figureaz\u0103 \u00eentr-un dosar penal intentat de Procuratura Anticorup\u021bie de la Chi\u0219in\u0103u.\" \/>\n<meta property=\"og:url\" content=\"https:\/\/www.btv.md\/ro\/perchezitii-cu-tenta-politica-la-balti\/\" \/>\n<meta property=\"og:site_name\" content=\"BTV\" \/>\n<meta property=\"article:publisher\" content=\"https:\/\/www.facebook.com\/btvmoldova\/\" \/>\n<meta property=\"article:published_time\" content=\"2018-01-13T15:50:09+00:00\" \/>\n<meta property=\"article:modified_time\" content=\"2018-01-13T15:51:03+00:00\" \/>\n<meta property=\"og:image\" content=\"https:\/\/www.btv.md\/wp-content\/uploads\/2018\/01\/image2-2.jpg\" \/>\n\t<meta property=\"og:image:width\" content=\"700\" \/>\n\t<meta property=\"og:image:height\" content=\"500\" \/>\n\t<meta property=\"og:image:type\" content=\"image\/jpeg\" \/>\n<meta name=\"author\" content=\"admin\" \/>\n<meta name=\"twitter:label1\" content=\"Scris de\" \/>\n\t<meta name=\"twitter:data1\" content=\"admin\" \/>\n\t<meta name=\"twitter:label2\" content=\"Timp estimat pentru citire\" \/>\n\t<meta name=\"twitter:data2\" content=\"1 minut\" \/>\n<script type=\"application\/ld+json\" class=\"yoast-schema-graph\">{\"@context\":\"https:\\\/\\\/schema.org\",\"@graph\":[{\"@type\":\"Article\",\"@id\":\"https:\\\/\\\/www.btv.md\\\/ro\\\/perchezitii-cu-tenta-politica-la-balti\\\/#article\",\"isPartOf\":{\"@id\":\"https:\\\/\\\/www.btv.md\\\/ro\\\/perchezitii-cu-tenta-politica-la-balti\\\/\"},\"author\":{\"name\":\"admin\",\"@id\":\"https:\\\/\\\/www.btv.md\\\/#\\\/schema\\\/person\\\/8fadce81561b3ce2c34c46dadc4ccbf2\"},\"headline\":\"Perchezi\u021bii cu tent\u0103 politic\u0103 la B\u0103l\u021bi\",\"datePublished\":\"2018-01-13T15:50:09+00:00\",\"dateModified\":\"2018-01-13T15:51:03+00:00\",\"mainEntityOfPage\":{\"@id\":\"https:\\\/\\\/www.btv.md\\\/ro\\\/perchezitii-cu-tenta-politica-la-balti\\\/\"},\"wordCount\":171,\"image\":{\"@id\":\"https:\\\/\\\/www.btv.md\\\/ro\\\/perchezitii-cu-tenta-politica-la-balti\\\/#primaryimage\"},\"thumbnailUrl\":\"https:\\\/\\\/www.btv.md\\\/wp-content\\\/uploads\\\/2018\\\/01\\\/image2-2.jpg\",\"articleSection\":[\"Ora\u0219\"],\"inLanguage\":\"ro-RO\"},{\"@type\":\"WebPage\",\"@id\":\"https:\\\/\\\/www.btv.md\\\/ro\\\/perchezitii-cu-tenta-politica-la-balti\\\/\",\"url\":\"https:\\\/\\\/www.btv.md\\\/ro\\\/perchezitii-cu-tenta-politica-la-balti\\\/\",\"name\":\"Perchezi\u021bii cu tent\u0103 politic\u0103 la B\u0103l\u021bi\",\"isPartOf\":{\"@id\":\"https:\\\/\\\/www.btv.md\\\/#website\"},\"primaryImageOfPage\":{\"@id\":\"https:\\\/\\\/www.btv.md\\\/ro\\\/perchezitii-cu-tenta-politica-la-balti\\\/#primaryimage\"},\"image\":{\"@id\":\"https:\\\/\\\/www.btv.md\\\/ro\\\/perchezitii-cu-tenta-politica-la-balti\\\/#primaryimage\"},\"thumbnailUrl\":\"https:\\\/\\\/www.btv.md\\\/wp-content\\\/uploads\\\/2018\\\/01\\\/image2-2.jpg\",\"datePublished\":\"2018-01-13T15:50:09+00:00\",\"dateModified\":\"2018-01-13T15:51:03+00:00\",\"author\":{\"@id\":\"https:\\\/\\\/www.btv.md\\\/#\\\/schema\\\/person\\\/8fadce81561b3ce2c34c46dadc4ccbf2\"},\"description\":\"Anchetatorii Procuraturii Anticorup\u021bie \u0219i ofi\u021berii Fulger au efectuat perchezi\u021bii la o firm\u0103 controlat\u0103 de liderul frac\u021biunii Partidul Nostru din consiliul municipal B\u0103l\u021bi, Igor Basist\u00eei.\",\"inLanguage\":\"ro-RO\",\"potentialAction\":[{\"@type\":\"ReadAction\",\"target\":[\"https:\\\/\\\/www.btv.md\\\/ro\\\/perchezitii-cu-tenta-politica-la-balti\\\/\"]}]},{\"@type\":\"ImageObject\",\"inLanguage\":\"ro-RO\",\"@id\":\"https:\\\/\\\/www.btv.md\\\/ro\\\/perchezitii-cu-tenta-politica-la-balti\\\/#primaryimage\",\"url\":\"https:\\\/\\\/www.btv.md\\\/wp-content\\\/uploads\\\/2018\\\/01\\\/image2-2.jpg\",\"contentUrl\":\"https:\\\/\\\/www.btv.md\\\/wp-content\\\/uploads\\\/2018\\\/01\\\/image2-2.jpg\",\"width\":700,\"height\":500},{\"@type\":\"WebSite\",\"@id\":\"https:\\\/\\\/www.btv.md\\\/#website\",\"url\":\"https:\\\/\\\/www.btv.md\\\/\",\"name\":\"BTV\",\"description\":\"\u0411\u0435\u043b\u044c\u0446\u043a\u043e\u0435 \u0442\u0435\u043b\u0435\u0432\u0438\u0434\u0435\u043d\u0438\u0435\",\"potentialAction\":[{\"@type\":\"SearchAction\",\"target\":{\"@type\":\"EntryPoint\",\"urlTemplate\":\"https:\\\/\\\/www.btv.md\\\/?s={search_term_string}\"},\"query-input\":{\"@type\":\"PropertyValueSpecification\",\"valueRequired\":true,\"valueName\":\"search_term_string\"}}],\"inLanguage\":\"ro-RO\"},{\"@type\":\"Person\",\"@id\":\"https:\\\/\\\/www.btv.md\\\/#\\\/schema\\\/person\\\/8fadce81561b3ce2c34c46dadc4ccbf2\",\"name\":\"admin\"}]}<\/script>\n<!-- \/ Yoast SEO plugin. -->","yoast_head_json":{"title":"Perchezi\u021bii cu tent\u0103 politic\u0103 la B\u0103l\u021bi","description":"Anchetatorii Procuraturii Anticorup\u021bie \u0219i ofi\u021berii Fulger au efectuat perchezi\u021bii la o firm\u0103 controlat\u0103 de liderul frac\u021biunii Partidul Nostru din consiliul municipal B\u0103l\u021bi, Igor Basist\u00eei.","robots":{"index":"index","follow":"follow","max-snippet":"max-snippet:-1","max-image-preview":"max-image-preview:large","max-video-preview":"max-video-preview:-1"},"canonical":"https:\/\/www.btv.md\/ro\/perchezitii-cu-tenta-politica-la-balti\/","og_locale":"ro_RO","og_type":"article","og_title":"Perchezi\u021bii cu tent\u0103 politic\u0103 la B\u0103l\u021bi","og_description":"Anchetatorii Procuraturii Anticorup\u021bie \u0219i ofi\u021berii Fulger au efectuat perchezi\u021bii la o firm\u0103 controlat\u0103 de liderul frac\u021biunii Partidul Nostru din consiliul municipal B\u0103l\u021bi, Igor Basist\u00eei. Potrivit avocatului care a venit la fa\u021ba locului, Basist\u00eei figureaz\u0103 \u00eentr-un dosar penal intentat de Procuratura Anticorup\u021bie de la Chi\u0219in\u0103u.","og_url":"https:\/\/www.btv.md\/ro\/perchezitii-cu-tenta-politica-la-balti\/","og_site_name":"BTV","article_publisher":"https:\/\/www.facebook.com\/btvmoldova\/","article_published_time":"2018-01-13T15:50:09+00:00","article_modified_time":"2018-01-13T15:51:03+00:00","og_image":[{"width":700,"height":500,"url":"https:\/\/www.btv.md\/wp-content\/uploads\/2018\/01\/image2-2.jpg","type":"image\/jpeg"}],"author":"admin","twitter_misc":{"Scris de":"admin","Timp estimat pentru citire":"1 minut"},"schema":{"@context":"https:\/\/schema.org","@graph":[{"@type":"Article","@id":"https:\/\/www.btv.md\/ro\/perchezitii-cu-tenta-politica-la-balti\/#article","isPartOf":{"@id":"https:\/\/www.btv.md\/ro\/perchezitii-cu-tenta-politica-la-balti\/"},"author":{"name":"admin","@id":"https:\/\/www.btv.md\/#\/schema\/person\/8fadce81561b3ce2c34c46dadc4ccbf2"},"headline":"Perchezi\u021bii cu tent\u0103 politic\u0103 la B\u0103l\u021bi","datePublished":"2018-01-13T15:50:09+00:00","dateModified":"2018-01-13T15:51:03+00:00","mainEntityOfPage":{"@id":"https:\/\/www.btv.md\/ro\/perchezitii-cu-tenta-politica-la-balti\/"},"wordCount":171,"image":{"@id":"https:\/\/www.btv.md\/ro\/perchezitii-cu-tenta-politica-la-balti\/#primaryimage"},"thumbnailUrl":"https:\/\/www.btv.md\/wp-content\/uploads\/2018\/01\/image2-2.jpg","articleSection":["Ora\u0219"],"inLanguage":"ro-RO"},{"@type":"WebPage","@id":"https:\/\/www.btv.md\/ro\/perchezitii-cu-tenta-politica-la-balti\/","url":"https:\/\/www.btv.md\/ro\/perchezitii-cu-tenta-politica-la-balti\/","name":"Perchezi\u021bii cu tent\u0103 politic\u0103 la B\u0103l\u021bi","isPartOf":{"@id":"https:\/\/www.btv.md\/#website"},"primaryImageOfPage":{"@id":"https:\/\/www.btv.md\/ro\/perchezitii-cu-tenta-politica-la-balti\/#primaryimage"},"image":{"@id":"https:\/\/www.btv.md\/ro\/perchezitii-cu-tenta-politica-la-balti\/#primaryimage"},"thumbnailUrl":"https:\/\/www.btv.md\/wp-content\/uploads\/2018\/01\/image2-2.jpg","datePublished":"2018-01-13T15:50:09+00:00","dateModified":"2018-01-13T15:51:03+00:00","author":{"@id":"https:\/\/www.btv.md\/#\/schema\/person\/8fadce81561b3ce2c34c46dadc4ccbf2"},"description":"Anchetatorii Procuraturii Anticorup\u021bie \u0219i ofi\u021berii Fulger au efectuat perchezi\u021bii la o firm\u0103 controlat\u0103 de liderul frac\u021biunii Partidul Nostru din consiliul municipal B\u0103l\u021bi, Igor Basist\u00eei.","inLanguage":"ro-RO","potentialAction":[{"@type":"ReadAction","target":["https:\/\/www.btv.md\/ro\/perchezitii-cu-tenta-politica-la-balti\/"]}]},{"@type":"ImageObject","inLanguage":"ro-RO","@id":"https:\/\/www.btv.md\/ro\/perchezitii-cu-tenta-politica-la-balti\/#primaryimage","url":"https:\/\/www.btv.md\/wp-content\/uploads\/2018\/01\/image2-2.jpg","contentUrl":"https:\/\/www.btv.md\/wp-content\/uploads\/2018\/01\/image2-2.jpg","width":700,"height":500},{"@type":"WebSite","@id":"https:\/\/www.btv.md\/#website","url":"https:\/\/www.btv.md\/","name":"BTV","description":"\u0411\u0435\u043b\u044c\u0446\u043a\u043e\u0435 \u0442\u0435\u043b\u0435\u0432\u0438\u0434\u0435\u043d\u0438\u0435","potentialAction":[{"@type":"SearchAction","target":{"@type":"EntryPoint","urlTemplate":"https:\/\/www.btv.md\/?s={search_term_string}"},"query-input":{"@type":"PropertyValueSpecification","valueRequired":true,"valueName":"search_term_string"}}],"inLanguage":"ro-RO"},{"@type":"Person","@id":"https:\/\/www.btv.md\/#\/schema\/person\/8fadce81561b3ce2c34c46dadc4ccbf2","name":"admin"}]}},"_links":{"self":[{"href":"https:\/\/www.btv.md\/ro\/wp-json\/wp\/v2\/posts\/39707","targetHints":{"allow":["GET"]}}],"collection":[{"href":"https:\/\/www.btv.md\/ro\/wp-json\/wp\/v2\/posts"}],"about":[{"href":"https:\/\/www.btv.md\/ro\/wp-json\/wp\/v2\/types\/post"}],"author":[{"embeddable":true,"href":"https:\/\/www.btv.md\/ro\/wp-json\/wp\/v2\/users\/4"}],"replies":[{"embeddable":true,"href":"https:\/\/www.btv.md\/ro\/wp-json\/wp\/v2\/comments?post=39707"}],"version-history":[{"count":0,"href":"https:\/\/www.btv.md\/ro\/wp-json\/wp\/v2\/posts\/39707\/revisions"}],"wp:featuredmedia":[{"embeddable":true,"href":"https:\/\/www.btv.md\/ro\/wp-json\/wp\/v2\/media\/39710"}],"wp:attachment":[{"href":"https:\/\/www.btv.md\/ro\/wp-json\/wp\/v2\/media?parent=39707"}],"wp:term":[{"taxonomy":"category","embeddable":true,"href":"https:\/\/www.btv.md\/ro\/wp-json\/wp\/v2\/categories?post=39707"},{"taxonomy":"post_tag","embeddable":true,"href":"https:\/\/www.btv.md\/ro\/wp-json\/wp\/v2\/tags?post=39707"}],"curies":[{"name":"wp","href":"https:\/\/api.w.org\/{rel}","templated":true}]}}