{"id":39762,"date":"2018-01-15T20:39:34","date_gmt":"2018-01-15T17:39:34","guid":{"rendered":"https:\/\/btv.md\/?p=39762"},"modified":"2018-01-15T20:39:34","modified_gmt":"2018-01-15T17:39:34","slug":"mihai-eminescu-omagiat-la-balti","status":"publish","type":"post","link":"https:\/\/www.btv.md\/ro\/mihai-eminescu-omagiat-la-balti\/","title":{"rendered":"Mihai Eminescu, omagiat la B\u0103l\u021bi"},"content":{"rendered":"<p><strong>S-au \u00eemplinit 168 de ani de la na\u015fterea marelui poet, prozator, dramaturg \u015fi jurnalist, Mihai Eminescu, considerat drept cea mai important\u0103 voce poetic\u0103 din literatura rom\u00e2n\u0103.<\/strong><br \/>\n <strong> De 4 ani, \u00een Republica Moldova, pe 15 ianuarie, ziua \u00een care s-a n\u0103scut poetul Mihaie Eminescu, este marcat\u0103 \u0219i Ziua Culturii Na\u021bionale. Cu acest prilej, la Aleea Clasicilor din B\u0103l\u021bi au fost depuse flori.<\/strong><\/p>\n<p style=\"text-align: center;\"><iframe data-src=\"https:\/\/www.youtube.com\/embed\/PwGByFo5tHQ\" width=\"854\" height=\"480\" frameborder=\"0\" allowfullscreen=\"allowfullscreen\" src=\"data:image\/svg+xml;base64,PHN2ZyB3aWR0aD0iMSIgaGVpZ2h0PSIxIiB4bWxucz0iaHR0cDovL3d3dy53My5vcmcvMjAwMC9zdmciPjwvc3ZnPg==\" class=\"lazyload\" data-load-mode=\"1\"><\/iframe><\/p>\n<p>\u00a0Printre cele mai cunoscute poezii ale lui Mihai Eminescu amintim \u201eSomnoroase p\u0103s\u0103rele\u201d, \u201eFloare albastr\u0103\u201d, \u201eLuceaf\u0103rul\u201d, \u201eScrisoarea I\u201d \u201eScrisoarea II\u201d, \u201eScrisoarea III\u201d, \u201eScrisoarea IV\u201d, \u201eLacul\u201d, \u201eRevedere\u201d, \u201ePe l\u00e2ng\u0103 plopii f\u0103r\u0103 so\u021b\u201d, dar \u0219i altele.<\/p>\n<p>Lidia Noroc &#8211; P\u00e2nzaru artista emerit\u0103 a RM:<\/p>\n<blockquote>\n<p>\u201e- Ce te legeni, codrule,<\/p>\n<p>F\u0103r\u0103 ploaie, f\u0103r\u0103 v\u00e2nt,<\/p>\n<p>Cu crengile la p\u0103m\u00e2nt?<\/p>\n<p>&#8211; De ce nu m-a\u015f leg\u0103na,<\/p>\n<p>Dac\u0103 trece vremea mea!\u201d<\/p>\n<\/blockquote>\n<p>&nbsp;<\/p>\n<blockquote>\n<p>\u201eA fost o personalitate \u00eensemnat\u0103 pentru noi. \u00cei iubim \u0219i azi poezia.\u201d<\/p>\n<p>\u201eEste poezia noastr\u0103, este neamul nostru, este cultura noastr\u0103.<\/p>\n<p>Nu credeam s\u0103-nv\u0103\u0163 a muri vrodat\u0103;<br \/>\n Pururi t\u00e2n\u0103r, \u00eenf\u0103\u015furat \u00een manta-mi,<br \/>\n C\u00e2nd deodat\u0103 tu r\u0103s\u0103ri\u015fi \u00een cale-mi,<br \/>\n Suferin\u0163\u0103 tu, dureros de dulce&#8230;\u201d<\/p>\n<\/blockquote>\n<p>Poetul a fost activ \u00een societatea Junimea \u015fi a lucrat ca redactor la Timpul. A publicat primul s\u0103u poem la v\u00e2rsta de 16 ani.<\/p>\n<blockquote>\n<p>Ludmila Rotaru : \u201eMihai Eminescu este luceaf\u0103rul poeziei rom\u00e2ne\u0219ti care str\u0103luce\u0219te deasupra noastr\u0103, cu poeziile, cu poemele care ne-au dus faima.\u201d<\/p>\n<p>\u201eEminsecu este cel mai \u00eenalt tezaur. Cum se spunea \u00een poezia Veronic\u0103i, e un v\u00e2rf al piramidei pentru noi, dar \u0219i pentru \u00eentreg globul p\u0103m\u00e2ntesc.\u201d<\/p>\n<\/blockquote>\n<p>\n Mihai Eminescu s-a n\u0103scut la 15 ianuarie 1850 la Boto\u0219ani \u0219i s-a stins la 15 iunie 1889, la 39 de ani, la Bucure\u015fti. La 17 iunie a fost \u00eenmorm\u00e2ntat la umbra unui tei din cimitirul Bellu.<\/p>\n<p>&nbsp;<\/p>\n","protected":false},"excerpt":{"rendered":"<p>S-au \u00eemplinit 168 de ani de la na\u015fterea marelui poet, prozator, dramaturg \u015fi jurnalist, Mihai Eminescu, considerat drept cea mai important\u0103 voce poetic\u0103 din literatura rom\u00e2n\u0103. De 4 ani, \u00een Republica Moldova, pe 15 ianuarie, ziua \u00een care s-a n\u0103scut poetul Mihaie Eminescu, este marcat\u0103 \u0219i Ziua Culturii Na\u021bionale. Cu acest prilej, la Aleea Clasicilor [&hellip;]<\/p>\n","protected":false},"author":4,"featured_media":39763,"comment_status":"closed","ping_status":"closed","sticky":false,"template":"","format":"standard","meta":{"footnotes":""},"categories":[6353],"tags":[],"class_list":["post-39762","post","type-post","status-publish","format-standard","has-post-thumbnail","hentry","category-oras"],"yoast_head":"<!-- This site is optimized with the Yoast SEO plugin v27.4 - https:\/\/yoast.com\/product\/yoast-seo-wordpress\/ -->\n<title>Mihai Eminescu, omagiat la B\u0103l\u021bi<\/title>\n<meta name=\"description\" content=\"S-au \u00eemplinit 168 de ani de la na\u015fterea marelui poet, prozator, dramaturg \u015fi jurnalist, Mihai Eminescu, considerat drept cea mai important\u0103 voce poetic\u0103 din literatura rom\u00e2n\u0103. De 4 ani, \u00een Republica Moldova, pe 15 ianuarie, ziua \u00een care s-a n\u0103scut poetul Mihaie Eminescu, este marcat\u0103 \u0219i Ziua Culturii Na\u021bionale.\" \/>\n<meta name=\"robots\" content=\"index, follow, max-snippet:-1, max-image-preview:large, max-video-preview:-1\" \/>\n<link rel=\"canonical\" href=\"https:\/\/www.btv.md\/ro\/mihai-eminescu-omagiat-la-balti\/\" \/>\n<meta property=\"og:locale\" content=\"ro_RO\" \/>\n<meta property=\"og:type\" content=\"article\" \/>\n<meta property=\"og:title\" content=\"Mihai Eminescu, omagiat la B\u0103l\u021bi\" \/>\n<meta property=\"og:description\" content=\"S-au \u00eemplinit 168 de ani de la na\u015fterea marelui poet, prozator, dramaturg \u015fi jurnalist, Mihai Eminescu, considerat drept cea mai important\u0103 voce poetic\u0103 din literatura rom\u00e2n\u0103. De 4 ani, \u00een Republica Moldova, pe 15 ianuarie, ziua \u00een care s-a n\u0103scut poetul Mihaie Eminescu, este marcat\u0103 \u0219i Ziua Culturii Na\u021bionale.\" \/>\n<meta property=\"og:url\" content=\"https:\/\/www.btv.md\/ro\/mihai-eminescu-omagiat-la-balti\/\" \/>\n<meta property=\"og:site_name\" content=\"BTV\" \/>\n<meta property=\"article:publisher\" content=\"https:\/\/www.facebook.com\/btvmoldova\/\" \/>\n<meta property=\"article:published_time\" content=\"2018-01-15T17:39:34+00:00\" \/>\n<meta property=\"og:image\" content=\"https:\/\/www.btv.md\/wp-content\/uploads\/2018\/01\/eminescu.jpg\" \/>\n\t<meta property=\"og:image:width\" content=\"700\" \/>\n\t<meta property=\"og:image:height\" content=\"500\" \/>\n\t<meta property=\"og:image:type\" content=\"image\/jpeg\" \/>\n<meta name=\"author\" content=\"admin\" \/>\n<meta name=\"twitter:label1\" content=\"Scris de\" \/>\n\t<meta name=\"twitter:data1\" content=\"admin\" \/>\n\t<meta name=\"twitter:label2\" content=\"Timp estimat pentru citire\" \/>\n\t<meta name=\"twitter:data2\" content=\"2 minute\" \/>\n<script type=\"application\/ld+json\" class=\"yoast-schema-graph\">{\"@context\":\"https:\\\/\\\/schema.org\",\"@graph\":[{\"@type\":\"Article\",\"@id\":\"https:\\\/\\\/www.btv.md\\\/ro\\\/mihai-eminescu-omagiat-la-balti\\\/#article\",\"isPartOf\":{\"@id\":\"https:\\\/\\\/www.btv.md\\\/ro\\\/mihai-eminescu-omagiat-la-balti\\\/\"},\"author\":{\"name\":\"admin\",\"@id\":\"https:\\\/\\\/www.btv.md\\\/#\\\/schema\\\/person\\\/8fadce81561b3ce2c34c46dadc4ccbf2\"},\"headline\":\"Mihai Eminescu, omagiat la B\u0103l\u021bi\",\"datePublished\":\"2018-01-15T17:39:34+00:00\",\"mainEntityOfPage\":{\"@id\":\"https:\\\/\\\/www.btv.md\\\/ro\\\/mihai-eminescu-omagiat-la-balti\\\/\"},\"wordCount\":313,\"image\":{\"@id\":\"https:\\\/\\\/www.btv.md\\\/ro\\\/mihai-eminescu-omagiat-la-balti\\\/#primaryimage\"},\"thumbnailUrl\":\"https:\\\/\\\/www.btv.md\\\/wp-content\\\/uploads\\\/2018\\\/01\\\/eminescu.jpg\",\"articleSection\":[\"Ora\u0219\"],\"inLanguage\":\"ro-RO\"},{\"@type\":\"WebPage\",\"@id\":\"https:\\\/\\\/www.btv.md\\\/ro\\\/mihai-eminescu-omagiat-la-balti\\\/\",\"url\":\"https:\\\/\\\/www.btv.md\\\/ro\\\/mihai-eminescu-omagiat-la-balti\\\/\",\"name\":\"Mihai Eminescu, omagiat la B\u0103l\u021bi\",\"isPartOf\":{\"@id\":\"https:\\\/\\\/www.btv.md\\\/#website\"},\"primaryImageOfPage\":{\"@id\":\"https:\\\/\\\/www.btv.md\\\/ro\\\/mihai-eminescu-omagiat-la-balti\\\/#primaryimage\"},\"image\":{\"@id\":\"https:\\\/\\\/www.btv.md\\\/ro\\\/mihai-eminescu-omagiat-la-balti\\\/#primaryimage\"},\"thumbnailUrl\":\"https:\\\/\\\/www.btv.md\\\/wp-content\\\/uploads\\\/2018\\\/01\\\/eminescu.jpg\",\"datePublished\":\"2018-01-15T17:39:34+00:00\",\"author\":{\"@id\":\"https:\\\/\\\/www.btv.md\\\/#\\\/schema\\\/person\\\/8fadce81561b3ce2c34c46dadc4ccbf2\"},\"description\":\"S-au \u00eemplinit 168 de ani de la na\u015fterea marelui poet, prozator, dramaturg \u015fi jurnalist, Mihai Eminescu, considerat drept cea mai important\u0103 voce poetic\u0103 din literatura rom\u00e2n\u0103. De 4 ani, \u00een Republica Moldova, pe 15 ianuarie, ziua \u00een care s-a n\u0103scut poetul Mihaie Eminescu, este marcat\u0103 \u0219i Ziua Culturii Na\u021bionale.\",\"inLanguage\":\"ro-RO\",\"potentialAction\":[{\"@type\":\"ReadAction\",\"target\":[\"https:\\\/\\\/www.btv.md\\\/ro\\\/mihai-eminescu-omagiat-la-balti\\\/\"]}]},{\"@type\":\"ImageObject\",\"inLanguage\":\"ro-RO\",\"@id\":\"https:\\\/\\\/www.btv.md\\\/ro\\\/mihai-eminescu-omagiat-la-balti\\\/#primaryimage\",\"url\":\"https:\\\/\\\/www.btv.md\\\/wp-content\\\/uploads\\\/2018\\\/01\\\/eminescu.jpg\",\"contentUrl\":\"https:\\\/\\\/www.btv.md\\\/wp-content\\\/uploads\\\/2018\\\/01\\\/eminescu.jpg\",\"width\":700,\"height\":500},{\"@type\":\"WebSite\",\"@id\":\"https:\\\/\\\/www.btv.md\\\/#website\",\"url\":\"https:\\\/\\\/www.btv.md\\\/\",\"name\":\"BTV\",\"description\":\"\u0411\u0435\u043b\u044c\u0446\u043a\u043e\u0435 \u0442\u0435\u043b\u0435\u0432\u0438\u0434\u0435\u043d\u0438\u0435\",\"potentialAction\":[{\"@type\":\"SearchAction\",\"target\":{\"@type\":\"EntryPoint\",\"urlTemplate\":\"https:\\\/\\\/www.btv.md\\\/?s={search_term_string}\"},\"query-input\":{\"@type\":\"PropertyValueSpecification\",\"valueRequired\":true,\"valueName\":\"search_term_string\"}}],\"inLanguage\":\"ro-RO\"},{\"@type\":\"Person\",\"@id\":\"https:\\\/\\\/www.btv.md\\\/#\\\/schema\\\/person\\\/8fadce81561b3ce2c34c46dadc4ccbf2\",\"name\":\"admin\"}]}<\/script>\n<!-- \/ Yoast SEO plugin. -->","yoast_head_json":{"title":"Mihai Eminescu, omagiat la B\u0103l\u021bi","description":"S-au \u00eemplinit 168 de ani de la na\u015fterea marelui poet, prozator, dramaturg \u015fi jurnalist, Mihai Eminescu, considerat drept cea mai important\u0103 voce poetic\u0103 din literatura rom\u00e2n\u0103. De 4 ani, \u00een Republica Moldova, pe 15 ianuarie, ziua \u00een care s-a n\u0103scut poetul Mihaie Eminescu, este marcat\u0103 \u0219i Ziua Culturii Na\u021bionale.","robots":{"index":"index","follow":"follow","max-snippet":"max-snippet:-1","max-image-preview":"max-image-preview:large","max-video-preview":"max-video-preview:-1"},"canonical":"https:\/\/www.btv.md\/ro\/mihai-eminescu-omagiat-la-balti\/","og_locale":"ro_RO","og_type":"article","og_title":"Mihai Eminescu, omagiat la B\u0103l\u021bi","og_description":"S-au \u00eemplinit 168 de ani de la na\u015fterea marelui poet, prozator, dramaturg \u015fi jurnalist, Mihai Eminescu, considerat drept cea mai important\u0103 voce poetic\u0103 din literatura rom\u00e2n\u0103. De 4 ani, \u00een Republica Moldova, pe 15 ianuarie, ziua \u00een care s-a n\u0103scut poetul Mihaie Eminescu, este marcat\u0103 \u0219i Ziua Culturii Na\u021bionale.","og_url":"https:\/\/www.btv.md\/ro\/mihai-eminescu-omagiat-la-balti\/","og_site_name":"BTV","article_publisher":"https:\/\/www.facebook.com\/btvmoldova\/","article_published_time":"2018-01-15T17:39:34+00:00","og_image":[{"width":700,"height":500,"url":"https:\/\/www.btv.md\/wp-content\/uploads\/2018\/01\/eminescu.jpg","type":"image\/jpeg"}],"author":"admin","twitter_misc":{"Scris de":"admin","Timp estimat pentru citire":"2 minute"},"schema":{"@context":"https:\/\/schema.org","@graph":[{"@type":"Article","@id":"https:\/\/www.btv.md\/ro\/mihai-eminescu-omagiat-la-balti\/#article","isPartOf":{"@id":"https:\/\/www.btv.md\/ro\/mihai-eminescu-omagiat-la-balti\/"},"author":{"name":"admin","@id":"https:\/\/www.btv.md\/#\/schema\/person\/8fadce81561b3ce2c34c46dadc4ccbf2"},"headline":"Mihai Eminescu, omagiat la B\u0103l\u021bi","datePublished":"2018-01-15T17:39:34+00:00","mainEntityOfPage":{"@id":"https:\/\/www.btv.md\/ro\/mihai-eminescu-omagiat-la-balti\/"},"wordCount":313,"image":{"@id":"https:\/\/www.btv.md\/ro\/mihai-eminescu-omagiat-la-balti\/#primaryimage"},"thumbnailUrl":"https:\/\/www.btv.md\/wp-content\/uploads\/2018\/01\/eminescu.jpg","articleSection":["Ora\u0219"],"inLanguage":"ro-RO"},{"@type":"WebPage","@id":"https:\/\/www.btv.md\/ro\/mihai-eminescu-omagiat-la-balti\/","url":"https:\/\/www.btv.md\/ro\/mihai-eminescu-omagiat-la-balti\/","name":"Mihai Eminescu, omagiat la B\u0103l\u021bi","isPartOf":{"@id":"https:\/\/www.btv.md\/#website"},"primaryImageOfPage":{"@id":"https:\/\/www.btv.md\/ro\/mihai-eminescu-omagiat-la-balti\/#primaryimage"},"image":{"@id":"https:\/\/www.btv.md\/ro\/mihai-eminescu-omagiat-la-balti\/#primaryimage"},"thumbnailUrl":"https:\/\/www.btv.md\/wp-content\/uploads\/2018\/01\/eminescu.jpg","datePublished":"2018-01-15T17:39:34+00:00","author":{"@id":"https:\/\/www.btv.md\/#\/schema\/person\/8fadce81561b3ce2c34c46dadc4ccbf2"},"description":"S-au \u00eemplinit 168 de ani de la na\u015fterea marelui poet, prozator, dramaturg \u015fi jurnalist, Mihai Eminescu, considerat drept cea mai important\u0103 voce poetic\u0103 din literatura rom\u00e2n\u0103. De 4 ani, \u00een Republica Moldova, pe 15 ianuarie, ziua \u00een care s-a n\u0103scut poetul Mihaie Eminescu, este marcat\u0103 \u0219i Ziua Culturii Na\u021bionale.","inLanguage":"ro-RO","potentialAction":[{"@type":"ReadAction","target":["https:\/\/www.btv.md\/ro\/mihai-eminescu-omagiat-la-balti\/"]}]},{"@type":"ImageObject","inLanguage":"ro-RO","@id":"https:\/\/www.btv.md\/ro\/mihai-eminescu-omagiat-la-balti\/#primaryimage","url":"https:\/\/www.btv.md\/wp-content\/uploads\/2018\/01\/eminescu.jpg","contentUrl":"https:\/\/www.btv.md\/wp-content\/uploads\/2018\/01\/eminescu.jpg","width":700,"height":500},{"@type":"WebSite","@id":"https:\/\/www.btv.md\/#website","url":"https:\/\/www.btv.md\/","name":"BTV","description":"\u0411\u0435\u043b\u044c\u0446\u043a\u043e\u0435 \u0442\u0435\u043b\u0435\u0432\u0438\u0434\u0435\u043d\u0438\u0435","potentialAction":[{"@type":"SearchAction","target":{"@type":"EntryPoint","urlTemplate":"https:\/\/www.btv.md\/?s={search_term_string}"},"query-input":{"@type":"PropertyValueSpecification","valueRequired":true,"valueName":"search_term_string"}}],"inLanguage":"ro-RO"},{"@type":"Person","@id":"https:\/\/www.btv.md\/#\/schema\/person\/8fadce81561b3ce2c34c46dadc4ccbf2","name":"admin"}]}},"_links":{"self":[{"href":"https:\/\/www.btv.md\/ro\/wp-json\/wp\/v2\/posts\/39762","targetHints":{"allow":["GET"]}}],"collection":[{"href":"https:\/\/www.btv.md\/ro\/wp-json\/wp\/v2\/posts"}],"about":[{"href":"https:\/\/www.btv.md\/ro\/wp-json\/wp\/v2\/types\/post"}],"author":[{"embeddable":true,"href":"https:\/\/www.btv.md\/ro\/wp-json\/wp\/v2\/users\/4"}],"replies":[{"embeddable":true,"href":"https:\/\/www.btv.md\/ro\/wp-json\/wp\/v2\/comments?post=39762"}],"version-history":[{"count":0,"href":"https:\/\/www.btv.md\/ro\/wp-json\/wp\/v2\/posts\/39762\/revisions"}],"wp:featuredmedia":[{"embeddable":true,"href":"https:\/\/www.btv.md\/ro\/wp-json\/wp\/v2\/media\/39763"}],"wp:attachment":[{"href":"https:\/\/www.btv.md\/ro\/wp-json\/wp\/v2\/media?parent=39762"}],"wp:term":[{"taxonomy":"category","embeddable":true,"href":"https:\/\/www.btv.md\/ro\/wp-json\/wp\/v2\/categories?post=39762"},{"taxonomy":"post_tag","embeddable":true,"href":"https:\/\/www.btv.md\/ro\/wp-json\/wp\/v2\/tags?post=39762"}],"curies":[{"name":"wp","href":"https:\/\/api.w.org\/{rel}","templated":true}]}}