{"id":39778,"date":"2018-01-16T10:10:24","date_gmt":"2018-01-16T07:10:24","guid":{"rendered":"https:\/\/btv.md\/?p=39778"},"modified":"2018-01-16T10:10:24","modified_gmt":"2018-01-16T07:10:24","slug":"baltenii-ii-sustin-pe-consilierii-locali-intrati-in-greva-foamei","status":"publish","type":"post","link":"https:\/\/www.btv.md\/ro\/baltenii-ii-sustin-pe-consilierii-locali-intrati-in-greva-foamei\/","title":{"rendered":"B\u0103l\u021benii \u00eei sus\u021bin pe consilierii locali, intra\u021bi \u00een greva foamei"},"content":{"rendered":"<p><strong>Consilierii municipali ai \u201ePartidului Nostru\u201d de la B\u0103l\u021bi au intrat \u00een greva foamei din cauza puterii centrale de la Chi\u0219in\u0103u, care exercit\u0103 presiuni asupra lor \u0219i \u00eencerc\u0103 s\u0103 \u00eempiedice desf\u0103\u0219urarea referendumului de sus\u021binere a primarului Renato Usat\u00eei. Locuitorii capitalei de nord condamn\u0103 ac\u021biunile de presecutare a ale\u0219ilor locali. B\u0103l\u021benii afirm\u0103 c\u0103, ora\u0219ul este o buc\u0103\u021bic\u0103 bun\u0103 pentru Partidul Democrat \u0219i Plahotniuc.<\/strong><\/p>\n<p style=\"text-align: center;\"><iframe data-src=\"https:\/\/www.youtube.com\/embed\/bWoXg1ItGYs\" width=\"854\" height=\"480\" frameborder=\"0\" allowfullscreen=\"allowfullscreen\" src=\"data:image\/svg+xml;base64,PHN2ZyB3aWR0aD0iMSIgaGVpZ2h0PSIxIiB4bWxucz0iaHR0cDovL3d3dy53My5vcmcvMjAwMC9zdmciPjwvc3ZnPg==\" class=\"lazyload\" data-load-mode=\"1\"><\/iframe><\/p>\n<blockquote>\n<p>\u00ab<em>B\u0103l\u021biul este o bucat\u0103 bun\u0103 pentru ho\u021bii de la Chi\u0219in\u0103u. Noi \u00eel iubim foarte mult pe Renato Usat\u00eei.\u00a0 El nu poate veni acas\u0103 din cauza lor. Ce-a f\u0103cut Renato c\u0103-l \u021bin departe de cas\u0103? Ei special \u00eel \u021bin depar<\/em>te\u00bb.<\/p>\n<p>\u00ab<em>Pentru c\u0103 sunt bandi\u021bi la putere. Usat\u00e2i a f\u0103cut ceva pentru B\u0103l\u021bi, iar cei de la Chi\u0219in\u0103u vor s\u0103-l \u00eengroape. De ce nu-I permit s\u0103 fac\u0103 ceea ce a \u00eenceput, aici \u00een Moldova<\/em>\u00bb.<\/p>\n<p><em>\u00abNu-i bine. Ei \u00ee\u0219i fac munc\u0103 \u0219i puterea central\u0103 nu trebuie s\u0103s se implice \u00een treburile ora\u0219ului<\/em>\u00bb<\/p>\n<\/blockquote>\n<p>\u00cen acela\u0219i timp, unii angaja\u021bi ai prim\u0103riei condamn\u0103 presiunile Chi\u0219in\u0103ului, care folose\u0219te metode obscure cu implicarea CNA-lui \u0219i Poli\u021biei la intimidarea consilierilor municipali de la B\u0103l\u021bi. Al\u021bii spun c\u0103 este un caz ie\u0219it din comun. Ei dau asiguri c\u0103 \u00een pofida acestui fapt vor depune tot efortul pentru activa mai departe \u00een regime normal.<\/p>\n<blockquote>\n<p><strong>V<\/strong><strong>ladimir Ratu\u0219n\u00eei, angajat al prim\u0103riei de B\u0103l\u021bi:<\/strong> \u00ab<em>Ceea ce s-a \u00eent\u00e2mplat ast\u0103zi, trebuia s\u0103 se \u00eent\u00e2mple. Presiunile autorit\u0103\u021bilor centrale \u00eempiedic\u0103 activitatea consiliului municipal. \u0218i ceea ce s-a \u00eent\u00e2mplat la sf\u00e2r\u0219it de s\u0103pt\u0103m\u00e2n\u0103 sunt presiuni politice<\/em>\u00bb.<\/p>\n<p><strong>Valentin Fediuc,<\/strong> <strong>specialist principal al direc\u021biei juridice:<\/strong> \u00ab<em>Lucrul merge. Este dreptul consilierilor s\u0103 declare greva foamei. Din punct de vedere juridic nu obiect\u0103m. Asupra angaja\u021bilor prim\u0103riei nu se exercit\u0103 presiune a\u0219a cum asupra consilierilor. Noi lucr\u0103m \u00een regime normal, standard\u00bb.<\/em><\/p>\n<p><strong>Irina Serdiuc, secretara consiliului municipal:<\/strong> \u00ab<em>Este o situa\u021bie dubioas\u0103. \u00cen 20 de ani de activitate \u00een administra\u021bia public\u0103 local\u0103 astfel de cazuri nu am avut. Desigur, sunt impedimente pentru consilierii municipali. Fiecare dintre ei munce\u0219te, are familie, au copii mici unii consilieri. Asta este sutua\u021bia, este decizia consilierilor municipali. Noi \u00een calitate reprezentan\u021bi ai administra\u021biei publice locale vom crea condi\u021biile necesare pentru activitatea lor. Ne vom preg\u0103ti pentru \u0219edin\u021ba consiliului din 19 ianuarie. Vom activa mai departe conform legisla\u021biei \u00een vigoare\u00bb.<\/em><\/p>\n<\/blockquote>\n<p>Amintim c\u0103, s\u00e2mb\u0103t\u0103 anchetatorii Procuraturii Anticorup\u021bie \u0219i ofi\u021berii Fulger au efectuat perchezi\u021bii la o firm\u0103 controlat\u0103 de liderul frac\u021biunii Partidul Nostru din consiliul municipal B\u0103l\u021bi, Igor Basist\u00eei. Unii formatori de opinie \u0219i reprezentan\u021bi ai partidelor de opozi\u021bie afirm\u0103 c\u0103 regimul lui Plahotniuc se teme referendumul \u00een sprijinul lui Renato Usat\u00eei. Cu aceast\u0103 ocazie sunt \u00eentreprinse astfel de ac\u021biuni de intimidarea a ale\u0219ilor locali. Consiliul municipal B\u0103l\u021bi a anun\u0163at despre desf\u0103\u0219urarea lui pe 3 ianuarie, iar vineri 19 ianuarie, consilierii trebuie s\u0103 se \u00eentruneasc\u0103 pentru a determina data plebescitului.<\/p>\n","protected":false},"excerpt":{"rendered":"<p>Consilierii municipali ai \u201ePartidului Nostru\u201d de la B\u0103l\u021bi au intrat \u00een greva foamei din cauza puterii centrale de la Chi\u0219in\u0103u, care exercit\u0103 presiuni asupra lor \u0219i \u00eencerc\u0103 s\u0103 \u00eempiedice desf\u0103\u0219urarea referendumului de sus\u021binere a primarului Renato Usat\u00eei. Locuitorii capitalei de nord condamn\u0103 ac\u021biunile de presecutare a ale\u0219ilor locali. B\u0103l\u021benii afirm\u0103 c\u0103, ora\u0219ul este o buc\u0103\u021bic\u0103 [&hellip;]<\/p>\n","protected":false},"author":4,"featured_media":39779,"comment_status":"closed","ping_status":"closed","sticky":false,"template":"","format":"standard","meta":{"footnotes":""},"categories":[12],"tags":[],"class_list":["post-39778","post","type-post","status-publish","format-standard","has-post-thumbnail","hentry","category-balti"],"yoast_head":"<!-- This site is optimized with the Yoast SEO plugin v27.4 - https:\/\/yoast.com\/product\/yoast-seo-wordpress\/ -->\n<title>B\u0103l\u021benii \u00eei sus\u021bin pe consilierii locali, intra\u021bi \u00een greva foamei<\/title>\n<meta name=\"description\" content=\"Consilierii municipali ai \u201ePartidului Nostru\u201d de la B\u0103l\u021bi au intrat \u00een greva foamei din cauza puterii centrale de la Chi\u0219in\u0103u, care exercit\u0103 presiuni asupra lor \u0219i \u00eencerc\u0103 s\u0103 \u00eempiedice desf\u0103\u0219urarea referendumului de sus\u021binere a primarului Renato Usat\u00eei.\" \/>\n<meta name=\"robots\" content=\"index, follow, max-snippet:-1, max-image-preview:large, max-video-preview:-1\" \/>\n<link rel=\"canonical\" href=\"https:\/\/www.btv.md\/ro\/baltenii-ii-sustin-pe-consilierii-locali-intrati-in-greva-foamei\/\" \/>\n<meta property=\"og:locale\" content=\"ro_RO\" \/>\n<meta property=\"og:type\" content=\"article\" \/>\n<meta property=\"og:title\" content=\"B\u0103l\u021benii \u00eei sus\u021bin pe consilierii locali, intra\u021bi \u00een greva foamei\" \/>\n<meta property=\"og:description\" content=\"Consilierii municipali ai \u201ePartidului Nostru\u201d de la B\u0103l\u021bi au intrat \u00een greva foamei din cauza puterii centrale de la Chi\u0219in\u0103u, care exercit\u0103 presiuni asupra lor \u0219i \u00eencerc\u0103 s\u0103 \u00eempiedice desf\u0103\u0219urarea referendumului de sus\u021binere a primarului Renato Usat\u00eei. Locuitorii capitalei de nord condamn\u0103 ac\u021biunile de presecutare a ale\u0219ilor locali. B\u0103l\u021benii afirm\u0103 c\u0103, ora\u0219ul este o buc\u0103\u021bic\u0103 bun\u0103 pentru Partidul Democrat \u0219i Plahotniuc.\" \/>\n<meta property=\"og:url\" content=\"https:\/\/www.btv.md\/ro\/baltenii-ii-sustin-pe-consilierii-locali-intrati-in-greva-foamei\/\" \/>\n<meta property=\"og:site_name\" content=\"BTV\" \/>\n<meta property=\"article:publisher\" content=\"https:\/\/www.facebook.com\/btvmoldova\/\" \/>\n<meta property=\"article:published_time\" content=\"2018-01-16T07:10:24+00:00\" \/>\n<meta property=\"og:image\" content=\"https:\/\/www.btv.md\/wp-content\/uploads\/2018\/01\/image1-1.jpg\" \/>\n\t<meta property=\"og:image:width\" content=\"700\" \/>\n\t<meta property=\"og:image:height\" content=\"500\" \/>\n\t<meta property=\"og:image:type\" content=\"image\/jpeg\" \/>\n<meta name=\"author\" content=\"admin\" \/>\n<meta name=\"twitter:label1\" content=\"Scris de\" \/>\n\t<meta name=\"twitter:data1\" content=\"admin\" \/>\n\t<meta name=\"twitter:label2\" content=\"Timp estimat pentru citire\" \/>\n\t<meta name=\"twitter:data2\" content=\"3 minute\" \/>\n<script type=\"application\/ld+json\" class=\"yoast-schema-graph\">{\"@context\":\"https:\\\/\\\/schema.org\",\"@graph\":[{\"@type\":\"Article\",\"@id\":\"https:\\\/\\\/www.btv.md\\\/ro\\\/baltenii-ii-sustin-pe-consilierii-locali-intrati-in-greva-foamei\\\/#article\",\"isPartOf\":{\"@id\":\"https:\\\/\\\/www.btv.md\\\/ro\\\/baltenii-ii-sustin-pe-consilierii-locali-intrati-in-greva-foamei\\\/\"},\"author\":{\"name\":\"admin\",\"@id\":\"https:\\\/\\\/www.btv.md\\\/#\\\/schema\\\/person\\\/8fadce81561b3ce2c34c46dadc4ccbf2\"},\"headline\":\"B\u0103l\u021benii \u00eei sus\u021bin pe consilierii locali, intra\u021bi \u00een greva foamei\",\"datePublished\":\"2018-01-16T07:10:24+00:00\",\"mainEntityOfPage\":{\"@id\":\"https:\\\/\\\/www.btv.md\\\/ro\\\/baltenii-ii-sustin-pe-consilierii-locali-intrati-in-greva-foamei\\\/\"},\"wordCount\":550,\"image\":{\"@id\":\"https:\\\/\\\/www.btv.md\\\/ro\\\/baltenii-ii-sustin-pe-consilierii-locali-intrati-in-greva-foamei\\\/#primaryimage\"},\"thumbnailUrl\":\"https:\\\/\\\/www.btv.md\\\/wp-content\\\/uploads\\\/2018\\\/01\\\/image1-1.jpg\",\"articleSection\":[\"\u0413\u043e\u0440\u043e\u0434\"],\"inLanguage\":\"ro-RO\"},{\"@type\":\"WebPage\",\"@id\":\"https:\\\/\\\/www.btv.md\\\/ro\\\/baltenii-ii-sustin-pe-consilierii-locali-intrati-in-greva-foamei\\\/\",\"url\":\"https:\\\/\\\/www.btv.md\\\/ro\\\/baltenii-ii-sustin-pe-consilierii-locali-intrati-in-greva-foamei\\\/\",\"name\":\"B\u0103l\u021benii \u00eei sus\u021bin pe consilierii locali, intra\u021bi \u00een greva foamei\",\"isPartOf\":{\"@id\":\"https:\\\/\\\/www.btv.md\\\/#website\"},\"primaryImageOfPage\":{\"@id\":\"https:\\\/\\\/www.btv.md\\\/ro\\\/baltenii-ii-sustin-pe-consilierii-locali-intrati-in-greva-foamei\\\/#primaryimage\"},\"image\":{\"@id\":\"https:\\\/\\\/www.btv.md\\\/ro\\\/baltenii-ii-sustin-pe-consilierii-locali-intrati-in-greva-foamei\\\/#primaryimage\"},\"thumbnailUrl\":\"https:\\\/\\\/www.btv.md\\\/wp-content\\\/uploads\\\/2018\\\/01\\\/image1-1.jpg\",\"datePublished\":\"2018-01-16T07:10:24+00:00\",\"author\":{\"@id\":\"https:\\\/\\\/www.btv.md\\\/#\\\/schema\\\/person\\\/8fadce81561b3ce2c34c46dadc4ccbf2\"},\"description\":\"Consilierii municipali ai \u201ePartidului Nostru\u201d de la B\u0103l\u021bi au intrat \u00een greva foamei din cauza puterii centrale de la Chi\u0219in\u0103u, care exercit\u0103 presiuni asupra lor \u0219i \u00eencerc\u0103 s\u0103 \u00eempiedice desf\u0103\u0219urarea referendumului de sus\u021binere a primarului Renato Usat\u00eei.\",\"inLanguage\":\"ro-RO\",\"potentialAction\":[{\"@type\":\"ReadAction\",\"target\":[\"https:\\\/\\\/www.btv.md\\\/ro\\\/baltenii-ii-sustin-pe-consilierii-locali-intrati-in-greva-foamei\\\/\"]}]},{\"@type\":\"ImageObject\",\"inLanguage\":\"ro-RO\",\"@id\":\"https:\\\/\\\/www.btv.md\\\/ro\\\/baltenii-ii-sustin-pe-consilierii-locali-intrati-in-greva-foamei\\\/#primaryimage\",\"url\":\"https:\\\/\\\/www.btv.md\\\/wp-content\\\/uploads\\\/2018\\\/01\\\/image1-1.jpg\",\"contentUrl\":\"https:\\\/\\\/www.btv.md\\\/wp-content\\\/uploads\\\/2018\\\/01\\\/image1-1.jpg\",\"width\":700,\"height\":500},{\"@type\":\"WebSite\",\"@id\":\"https:\\\/\\\/www.btv.md\\\/#website\",\"url\":\"https:\\\/\\\/www.btv.md\\\/\",\"name\":\"BTV\",\"description\":\"\u0411\u0435\u043b\u044c\u0446\u043a\u043e\u0435 \u0442\u0435\u043b\u0435\u0432\u0438\u0434\u0435\u043d\u0438\u0435\",\"potentialAction\":[{\"@type\":\"SearchAction\",\"target\":{\"@type\":\"EntryPoint\",\"urlTemplate\":\"https:\\\/\\\/www.btv.md\\\/?s={search_term_string}\"},\"query-input\":{\"@type\":\"PropertyValueSpecification\",\"valueRequired\":true,\"valueName\":\"search_term_string\"}}],\"inLanguage\":\"ro-RO\"},{\"@type\":\"Person\",\"@id\":\"https:\\\/\\\/www.btv.md\\\/#\\\/schema\\\/person\\\/8fadce81561b3ce2c34c46dadc4ccbf2\",\"name\":\"admin\"}]}<\/script>\n<!-- \/ Yoast SEO plugin. -->","yoast_head_json":{"title":"B\u0103l\u021benii \u00eei sus\u021bin pe consilierii locali, intra\u021bi \u00een greva foamei","description":"Consilierii municipali ai \u201ePartidului Nostru\u201d de la B\u0103l\u021bi au intrat \u00een greva foamei din cauza puterii centrale de la Chi\u0219in\u0103u, care exercit\u0103 presiuni asupra lor \u0219i \u00eencerc\u0103 s\u0103 \u00eempiedice desf\u0103\u0219urarea referendumului de sus\u021binere a primarului Renato Usat\u00eei.","robots":{"index":"index","follow":"follow","max-snippet":"max-snippet:-1","max-image-preview":"max-image-preview:large","max-video-preview":"max-video-preview:-1"},"canonical":"https:\/\/www.btv.md\/ro\/baltenii-ii-sustin-pe-consilierii-locali-intrati-in-greva-foamei\/","og_locale":"ro_RO","og_type":"article","og_title":"B\u0103l\u021benii \u00eei sus\u021bin pe consilierii locali, intra\u021bi \u00een greva foamei","og_description":"Consilierii municipali ai \u201ePartidului Nostru\u201d de la B\u0103l\u021bi au intrat \u00een greva foamei din cauza puterii centrale de la Chi\u0219in\u0103u, care exercit\u0103 presiuni asupra lor \u0219i \u00eencerc\u0103 s\u0103 \u00eempiedice desf\u0103\u0219urarea referendumului de sus\u021binere a primarului Renato Usat\u00eei. Locuitorii capitalei de nord condamn\u0103 ac\u021biunile de presecutare a ale\u0219ilor locali. B\u0103l\u021benii afirm\u0103 c\u0103, ora\u0219ul este o buc\u0103\u021bic\u0103 bun\u0103 pentru Partidul Democrat \u0219i Plahotniuc.","og_url":"https:\/\/www.btv.md\/ro\/baltenii-ii-sustin-pe-consilierii-locali-intrati-in-greva-foamei\/","og_site_name":"BTV","article_publisher":"https:\/\/www.facebook.com\/btvmoldova\/","article_published_time":"2018-01-16T07:10:24+00:00","og_image":[{"width":700,"height":500,"url":"https:\/\/www.btv.md\/wp-content\/uploads\/2018\/01\/image1-1.jpg","type":"image\/jpeg"}],"author":"admin","twitter_misc":{"Scris de":"admin","Timp estimat pentru citire":"3 minute"},"schema":{"@context":"https:\/\/schema.org","@graph":[{"@type":"Article","@id":"https:\/\/www.btv.md\/ro\/baltenii-ii-sustin-pe-consilierii-locali-intrati-in-greva-foamei\/#article","isPartOf":{"@id":"https:\/\/www.btv.md\/ro\/baltenii-ii-sustin-pe-consilierii-locali-intrati-in-greva-foamei\/"},"author":{"name":"admin","@id":"https:\/\/www.btv.md\/#\/schema\/person\/8fadce81561b3ce2c34c46dadc4ccbf2"},"headline":"B\u0103l\u021benii \u00eei sus\u021bin pe consilierii locali, intra\u021bi \u00een greva foamei","datePublished":"2018-01-16T07:10:24+00:00","mainEntityOfPage":{"@id":"https:\/\/www.btv.md\/ro\/baltenii-ii-sustin-pe-consilierii-locali-intrati-in-greva-foamei\/"},"wordCount":550,"image":{"@id":"https:\/\/www.btv.md\/ro\/baltenii-ii-sustin-pe-consilierii-locali-intrati-in-greva-foamei\/#primaryimage"},"thumbnailUrl":"https:\/\/www.btv.md\/wp-content\/uploads\/2018\/01\/image1-1.jpg","articleSection":["\u0413\u043e\u0440\u043e\u0434"],"inLanguage":"ro-RO"},{"@type":"WebPage","@id":"https:\/\/www.btv.md\/ro\/baltenii-ii-sustin-pe-consilierii-locali-intrati-in-greva-foamei\/","url":"https:\/\/www.btv.md\/ro\/baltenii-ii-sustin-pe-consilierii-locali-intrati-in-greva-foamei\/","name":"B\u0103l\u021benii \u00eei sus\u021bin pe consilierii locali, intra\u021bi \u00een greva foamei","isPartOf":{"@id":"https:\/\/www.btv.md\/#website"},"primaryImageOfPage":{"@id":"https:\/\/www.btv.md\/ro\/baltenii-ii-sustin-pe-consilierii-locali-intrati-in-greva-foamei\/#primaryimage"},"image":{"@id":"https:\/\/www.btv.md\/ro\/baltenii-ii-sustin-pe-consilierii-locali-intrati-in-greva-foamei\/#primaryimage"},"thumbnailUrl":"https:\/\/www.btv.md\/wp-content\/uploads\/2018\/01\/image1-1.jpg","datePublished":"2018-01-16T07:10:24+00:00","author":{"@id":"https:\/\/www.btv.md\/#\/schema\/person\/8fadce81561b3ce2c34c46dadc4ccbf2"},"description":"Consilierii municipali ai \u201ePartidului Nostru\u201d de la B\u0103l\u021bi au intrat \u00een greva foamei din cauza puterii centrale de la Chi\u0219in\u0103u, care exercit\u0103 presiuni asupra lor \u0219i \u00eencerc\u0103 s\u0103 \u00eempiedice desf\u0103\u0219urarea referendumului de sus\u021binere a primarului Renato Usat\u00eei.","inLanguage":"ro-RO","potentialAction":[{"@type":"ReadAction","target":["https:\/\/www.btv.md\/ro\/baltenii-ii-sustin-pe-consilierii-locali-intrati-in-greva-foamei\/"]}]},{"@type":"ImageObject","inLanguage":"ro-RO","@id":"https:\/\/www.btv.md\/ro\/baltenii-ii-sustin-pe-consilierii-locali-intrati-in-greva-foamei\/#primaryimage","url":"https:\/\/www.btv.md\/wp-content\/uploads\/2018\/01\/image1-1.jpg","contentUrl":"https:\/\/www.btv.md\/wp-content\/uploads\/2018\/01\/image1-1.jpg","width":700,"height":500},{"@type":"WebSite","@id":"https:\/\/www.btv.md\/#website","url":"https:\/\/www.btv.md\/","name":"BTV","description":"\u0411\u0435\u043b\u044c\u0446\u043a\u043e\u0435 \u0442\u0435\u043b\u0435\u0432\u0438\u0434\u0435\u043d\u0438\u0435","potentialAction":[{"@type":"SearchAction","target":{"@type":"EntryPoint","urlTemplate":"https:\/\/www.btv.md\/?s={search_term_string}"},"query-input":{"@type":"PropertyValueSpecification","valueRequired":true,"valueName":"search_term_string"}}],"inLanguage":"ro-RO"},{"@type":"Person","@id":"https:\/\/www.btv.md\/#\/schema\/person\/8fadce81561b3ce2c34c46dadc4ccbf2","name":"admin"}]}},"_links":{"self":[{"href":"https:\/\/www.btv.md\/ro\/wp-json\/wp\/v2\/posts\/39778","targetHints":{"allow":["GET"]}}],"collection":[{"href":"https:\/\/www.btv.md\/ro\/wp-json\/wp\/v2\/posts"}],"about":[{"href":"https:\/\/www.btv.md\/ro\/wp-json\/wp\/v2\/types\/post"}],"author":[{"embeddable":true,"href":"https:\/\/www.btv.md\/ro\/wp-json\/wp\/v2\/users\/4"}],"replies":[{"embeddable":true,"href":"https:\/\/www.btv.md\/ro\/wp-json\/wp\/v2\/comments?post=39778"}],"version-history":[{"count":0,"href":"https:\/\/www.btv.md\/ro\/wp-json\/wp\/v2\/posts\/39778\/revisions"}],"wp:featuredmedia":[{"embeddable":true,"href":"https:\/\/www.btv.md\/ro\/wp-json\/wp\/v2\/media\/39779"}],"wp:attachment":[{"href":"https:\/\/www.btv.md\/ro\/wp-json\/wp\/v2\/media?parent=39778"}],"wp:term":[{"taxonomy":"category","embeddable":true,"href":"https:\/\/www.btv.md\/ro\/wp-json\/wp\/v2\/categories?post=39778"},{"taxonomy":"post_tag","embeddable":true,"href":"https:\/\/www.btv.md\/ro\/wp-json\/wp\/v2\/tags?post=39778"}],"curies":[{"name":"wp","href":"https:\/\/api.w.org\/{rel}","templated":true}]}}