{"id":39781,"date":"2018-01-16T10:37:35","date_gmt":"2018-01-16T07:37:35","guid":{"rendered":"https:\/\/btv.md\/?p=39781"},"modified":"2018-01-16T10:37:35","modified_gmt":"2018-01-16T07:37:35","slug":"flacarile-au-luat-viata-a-80-de-persoane-in-2017","status":"publish","type":"post","link":"https:\/\/www.btv.md\/ro\/flacarile-au-luat-viata-a-80-de-persoane-in-2017\/","title":{"rendered":"Fl\u0103c\u0103rile au luat via\u021ba a 80 de persoane \u00een 2017"},"content":{"rendered":"<p><strong>Inspectoratul General pentru Situa\u021bii de Urgen\u021b\u0103, Direc\u0163ia Situa\u0163ii Excep\u0163ionale B\u0103l\u0163i, a f\u0103cut publice datele statistice pentru anul 2017, cu privire la interven\u021biile \u00eenregistrate \u00een municipiu, dar \u0219i \u00een \u00eentreaga \u021bar\u0103. Astfel, pe parcursul unui an, la B\u0103l\u021bi au avut loc 72 de incendii, soldate cu un deces \u0219i salvarea a 13 vie\u021bi. Suma pagubelor materiale provocate de fl\u0103c\u0103ri se ridic\u0103 la aproape 2 milioane de lei. \u00cen majoritatea cazurilor, incendiile au fost provocate de neaten\u021bia \u00een timpul fumatului, dar \u0219i de scurt circuit \u00een firele electrice, 10 \u0219i respectiv-13 cazuri.<\/strong><\/p>\n<p style=\"text-align: center;\"><iframe data-src=\"https:\/\/www.youtube.com\/embed\/9CwOWBAyX-w\" width=\"854\" height=\"480\" frameborder=\"0\" allowfullscreen=\"allowfullscreen\" src=\"data:image\/svg+xml;base64,PHN2ZyB3aWR0aD0iMSIgaGVpZ2h0PSIxIiB4bWxucz0iaHR0cDovL3d3dy53My5vcmcvMjAwMC9zdmciPjwvc3ZnPg==\" class=\"lazyload\" data-load-mode=\"1\"><\/iframe><\/p>\n<p>\u00cen aceea\u0219i perioad\u0103 s-au produs 5 situa\u021bii excep\u021bionale, dintre care, una a a provocat pagube de aproape un million de lei.<\/p>\n<p>Statistica mai arat\u0103 c\u0103, timp de 12 luni, \u00een Republica Moldova au avut loc 1600 de incendii, care au provocat moartea a 80 de persoane, inclusiv 7 copii. Totodat\u0103, 343 de persoane au fost salvate de fl\u0103c\u0103ri. Prejudiciul cauzat a ajuns la peste 58 de milioane de lei.<\/p>\n<p>Num\u0103rul total al situa\u021biilor excep\u021bionale se ridic\u0103 la 243 de cazuri, soldate cu 6 persoane decedate, inclusiv un copil. Prejudiciul \u00eenregistrat este de 400 de milioane de lei.<\/p>\n","protected":false},"excerpt":{"rendered":"<p>Inspectoratul General pentru Situa\u021bii de Urgen\u021b\u0103, Direc\u0163ia Situa\u0163ii Excep\u0163ionale B\u0103l\u0163i, a f\u0103cut publice datele statistice pentru anul 2017, cu privire la interven\u021biile \u00eenregistrate \u00een municipiu, dar \u0219i \u00een \u00eentreaga \u021bar\u0103. Astfel, pe parcursul unui an, la B\u0103l\u021bi au avut loc 72 de incendii, soldate cu un deces \u0219i salvarea a 13 vie\u021bi. Suma pagubelor materiale [&hellip;]<\/p>\n","protected":false},"author":4,"featured_media":39782,"comment_status":"closed","ping_status":"closed","sticky":false,"template":"","format":"standard","meta":{"footnotes":""},"categories":[6353],"tags":[],"class_list":["post-39781","post","type-post","status-publish","format-standard","has-post-thumbnail","hentry","category-oras"],"yoast_head":"<!-- This site is optimized with the Yoast SEO plugin v27.4 - https:\/\/yoast.com\/product\/yoast-seo-wordpress\/ -->\n<title>Fl\u0103c\u0103rile au luat via\u021ba a 80 de persoane \u00een 2017<\/title>\n<meta name=\"description\" content=\"Inspectoratul General pentru Situa\u021bii de Urgen\u021b\u0103, Direc\u0163ia Situa\u0163ii Excep\u0163ionale B\u0103l\u0163i, a f\u0103cut publice datele statistice pentru anul 2017, cu privire la interven\u021biile \u00eenregistrate \u00een municipiu, dar \u0219i \u00een \u00eentreaga \u021bar\u0103.\" \/>\n<meta name=\"robots\" content=\"index, follow, max-snippet:-1, max-image-preview:large, max-video-preview:-1\" \/>\n<link rel=\"canonical\" href=\"https:\/\/www.btv.md\/ro\/flacarile-au-luat-viata-a-80-de-persoane-in-2017\/\" \/>\n<meta property=\"og:locale\" content=\"ro_RO\" \/>\n<meta property=\"og:type\" content=\"article\" \/>\n<meta property=\"og:title\" content=\"Fl\u0103c\u0103rile au luat via\u021ba a 80 de persoane \u00een 2017\" \/>\n<meta property=\"og:description\" content=\"Inspectoratul General pentru Situa\u021bii de Urgen\u021b\u0103, Direc\u0163ia Situa\u0163ii Excep\u0163ionale B\u0103l\u0163i, a f\u0103cut publice datele statistice pentru anul 2017, cu privire la interven\u021biile \u00eenregistrate \u00een municipiu, dar \u0219i \u00een \u00eentreaga \u021bar\u0103. Astfel, pe parcursul unui an, la B\u0103l\u021bi au avut loc 72 de incendii, soldate cu un deces \u0219i salvarea a 13 vie\u021bi.\" \/>\n<meta property=\"og:url\" content=\"https:\/\/www.btv.md\/ro\/flacarile-au-luat-viata-a-80-de-persoane-in-2017\/\" \/>\n<meta property=\"og:site_name\" content=\"BTV\" \/>\n<meta property=\"article:publisher\" content=\"https:\/\/www.facebook.com\/btvmoldova\/\" \/>\n<meta property=\"article:published_time\" content=\"2018-01-16T07:37:35+00:00\" \/>\n<meta property=\"og:image\" content=\"https:\/\/www.btv.md\/wp-content\/uploads\/2018\/01\/pojar.jpg\" \/>\n\t<meta property=\"og:image:width\" content=\"700\" \/>\n\t<meta property=\"og:image:height\" content=\"500\" \/>\n\t<meta property=\"og:image:type\" content=\"image\/jpeg\" \/>\n<meta name=\"author\" content=\"admin\" \/>\n<meta name=\"twitter:label1\" content=\"Scris de\" \/>\n\t<meta name=\"twitter:data1\" content=\"admin\" \/>\n\t<meta name=\"twitter:label2\" content=\"Timp estimat pentru citire\" \/>\n\t<meta name=\"twitter:data2\" content=\"1 minut\" \/>\n<script type=\"application\/ld+json\" class=\"yoast-schema-graph\">{\"@context\":\"https:\\\/\\\/schema.org\",\"@graph\":[{\"@type\":\"Article\",\"@id\":\"https:\\\/\\\/www.btv.md\\\/ro\\\/flacarile-au-luat-viata-a-80-de-persoane-in-2017\\\/#article\",\"isPartOf\":{\"@id\":\"https:\\\/\\\/www.btv.md\\\/ro\\\/flacarile-au-luat-viata-a-80-de-persoane-in-2017\\\/\"},\"author\":{\"name\":\"admin\",\"@id\":\"https:\\\/\\\/www.btv.md\\\/#\\\/schema\\\/person\\\/8fadce81561b3ce2c34c46dadc4ccbf2\"},\"headline\":\"Fl\u0103c\u0103rile au luat via\u021ba a 80 de persoane \u00een 2017\",\"datePublished\":\"2018-01-16T07:37:35+00:00\",\"mainEntityOfPage\":{\"@id\":\"https:\\\/\\\/www.btv.md\\\/ro\\\/flacarile-au-luat-viata-a-80-de-persoane-in-2017\\\/\"},\"wordCount\":205,\"image\":{\"@id\":\"https:\\\/\\\/www.btv.md\\\/ro\\\/flacarile-au-luat-viata-a-80-de-persoane-in-2017\\\/#primaryimage\"},\"thumbnailUrl\":\"https:\\\/\\\/www.btv.md\\\/wp-content\\\/uploads\\\/2018\\\/01\\\/pojar.jpg\",\"articleSection\":[\"Ora\u0219\"],\"inLanguage\":\"ro-RO\"},{\"@type\":\"WebPage\",\"@id\":\"https:\\\/\\\/www.btv.md\\\/ro\\\/flacarile-au-luat-viata-a-80-de-persoane-in-2017\\\/\",\"url\":\"https:\\\/\\\/www.btv.md\\\/ro\\\/flacarile-au-luat-viata-a-80-de-persoane-in-2017\\\/\",\"name\":\"Fl\u0103c\u0103rile au luat via\u021ba a 80 de persoane \u00een 2017\",\"isPartOf\":{\"@id\":\"https:\\\/\\\/www.btv.md\\\/#website\"},\"primaryImageOfPage\":{\"@id\":\"https:\\\/\\\/www.btv.md\\\/ro\\\/flacarile-au-luat-viata-a-80-de-persoane-in-2017\\\/#primaryimage\"},\"image\":{\"@id\":\"https:\\\/\\\/www.btv.md\\\/ro\\\/flacarile-au-luat-viata-a-80-de-persoane-in-2017\\\/#primaryimage\"},\"thumbnailUrl\":\"https:\\\/\\\/www.btv.md\\\/wp-content\\\/uploads\\\/2018\\\/01\\\/pojar.jpg\",\"datePublished\":\"2018-01-16T07:37:35+00:00\",\"author\":{\"@id\":\"https:\\\/\\\/www.btv.md\\\/#\\\/schema\\\/person\\\/8fadce81561b3ce2c34c46dadc4ccbf2\"},\"description\":\"Inspectoratul General pentru Situa\u021bii de Urgen\u021b\u0103, Direc\u0163ia Situa\u0163ii Excep\u0163ionale B\u0103l\u0163i, a f\u0103cut publice datele statistice pentru anul 2017, cu privire la interven\u021biile \u00eenregistrate \u00een municipiu, dar \u0219i \u00een \u00eentreaga \u021bar\u0103.\",\"inLanguage\":\"ro-RO\",\"potentialAction\":[{\"@type\":\"ReadAction\",\"target\":[\"https:\\\/\\\/www.btv.md\\\/ro\\\/flacarile-au-luat-viata-a-80-de-persoane-in-2017\\\/\"]}]},{\"@type\":\"ImageObject\",\"inLanguage\":\"ro-RO\",\"@id\":\"https:\\\/\\\/www.btv.md\\\/ro\\\/flacarile-au-luat-viata-a-80-de-persoane-in-2017\\\/#primaryimage\",\"url\":\"https:\\\/\\\/www.btv.md\\\/wp-content\\\/uploads\\\/2018\\\/01\\\/pojar.jpg\",\"contentUrl\":\"https:\\\/\\\/www.btv.md\\\/wp-content\\\/uploads\\\/2018\\\/01\\\/pojar.jpg\",\"width\":700,\"height\":500},{\"@type\":\"WebSite\",\"@id\":\"https:\\\/\\\/www.btv.md\\\/#website\",\"url\":\"https:\\\/\\\/www.btv.md\\\/\",\"name\":\"BTV\",\"description\":\"\u0411\u0435\u043b\u044c\u0446\u043a\u043e\u0435 \u0442\u0435\u043b\u0435\u0432\u0438\u0434\u0435\u043d\u0438\u0435\",\"potentialAction\":[{\"@type\":\"SearchAction\",\"target\":{\"@type\":\"EntryPoint\",\"urlTemplate\":\"https:\\\/\\\/www.btv.md\\\/?s={search_term_string}\"},\"query-input\":{\"@type\":\"PropertyValueSpecification\",\"valueRequired\":true,\"valueName\":\"search_term_string\"}}],\"inLanguage\":\"ro-RO\"},{\"@type\":\"Person\",\"@id\":\"https:\\\/\\\/www.btv.md\\\/#\\\/schema\\\/person\\\/8fadce81561b3ce2c34c46dadc4ccbf2\",\"name\":\"admin\"}]}<\/script>\n<!-- \/ Yoast SEO plugin. -->","yoast_head_json":{"title":"Fl\u0103c\u0103rile au luat via\u021ba a 80 de persoane \u00een 2017","description":"Inspectoratul General pentru Situa\u021bii de Urgen\u021b\u0103, Direc\u0163ia Situa\u0163ii Excep\u0163ionale B\u0103l\u0163i, a f\u0103cut publice datele statistice pentru anul 2017, cu privire la interven\u021biile \u00eenregistrate \u00een municipiu, dar \u0219i \u00een \u00eentreaga \u021bar\u0103.","robots":{"index":"index","follow":"follow","max-snippet":"max-snippet:-1","max-image-preview":"max-image-preview:large","max-video-preview":"max-video-preview:-1"},"canonical":"https:\/\/www.btv.md\/ro\/flacarile-au-luat-viata-a-80-de-persoane-in-2017\/","og_locale":"ro_RO","og_type":"article","og_title":"Fl\u0103c\u0103rile au luat via\u021ba a 80 de persoane \u00een 2017","og_description":"Inspectoratul General pentru Situa\u021bii de Urgen\u021b\u0103, Direc\u0163ia Situa\u0163ii Excep\u0163ionale B\u0103l\u0163i, a f\u0103cut publice datele statistice pentru anul 2017, cu privire la interven\u021biile \u00eenregistrate \u00een municipiu, dar \u0219i \u00een \u00eentreaga \u021bar\u0103. Astfel, pe parcursul unui an, la B\u0103l\u021bi au avut loc 72 de incendii, soldate cu un deces \u0219i salvarea a 13 vie\u021bi.","og_url":"https:\/\/www.btv.md\/ro\/flacarile-au-luat-viata-a-80-de-persoane-in-2017\/","og_site_name":"BTV","article_publisher":"https:\/\/www.facebook.com\/btvmoldova\/","article_published_time":"2018-01-16T07:37:35+00:00","og_image":[{"width":700,"height":500,"url":"https:\/\/www.btv.md\/wp-content\/uploads\/2018\/01\/pojar.jpg","type":"image\/jpeg"}],"author":"admin","twitter_misc":{"Scris de":"admin","Timp estimat pentru citire":"1 minut"},"schema":{"@context":"https:\/\/schema.org","@graph":[{"@type":"Article","@id":"https:\/\/www.btv.md\/ro\/flacarile-au-luat-viata-a-80-de-persoane-in-2017\/#article","isPartOf":{"@id":"https:\/\/www.btv.md\/ro\/flacarile-au-luat-viata-a-80-de-persoane-in-2017\/"},"author":{"name":"admin","@id":"https:\/\/www.btv.md\/#\/schema\/person\/8fadce81561b3ce2c34c46dadc4ccbf2"},"headline":"Fl\u0103c\u0103rile au luat via\u021ba a 80 de persoane \u00een 2017","datePublished":"2018-01-16T07:37:35+00:00","mainEntityOfPage":{"@id":"https:\/\/www.btv.md\/ro\/flacarile-au-luat-viata-a-80-de-persoane-in-2017\/"},"wordCount":205,"image":{"@id":"https:\/\/www.btv.md\/ro\/flacarile-au-luat-viata-a-80-de-persoane-in-2017\/#primaryimage"},"thumbnailUrl":"https:\/\/www.btv.md\/wp-content\/uploads\/2018\/01\/pojar.jpg","articleSection":["Ora\u0219"],"inLanguage":"ro-RO"},{"@type":"WebPage","@id":"https:\/\/www.btv.md\/ro\/flacarile-au-luat-viata-a-80-de-persoane-in-2017\/","url":"https:\/\/www.btv.md\/ro\/flacarile-au-luat-viata-a-80-de-persoane-in-2017\/","name":"Fl\u0103c\u0103rile au luat via\u021ba a 80 de persoane \u00een 2017","isPartOf":{"@id":"https:\/\/www.btv.md\/#website"},"primaryImageOfPage":{"@id":"https:\/\/www.btv.md\/ro\/flacarile-au-luat-viata-a-80-de-persoane-in-2017\/#primaryimage"},"image":{"@id":"https:\/\/www.btv.md\/ro\/flacarile-au-luat-viata-a-80-de-persoane-in-2017\/#primaryimage"},"thumbnailUrl":"https:\/\/www.btv.md\/wp-content\/uploads\/2018\/01\/pojar.jpg","datePublished":"2018-01-16T07:37:35+00:00","author":{"@id":"https:\/\/www.btv.md\/#\/schema\/person\/8fadce81561b3ce2c34c46dadc4ccbf2"},"description":"Inspectoratul General pentru Situa\u021bii de Urgen\u021b\u0103, Direc\u0163ia Situa\u0163ii Excep\u0163ionale B\u0103l\u0163i, a f\u0103cut publice datele statistice pentru anul 2017, cu privire la interven\u021biile \u00eenregistrate \u00een municipiu, dar \u0219i \u00een \u00eentreaga \u021bar\u0103.","inLanguage":"ro-RO","potentialAction":[{"@type":"ReadAction","target":["https:\/\/www.btv.md\/ro\/flacarile-au-luat-viata-a-80-de-persoane-in-2017\/"]}]},{"@type":"ImageObject","inLanguage":"ro-RO","@id":"https:\/\/www.btv.md\/ro\/flacarile-au-luat-viata-a-80-de-persoane-in-2017\/#primaryimage","url":"https:\/\/www.btv.md\/wp-content\/uploads\/2018\/01\/pojar.jpg","contentUrl":"https:\/\/www.btv.md\/wp-content\/uploads\/2018\/01\/pojar.jpg","width":700,"height":500},{"@type":"WebSite","@id":"https:\/\/www.btv.md\/#website","url":"https:\/\/www.btv.md\/","name":"BTV","description":"\u0411\u0435\u043b\u044c\u0446\u043a\u043e\u0435 \u0442\u0435\u043b\u0435\u0432\u0438\u0434\u0435\u043d\u0438\u0435","potentialAction":[{"@type":"SearchAction","target":{"@type":"EntryPoint","urlTemplate":"https:\/\/www.btv.md\/?s={search_term_string}"},"query-input":{"@type":"PropertyValueSpecification","valueRequired":true,"valueName":"search_term_string"}}],"inLanguage":"ro-RO"},{"@type":"Person","@id":"https:\/\/www.btv.md\/#\/schema\/person\/8fadce81561b3ce2c34c46dadc4ccbf2","name":"admin"}]}},"_links":{"self":[{"href":"https:\/\/www.btv.md\/ro\/wp-json\/wp\/v2\/posts\/39781","targetHints":{"allow":["GET"]}}],"collection":[{"href":"https:\/\/www.btv.md\/ro\/wp-json\/wp\/v2\/posts"}],"about":[{"href":"https:\/\/www.btv.md\/ro\/wp-json\/wp\/v2\/types\/post"}],"author":[{"embeddable":true,"href":"https:\/\/www.btv.md\/ro\/wp-json\/wp\/v2\/users\/4"}],"replies":[{"embeddable":true,"href":"https:\/\/www.btv.md\/ro\/wp-json\/wp\/v2\/comments?post=39781"}],"version-history":[{"count":0,"href":"https:\/\/www.btv.md\/ro\/wp-json\/wp\/v2\/posts\/39781\/revisions"}],"wp:featuredmedia":[{"embeddable":true,"href":"https:\/\/www.btv.md\/ro\/wp-json\/wp\/v2\/media\/39782"}],"wp:attachment":[{"href":"https:\/\/www.btv.md\/ro\/wp-json\/wp\/v2\/media?parent=39781"}],"wp:term":[{"taxonomy":"category","embeddable":true,"href":"https:\/\/www.btv.md\/ro\/wp-json\/wp\/v2\/categories?post=39781"},{"taxonomy":"post_tag","embeddable":true,"href":"https:\/\/www.btv.md\/ro\/wp-json\/wp\/v2\/tags?post=39781"}],"curies":[{"name":"wp","href":"https:\/\/api.w.org\/{rel}","templated":true}]}}