{"id":39808,"date":"2018-01-16T17:26:32","date_gmt":"2018-01-16T14:26:32","guid":{"rendered":"https:\/\/btv.md\/?p=39808"},"modified":"2018-01-16T17:26:32","modified_gmt":"2018-01-16T14:26:32","slug":"droguri-si-mercur-confiscate-in-nordul-tarii","status":"publish","type":"post","link":"https:\/\/www.btv.md\/ro\/droguri-si-mercur-confiscate-in-nordul-tarii\/","title":{"rendered":"Droguri \u0219i mercur, confiscate \u00een nordul \u021b\u0103rii"},"content":{"rendered":"<p><strong>Doi b\u0103rba\u021bi cu v\u00e2rsta cuprins\u0103 \u00eentre 24 \u0219i 44 de ani, stabili\u021bi cu domiciliul \u00een ora\u0219ul Dondu\u0219eni, au fost re\u021binu\u021bi de poli\u0163i\u015fti, fiind suspecta\u021bi de comercializarea drogurilor. Unul dintre suspec\u021bi are antecedente penale, se arat\u0103 \u00eentr-un comunicat al poli\u021biei.<\/strong><\/p>\n<p style=\"text-align: center;\"><iframe data-src=\"https:\/\/www.youtube.com\/embed\/2A5j8tYOFBw\" width=\"854\" height=\"480\" frameborder=\"0\" allowfullscreen=\"allowfullscreen\" src=\"data:image\/svg+xml;base64,PHN2ZyB3aWR0aD0iMSIgaGVpZ2h0PSIxIiB4bWxucz0iaHR0cDovL3d3dy53My5vcmcvMjAwMC9zdmciPjwvc3ZnPg==\" class=\"lazyload\" data-load-mode=\"1\"><\/iframe><\/p>\n<p>\u00cen urma investiga\u021biilor efectuate de c\u0103tre angaja\u021bii Direc\u021biei Nord a Inspectoratului Na\u021bional de Investiga\u021bii \u00een comun cu procurorii Procuraturii B\u0103l\u021bi \u0219i angaja\u021bii urm\u0103rire penal\u0103 a IP B\u0103l\u021bi,\u00a0s-a stabilit, c\u0103 suspec\u021bii comercializau droguri de tip\u00a0heroina, amfetamina, extazy \u0219i\u00a0 marijuana\u00a0\u00een zona de nord a \u021b\u0103rii.<\/p>\n<p>Astfel, la 12 ianuarie 2018, \u00een urma ac\u021biunilor de urm\u0103rire penal\u0103 \u0219i m\u0103surilor speciale de investiga\u021bii, suspec\u021bii au fost re\u021binu\u021bi la domicilii.<\/p>\n<p>Ca urmare a perchezi\u021biilor efectuate la domiciliile suspec\u021bilor, s-au depistat \u0219i ridicat\u00a0pachete de polietelen\u0103 \u00een care se aflau droguri de tip marijuana \u00een cantitate de aproximativ 2 kg, 1100 lei,\u00a0 \u0219i\u00a0o sticl\u0103 \u00een care se afla mercur \u00een cantitate de aproximativ 5kg.<\/p>\n<p>Valoarea total\u0103 a drogurilor confiscate \u0219i scoase din circuitul ilicit, este de aproximativ 70 000 lei.<\/p>\n<p>Suspec\u021bii sunt aresta\u021bi\u00a0 pe un termen de 30 de zile \u0219i risc\u0103 o pedeaps\u0103 cu \u00eenchisoare de la 3 la 7 ani.\u00a0<\/p>\n<p>&nbsp;<\/p>\n<p>\u0418\u0441\u0442\u043e\u0447\u043d\u0438\u043a: <a href=\"http:\/\/politia.md\/ro\/content\/droguri-si-mercur-confiscate-de-ofiterii-de-investigatii\">politia.md<\/a><\/p>\n","protected":false},"excerpt":{"rendered":"<p>Doi b\u0103rba\u021bi cu v\u00e2rsta cuprins\u0103 \u00eentre 24 \u0219i 44 de ani, stabili\u021bi cu domiciliul \u00een ora\u0219ul Dondu\u0219eni, au fost re\u021binu\u021bi de poli\u0163i\u015fti, fiind suspecta\u021bi de comercializarea drogurilor. Unul dintre suspec\u021bi are antecedente penale, se arat\u0103 \u00eentr-un comunicat al poli\u021biei. \u00cen urma investiga\u021biilor efectuate de c\u0103tre angaja\u021bii Direc\u021biei Nord a Inspectoratului Na\u021bional de Investiga\u021bii \u00een comun [&hellip;]<\/p>\n","protected":false},"author":4,"featured_media":39809,"comment_status":"closed","ping_status":"closed","sticky":false,"template":"","format":"standard","meta":{"footnotes":""},"categories":[6349,6351],"tags":[],"class_list":["post-39808","post","type-post","status-publish","format-standard","has-post-thumbnail","hentry","category-social","category-incidente"],"yoast_head":"<!-- This site is optimized with the Yoast SEO plugin v27.4 - https:\/\/yoast.com\/product\/yoast-seo-wordpress\/ -->\n<title>Droguri \u0219i mercur, confiscate \u00een nordul \u021b\u0103rii<\/title>\n<meta name=\"description\" content=\"Doi b\u0103rba\u021bi cu v\u00e2rsta cuprins\u0103 \u00eentre 24 \u0219i 44 de ani, stabili\u021bi cu domiciliul \u00een ora\u0219ul Dondu\u0219eni, au fost re\u021binu\u021bi de poli\u0163i\u015fti, fiind suspecta\u021bi de comercializarea drogurilor. Unul dintre suspec\u021bi are antecedente penale, se arat\u0103 \u00eentr-un comunicat al poli\u021biei.\" \/>\n<meta name=\"robots\" content=\"index, follow, max-snippet:-1, max-image-preview:large, max-video-preview:-1\" \/>\n<link rel=\"canonical\" href=\"https:\/\/www.btv.md\/ro\/droguri-si-mercur-confiscate-in-nordul-tarii\/\" \/>\n<meta property=\"og:locale\" content=\"ro_RO\" \/>\n<meta property=\"og:type\" content=\"article\" \/>\n<meta property=\"og:title\" content=\"Droguri \u0219i mercur, confiscate \u00een nordul \u021b\u0103rii\" \/>\n<meta property=\"og:description\" content=\"Doi b\u0103rba\u021bi cu v\u00e2rsta cuprins\u0103 \u00eentre 24 \u0219i 44 de ani, stabili\u021bi cu domiciliul \u00een ora\u0219ul Dondu\u0219eni, au fost re\u021binu\u021bi de poli\u0163i\u015fti, fiind suspecta\u021bi de comercializarea drogurilor. Unul dintre suspec\u021bi are antecedente penale, se arat\u0103 \u00eentr-un comunicat al poli\u021biei.\" \/>\n<meta property=\"og:url\" content=\"https:\/\/www.btv.md\/ro\/droguri-si-mercur-confiscate-in-nordul-tarii\/\" \/>\n<meta property=\"og:site_name\" content=\"BTV\" \/>\n<meta property=\"article:publisher\" content=\"https:\/\/www.facebook.com\/btvmoldova\/\" \/>\n<meta property=\"article:published_time\" content=\"2018-01-16T14:26:32+00:00\" \/>\n<meta property=\"og:image\" content=\"https:\/\/www.btv.md\/wp-content\/uploads\/2018\/01\/narkotiki-1.jpg\" \/>\n\t<meta property=\"og:image:width\" content=\"700\" \/>\n\t<meta property=\"og:image:height\" content=\"500\" \/>\n\t<meta property=\"og:image:type\" content=\"image\/jpeg\" \/>\n<meta name=\"author\" content=\"admin\" \/>\n<meta name=\"twitter:label1\" content=\"Scris de\" \/>\n\t<meta name=\"twitter:data1\" content=\"admin\" \/>\n\t<meta name=\"twitter:label2\" content=\"Timp estimat pentru citire\" \/>\n\t<meta name=\"twitter:data2\" content=\"1 minut\" \/>\n<script type=\"application\/ld+json\" class=\"yoast-schema-graph\">{\"@context\":\"https:\\\/\\\/schema.org\",\"@graph\":[{\"@type\":\"Article\",\"@id\":\"https:\\\/\\\/www.btv.md\\\/ro\\\/droguri-si-mercur-confiscate-in-nordul-tarii\\\/#article\",\"isPartOf\":{\"@id\":\"https:\\\/\\\/www.btv.md\\\/ro\\\/droguri-si-mercur-confiscate-in-nordul-tarii\\\/\"},\"author\":{\"name\":\"admin\",\"@id\":\"https:\\\/\\\/www.btv.md\\\/#\\\/schema\\\/person\\\/8fadce81561b3ce2c34c46dadc4ccbf2\"},\"headline\":\"Droguri \u0219i mercur, confiscate \u00een nordul \u021b\u0103rii\",\"datePublished\":\"2018-01-16T14:26:32+00:00\",\"mainEntityOfPage\":{\"@id\":\"https:\\\/\\\/www.btv.md\\\/ro\\\/droguri-si-mercur-confiscate-in-nordul-tarii\\\/\"},\"wordCount\":238,\"image\":{\"@id\":\"https:\\\/\\\/www.btv.md\\\/ro\\\/droguri-si-mercur-confiscate-in-nordul-tarii\\\/#primaryimage\"},\"thumbnailUrl\":\"https:\\\/\\\/www.btv.md\\\/wp-content\\\/uploads\\\/2018\\\/01\\\/narkotiki-1.jpg\",\"articleSection\":[\"Social\",\"Incidente\"],\"inLanguage\":\"ro-RO\"},{\"@type\":\"WebPage\",\"@id\":\"https:\\\/\\\/www.btv.md\\\/ro\\\/droguri-si-mercur-confiscate-in-nordul-tarii\\\/\",\"url\":\"https:\\\/\\\/www.btv.md\\\/ro\\\/droguri-si-mercur-confiscate-in-nordul-tarii\\\/\",\"name\":\"Droguri \u0219i mercur, confiscate \u00een nordul \u021b\u0103rii\",\"isPartOf\":{\"@id\":\"https:\\\/\\\/www.btv.md\\\/#website\"},\"primaryImageOfPage\":{\"@id\":\"https:\\\/\\\/www.btv.md\\\/ro\\\/droguri-si-mercur-confiscate-in-nordul-tarii\\\/#primaryimage\"},\"image\":{\"@id\":\"https:\\\/\\\/www.btv.md\\\/ro\\\/droguri-si-mercur-confiscate-in-nordul-tarii\\\/#primaryimage\"},\"thumbnailUrl\":\"https:\\\/\\\/www.btv.md\\\/wp-content\\\/uploads\\\/2018\\\/01\\\/narkotiki-1.jpg\",\"datePublished\":\"2018-01-16T14:26:32+00:00\",\"author\":{\"@id\":\"https:\\\/\\\/www.btv.md\\\/#\\\/schema\\\/person\\\/8fadce81561b3ce2c34c46dadc4ccbf2\"},\"description\":\"Doi b\u0103rba\u021bi cu v\u00e2rsta cuprins\u0103 \u00eentre 24 \u0219i 44 de ani, stabili\u021bi cu domiciliul \u00een ora\u0219ul Dondu\u0219eni, au fost re\u021binu\u021bi de poli\u0163i\u015fti, fiind suspecta\u021bi de comercializarea drogurilor. Unul dintre suspec\u021bi are antecedente penale, se arat\u0103 \u00eentr-un comunicat al poli\u021biei.\",\"inLanguage\":\"ro-RO\",\"potentialAction\":[{\"@type\":\"ReadAction\",\"target\":[\"https:\\\/\\\/www.btv.md\\\/ro\\\/droguri-si-mercur-confiscate-in-nordul-tarii\\\/\"]}]},{\"@type\":\"ImageObject\",\"inLanguage\":\"ro-RO\",\"@id\":\"https:\\\/\\\/www.btv.md\\\/ro\\\/droguri-si-mercur-confiscate-in-nordul-tarii\\\/#primaryimage\",\"url\":\"https:\\\/\\\/www.btv.md\\\/wp-content\\\/uploads\\\/2018\\\/01\\\/narkotiki-1.jpg\",\"contentUrl\":\"https:\\\/\\\/www.btv.md\\\/wp-content\\\/uploads\\\/2018\\\/01\\\/narkotiki-1.jpg\",\"width\":700,\"height\":500},{\"@type\":\"WebSite\",\"@id\":\"https:\\\/\\\/www.btv.md\\\/#website\",\"url\":\"https:\\\/\\\/www.btv.md\\\/\",\"name\":\"BTV\",\"description\":\"\u0411\u0435\u043b\u044c\u0446\u043a\u043e\u0435 \u0442\u0435\u043b\u0435\u0432\u0438\u0434\u0435\u043d\u0438\u0435\",\"potentialAction\":[{\"@type\":\"SearchAction\",\"target\":{\"@type\":\"EntryPoint\",\"urlTemplate\":\"https:\\\/\\\/www.btv.md\\\/?s={search_term_string}\"},\"query-input\":{\"@type\":\"PropertyValueSpecification\",\"valueRequired\":true,\"valueName\":\"search_term_string\"}}],\"inLanguage\":\"ro-RO\"},{\"@type\":\"Person\",\"@id\":\"https:\\\/\\\/www.btv.md\\\/#\\\/schema\\\/person\\\/8fadce81561b3ce2c34c46dadc4ccbf2\",\"name\":\"admin\"}]}<\/script>\n<!-- \/ Yoast SEO plugin. -->","yoast_head_json":{"title":"Droguri \u0219i mercur, confiscate \u00een nordul \u021b\u0103rii","description":"Doi b\u0103rba\u021bi cu v\u00e2rsta cuprins\u0103 \u00eentre 24 \u0219i 44 de ani, stabili\u021bi cu domiciliul \u00een ora\u0219ul Dondu\u0219eni, au fost re\u021binu\u021bi de poli\u0163i\u015fti, fiind suspecta\u021bi de comercializarea drogurilor. Unul dintre suspec\u021bi are antecedente penale, se arat\u0103 \u00eentr-un comunicat al poli\u021biei.","robots":{"index":"index","follow":"follow","max-snippet":"max-snippet:-1","max-image-preview":"max-image-preview:large","max-video-preview":"max-video-preview:-1"},"canonical":"https:\/\/www.btv.md\/ro\/droguri-si-mercur-confiscate-in-nordul-tarii\/","og_locale":"ro_RO","og_type":"article","og_title":"Droguri \u0219i mercur, confiscate \u00een nordul \u021b\u0103rii","og_description":"Doi b\u0103rba\u021bi cu v\u00e2rsta cuprins\u0103 \u00eentre 24 \u0219i 44 de ani, stabili\u021bi cu domiciliul \u00een ora\u0219ul Dondu\u0219eni, au fost re\u021binu\u021bi de poli\u0163i\u015fti, fiind suspecta\u021bi de comercializarea drogurilor. Unul dintre suspec\u021bi are antecedente penale, se arat\u0103 \u00eentr-un comunicat al poli\u021biei.","og_url":"https:\/\/www.btv.md\/ro\/droguri-si-mercur-confiscate-in-nordul-tarii\/","og_site_name":"BTV","article_publisher":"https:\/\/www.facebook.com\/btvmoldova\/","article_published_time":"2018-01-16T14:26:32+00:00","og_image":[{"width":700,"height":500,"url":"https:\/\/www.btv.md\/wp-content\/uploads\/2018\/01\/narkotiki-1.jpg","type":"image\/jpeg"}],"author":"admin","twitter_misc":{"Scris de":"admin","Timp estimat pentru citire":"1 minut"},"schema":{"@context":"https:\/\/schema.org","@graph":[{"@type":"Article","@id":"https:\/\/www.btv.md\/ro\/droguri-si-mercur-confiscate-in-nordul-tarii\/#article","isPartOf":{"@id":"https:\/\/www.btv.md\/ro\/droguri-si-mercur-confiscate-in-nordul-tarii\/"},"author":{"name":"admin","@id":"https:\/\/www.btv.md\/#\/schema\/person\/8fadce81561b3ce2c34c46dadc4ccbf2"},"headline":"Droguri \u0219i mercur, confiscate \u00een nordul \u021b\u0103rii","datePublished":"2018-01-16T14:26:32+00:00","mainEntityOfPage":{"@id":"https:\/\/www.btv.md\/ro\/droguri-si-mercur-confiscate-in-nordul-tarii\/"},"wordCount":238,"image":{"@id":"https:\/\/www.btv.md\/ro\/droguri-si-mercur-confiscate-in-nordul-tarii\/#primaryimage"},"thumbnailUrl":"https:\/\/www.btv.md\/wp-content\/uploads\/2018\/01\/narkotiki-1.jpg","articleSection":["Social","Incidente"],"inLanguage":"ro-RO"},{"@type":"WebPage","@id":"https:\/\/www.btv.md\/ro\/droguri-si-mercur-confiscate-in-nordul-tarii\/","url":"https:\/\/www.btv.md\/ro\/droguri-si-mercur-confiscate-in-nordul-tarii\/","name":"Droguri \u0219i mercur, confiscate \u00een nordul \u021b\u0103rii","isPartOf":{"@id":"https:\/\/www.btv.md\/#website"},"primaryImageOfPage":{"@id":"https:\/\/www.btv.md\/ro\/droguri-si-mercur-confiscate-in-nordul-tarii\/#primaryimage"},"image":{"@id":"https:\/\/www.btv.md\/ro\/droguri-si-mercur-confiscate-in-nordul-tarii\/#primaryimage"},"thumbnailUrl":"https:\/\/www.btv.md\/wp-content\/uploads\/2018\/01\/narkotiki-1.jpg","datePublished":"2018-01-16T14:26:32+00:00","author":{"@id":"https:\/\/www.btv.md\/#\/schema\/person\/8fadce81561b3ce2c34c46dadc4ccbf2"},"description":"Doi b\u0103rba\u021bi cu v\u00e2rsta cuprins\u0103 \u00eentre 24 \u0219i 44 de ani, stabili\u021bi cu domiciliul \u00een ora\u0219ul Dondu\u0219eni, au fost re\u021binu\u021bi de poli\u0163i\u015fti, fiind suspecta\u021bi de comercializarea drogurilor. Unul dintre suspec\u021bi are antecedente penale, se arat\u0103 \u00eentr-un comunicat al poli\u021biei.","inLanguage":"ro-RO","potentialAction":[{"@type":"ReadAction","target":["https:\/\/www.btv.md\/ro\/droguri-si-mercur-confiscate-in-nordul-tarii\/"]}]},{"@type":"ImageObject","inLanguage":"ro-RO","@id":"https:\/\/www.btv.md\/ro\/droguri-si-mercur-confiscate-in-nordul-tarii\/#primaryimage","url":"https:\/\/www.btv.md\/wp-content\/uploads\/2018\/01\/narkotiki-1.jpg","contentUrl":"https:\/\/www.btv.md\/wp-content\/uploads\/2018\/01\/narkotiki-1.jpg","width":700,"height":500},{"@type":"WebSite","@id":"https:\/\/www.btv.md\/#website","url":"https:\/\/www.btv.md\/","name":"BTV","description":"\u0411\u0435\u043b\u044c\u0446\u043a\u043e\u0435 \u0442\u0435\u043b\u0435\u0432\u0438\u0434\u0435\u043d\u0438\u0435","potentialAction":[{"@type":"SearchAction","target":{"@type":"EntryPoint","urlTemplate":"https:\/\/www.btv.md\/?s={search_term_string}"},"query-input":{"@type":"PropertyValueSpecification","valueRequired":true,"valueName":"search_term_string"}}],"inLanguage":"ro-RO"},{"@type":"Person","@id":"https:\/\/www.btv.md\/#\/schema\/person\/8fadce81561b3ce2c34c46dadc4ccbf2","name":"admin"}]}},"_links":{"self":[{"href":"https:\/\/www.btv.md\/ro\/wp-json\/wp\/v2\/posts\/39808","targetHints":{"allow":["GET"]}}],"collection":[{"href":"https:\/\/www.btv.md\/ro\/wp-json\/wp\/v2\/posts"}],"about":[{"href":"https:\/\/www.btv.md\/ro\/wp-json\/wp\/v2\/types\/post"}],"author":[{"embeddable":true,"href":"https:\/\/www.btv.md\/ro\/wp-json\/wp\/v2\/users\/4"}],"replies":[{"embeddable":true,"href":"https:\/\/www.btv.md\/ro\/wp-json\/wp\/v2\/comments?post=39808"}],"version-history":[{"count":0,"href":"https:\/\/www.btv.md\/ro\/wp-json\/wp\/v2\/posts\/39808\/revisions"}],"wp:featuredmedia":[{"embeddable":true,"href":"https:\/\/www.btv.md\/ro\/wp-json\/wp\/v2\/media\/39809"}],"wp:attachment":[{"href":"https:\/\/www.btv.md\/ro\/wp-json\/wp\/v2\/media?parent=39808"}],"wp:term":[{"taxonomy":"category","embeddable":true,"href":"https:\/\/www.btv.md\/ro\/wp-json\/wp\/v2\/categories?post=39808"},{"taxonomy":"post_tag","embeddable":true,"href":"https:\/\/www.btv.md\/ro\/wp-json\/wp\/v2\/tags?post=39808"}],"curies":[{"name":"wp","href":"https:\/\/api.w.org\/{rel}","templated":true}]}}