{"id":39811,"date":"2018-01-16T17:36:00","date_gmt":"2018-01-16T14:36:00","guid":{"rendered":"https:\/\/btv.md\/?p=39811"},"modified":"2018-01-16T17:36:00","modified_gmt":"2018-01-16T14:36:00","slug":"explozie-puternica-la-anvers-14-persoane-ranite","status":"publish","type":"post","link":"https:\/\/www.btv.md\/ro\/explozie-puternica-la-anvers-14-persoane-ranite\/","title":{"rendered":"Explozie puternic\u0103 la anvers: 14 persoane r\u0103nite"},"content":{"rendered":"<p><strong>14 oameni au fost r\u0103ni\u021bi \u00eentr-o explozie produs\u0103 \u00een noaptea de 15 spre 16 ianuarie \u00een centrul ora\u0219ul belgian Anvers, scrie Agerpres, cit\u00e2nd DPA \u0219i Reuters. Poli\u021bia local\u0103 a exclus varianta unui atentat terorist.<\/strong><\/p>\n<p style=\"text-align: center;\"><iframe data-src=\"https:\/\/www.youtube.com\/embed\/-RPNxuBTJL4\" width=\"854\" height=\"480\" frameborder=\"0\" allowfullscreen=\"allowfullscreen\" src=\"data:image\/svg+xml;base64,PHN2ZyB3aWR0aD0iMSIgaGVpZ2h0PSIxIiB4bWxucz0iaHR0cDovL3d3dy53My5vcmcvMjAwMC9zdmciPjwvc3ZnPg==\" class=\"lazyload\" data-load-mode=\"1\"><\/iframe><\/p>\n<p>Explozia, produs\u0103 \u00een cartierul studen\u021besc al ora\u0219ului, a distrus integral o cl\u0103dire \u0219i a avariat grav alte dou\u0103.<\/p>\n<p>Unul dintre r\u0103ni\u021bi este \u00een stare critic\u0103.<\/p>\n<p>Echipele de salvare \u00eenso\u021bite de c\u00e2ini au scos de sub d\u0103r\u00e2m\u0103turi \u0219apte persoane p\u00e2n\u0103 mar\u021bi diminea\u021b\u0103 \u0219i \u00eencercau s\u0103 recupereze un copil \u0219i pe p\u0103rin\u021bii acestuia, cu care se aflau \u00een contact de mai multe ore.<\/p>\n<p>Cauza exact\u0103 a exploziei nu este cunoscut\u0103 deocamdat\u0103, dar, potrivit postului local de radioteleviziune RTBF, ar fi vorba despre o scurgere de gaze.<\/p>\n<p>&nbsp;<\/p>\n<p>Surs\u0103: <a href=\"http:\/\/unimedia.info\/stiri\/explozie-puternica-la-anvers-14-persoane-ranite-146287.html\">unimedia.info<\/a><\/p>\n","protected":false},"excerpt":{"rendered":"<p>14 oameni au fost r\u0103ni\u021bi \u00eentr-o explozie produs\u0103 \u00een noaptea de 15 spre 16 ianuarie \u00een centrul ora\u0219ul belgian Anvers, scrie Agerpres, cit\u00e2nd DPA \u0219i Reuters. Poli\u021bia local\u0103 a exclus varianta unui atentat terorist. Explozia, produs\u0103 \u00een cartierul studen\u021besc al ora\u0219ului, a distrus integral o cl\u0103dire \u0219i a avariat grav alte dou\u0103. Unul dintre r\u0103ni\u021bi [&hellip;]<\/p>\n","protected":false},"author":4,"featured_media":39812,"comment_status":"closed","ping_status":"closed","sticky":false,"template":"","format":"standard","meta":{"footnotes":""},"categories":[6349],"tags":[],"class_list":["post-39811","post","type-post","status-publish","format-standard","has-post-thumbnail","hentry","category-social"],"yoast_head":"<!-- This site is optimized with the Yoast SEO plugin v27.4 - https:\/\/yoast.com\/product\/yoast-seo-wordpress\/ -->\n<title>Explozie puternic\u0103 la anvers: 14 persoane r\u0103nite<\/title>\n<meta name=\"description\" content=\"14 oameni au fost r\u0103ni\u021bi \u00eentr-o explozie produs\u0103 \u00een noaptea de 15 spre 16 ianuarie \u00een centrul ora\u0219ul belgian Anvers, scrie Agerpres, cit\u00e2nd DPA \u0219i Reuters. Poli\u021bia local\u0103 a exclus varianta unui atentat terorist.\" \/>\n<meta name=\"robots\" content=\"index, follow, max-snippet:-1, max-image-preview:large, max-video-preview:-1\" \/>\n<link rel=\"canonical\" href=\"https:\/\/www.btv.md\/ro\/explozie-puternica-la-anvers-14-persoane-ranite\/\" \/>\n<meta property=\"og:locale\" content=\"ro_RO\" \/>\n<meta property=\"og:type\" content=\"article\" \/>\n<meta property=\"og:title\" content=\"Explozie puternic\u0103 la anvers: 14 persoane r\u0103nite\" \/>\n<meta property=\"og:description\" content=\"14 oameni au fost r\u0103ni\u021bi \u00eentr-o explozie produs\u0103 \u00een noaptea de 15 spre 16 ianuarie \u00een centrul ora\u0219ul belgian Anvers, scrie Agerpres, cit\u00e2nd DPA \u0219i Reuters. Poli\u021bia local\u0103 a exclus varianta unui atentat terorist.\" \/>\n<meta property=\"og:url\" content=\"https:\/\/www.btv.md\/ro\/explozie-puternica-la-anvers-14-persoane-ranite\/\" \/>\n<meta property=\"og:site_name\" content=\"BTV\" \/>\n<meta property=\"article:publisher\" content=\"https:\/\/www.facebook.com\/btvmoldova\/\" \/>\n<meta property=\"article:published_time\" content=\"2018-01-16T14:36:00+00:00\" \/>\n<meta property=\"og:image\" content=\"https:\/\/www.btv.md\/wp-content\/uploads\/2018\/01\/explozie-puternica-la-anvers-14-persoane-ranite-1516101355.jpg\" \/>\n\t<meta property=\"og:image:width\" content=\"700\" \/>\n\t<meta property=\"og:image:height\" content=\"500\" \/>\n\t<meta property=\"og:image:type\" content=\"image\/jpeg\" \/>\n<meta name=\"author\" content=\"admin\" \/>\n<meta name=\"twitter:label1\" content=\"Scris de\" \/>\n\t<meta name=\"twitter:data1\" content=\"admin\" \/>\n\t<meta name=\"twitter:label2\" content=\"Timp estimat pentru citire\" \/>\n\t<meta name=\"twitter:data2\" content=\"1 minut\" \/>\n<script type=\"application\/ld+json\" class=\"yoast-schema-graph\">{\"@context\":\"https:\\\/\\\/schema.org\",\"@graph\":[{\"@type\":\"Article\",\"@id\":\"https:\\\/\\\/www.btv.md\\\/ro\\\/explozie-puternica-la-anvers-14-persoane-ranite\\\/#article\",\"isPartOf\":{\"@id\":\"https:\\\/\\\/www.btv.md\\\/ro\\\/explozie-puternica-la-anvers-14-persoane-ranite\\\/\"},\"author\":{\"name\":\"admin\",\"@id\":\"https:\\\/\\\/www.btv.md\\\/#\\\/schema\\\/person\\\/8fadce81561b3ce2c34c46dadc4ccbf2\"},\"headline\":\"Explozie puternic\u0103 la anvers: 14 persoane r\u0103nite\",\"datePublished\":\"2018-01-16T14:36:00+00:00\",\"mainEntityOfPage\":{\"@id\":\"https:\\\/\\\/www.btv.md\\\/ro\\\/explozie-puternica-la-anvers-14-persoane-ranite\\\/\"},\"wordCount\":145,\"image\":{\"@id\":\"https:\\\/\\\/www.btv.md\\\/ro\\\/explozie-puternica-la-anvers-14-persoane-ranite\\\/#primaryimage\"},\"thumbnailUrl\":\"https:\\\/\\\/www.btv.md\\\/wp-content\\\/uploads\\\/2018\\\/01\\\/explozie-puternica-la-anvers-14-persoane-ranite-1516101355.jpg\",\"articleSection\":[\"Social\"],\"inLanguage\":\"ro-RO\"},{\"@type\":\"WebPage\",\"@id\":\"https:\\\/\\\/www.btv.md\\\/ro\\\/explozie-puternica-la-anvers-14-persoane-ranite\\\/\",\"url\":\"https:\\\/\\\/www.btv.md\\\/ro\\\/explozie-puternica-la-anvers-14-persoane-ranite\\\/\",\"name\":\"Explozie puternic\u0103 la anvers: 14 persoane r\u0103nite\",\"isPartOf\":{\"@id\":\"https:\\\/\\\/www.btv.md\\\/#website\"},\"primaryImageOfPage\":{\"@id\":\"https:\\\/\\\/www.btv.md\\\/ro\\\/explozie-puternica-la-anvers-14-persoane-ranite\\\/#primaryimage\"},\"image\":{\"@id\":\"https:\\\/\\\/www.btv.md\\\/ro\\\/explozie-puternica-la-anvers-14-persoane-ranite\\\/#primaryimage\"},\"thumbnailUrl\":\"https:\\\/\\\/www.btv.md\\\/wp-content\\\/uploads\\\/2018\\\/01\\\/explozie-puternica-la-anvers-14-persoane-ranite-1516101355.jpg\",\"datePublished\":\"2018-01-16T14:36:00+00:00\",\"author\":{\"@id\":\"https:\\\/\\\/www.btv.md\\\/#\\\/schema\\\/person\\\/8fadce81561b3ce2c34c46dadc4ccbf2\"},\"description\":\"14 oameni au fost r\u0103ni\u021bi \u00eentr-o explozie produs\u0103 \u00een noaptea de 15 spre 16 ianuarie \u00een centrul ora\u0219ul belgian Anvers, scrie Agerpres, cit\u00e2nd DPA \u0219i Reuters. Poli\u021bia local\u0103 a exclus varianta unui atentat terorist.\",\"inLanguage\":\"ro-RO\",\"potentialAction\":[{\"@type\":\"ReadAction\",\"target\":[\"https:\\\/\\\/www.btv.md\\\/ro\\\/explozie-puternica-la-anvers-14-persoane-ranite\\\/\"]}]},{\"@type\":\"ImageObject\",\"inLanguage\":\"ro-RO\",\"@id\":\"https:\\\/\\\/www.btv.md\\\/ro\\\/explozie-puternica-la-anvers-14-persoane-ranite\\\/#primaryimage\",\"url\":\"https:\\\/\\\/www.btv.md\\\/wp-content\\\/uploads\\\/2018\\\/01\\\/explozie-puternica-la-anvers-14-persoane-ranite-1516101355.jpg\",\"contentUrl\":\"https:\\\/\\\/www.btv.md\\\/wp-content\\\/uploads\\\/2018\\\/01\\\/explozie-puternica-la-anvers-14-persoane-ranite-1516101355.jpg\",\"width\":700,\"height\":500},{\"@type\":\"WebSite\",\"@id\":\"https:\\\/\\\/www.btv.md\\\/#website\",\"url\":\"https:\\\/\\\/www.btv.md\\\/\",\"name\":\"BTV\",\"description\":\"\u0411\u0435\u043b\u044c\u0446\u043a\u043e\u0435 \u0442\u0435\u043b\u0435\u0432\u0438\u0434\u0435\u043d\u0438\u0435\",\"potentialAction\":[{\"@type\":\"SearchAction\",\"target\":{\"@type\":\"EntryPoint\",\"urlTemplate\":\"https:\\\/\\\/www.btv.md\\\/?s={search_term_string}\"},\"query-input\":{\"@type\":\"PropertyValueSpecification\",\"valueRequired\":true,\"valueName\":\"search_term_string\"}}],\"inLanguage\":\"ro-RO\"},{\"@type\":\"Person\",\"@id\":\"https:\\\/\\\/www.btv.md\\\/#\\\/schema\\\/person\\\/8fadce81561b3ce2c34c46dadc4ccbf2\",\"name\":\"admin\"}]}<\/script>\n<!-- \/ Yoast SEO plugin. -->","yoast_head_json":{"title":"Explozie puternic\u0103 la anvers: 14 persoane r\u0103nite","description":"14 oameni au fost r\u0103ni\u021bi \u00eentr-o explozie produs\u0103 \u00een noaptea de 15 spre 16 ianuarie \u00een centrul ora\u0219ul belgian Anvers, scrie Agerpres, cit\u00e2nd DPA \u0219i Reuters. Poli\u021bia local\u0103 a exclus varianta unui atentat terorist.","robots":{"index":"index","follow":"follow","max-snippet":"max-snippet:-1","max-image-preview":"max-image-preview:large","max-video-preview":"max-video-preview:-1"},"canonical":"https:\/\/www.btv.md\/ro\/explozie-puternica-la-anvers-14-persoane-ranite\/","og_locale":"ro_RO","og_type":"article","og_title":"Explozie puternic\u0103 la anvers: 14 persoane r\u0103nite","og_description":"14 oameni au fost r\u0103ni\u021bi \u00eentr-o explozie produs\u0103 \u00een noaptea de 15 spre 16 ianuarie \u00een centrul ora\u0219ul belgian Anvers, scrie Agerpres, cit\u00e2nd DPA \u0219i Reuters. Poli\u021bia local\u0103 a exclus varianta unui atentat terorist.","og_url":"https:\/\/www.btv.md\/ro\/explozie-puternica-la-anvers-14-persoane-ranite\/","og_site_name":"BTV","article_publisher":"https:\/\/www.facebook.com\/btvmoldova\/","article_published_time":"2018-01-16T14:36:00+00:00","og_image":[{"width":700,"height":500,"url":"https:\/\/www.btv.md\/wp-content\/uploads\/2018\/01\/explozie-puternica-la-anvers-14-persoane-ranite-1516101355.jpg","type":"image\/jpeg"}],"author":"admin","twitter_misc":{"Scris de":"admin","Timp estimat pentru citire":"1 minut"},"schema":{"@context":"https:\/\/schema.org","@graph":[{"@type":"Article","@id":"https:\/\/www.btv.md\/ro\/explozie-puternica-la-anvers-14-persoane-ranite\/#article","isPartOf":{"@id":"https:\/\/www.btv.md\/ro\/explozie-puternica-la-anvers-14-persoane-ranite\/"},"author":{"name":"admin","@id":"https:\/\/www.btv.md\/#\/schema\/person\/8fadce81561b3ce2c34c46dadc4ccbf2"},"headline":"Explozie puternic\u0103 la anvers: 14 persoane r\u0103nite","datePublished":"2018-01-16T14:36:00+00:00","mainEntityOfPage":{"@id":"https:\/\/www.btv.md\/ro\/explozie-puternica-la-anvers-14-persoane-ranite\/"},"wordCount":145,"image":{"@id":"https:\/\/www.btv.md\/ro\/explozie-puternica-la-anvers-14-persoane-ranite\/#primaryimage"},"thumbnailUrl":"https:\/\/www.btv.md\/wp-content\/uploads\/2018\/01\/explozie-puternica-la-anvers-14-persoane-ranite-1516101355.jpg","articleSection":["Social"],"inLanguage":"ro-RO"},{"@type":"WebPage","@id":"https:\/\/www.btv.md\/ro\/explozie-puternica-la-anvers-14-persoane-ranite\/","url":"https:\/\/www.btv.md\/ro\/explozie-puternica-la-anvers-14-persoane-ranite\/","name":"Explozie puternic\u0103 la anvers: 14 persoane r\u0103nite","isPartOf":{"@id":"https:\/\/www.btv.md\/#website"},"primaryImageOfPage":{"@id":"https:\/\/www.btv.md\/ro\/explozie-puternica-la-anvers-14-persoane-ranite\/#primaryimage"},"image":{"@id":"https:\/\/www.btv.md\/ro\/explozie-puternica-la-anvers-14-persoane-ranite\/#primaryimage"},"thumbnailUrl":"https:\/\/www.btv.md\/wp-content\/uploads\/2018\/01\/explozie-puternica-la-anvers-14-persoane-ranite-1516101355.jpg","datePublished":"2018-01-16T14:36:00+00:00","author":{"@id":"https:\/\/www.btv.md\/#\/schema\/person\/8fadce81561b3ce2c34c46dadc4ccbf2"},"description":"14 oameni au fost r\u0103ni\u021bi \u00eentr-o explozie produs\u0103 \u00een noaptea de 15 spre 16 ianuarie \u00een centrul ora\u0219ul belgian Anvers, scrie Agerpres, cit\u00e2nd DPA \u0219i Reuters. Poli\u021bia local\u0103 a exclus varianta unui atentat terorist.","inLanguage":"ro-RO","potentialAction":[{"@type":"ReadAction","target":["https:\/\/www.btv.md\/ro\/explozie-puternica-la-anvers-14-persoane-ranite\/"]}]},{"@type":"ImageObject","inLanguage":"ro-RO","@id":"https:\/\/www.btv.md\/ro\/explozie-puternica-la-anvers-14-persoane-ranite\/#primaryimage","url":"https:\/\/www.btv.md\/wp-content\/uploads\/2018\/01\/explozie-puternica-la-anvers-14-persoane-ranite-1516101355.jpg","contentUrl":"https:\/\/www.btv.md\/wp-content\/uploads\/2018\/01\/explozie-puternica-la-anvers-14-persoane-ranite-1516101355.jpg","width":700,"height":500},{"@type":"WebSite","@id":"https:\/\/www.btv.md\/#website","url":"https:\/\/www.btv.md\/","name":"BTV","description":"\u0411\u0435\u043b\u044c\u0446\u043a\u043e\u0435 \u0442\u0435\u043b\u0435\u0432\u0438\u0434\u0435\u043d\u0438\u0435","potentialAction":[{"@type":"SearchAction","target":{"@type":"EntryPoint","urlTemplate":"https:\/\/www.btv.md\/?s={search_term_string}"},"query-input":{"@type":"PropertyValueSpecification","valueRequired":true,"valueName":"search_term_string"}}],"inLanguage":"ro-RO"},{"@type":"Person","@id":"https:\/\/www.btv.md\/#\/schema\/person\/8fadce81561b3ce2c34c46dadc4ccbf2","name":"admin"}]}},"_links":{"self":[{"href":"https:\/\/www.btv.md\/ro\/wp-json\/wp\/v2\/posts\/39811","targetHints":{"allow":["GET"]}}],"collection":[{"href":"https:\/\/www.btv.md\/ro\/wp-json\/wp\/v2\/posts"}],"about":[{"href":"https:\/\/www.btv.md\/ro\/wp-json\/wp\/v2\/types\/post"}],"author":[{"embeddable":true,"href":"https:\/\/www.btv.md\/ro\/wp-json\/wp\/v2\/users\/4"}],"replies":[{"embeddable":true,"href":"https:\/\/www.btv.md\/ro\/wp-json\/wp\/v2\/comments?post=39811"}],"version-history":[{"count":0,"href":"https:\/\/www.btv.md\/ro\/wp-json\/wp\/v2\/posts\/39811\/revisions"}],"wp:featuredmedia":[{"embeddable":true,"href":"https:\/\/www.btv.md\/ro\/wp-json\/wp\/v2\/media\/39812"}],"wp:attachment":[{"href":"https:\/\/www.btv.md\/ro\/wp-json\/wp\/v2\/media?parent=39811"}],"wp:term":[{"taxonomy":"category","embeddable":true,"href":"https:\/\/www.btv.md\/ro\/wp-json\/wp\/v2\/categories?post=39811"},{"taxonomy":"post_tag","embeddable":true,"href":"https:\/\/www.btv.md\/ro\/wp-json\/wp\/v2\/tags?post=39811"}],"curies":[{"name":"wp","href":"https:\/\/api.w.org\/{rel}","templated":true}]}}