{"id":39884,"date":"2018-01-17T00:57:54","date_gmt":"2018-01-16T21:57:54","guid":{"rendered":"https:\/\/btv.md\/?p=39884"},"modified":"2018-01-17T00:58:19","modified_gmt":"2018-01-16T21:58:19","slug":"pericol-de-gripa-la-balti","status":"publish","type":"post","link":"https:\/\/www.btv.md\/ro\/pericol-de-gripa-la-balti\/","title":{"rendered":"Pericol de grip\u0103 la B\u0103l\u021bi"},"content":{"rendered":"<p><strong>Reprezentan\u021bii Centrului de S\u0103n\u0103tate Public\u0103 B\u0103l\u021bi, anun\u021b\u0103 pericol sporit de grip\u0103 sezonier\u0103. Acesta este valabil pentru luna ianuaire-februarie curent, perioad\u0103 cu temperaturi reci instabile. Datele statistice arat\u0103 c\u0103 cea mai periculoas\u0103 perioad\u0103 de r\u0103sp\u00e2ndire a virusului \u00a0A(H1N1) este \u00eenceputul anului. De exemplu, \u00een 2017, cazurile de grip\u0103 au \u00eenregistrat un maxim \u00een lunile ianuarie-februarie- 90 de \u00eemboln\u0103viri. Potrivit \u0219efei sec\u021biei maladii transmisibile, Elena Tureac, p\u00e2n\u0103 acum, la B\u0103l\u021bi nu au fost \u00eenregistrate cazuri de grip\u0103, \u00eens\u0103 acestea ar urma s\u0103 apar\u0103 \u00een scurt timp.<\/strong><\/p>\n<p style=\"text-align: center;\"><iframe data-src=\"https:\/\/www.youtube.com\/embed\/IOTgqvgbbQI\" width=\"854\" height=\"480\" frameborder=\"0\" allowfullscreen=\"allowfullscreen\" src=\"data:image\/svg+xml;base64,PHN2ZyB3aWR0aD0iMSIgaGVpZ2h0PSIxIiB4bWxucz0iaHR0cDovL3d3dy53My5vcmcvMjAwMC9zdmciPjwvc3ZnPg==\" class=\"lazyload\" data-load-mode=\"1\"><\/iframe><\/p>\n<blockquote>\n<p><strong>E<\/strong><strong>lena Tureac, \u0219efa sec\u021biei maladii transmisibile al CSP:<\/strong> <em>\u201eReie\u0219ind din datele de anii trecu\u021bi, \u0219tim c\u0103 gripa apare \u00een lunile ianuarie-februarie. Acum suntem \u00een a\u0219teptare. M\u0103 adresez b\u0103l\u021benilor, evita\u021bi locurile, aglomerate, ave\u021bi grij\u0103 de copii, alimenta\u021bi-v\u0103 corect, mai ales cu vitamina Ci.<\/em><em>\u201d<\/em><\/p>\n<\/blockquote>\n<p>Speciali\u0219tii \u00eendeamn\u0103 oamenii s\u0103 apeleze imediat la medicul de familie, \u00eenc\u0103 de la apari\u021bia primelor simptome de boal\u0103, precum febr\u0103 \u00eenalt\u0103, dureri de cap \u0219i de mu\u0219chi.<\/p>\n<blockquote>\n<p><em>\u201eCare este diferen\u021ba dintre grip\u0103 \u0219i infec\u021bii respiratorii. Este debutul brusc al gripei. Adic\u0103, creterea temperaturii corpului p\u00e2n\u0103 la 38-39 de grade, durerile de mu\u0219chi, cefalee, dureri de cap, dureri de ochi. \u00cen cazul primelor simptome trebuie s\u0103 ne adres\u0103m medicului de familie.\u201d<\/em><\/p>\n<\/blockquote>\n<p>\u00centre timp, \u00een capital\u0103, gripa a luat via\u021ba unei femeie \u00een v\u00e2rst\u0103 42 de ani. Pacienta a fost internat\u0103 \u00een stare grav\u0103 la\u00a0spital cu pneumonie \u0219i semne clinice de grip\u0103. Boala s-a agravat, a provocat complica\u021bii \u0219i decesul femeii. Virusul A(H1N1), cunoscut la debut \u0219i ca gripa porcin\u0103, a provocat o epidemie la nivel mondial \u00eentre 2009 \u015fi 2010.<\/p>\n","protected":false},"excerpt":{"rendered":"<p>Reprezentan\u021bii Centrului de S\u0103n\u0103tate Public\u0103 B\u0103l\u021bi, anun\u021b\u0103 pericol sporit de grip\u0103 sezonier\u0103. Acesta este valabil pentru luna ianuaire-februarie curent, perioad\u0103 cu temperaturi reci instabile. Datele statistice arat\u0103 c\u0103 cea mai periculoas\u0103 perioad\u0103 de r\u0103sp\u00e2ndire a virusului \u00a0A(H1N1) este \u00eenceputul anului. De exemplu, \u00een 2017, cazurile de grip\u0103 au \u00eenregistrat un maxim \u00een lunile ianuarie-februarie- 90 [&hellip;]<\/p>\n","protected":false},"author":4,"featured_media":39885,"comment_status":"closed","ping_status":"closed","sticky":false,"template":"","format":"standard","meta":{"footnotes":""},"categories":[6349],"tags":[],"class_list":["post-39884","post","type-post","status-publish","format-standard","has-post-thumbnail","hentry","category-social"],"yoast_head":"<!-- This site is optimized with the Yoast SEO plugin v27.4 - https:\/\/yoast.com\/product\/yoast-seo-wordpress\/ -->\n<title>Pericol de grip\u0103 la B\u0103l\u021bi<\/title>\n<meta name=\"description\" content=\"Reprezentan\u021bii Centrului de S\u0103n\u0103tate Public\u0103 B\u0103l\u021bi, anun\u021b\u0103 pericol sporit de grip\u0103 sezonier\u0103. Acesta este valabil pentru luna ianuaire-februarie curent, perioad\u0103 cu temperaturi reci instabile. Datele statistice arat\u0103 c\u0103 cea mai periculoas\u0103 perioad\u0103 de r\u0103sp\u00e2ndire a virusului \u00a0A(H1N1) este \u00eenceputul anului.\" \/>\n<meta name=\"robots\" content=\"index, follow, max-snippet:-1, max-image-preview:large, max-video-preview:-1\" \/>\n<link rel=\"canonical\" href=\"https:\/\/www.btv.md\/ro\/pericol-de-gripa-la-balti\/\" \/>\n<meta property=\"og:locale\" content=\"ro_RO\" \/>\n<meta property=\"og:type\" content=\"article\" \/>\n<meta property=\"og:title\" content=\"Pericol de grip\u0103 la B\u0103l\u021bi\" \/>\n<meta property=\"og:description\" content=\"Reprezentan\u021bii Centrului de S\u0103n\u0103tate Public\u0103 B\u0103l\u021bi, anun\u021b\u0103 pericol sporit de grip\u0103 sezonier\u0103. Acesta este valabil pentru luna ianuaire-februarie curent, perioad\u0103 cu temperaturi reci instabile. Datele statistice arat\u0103 c\u0103 cea mai periculoas\u0103 perioad\u0103 de r\u0103sp\u00e2ndire a virusului \u00a0A(H1N1) este \u00eenceputul anului. De exemplu, \u00een 2017, cazurile de grip\u0103 au \u00eenregistrat un maxim \u00een lunile ianuarie-februarie- 90 de \u00eemboln\u0103viri. Potrivit \u0219efei sec\u021biei maladii transmisibile, Elena Tureac, p\u00e2n\u0103 acum, la B\u0103l\u021bi nu au fost \u00eenregistrate cazuri de grip\u0103, \u00eens\u0103 acestea ar urma s\u0103 apar\u0103 \u00een scurt timp.\" \/>\n<meta property=\"og:url\" content=\"https:\/\/www.btv.md\/ro\/pericol-de-gripa-la-balti\/\" \/>\n<meta property=\"og:site_name\" content=\"BTV\" \/>\n<meta property=\"article:publisher\" content=\"https:\/\/www.facebook.com\/btvmoldova\/\" \/>\n<meta property=\"article:published_time\" content=\"2018-01-16T21:57:54+00:00\" \/>\n<meta property=\"article:modified_time\" content=\"2018-01-16T21:58:19+00:00\" \/>\n<meta property=\"og:image\" content=\"https:\/\/www.btv.md\/wp-content\/uploads\/2018\/01\/gripa.jpg\" \/>\n\t<meta property=\"og:image:width\" content=\"700\" \/>\n\t<meta property=\"og:image:height\" content=\"500\" \/>\n\t<meta property=\"og:image:type\" content=\"image\/jpeg\" \/>\n<meta name=\"author\" content=\"admin\" \/>\n<meta name=\"twitter:label1\" content=\"Scris de\" \/>\n\t<meta name=\"twitter:data1\" content=\"admin\" \/>\n\t<meta name=\"twitter:label2\" content=\"Timp estimat pentru citire\" \/>\n\t<meta name=\"twitter:data2\" content=\"1 minut\" \/>\n<script type=\"application\/ld+json\" class=\"yoast-schema-graph\">{\"@context\":\"https:\\\/\\\/schema.org\",\"@graph\":[{\"@type\":\"Article\",\"@id\":\"https:\\\/\\\/www.btv.md\\\/ro\\\/pericol-de-gripa-la-balti\\\/#article\",\"isPartOf\":{\"@id\":\"https:\\\/\\\/www.btv.md\\\/ro\\\/pericol-de-gripa-la-balti\\\/\"},\"author\":{\"name\":\"admin\",\"@id\":\"https:\\\/\\\/www.btv.md\\\/#\\\/schema\\\/person\\\/8fadce81561b3ce2c34c46dadc4ccbf2\"},\"headline\":\"Pericol de grip\u0103 la B\u0103l\u021bi\",\"datePublished\":\"2018-01-16T21:57:54+00:00\",\"dateModified\":\"2018-01-16T21:58:19+00:00\",\"mainEntityOfPage\":{\"@id\":\"https:\\\/\\\/www.btv.md\\\/ro\\\/pericol-de-gripa-la-balti\\\/\"},\"wordCount\":295,\"image\":{\"@id\":\"https:\\\/\\\/www.btv.md\\\/ro\\\/pericol-de-gripa-la-balti\\\/#primaryimage\"},\"thumbnailUrl\":\"https:\\\/\\\/www.btv.md\\\/wp-content\\\/uploads\\\/2018\\\/01\\\/gripa.jpg\",\"articleSection\":[\"Social\"],\"inLanguage\":\"ro-RO\"},{\"@type\":\"WebPage\",\"@id\":\"https:\\\/\\\/www.btv.md\\\/ro\\\/pericol-de-gripa-la-balti\\\/\",\"url\":\"https:\\\/\\\/www.btv.md\\\/ro\\\/pericol-de-gripa-la-balti\\\/\",\"name\":\"Pericol de grip\u0103 la B\u0103l\u021bi\",\"isPartOf\":{\"@id\":\"https:\\\/\\\/www.btv.md\\\/#website\"},\"primaryImageOfPage\":{\"@id\":\"https:\\\/\\\/www.btv.md\\\/ro\\\/pericol-de-gripa-la-balti\\\/#primaryimage\"},\"image\":{\"@id\":\"https:\\\/\\\/www.btv.md\\\/ro\\\/pericol-de-gripa-la-balti\\\/#primaryimage\"},\"thumbnailUrl\":\"https:\\\/\\\/www.btv.md\\\/wp-content\\\/uploads\\\/2018\\\/01\\\/gripa.jpg\",\"datePublished\":\"2018-01-16T21:57:54+00:00\",\"dateModified\":\"2018-01-16T21:58:19+00:00\",\"author\":{\"@id\":\"https:\\\/\\\/www.btv.md\\\/#\\\/schema\\\/person\\\/8fadce81561b3ce2c34c46dadc4ccbf2\"},\"description\":\"Reprezentan\u021bii Centrului de S\u0103n\u0103tate Public\u0103 B\u0103l\u021bi, anun\u021b\u0103 pericol sporit de grip\u0103 sezonier\u0103. Acesta este valabil pentru luna ianuaire-februarie curent, perioad\u0103 cu temperaturi reci instabile. Datele statistice arat\u0103 c\u0103 cea mai periculoas\u0103 perioad\u0103 de r\u0103sp\u00e2ndire a virusului \u00a0A(H1N1) este \u00eenceputul anului.\",\"inLanguage\":\"ro-RO\",\"potentialAction\":[{\"@type\":\"ReadAction\",\"target\":[\"https:\\\/\\\/www.btv.md\\\/ro\\\/pericol-de-gripa-la-balti\\\/\"]}]},{\"@type\":\"ImageObject\",\"inLanguage\":\"ro-RO\",\"@id\":\"https:\\\/\\\/www.btv.md\\\/ro\\\/pericol-de-gripa-la-balti\\\/#primaryimage\",\"url\":\"https:\\\/\\\/www.btv.md\\\/wp-content\\\/uploads\\\/2018\\\/01\\\/gripa.jpg\",\"contentUrl\":\"https:\\\/\\\/www.btv.md\\\/wp-content\\\/uploads\\\/2018\\\/01\\\/gripa.jpg\",\"width\":700,\"height\":500},{\"@type\":\"WebSite\",\"@id\":\"https:\\\/\\\/www.btv.md\\\/#website\",\"url\":\"https:\\\/\\\/www.btv.md\\\/\",\"name\":\"BTV\",\"description\":\"\u0411\u0435\u043b\u044c\u0446\u043a\u043e\u0435 \u0442\u0435\u043b\u0435\u0432\u0438\u0434\u0435\u043d\u0438\u0435\",\"potentialAction\":[{\"@type\":\"SearchAction\",\"target\":{\"@type\":\"EntryPoint\",\"urlTemplate\":\"https:\\\/\\\/www.btv.md\\\/?s={search_term_string}\"},\"query-input\":{\"@type\":\"PropertyValueSpecification\",\"valueRequired\":true,\"valueName\":\"search_term_string\"}}],\"inLanguage\":\"ro-RO\"},{\"@type\":\"Person\",\"@id\":\"https:\\\/\\\/www.btv.md\\\/#\\\/schema\\\/person\\\/8fadce81561b3ce2c34c46dadc4ccbf2\",\"name\":\"admin\"}]}<\/script>\n<!-- \/ Yoast SEO plugin. -->","yoast_head_json":{"title":"Pericol de grip\u0103 la B\u0103l\u021bi","description":"Reprezentan\u021bii Centrului de S\u0103n\u0103tate Public\u0103 B\u0103l\u021bi, anun\u021b\u0103 pericol sporit de grip\u0103 sezonier\u0103. Acesta este valabil pentru luna ianuaire-februarie curent, perioad\u0103 cu temperaturi reci instabile. Datele statistice arat\u0103 c\u0103 cea mai periculoas\u0103 perioad\u0103 de r\u0103sp\u00e2ndire a virusului \u00a0A(H1N1) este \u00eenceputul anului.","robots":{"index":"index","follow":"follow","max-snippet":"max-snippet:-1","max-image-preview":"max-image-preview:large","max-video-preview":"max-video-preview:-1"},"canonical":"https:\/\/www.btv.md\/ro\/pericol-de-gripa-la-balti\/","og_locale":"ro_RO","og_type":"article","og_title":"Pericol de grip\u0103 la B\u0103l\u021bi","og_description":"Reprezentan\u021bii Centrului de S\u0103n\u0103tate Public\u0103 B\u0103l\u021bi, anun\u021b\u0103 pericol sporit de grip\u0103 sezonier\u0103. Acesta este valabil pentru luna ianuaire-februarie curent, perioad\u0103 cu temperaturi reci instabile. Datele statistice arat\u0103 c\u0103 cea mai periculoas\u0103 perioad\u0103 de r\u0103sp\u00e2ndire a virusului \u00a0A(H1N1) este \u00eenceputul anului. De exemplu, \u00een 2017, cazurile de grip\u0103 au \u00eenregistrat un maxim \u00een lunile ianuarie-februarie- 90 de \u00eemboln\u0103viri. Potrivit \u0219efei sec\u021biei maladii transmisibile, Elena Tureac, p\u00e2n\u0103 acum, la B\u0103l\u021bi nu au fost \u00eenregistrate cazuri de grip\u0103, \u00eens\u0103 acestea ar urma s\u0103 apar\u0103 \u00een scurt timp.","og_url":"https:\/\/www.btv.md\/ro\/pericol-de-gripa-la-balti\/","og_site_name":"BTV","article_publisher":"https:\/\/www.facebook.com\/btvmoldova\/","article_published_time":"2018-01-16T21:57:54+00:00","article_modified_time":"2018-01-16T21:58:19+00:00","og_image":[{"width":700,"height":500,"url":"https:\/\/www.btv.md\/wp-content\/uploads\/2018\/01\/gripa.jpg","type":"image\/jpeg"}],"author":"admin","twitter_misc":{"Scris de":"admin","Timp estimat pentru citire":"1 minut"},"schema":{"@context":"https:\/\/schema.org","@graph":[{"@type":"Article","@id":"https:\/\/www.btv.md\/ro\/pericol-de-gripa-la-balti\/#article","isPartOf":{"@id":"https:\/\/www.btv.md\/ro\/pericol-de-gripa-la-balti\/"},"author":{"name":"admin","@id":"https:\/\/www.btv.md\/#\/schema\/person\/8fadce81561b3ce2c34c46dadc4ccbf2"},"headline":"Pericol de grip\u0103 la B\u0103l\u021bi","datePublished":"2018-01-16T21:57:54+00:00","dateModified":"2018-01-16T21:58:19+00:00","mainEntityOfPage":{"@id":"https:\/\/www.btv.md\/ro\/pericol-de-gripa-la-balti\/"},"wordCount":295,"image":{"@id":"https:\/\/www.btv.md\/ro\/pericol-de-gripa-la-balti\/#primaryimage"},"thumbnailUrl":"https:\/\/www.btv.md\/wp-content\/uploads\/2018\/01\/gripa.jpg","articleSection":["Social"],"inLanguage":"ro-RO"},{"@type":"WebPage","@id":"https:\/\/www.btv.md\/ro\/pericol-de-gripa-la-balti\/","url":"https:\/\/www.btv.md\/ro\/pericol-de-gripa-la-balti\/","name":"Pericol de grip\u0103 la B\u0103l\u021bi","isPartOf":{"@id":"https:\/\/www.btv.md\/#website"},"primaryImageOfPage":{"@id":"https:\/\/www.btv.md\/ro\/pericol-de-gripa-la-balti\/#primaryimage"},"image":{"@id":"https:\/\/www.btv.md\/ro\/pericol-de-gripa-la-balti\/#primaryimage"},"thumbnailUrl":"https:\/\/www.btv.md\/wp-content\/uploads\/2018\/01\/gripa.jpg","datePublished":"2018-01-16T21:57:54+00:00","dateModified":"2018-01-16T21:58:19+00:00","author":{"@id":"https:\/\/www.btv.md\/#\/schema\/person\/8fadce81561b3ce2c34c46dadc4ccbf2"},"description":"Reprezentan\u021bii Centrului de S\u0103n\u0103tate Public\u0103 B\u0103l\u021bi, anun\u021b\u0103 pericol sporit de grip\u0103 sezonier\u0103. Acesta este valabil pentru luna ianuaire-februarie curent, perioad\u0103 cu temperaturi reci instabile. Datele statistice arat\u0103 c\u0103 cea mai periculoas\u0103 perioad\u0103 de r\u0103sp\u00e2ndire a virusului \u00a0A(H1N1) este \u00eenceputul anului.","inLanguage":"ro-RO","potentialAction":[{"@type":"ReadAction","target":["https:\/\/www.btv.md\/ro\/pericol-de-gripa-la-balti\/"]}]},{"@type":"ImageObject","inLanguage":"ro-RO","@id":"https:\/\/www.btv.md\/ro\/pericol-de-gripa-la-balti\/#primaryimage","url":"https:\/\/www.btv.md\/wp-content\/uploads\/2018\/01\/gripa.jpg","contentUrl":"https:\/\/www.btv.md\/wp-content\/uploads\/2018\/01\/gripa.jpg","width":700,"height":500},{"@type":"WebSite","@id":"https:\/\/www.btv.md\/#website","url":"https:\/\/www.btv.md\/","name":"BTV","description":"\u0411\u0435\u043b\u044c\u0446\u043a\u043e\u0435 \u0442\u0435\u043b\u0435\u0432\u0438\u0434\u0435\u043d\u0438\u0435","potentialAction":[{"@type":"SearchAction","target":{"@type":"EntryPoint","urlTemplate":"https:\/\/www.btv.md\/?s={search_term_string}"},"query-input":{"@type":"PropertyValueSpecification","valueRequired":true,"valueName":"search_term_string"}}],"inLanguage":"ro-RO"},{"@type":"Person","@id":"https:\/\/www.btv.md\/#\/schema\/person\/8fadce81561b3ce2c34c46dadc4ccbf2","name":"admin"}]}},"_links":{"self":[{"href":"https:\/\/www.btv.md\/ro\/wp-json\/wp\/v2\/posts\/39884","targetHints":{"allow":["GET"]}}],"collection":[{"href":"https:\/\/www.btv.md\/ro\/wp-json\/wp\/v2\/posts"}],"about":[{"href":"https:\/\/www.btv.md\/ro\/wp-json\/wp\/v2\/types\/post"}],"author":[{"embeddable":true,"href":"https:\/\/www.btv.md\/ro\/wp-json\/wp\/v2\/users\/4"}],"replies":[{"embeddable":true,"href":"https:\/\/www.btv.md\/ro\/wp-json\/wp\/v2\/comments?post=39884"}],"version-history":[{"count":0,"href":"https:\/\/www.btv.md\/ro\/wp-json\/wp\/v2\/posts\/39884\/revisions"}],"wp:featuredmedia":[{"embeddable":true,"href":"https:\/\/www.btv.md\/ro\/wp-json\/wp\/v2\/media\/39885"}],"wp:attachment":[{"href":"https:\/\/www.btv.md\/ro\/wp-json\/wp\/v2\/media?parent=39884"}],"wp:term":[{"taxonomy":"category","embeddable":true,"href":"https:\/\/www.btv.md\/ro\/wp-json\/wp\/v2\/categories?post=39884"},{"taxonomy":"post_tag","embeddable":true,"href":"https:\/\/www.btv.md\/ro\/wp-json\/wp\/v2\/tags?post=39884"}],"curies":[{"name":"wp","href":"https:\/\/api.w.org\/{rel}","templated":true}]}}