{"id":39900,"date":"2018-01-17T13:55:49","date_gmt":"2018-01-17T10:55:49","guid":{"rendered":"https:\/\/btv.md\/?p=39900"},"modified":"2018-01-17T13:55:49","modified_gmt":"2018-01-17T10:55:49","slug":"raport-moldova-un-stat-cu-probleme-privind-drepturile-politice","status":"publish","type":"post","link":"https:\/\/www.btv.md\/ro\/raport-moldova-un-stat-cu-probleme-privind-drepturile-politice\/","title":{"rendered":"Raport: Moldova, un stat cu probleme privind drepturile politice"},"content":{"rendered":"<p><strong>Republica Moldova r\u0103m\u00e2ne \u00een continuare o \u0163ar\u0103 par\u0163ial liber\u0103, acumul\u00e2nd 61 de puncte dintr-un maxim de 100, cu o pozi\u021bie mai mic\u0103 \u00een raport cu anul 2017, conform unui raport al Freedom House.<\/strong><\/p>\n<p>Astfel, \u021bara noastr\u0103 se confrunt\u0103 cu probleme \u00een ceea ce prive\u015fte drepturile \u015fi libert\u0103\u0163ile politice, precum \u0219i cele civile, citeaz\u0103 Independent.md.<\/p>\n<p>\u0162ara noastr\u0103 a ob\u021binut un scor de 61 din cele 100 posibile. De la 3 la 7, Republica Moldova a luat nota 3 la capitolul respectarea \u201edrepturilor politice\u201d, c\u00e2t \u015fi la cel al \u201elibert\u0103\u0163ilor civice\u201d.<\/p>\n<p>Astfel, \u021bara noastr\u0103 r\u0103m\u00e2ne \u00een categoria \u021b\u0103rilor \u201epar\u021bial libere\u201d cum era \u0219i \u00een 2017. Republica Moldova se afl\u0103 direct \u00een fa\u021ba Ucrainei, \u021bar\u0103 care se confrunt\u0103 \u00eens\u0103 din 2014 cu un conflict secesionist.<\/p>\n<p>Rom\u00e2nia se afl\u0103 printre \u201estatele libere\u201d, cu un scor de 84, iar Rusia s-a ales cu un scor de 20, fiind catalogat\u0103 drept o \u0163ar\u0103 \u201edeloc liber\u0103\u201d.<\/p>\n<p>&nbsp;<\/p>\n<p>Surs\u0103: <a href=\"http:\/\/www.allmoldova.com\/ro\/news\/raport-moldova-un-stat-cu-probleme-privind-drepturile-politice\">allmoldova.com<\/a><\/p>\n","protected":false},"excerpt":{"rendered":"<p>Republica Moldova r\u0103m\u00e2ne \u00een continuare o \u0163ar\u0103 par\u0163ial liber\u0103, acumul\u00e2nd 61 de puncte dintr-un maxim de 100, cu o pozi\u021bie mai mic\u0103 \u00een raport cu anul 2017, conform unui raport al Freedom House. Astfel, \u021bara noastr\u0103 se confrunt\u0103 cu probleme \u00een ceea ce prive\u015fte drepturile \u015fi libert\u0103\u0163ile politice, precum \u0219i cele civile, citeaz\u0103 Independent.md. \u0162ara [&hellip;]<\/p>\n","protected":false},"author":4,"featured_media":39901,"comment_status":"closed","ping_status":"closed","sticky":false,"template":"","format":"standard","meta":{"footnotes":""},"categories":[6368],"tags":[],"class_list":["post-39900","post","type-post","status-publish","format-standard","has-post-thumbnail","hentry","category-politica-ro"],"yoast_head":"<!-- This site is optimized with the Yoast SEO plugin v27.4 - https:\/\/yoast.com\/product\/yoast-seo-wordpress\/ -->\n<title>Raport: Moldova, un stat cu probleme privind drepturile politice<\/title>\n<meta name=\"description\" content=\"Republica Moldova r\u0103m\u00e2ne \u00een continuare o \u0163ar\u0103 par\u0163ial liber\u0103, acumul\u00e2nd 61 de puncte dintr-un maxim de 100, cu o pozi\u021bie mai mic\u0103 \u00een raport cu anul 2017, conform unui raport al Freedom House.\" \/>\n<meta name=\"robots\" content=\"index, follow, max-snippet:-1, max-image-preview:large, max-video-preview:-1\" \/>\n<link rel=\"canonical\" href=\"https:\/\/www.btv.md\/ro\/amp\/raport-moldova-un-stat-cu-probleme-privind-drepturile-politice\/\" \/>\n<meta property=\"og:locale\" content=\"ro_RO\" \/>\n<meta property=\"og:type\" content=\"article\" \/>\n<meta property=\"og:title\" content=\"Raport: Moldova, un stat cu probleme privind drepturile politice\" \/>\n<meta property=\"og:description\" content=\"Republica Moldova r\u0103m\u00e2ne \u00een continuare o \u0163ar\u0103 par\u0163ial liber\u0103, acumul\u00e2nd 61 de puncte dintr-un maxim de 100, cu o pozi\u021bie mai mic\u0103 \u00een raport cu anul 2017, conform unui raport al Freedom House.\" \/>\n<meta property=\"og:url\" content=\"https:\/\/www.btv.md\/ro\/amp\/raport-moldova-un-stat-cu-probleme-privind-drepturile-politice\/\" \/>\n<meta property=\"og:site_name\" content=\"BTV\" \/>\n<meta property=\"article:publisher\" content=\"https:\/\/www.facebook.com\/btvmoldova\/\" \/>\n<meta property=\"article:published_time\" content=\"2018-01-17T10:55:49+00:00\" \/>\n<meta property=\"og:image\" content=\"https:\/\/www.btv.md\/wp-content\/uploads\/2018\/01\/bespredel.jpg\" \/>\n\t<meta property=\"og:image:width\" content=\"700\" \/>\n\t<meta property=\"og:image:height\" content=\"500\" \/>\n\t<meta property=\"og:image:type\" content=\"image\/jpeg\" \/>\n<meta name=\"author\" content=\"admin\" \/>\n<meta name=\"twitter:label1\" content=\"Scris de\" \/>\n\t<meta name=\"twitter:data1\" content=\"admin\" \/>\n\t<meta name=\"twitter:label2\" content=\"Timp estimat pentru citire\" \/>\n\t<meta name=\"twitter:data2\" content=\"1 minut\" \/>\n<script type=\"application\/ld+json\" class=\"yoast-schema-graph\">{\"@context\":\"https:\\\/\\\/schema.org\",\"@graph\":[{\"@type\":\"Article\",\"@id\":\"https:\\\/\\\/www.btv.md\\\/ro\\\/amp\\\/raport-moldova-un-stat-cu-probleme-privind-drepturile-politice\\\/#article\",\"isPartOf\":{\"@id\":\"https:\\\/\\\/www.btv.md\\\/ro\\\/amp\\\/raport-moldova-un-stat-cu-probleme-privind-drepturile-politice\\\/\"},\"author\":{\"name\":\"admin\",\"@id\":\"https:\\\/\\\/www.btv.md\\\/#\\\/schema\\\/person\\\/8fadce81561b3ce2c34c46dadc4ccbf2\"},\"headline\":\"Raport: Moldova, un stat cu probleme privind drepturile politice\",\"datePublished\":\"2018-01-17T10:55:49+00:00\",\"mainEntityOfPage\":{\"@id\":\"https:\\\/\\\/www.btv.md\\\/ro\\\/amp\\\/raport-moldova-un-stat-cu-probleme-privind-drepturile-politice\\\/\"},\"wordCount\":166,\"image\":{\"@id\":\"https:\\\/\\\/www.btv.md\\\/ro\\\/amp\\\/raport-moldova-un-stat-cu-probleme-privind-drepturile-politice\\\/#primaryimage\"},\"thumbnailUrl\":\"https:\\\/\\\/www.btv.md\\\/wp-content\\\/uploads\\\/2018\\\/01\\\/bespredel.jpg\",\"articleSection\":[\"Politic\u0103\"],\"inLanguage\":\"ro-RO\"},{\"@type\":\"WebPage\",\"@id\":\"https:\\\/\\\/www.btv.md\\\/ro\\\/amp\\\/raport-moldova-un-stat-cu-probleme-privind-drepturile-politice\\\/\",\"url\":\"https:\\\/\\\/www.btv.md\\\/ro\\\/amp\\\/raport-moldova-un-stat-cu-probleme-privind-drepturile-politice\\\/\",\"name\":\"Raport: Moldova, un stat cu probleme privind drepturile politice\",\"isPartOf\":{\"@id\":\"https:\\\/\\\/www.btv.md\\\/#website\"},\"primaryImageOfPage\":{\"@id\":\"https:\\\/\\\/www.btv.md\\\/ro\\\/amp\\\/raport-moldova-un-stat-cu-probleme-privind-drepturile-politice\\\/#primaryimage\"},\"image\":{\"@id\":\"https:\\\/\\\/www.btv.md\\\/ro\\\/amp\\\/raport-moldova-un-stat-cu-probleme-privind-drepturile-politice\\\/#primaryimage\"},\"thumbnailUrl\":\"https:\\\/\\\/www.btv.md\\\/wp-content\\\/uploads\\\/2018\\\/01\\\/bespredel.jpg\",\"datePublished\":\"2018-01-17T10:55:49+00:00\",\"author\":{\"@id\":\"https:\\\/\\\/www.btv.md\\\/#\\\/schema\\\/person\\\/8fadce81561b3ce2c34c46dadc4ccbf2\"},\"description\":\"Republica Moldova r\u0103m\u00e2ne \u00een continuare o \u0163ar\u0103 par\u0163ial liber\u0103, acumul\u00e2nd 61 de puncte dintr-un maxim de 100, cu o pozi\u021bie mai mic\u0103 \u00een raport cu anul 2017, conform unui raport al Freedom House.\",\"inLanguage\":\"ro-RO\",\"potentialAction\":[{\"@type\":\"ReadAction\",\"target\":[\"https:\\\/\\\/www.btv.md\\\/ro\\\/amp\\\/raport-moldova-un-stat-cu-probleme-privind-drepturile-politice\\\/\"]}]},{\"@type\":\"ImageObject\",\"inLanguage\":\"ro-RO\",\"@id\":\"https:\\\/\\\/www.btv.md\\\/ro\\\/amp\\\/raport-moldova-un-stat-cu-probleme-privind-drepturile-politice\\\/#primaryimage\",\"url\":\"https:\\\/\\\/www.btv.md\\\/wp-content\\\/uploads\\\/2018\\\/01\\\/bespredel.jpg\",\"contentUrl\":\"https:\\\/\\\/www.btv.md\\\/wp-content\\\/uploads\\\/2018\\\/01\\\/bespredel.jpg\",\"width\":700,\"height\":500},{\"@type\":\"WebSite\",\"@id\":\"https:\\\/\\\/www.btv.md\\\/#website\",\"url\":\"https:\\\/\\\/www.btv.md\\\/\",\"name\":\"BTV\",\"description\":\"\u0411\u0435\u043b\u044c\u0446\u043a\u043e\u0435 \u0442\u0435\u043b\u0435\u0432\u0438\u0434\u0435\u043d\u0438\u0435\",\"potentialAction\":[{\"@type\":\"SearchAction\",\"target\":{\"@type\":\"EntryPoint\",\"urlTemplate\":\"https:\\\/\\\/www.btv.md\\\/?s={search_term_string}\"},\"query-input\":{\"@type\":\"PropertyValueSpecification\",\"valueRequired\":true,\"valueName\":\"search_term_string\"}}],\"inLanguage\":\"ro-RO\"},{\"@type\":\"Person\",\"@id\":\"https:\\\/\\\/www.btv.md\\\/#\\\/schema\\\/person\\\/8fadce81561b3ce2c34c46dadc4ccbf2\",\"name\":\"admin\"}]}<\/script>\n<!-- \/ Yoast SEO plugin. -->","yoast_head_json":{"title":"Raport: Moldova, un stat cu probleme privind drepturile politice","description":"Republica Moldova r\u0103m\u00e2ne \u00een continuare o \u0163ar\u0103 par\u0163ial liber\u0103, acumul\u00e2nd 61 de puncte dintr-un maxim de 100, cu o pozi\u021bie mai mic\u0103 \u00een raport cu anul 2017, conform unui raport al Freedom House.","robots":{"index":"index","follow":"follow","max-snippet":"max-snippet:-1","max-image-preview":"max-image-preview:large","max-video-preview":"max-video-preview:-1"},"canonical":"https:\/\/www.btv.md\/ro\/amp\/raport-moldova-un-stat-cu-probleme-privind-drepturile-politice\/","og_locale":"ro_RO","og_type":"article","og_title":"Raport: Moldova, un stat cu probleme privind drepturile politice","og_description":"Republica Moldova r\u0103m\u00e2ne \u00een continuare o \u0163ar\u0103 par\u0163ial liber\u0103, acumul\u00e2nd 61 de puncte dintr-un maxim de 100, cu o pozi\u021bie mai mic\u0103 \u00een raport cu anul 2017, conform unui raport al Freedom House.","og_url":"https:\/\/www.btv.md\/ro\/amp\/raport-moldova-un-stat-cu-probleme-privind-drepturile-politice\/","og_site_name":"BTV","article_publisher":"https:\/\/www.facebook.com\/btvmoldova\/","article_published_time":"2018-01-17T10:55:49+00:00","og_image":[{"width":700,"height":500,"url":"https:\/\/www.btv.md\/wp-content\/uploads\/2018\/01\/bespredel.jpg","type":"image\/jpeg"}],"author":"admin","twitter_misc":{"Scris de":"admin","Timp estimat pentru citire":"1 minut"},"schema":{"@context":"https:\/\/schema.org","@graph":[{"@type":"Article","@id":"https:\/\/www.btv.md\/ro\/amp\/raport-moldova-un-stat-cu-probleme-privind-drepturile-politice\/#article","isPartOf":{"@id":"https:\/\/www.btv.md\/ro\/amp\/raport-moldova-un-stat-cu-probleme-privind-drepturile-politice\/"},"author":{"name":"admin","@id":"https:\/\/www.btv.md\/#\/schema\/person\/8fadce81561b3ce2c34c46dadc4ccbf2"},"headline":"Raport: Moldova, un stat cu probleme privind drepturile politice","datePublished":"2018-01-17T10:55:49+00:00","mainEntityOfPage":{"@id":"https:\/\/www.btv.md\/ro\/amp\/raport-moldova-un-stat-cu-probleme-privind-drepturile-politice\/"},"wordCount":166,"image":{"@id":"https:\/\/www.btv.md\/ro\/amp\/raport-moldova-un-stat-cu-probleme-privind-drepturile-politice\/#primaryimage"},"thumbnailUrl":"https:\/\/www.btv.md\/wp-content\/uploads\/2018\/01\/bespredel.jpg","articleSection":["Politic\u0103"],"inLanguage":"ro-RO"},{"@type":"WebPage","@id":"https:\/\/www.btv.md\/ro\/amp\/raport-moldova-un-stat-cu-probleme-privind-drepturile-politice\/","url":"https:\/\/www.btv.md\/ro\/amp\/raport-moldova-un-stat-cu-probleme-privind-drepturile-politice\/","name":"Raport: Moldova, un stat cu probleme privind drepturile politice","isPartOf":{"@id":"https:\/\/www.btv.md\/#website"},"primaryImageOfPage":{"@id":"https:\/\/www.btv.md\/ro\/amp\/raport-moldova-un-stat-cu-probleme-privind-drepturile-politice\/#primaryimage"},"image":{"@id":"https:\/\/www.btv.md\/ro\/amp\/raport-moldova-un-stat-cu-probleme-privind-drepturile-politice\/#primaryimage"},"thumbnailUrl":"https:\/\/www.btv.md\/wp-content\/uploads\/2018\/01\/bespredel.jpg","datePublished":"2018-01-17T10:55:49+00:00","author":{"@id":"https:\/\/www.btv.md\/#\/schema\/person\/8fadce81561b3ce2c34c46dadc4ccbf2"},"description":"Republica Moldova r\u0103m\u00e2ne \u00een continuare o \u0163ar\u0103 par\u0163ial liber\u0103, acumul\u00e2nd 61 de puncte dintr-un maxim de 100, cu o pozi\u021bie mai mic\u0103 \u00een raport cu anul 2017, conform unui raport al Freedom House.","inLanguage":"ro-RO","potentialAction":[{"@type":"ReadAction","target":["https:\/\/www.btv.md\/ro\/amp\/raport-moldova-un-stat-cu-probleme-privind-drepturile-politice\/"]}]},{"@type":"ImageObject","inLanguage":"ro-RO","@id":"https:\/\/www.btv.md\/ro\/amp\/raport-moldova-un-stat-cu-probleme-privind-drepturile-politice\/#primaryimage","url":"https:\/\/www.btv.md\/wp-content\/uploads\/2018\/01\/bespredel.jpg","contentUrl":"https:\/\/www.btv.md\/wp-content\/uploads\/2018\/01\/bespredel.jpg","width":700,"height":500},{"@type":"WebSite","@id":"https:\/\/www.btv.md\/#website","url":"https:\/\/www.btv.md\/","name":"BTV","description":"\u0411\u0435\u043b\u044c\u0446\u043a\u043e\u0435 \u0442\u0435\u043b\u0435\u0432\u0438\u0434\u0435\u043d\u0438\u0435","potentialAction":[{"@type":"SearchAction","target":{"@type":"EntryPoint","urlTemplate":"https:\/\/www.btv.md\/?s={search_term_string}"},"query-input":{"@type":"PropertyValueSpecification","valueRequired":true,"valueName":"search_term_string"}}],"inLanguage":"ro-RO"},{"@type":"Person","@id":"https:\/\/www.btv.md\/#\/schema\/person\/8fadce81561b3ce2c34c46dadc4ccbf2","name":"admin"}]}},"_links":{"self":[{"href":"https:\/\/www.btv.md\/ro\/wp-json\/wp\/v2\/posts\/39900","targetHints":{"allow":["GET"]}}],"collection":[{"href":"https:\/\/www.btv.md\/ro\/wp-json\/wp\/v2\/posts"}],"about":[{"href":"https:\/\/www.btv.md\/ro\/wp-json\/wp\/v2\/types\/post"}],"author":[{"embeddable":true,"href":"https:\/\/www.btv.md\/ro\/wp-json\/wp\/v2\/users\/4"}],"replies":[{"embeddable":true,"href":"https:\/\/www.btv.md\/ro\/wp-json\/wp\/v2\/comments?post=39900"}],"version-history":[{"count":0,"href":"https:\/\/www.btv.md\/ro\/wp-json\/wp\/v2\/posts\/39900\/revisions"}],"wp:featuredmedia":[{"embeddable":true,"href":"https:\/\/www.btv.md\/ro\/wp-json\/wp\/v2\/media\/39901"}],"wp:attachment":[{"href":"https:\/\/www.btv.md\/ro\/wp-json\/wp\/v2\/media?parent=39900"}],"wp:term":[{"taxonomy":"category","embeddable":true,"href":"https:\/\/www.btv.md\/ro\/wp-json\/wp\/v2\/categories?post=39900"},{"taxonomy":"post_tag","embeddable":true,"href":"https:\/\/www.btv.md\/ro\/wp-json\/wp\/v2\/tags?post=39900"}],"curies":[{"name":"wp","href":"https:\/\/api.w.org\/{rel}","templated":true}]}}