{"id":39903,"date":"2018-01-17T14:01:34","date_gmt":"2018-01-17T11:01:34","guid":{"rendered":"https:\/\/btv.md\/?p=39903"},"modified":"2018-01-17T14:01:34","modified_gmt":"2018-01-17T11:01:34","slug":"tragedia-de-la-anenii-noi-starea-celor-doua-tinere-s-a-agravat","status":"publish","type":"post","link":"https:\/\/www.btv.md\/ro\/tragedia-de-la-anenii-noi-starea-celor-doua-tinere-s-a-agravat\/","title":{"rendered":"Tragedia de la Anenii Noi: Starea celor dou\u0103 tinere s-a agravat"},"content":{"rendered":"<p><strong>Starea celor dou\u0103 tinere internate dup\u0103 teribilul accident de la Todire\u0219ti s-a agravat. Femeia care \u0219i-a pierdut copilul \u0219i so\u021bul a fost conectatp la aparate de respira\u021bie artificial\u0103, iar medicii lupt\u0103 pentru via\u021ba ei. \u0218i cealalt\u0103 victim\u0103 este \u00een stare grav\u0103, dar stabil\u0103, relateaz\u0103 Protv.<\/strong><\/p>\n<p>T\u00e2n\u0103ra \u00een v\u00e2rst\u0103 de 24 de ani a c\u0103rei familie a fost distrus\u0103 \u00een urma accidentului, a fost operat\u0103, iar medicii au fost nevoi\u021bi s\u0103 o conecteze la aparatele de respira\u021bie artificial\u0103.<\/p>\n<p>Femeia \u0219i-a pierdut \u00een accident so\u021bul \u0219i fiica \u00een v\u00e2rst\u0103 de un an \u0219i patru luni. Cealalt\u0103 t\u00e2n\u0103ra care se afla \u00een accea\u0219i ma\u0219ina, \u00een v\u00e2rst\u0103 de 23 de ani este \u0219i ea \u00een stare grav\u0103. Ambele s-au ales cu multe r\u0103ni \u0219i fracturi.<\/p>\n<p>\u00cen urma accidentului produs ieri \u00een apropiere de satul Todire\u0219ti din raionul Anenii Noi cinci oameni au murit. Potrivit Poli\u021biei \u0219oferul unui Audi a ie\u0219it cu vitez\u0103 mare la o dep\u0103\u0219ire riscant\u0103 \u0219i a intrat frontal \u00eentr-o Dacia. Cei doi b\u0103rba\u021bi afla\u021bi \u00een Audi au murit. Iar \u00een Dacia s-au stins \u0219oferul, un barbat &#8211; pasager \u0219i un copil. Dou\u0103 tinere au fost r\u0103nite. Oamenii legii spun c\u0103 au \u00eenregistrat mai multe nereguli.<\/p>\n<p>\u00a0\u201cViteza de 105 km\/h, pasagerii din spate f\u0103r\u0103 centura de siguran\u021b\u0103, copilul f\u0103r\u0103 scaun special\u201d, a men\u021bionat Vlad BURAC, \u0219eful serviciului\u00a0 de pres\u0103 al IGP.<\/p>\n<p>Poli\u021bia a pornit o anchet\u0103 pentru a stabili circumstan\u021bele \u00een care s-a produs accidentul.<\/p>\n","protected":false},"excerpt":{"rendered":"<p>Starea celor dou\u0103 tinere internate dup\u0103 teribilul accident de la Todire\u0219ti s-a agravat. Femeia care \u0219i-a pierdut copilul \u0219i so\u021bul a fost conectatp la aparate de respira\u021bie artificial\u0103, iar medicii lupt\u0103 pentru via\u021ba ei. \u0218i cealalt\u0103 victim\u0103 este \u00een stare grav\u0103, dar stabil\u0103, relateaz\u0103 Protv. T\u00e2n\u0103ra \u00een v\u00e2rst\u0103 de 24 de ani a c\u0103rei familie [&hellip;]<\/p>\n","protected":false},"author":4,"featured_media":39789,"comment_status":"closed","ping_status":"closed","sticky":false,"template":"","format":"standard","meta":{"footnotes":""},"categories":[6351,6349],"tags":[],"class_list":["post-39903","post","type-post","status-publish","format-standard","has-post-thumbnail","hentry","category-incidente","category-social"],"yoast_head":"<!-- This site is optimized with the Yoast SEO plugin v27.4 - https:\/\/yoast.com\/product\/yoast-seo-wordpress\/ -->\n<title>Tragedia de la Anenii Noi: Starea celor dou\u0103 tinere s-a agravat<\/title>\n<meta name=\"description\" content=\"Starea celor dou\u0103 tinere internate dup\u0103 teribilul accident de la Todire\u0219ti s-a agravat. Femeia care \u0219i-a pierdut copilul \u0219i so\u021bul a fost conectatp la aparate de respira\u021bie artificial\u0103, iar medicii lupt\u0103 pentru via\u021ba ei. \u0218i cealalt\u0103 victim\u0103 este \u00een stare grav\u0103, dar stabil\u0103, relateaz\u0103 Protv.\" \/>\n<meta name=\"robots\" content=\"index, follow, max-snippet:-1, max-image-preview:large, max-video-preview:-1\" \/>\n<link rel=\"canonical\" href=\"https:\/\/www.btv.md\/ro\/tragedia-de-la-anenii-noi-starea-celor-doua-tinere-s-a-agravat\/\" \/>\n<meta property=\"og:locale\" content=\"ro_RO\" \/>\n<meta property=\"og:type\" content=\"article\" \/>\n<meta property=\"og:title\" content=\"Tragedia de la Anenii Noi: Starea celor dou\u0103 tinere s-a agravat\" \/>\n<meta property=\"og:description\" content=\"Starea celor dou\u0103 tinere internate dup\u0103 teribilul accident de la Todire\u0219ti s-a agravat. Femeia care \u0219i-a pierdut copilul \u0219i so\u021bul a fost conectatp la aparate de respira\u021bie artificial\u0103, iar medicii lupt\u0103 pentru via\u021ba ei. \u0218i cealalt\u0103 victim\u0103 este \u00een stare grav\u0103, dar stabil\u0103, relateaz\u0103 Protv.\" \/>\n<meta property=\"og:url\" content=\"https:\/\/www.btv.md\/ro\/tragedia-de-la-anenii-noi-starea-celor-doua-tinere-s-a-agravat\/\" \/>\n<meta property=\"og:site_name\" content=\"BTV\" \/>\n<meta property=\"article:publisher\" content=\"https:\/\/www.facebook.com\/btvmoldova\/\" \/>\n<meta property=\"article:published_time\" content=\"2018-01-17T11:01:34+00:00\" \/>\n<meta property=\"og:image\" content=\"https:\/\/www.btv.md\/wp-content\/uploads\/2018\/01\/dtp.jpg\" \/>\n\t<meta property=\"og:image:width\" content=\"700\" \/>\n\t<meta property=\"og:image:height\" content=\"500\" \/>\n\t<meta property=\"og:image:type\" content=\"image\/jpeg\" \/>\n<meta name=\"author\" content=\"admin\" \/>\n<meta name=\"twitter:label1\" content=\"Scris de\" \/>\n\t<meta name=\"twitter:data1\" content=\"admin\" \/>\n\t<meta name=\"twitter:label2\" content=\"Timp estimat pentru citire\" \/>\n\t<meta name=\"twitter:data2\" content=\"1 minut\" \/>\n<script type=\"application\/ld+json\" class=\"yoast-schema-graph\">{\"@context\":\"https:\\\/\\\/schema.org\",\"@graph\":[{\"@type\":\"Article\",\"@id\":\"https:\\\/\\\/www.btv.md\\\/ro\\\/tragedia-de-la-anenii-noi-starea-celor-doua-tinere-s-a-agravat\\\/#article\",\"isPartOf\":{\"@id\":\"https:\\\/\\\/www.btv.md\\\/ro\\\/tragedia-de-la-anenii-noi-starea-celor-doua-tinere-s-a-agravat\\\/\"},\"author\":{\"name\":\"admin\",\"@id\":\"https:\\\/\\\/www.btv.md\\\/#\\\/schema\\\/person\\\/8fadce81561b3ce2c34c46dadc4ccbf2\"},\"headline\":\"Tragedia de la Anenii Noi: Starea celor dou\u0103 tinere s-a agravat\",\"datePublished\":\"2018-01-17T11:01:34+00:00\",\"mainEntityOfPage\":{\"@id\":\"https:\\\/\\\/www.btv.md\\\/ro\\\/tragedia-de-la-anenii-noi-starea-celor-doua-tinere-s-a-agravat\\\/\"},\"wordCount\":273,\"image\":{\"@id\":\"https:\\\/\\\/www.btv.md\\\/ro\\\/tragedia-de-la-anenii-noi-starea-celor-doua-tinere-s-a-agravat\\\/#primaryimage\"},\"thumbnailUrl\":\"https:\\\/\\\/www.btv.md\\\/wp-content\\\/uploads\\\/2018\\\/01\\\/dtp.jpg\",\"articleSection\":[\"Incidente\",\"Social\"],\"inLanguage\":\"ro-RO\"},{\"@type\":\"WebPage\",\"@id\":\"https:\\\/\\\/www.btv.md\\\/ro\\\/tragedia-de-la-anenii-noi-starea-celor-doua-tinere-s-a-agravat\\\/\",\"url\":\"https:\\\/\\\/www.btv.md\\\/ro\\\/tragedia-de-la-anenii-noi-starea-celor-doua-tinere-s-a-agravat\\\/\",\"name\":\"Tragedia de la Anenii Noi: Starea celor dou\u0103 tinere s-a agravat\",\"isPartOf\":{\"@id\":\"https:\\\/\\\/www.btv.md\\\/#website\"},\"primaryImageOfPage\":{\"@id\":\"https:\\\/\\\/www.btv.md\\\/ro\\\/tragedia-de-la-anenii-noi-starea-celor-doua-tinere-s-a-agravat\\\/#primaryimage\"},\"image\":{\"@id\":\"https:\\\/\\\/www.btv.md\\\/ro\\\/tragedia-de-la-anenii-noi-starea-celor-doua-tinere-s-a-agravat\\\/#primaryimage\"},\"thumbnailUrl\":\"https:\\\/\\\/www.btv.md\\\/wp-content\\\/uploads\\\/2018\\\/01\\\/dtp.jpg\",\"datePublished\":\"2018-01-17T11:01:34+00:00\",\"author\":{\"@id\":\"https:\\\/\\\/www.btv.md\\\/#\\\/schema\\\/person\\\/8fadce81561b3ce2c34c46dadc4ccbf2\"},\"description\":\"Starea celor dou\u0103 tinere internate dup\u0103 teribilul accident de la Todire\u0219ti s-a agravat. Femeia care \u0219i-a pierdut copilul \u0219i so\u021bul a fost conectatp la aparate de respira\u021bie artificial\u0103, iar medicii lupt\u0103 pentru via\u021ba ei. \u0218i cealalt\u0103 victim\u0103 este \u00een stare grav\u0103, dar stabil\u0103, relateaz\u0103 Protv.\",\"inLanguage\":\"ro-RO\",\"potentialAction\":[{\"@type\":\"ReadAction\",\"target\":[\"https:\\\/\\\/www.btv.md\\\/ro\\\/tragedia-de-la-anenii-noi-starea-celor-doua-tinere-s-a-agravat\\\/\"]}]},{\"@type\":\"ImageObject\",\"inLanguage\":\"ro-RO\",\"@id\":\"https:\\\/\\\/www.btv.md\\\/ro\\\/tragedia-de-la-anenii-noi-starea-celor-doua-tinere-s-a-agravat\\\/#primaryimage\",\"url\":\"https:\\\/\\\/www.btv.md\\\/wp-content\\\/uploads\\\/2018\\\/01\\\/dtp.jpg\",\"contentUrl\":\"https:\\\/\\\/www.btv.md\\\/wp-content\\\/uploads\\\/2018\\\/01\\\/dtp.jpg\",\"width\":700,\"height\":500},{\"@type\":\"WebSite\",\"@id\":\"https:\\\/\\\/www.btv.md\\\/#website\",\"url\":\"https:\\\/\\\/www.btv.md\\\/\",\"name\":\"BTV\",\"description\":\"\u0411\u0435\u043b\u044c\u0446\u043a\u043e\u0435 \u0442\u0435\u043b\u0435\u0432\u0438\u0434\u0435\u043d\u0438\u0435\",\"potentialAction\":[{\"@type\":\"SearchAction\",\"target\":{\"@type\":\"EntryPoint\",\"urlTemplate\":\"https:\\\/\\\/www.btv.md\\\/?s={search_term_string}\"},\"query-input\":{\"@type\":\"PropertyValueSpecification\",\"valueRequired\":true,\"valueName\":\"search_term_string\"}}],\"inLanguage\":\"ro-RO\"},{\"@type\":\"Person\",\"@id\":\"https:\\\/\\\/www.btv.md\\\/#\\\/schema\\\/person\\\/8fadce81561b3ce2c34c46dadc4ccbf2\",\"name\":\"admin\"}]}<\/script>\n<!-- \/ Yoast SEO plugin. -->","yoast_head_json":{"title":"Tragedia de la Anenii Noi: Starea celor dou\u0103 tinere s-a agravat","description":"Starea celor dou\u0103 tinere internate dup\u0103 teribilul accident de la Todire\u0219ti s-a agravat. Femeia care \u0219i-a pierdut copilul \u0219i so\u021bul a fost conectatp la aparate de respira\u021bie artificial\u0103, iar medicii lupt\u0103 pentru via\u021ba ei. \u0218i cealalt\u0103 victim\u0103 este \u00een stare grav\u0103, dar stabil\u0103, relateaz\u0103 Protv.","robots":{"index":"index","follow":"follow","max-snippet":"max-snippet:-1","max-image-preview":"max-image-preview:large","max-video-preview":"max-video-preview:-1"},"canonical":"https:\/\/www.btv.md\/ro\/tragedia-de-la-anenii-noi-starea-celor-doua-tinere-s-a-agravat\/","og_locale":"ro_RO","og_type":"article","og_title":"Tragedia de la Anenii Noi: Starea celor dou\u0103 tinere s-a agravat","og_description":"Starea celor dou\u0103 tinere internate dup\u0103 teribilul accident de la Todire\u0219ti s-a agravat. Femeia care \u0219i-a pierdut copilul \u0219i so\u021bul a fost conectatp la aparate de respira\u021bie artificial\u0103, iar medicii lupt\u0103 pentru via\u021ba ei. \u0218i cealalt\u0103 victim\u0103 este \u00een stare grav\u0103, dar stabil\u0103, relateaz\u0103 Protv.","og_url":"https:\/\/www.btv.md\/ro\/tragedia-de-la-anenii-noi-starea-celor-doua-tinere-s-a-agravat\/","og_site_name":"BTV","article_publisher":"https:\/\/www.facebook.com\/btvmoldova\/","article_published_time":"2018-01-17T11:01:34+00:00","og_image":[{"width":700,"height":500,"url":"https:\/\/www.btv.md\/wp-content\/uploads\/2018\/01\/dtp.jpg","type":"image\/jpeg"}],"author":"admin","twitter_misc":{"Scris de":"admin","Timp estimat pentru citire":"1 minut"},"schema":{"@context":"https:\/\/schema.org","@graph":[{"@type":"Article","@id":"https:\/\/www.btv.md\/ro\/tragedia-de-la-anenii-noi-starea-celor-doua-tinere-s-a-agravat\/#article","isPartOf":{"@id":"https:\/\/www.btv.md\/ro\/tragedia-de-la-anenii-noi-starea-celor-doua-tinere-s-a-agravat\/"},"author":{"name":"admin","@id":"https:\/\/www.btv.md\/#\/schema\/person\/8fadce81561b3ce2c34c46dadc4ccbf2"},"headline":"Tragedia de la Anenii Noi: Starea celor dou\u0103 tinere s-a agravat","datePublished":"2018-01-17T11:01:34+00:00","mainEntityOfPage":{"@id":"https:\/\/www.btv.md\/ro\/tragedia-de-la-anenii-noi-starea-celor-doua-tinere-s-a-agravat\/"},"wordCount":273,"image":{"@id":"https:\/\/www.btv.md\/ro\/tragedia-de-la-anenii-noi-starea-celor-doua-tinere-s-a-agravat\/#primaryimage"},"thumbnailUrl":"https:\/\/www.btv.md\/wp-content\/uploads\/2018\/01\/dtp.jpg","articleSection":["Incidente","Social"],"inLanguage":"ro-RO"},{"@type":"WebPage","@id":"https:\/\/www.btv.md\/ro\/tragedia-de-la-anenii-noi-starea-celor-doua-tinere-s-a-agravat\/","url":"https:\/\/www.btv.md\/ro\/tragedia-de-la-anenii-noi-starea-celor-doua-tinere-s-a-agravat\/","name":"Tragedia de la Anenii Noi: Starea celor dou\u0103 tinere s-a agravat","isPartOf":{"@id":"https:\/\/www.btv.md\/#website"},"primaryImageOfPage":{"@id":"https:\/\/www.btv.md\/ro\/tragedia-de-la-anenii-noi-starea-celor-doua-tinere-s-a-agravat\/#primaryimage"},"image":{"@id":"https:\/\/www.btv.md\/ro\/tragedia-de-la-anenii-noi-starea-celor-doua-tinere-s-a-agravat\/#primaryimage"},"thumbnailUrl":"https:\/\/www.btv.md\/wp-content\/uploads\/2018\/01\/dtp.jpg","datePublished":"2018-01-17T11:01:34+00:00","author":{"@id":"https:\/\/www.btv.md\/#\/schema\/person\/8fadce81561b3ce2c34c46dadc4ccbf2"},"description":"Starea celor dou\u0103 tinere internate dup\u0103 teribilul accident de la Todire\u0219ti s-a agravat. Femeia care \u0219i-a pierdut copilul \u0219i so\u021bul a fost conectatp la aparate de respira\u021bie artificial\u0103, iar medicii lupt\u0103 pentru via\u021ba ei. \u0218i cealalt\u0103 victim\u0103 este \u00een stare grav\u0103, dar stabil\u0103, relateaz\u0103 Protv.","inLanguage":"ro-RO","potentialAction":[{"@type":"ReadAction","target":["https:\/\/www.btv.md\/ro\/tragedia-de-la-anenii-noi-starea-celor-doua-tinere-s-a-agravat\/"]}]},{"@type":"ImageObject","inLanguage":"ro-RO","@id":"https:\/\/www.btv.md\/ro\/tragedia-de-la-anenii-noi-starea-celor-doua-tinere-s-a-agravat\/#primaryimage","url":"https:\/\/www.btv.md\/wp-content\/uploads\/2018\/01\/dtp.jpg","contentUrl":"https:\/\/www.btv.md\/wp-content\/uploads\/2018\/01\/dtp.jpg","width":700,"height":500},{"@type":"WebSite","@id":"https:\/\/www.btv.md\/#website","url":"https:\/\/www.btv.md\/","name":"BTV","description":"\u0411\u0435\u043b\u044c\u0446\u043a\u043e\u0435 \u0442\u0435\u043b\u0435\u0432\u0438\u0434\u0435\u043d\u0438\u0435","potentialAction":[{"@type":"SearchAction","target":{"@type":"EntryPoint","urlTemplate":"https:\/\/www.btv.md\/?s={search_term_string}"},"query-input":{"@type":"PropertyValueSpecification","valueRequired":true,"valueName":"search_term_string"}}],"inLanguage":"ro-RO"},{"@type":"Person","@id":"https:\/\/www.btv.md\/#\/schema\/person\/8fadce81561b3ce2c34c46dadc4ccbf2","name":"admin"}]}},"_links":{"self":[{"href":"https:\/\/www.btv.md\/ro\/wp-json\/wp\/v2\/posts\/39903","targetHints":{"allow":["GET"]}}],"collection":[{"href":"https:\/\/www.btv.md\/ro\/wp-json\/wp\/v2\/posts"}],"about":[{"href":"https:\/\/www.btv.md\/ro\/wp-json\/wp\/v2\/types\/post"}],"author":[{"embeddable":true,"href":"https:\/\/www.btv.md\/ro\/wp-json\/wp\/v2\/users\/4"}],"replies":[{"embeddable":true,"href":"https:\/\/www.btv.md\/ro\/wp-json\/wp\/v2\/comments?post=39903"}],"version-history":[{"count":0,"href":"https:\/\/www.btv.md\/ro\/wp-json\/wp\/v2\/posts\/39903\/revisions"}],"wp:featuredmedia":[{"embeddable":true,"href":"https:\/\/www.btv.md\/ro\/wp-json\/wp\/v2\/media\/39789"}],"wp:attachment":[{"href":"https:\/\/www.btv.md\/ro\/wp-json\/wp\/v2\/media?parent=39903"}],"wp:term":[{"taxonomy":"category","embeddable":true,"href":"https:\/\/www.btv.md\/ro\/wp-json\/wp\/v2\/categories?post=39903"},{"taxonomy":"post_tag","embeddable":true,"href":"https:\/\/www.btv.md\/ro\/wp-json\/wp\/v2\/tags?post=39903"}],"curies":[{"name":"wp","href":"https:\/\/api.w.org\/{rel}","templated":true}]}}