{"id":41028,"date":"2018-02-15T23:54:28","date_gmt":"2018-02-15T20:54:28","guid":{"rendered":"https:\/\/btv.md\/?p=41028"},"modified":"2018-02-15T23:54:28","modified_gmt":"2018-02-15T20:54:28","slug":"microbuz-cu-moldoveni-rasturnat-in-romania-iarna-l-a-luat-prin-surprindere-pe-soferul-unui-microbuz-care-se-indrepta-spre-chisinau","status":"publish","type":"post","link":"https:\/\/www.btv.md\/ro\/microbuz-cu-moldoveni-rasturnat-in-romania-iarna-l-a-luat-prin-surprindere-pe-soferul-unui-microbuz-care-se-indrepta-spre-chisinau\/","title":{"rendered":"Microbuz cu moldoveni, r\u0103sturnat \u00een Rom\u00e2nia. Iarna l-a luat prin surprindere pe \u0219oferul unui microbuz care se \u00eendrepta spre Chi\u0219inau"},"content":{"rendered":"<p style=\"text-align: center;\"><iframe data-src=\"https:\/\/www.youtube.com\/embed\/SdLQKvAmDUg\" width=\"854\" height=\"480\" frameborder=\"0\" allowfullscreen=\"allowfullscreen\" src=\"data:image\/svg+xml;base64,PHN2ZyB3aWR0aD0iMSIgaGVpZ2h0PSIxIiB4bWxucz0iaHR0cDovL3d3dy53My5vcmcvMjAwMC9zdmciPjwvc3ZnPg==\" class=\"lazyload\" data-load-mode=\"1\"><\/iframe><\/p>\n<h4>Microbuz cu moldoveni sa r\u0103sturnat \u00een Rom\u00e2nia. Presa din \u021bara vecin\u0103 informeaz\u0103 c\u0103 accidentul s-ar fi produs din cauza neadapt\u0103rii vitezei la condi\u0163iile de trafic dificile, carosabilul fiind acoperit cu z\u0103pad\u0103 \u015fi ghea\u021b\u0103, scrie <a href=\"https:\/\/sputnik.md\/incidente\/20180215\/17301757\/microbuz-moldoveni-rasturnat-romania.html\">sputnik.md<\/a>.<\/h4>\n<p>Accidentul s-a produs miercuri, 14 februarie, seara, \u00een jurul orei 22:00. Un microbuz \u00een care se aflau 12 persoane s-a r\u0103sturnat, pe traseul E-581, pe raza localit\u0103\u021bii Cre\u021be\u0219ti, potrivit publica\u021biei vremeanoua.ro.<\/p>\n<p>Microbuzul \u00een care se aflau cet\u0103\u021beni ai Republicii Moldova venea dinspre Crasna si se \u00eendrepta spre Vama Albi\u021ba. Din fericire, potrivit Poli\u021biei de la Vaslui, nu au fost persoane \u00eencarcerate \u0219i doar un singur cet\u0103\u021bean a avut nevoie de \u00eengrijiri medicale, \u00eens\u0103 nu a fost necesar\u0103 transportarea acestuia la spital.<\/p>\n<p>La fa\u021ba locului s-au deplasat echipaje ale ISU, ale Ambulan\u021bei, poli\u021bi\u0219tii, dar \u0219i prefectul de Vaslui Andrei Popica.<\/p>\n<p>Pasagerii au fost prelua\u0163i ulterior de un alt microbuz \u0219i transporta\u021bi \u00een Republica Moldova.<\/p>\n<p>Autorit\u0103\u021bile rom\u00e2ne aten\u021bioneaz\u0103 c\u0103 jude\u0163ul Vaslui se afl\u0103 sub cod galben de ninsoare \u015fi viscol, astfel c\u0103 pe mai multe drumuri din jude\u0163 se circul\u0103 cu dificultate.<\/p>\n","protected":false},"excerpt":{"rendered":"<p>Microbuz cu moldoveni sa r\u0103sturnat \u00een Rom\u00e2nia. Presa din \u021bara vecin\u0103 informeaz\u0103 c\u0103 accidentul s-ar fi produs din cauza neadapt\u0103rii vitezei la condi\u0163iile de trafic dificile, carosabilul fiind acoperit cu z\u0103pad\u0103 \u015fi ghea\u021b\u0103, scrie sputnik.md. Accidentul s-a produs miercuri, 14 februarie, seara, \u00een jurul orei 22:00. Un microbuz \u00een care se aflau 12 persoane s-a [&hellip;]<\/p>\n","protected":false},"author":4,"featured_media":41029,"comment_status":"closed","ping_status":"closed","sticky":false,"template":"","format":"standard","meta":{"footnotes":""},"categories":[6354],"tags":[],"class_list":["post-41028","post","type-post","status-publish","format-standard","has-post-thumbnail","hentry","category-externe-ro"],"yoast_head":"<!-- This site is optimized with the Yoast SEO plugin v27.4 - https:\/\/yoast.com\/product\/yoast-seo-wordpress\/ -->\n<title>Microbuz cu moldoveni, r\u0103sturnat \u00een Rom\u00e2nia. Iarna l-a luat prin surprindere pe \u0219oferul unui microbuz care se \u00eendrepta spre Chi\u0219inau<\/title>\n<meta name=\"description\" content=\"Microbuz cu moldoveni sa r\u0103sturnat \u00een Rom\u00e2nia. Presa din \u021bara vecin\u0103 informeaz\u0103 c\u0103 accidentul s-ar fi produs din cauza neadapt\u0103rii vitezei la condi\u0163iile de trafic dificile, carosabilul fiind acoperit cu z\u0103pad\u0103 \u015fi ghea\u021b\u0103, scrie sputnik.md.\" \/>\n<meta name=\"robots\" content=\"index, follow, max-snippet:-1, max-image-preview:large, max-video-preview:-1\" \/>\n<link rel=\"canonical\" href=\"https:\/\/www.btv.md\/ro\/microbuz-cu-moldoveni-rasturnat-in-romania-iarna-l-a-luat-prin-surprindere-pe-soferul-unui-microbuz-care-se-indrepta-spre-chisinau\/\" \/>\n<meta property=\"og:locale\" content=\"ro_RO\" \/>\n<meta property=\"og:type\" content=\"article\" \/>\n<meta property=\"og:title\" content=\"Microbuz cu moldoveni, r\u0103sturnat \u00een Rom\u00e2nia. Iarna l-a luat prin surprindere pe \u0219oferul unui microbuz care se \u00eendrepta spre Chi\u0219inau\" \/>\n<meta property=\"og:description\" content=\"Microbuz cu moldoveni sa r\u0103sturnat \u00een Rom\u00e2nia. Presa din \u021bara vecin\u0103 informeaz\u0103 c\u0103 accidentul s-ar fi produs din cauza neadapt\u0103rii vitezei la condi\u0163iile de trafic dificile, carosabilul fiind acoperit cu z\u0103pad\u0103 \u015fi ghea\u021b\u0103, scrie sputnik.md.\" \/>\n<meta property=\"og:url\" content=\"https:\/\/www.btv.md\/ro\/microbuz-cu-moldoveni-rasturnat-in-romania-iarna-l-a-luat-prin-surprindere-pe-soferul-unui-microbuz-care-se-indrepta-spre-chisinau\/\" \/>\n<meta property=\"og:site_name\" content=\"BTV\" \/>\n<meta property=\"article:publisher\" content=\"https:\/\/www.facebook.com\/btvmoldova\/\" \/>\n<meta property=\"article:published_time\" content=\"2018-02-15T20:54:28+00:00\" \/>\n<meta property=\"og:image\" content=\"https:\/\/www.btv.md\/wp-content\/uploads\/2018\/02\/17302023.jpg\" \/>\n\t<meta property=\"og:image:width\" content=\"700\" \/>\n\t<meta property=\"og:image:height\" content=\"500\" \/>\n\t<meta property=\"og:image:type\" content=\"image\/jpeg\" \/>\n<meta name=\"author\" content=\"admin\" \/>\n<meta name=\"twitter:label1\" content=\"Scris de\" \/>\n\t<meta name=\"twitter:data1\" content=\"admin\" \/>\n\t<meta name=\"twitter:label2\" content=\"Timp estimat pentru citire\" \/>\n\t<meta name=\"twitter:data2\" content=\"1 minut\" \/>\n<script type=\"application\/ld+json\" class=\"yoast-schema-graph\">{\"@context\":\"https:\\\/\\\/schema.org\",\"@graph\":[{\"@type\":\"Article\",\"@id\":\"https:\\\/\\\/www.btv.md\\\/ro\\\/microbuz-cu-moldoveni-rasturnat-in-romania-iarna-l-a-luat-prin-surprindere-pe-soferul-unui-microbuz-care-se-indrepta-spre-chisinau\\\/#article\",\"isPartOf\":{\"@id\":\"https:\\\/\\\/www.btv.md\\\/ro\\\/microbuz-cu-moldoveni-rasturnat-in-romania-iarna-l-a-luat-prin-surprindere-pe-soferul-unui-microbuz-care-se-indrepta-spre-chisinau\\\/\"},\"author\":{\"name\":\"admin\",\"@id\":\"https:\\\/\\\/www.btv.md\\\/#\\\/schema\\\/person\\\/8fadce81561b3ce2c34c46dadc4ccbf2\"},\"headline\":\"Microbuz cu moldoveni, r\u0103sturnat \u00een Rom\u00e2nia. Iarna l-a luat prin surprindere pe \u0219oferul unui microbuz care se \u00eendrepta spre Chi\u0219inau\",\"datePublished\":\"2018-02-15T20:54:28+00:00\",\"mainEntityOfPage\":{\"@id\":\"https:\\\/\\\/www.btv.md\\\/ro\\\/microbuz-cu-moldoveni-rasturnat-in-romania-iarna-l-a-luat-prin-surprindere-pe-soferul-unui-microbuz-care-se-indrepta-spre-chisinau\\\/\"},\"wordCount\":221,\"image\":{\"@id\":\"https:\\\/\\\/www.btv.md\\\/ro\\\/microbuz-cu-moldoveni-rasturnat-in-romania-iarna-l-a-luat-prin-surprindere-pe-soferul-unui-microbuz-care-se-indrepta-spre-chisinau\\\/#primaryimage\"},\"thumbnailUrl\":\"https:\\\/\\\/www.btv.md\\\/wp-content\\\/uploads\\\/2018\\\/02\\\/17302023.jpg\",\"articleSection\":[\"Externe\"],\"inLanguage\":\"ro-RO\"},{\"@type\":\"WebPage\",\"@id\":\"https:\\\/\\\/www.btv.md\\\/ro\\\/microbuz-cu-moldoveni-rasturnat-in-romania-iarna-l-a-luat-prin-surprindere-pe-soferul-unui-microbuz-care-se-indrepta-spre-chisinau\\\/\",\"url\":\"https:\\\/\\\/www.btv.md\\\/ro\\\/microbuz-cu-moldoveni-rasturnat-in-romania-iarna-l-a-luat-prin-surprindere-pe-soferul-unui-microbuz-care-se-indrepta-spre-chisinau\\\/\",\"name\":\"Microbuz cu moldoveni, r\u0103sturnat \u00een Rom\u00e2nia. Iarna l-a luat prin surprindere pe \u0219oferul unui microbuz care se \u00eendrepta spre Chi\u0219inau\",\"isPartOf\":{\"@id\":\"https:\\\/\\\/www.btv.md\\\/#website\"},\"primaryImageOfPage\":{\"@id\":\"https:\\\/\\\/www.btv.md\\\/ro\\\/microbuz-cu-moldoveni-rasturnat-in-romania-iarna-l-a-luat-prin-surprindere-pe-soferul-unui-microbuz-care-se-indrepta-spre-chisinau\\\/#primaryimage\"},\"image\":{\"@id\":\"https:\\\/\\\/www.btv.md\\\/ro\\\/microbuz-cu-moldoveni-rasturnat-in-romania-iarna-l-a-luat-prin-surprindere-pe-soferul-unui-microbuz-care-se-indrepta-spre-chisinau\\\/#primaryimage\"},\"thumbnailUrl\":\"https:\\\/\\\/www.btv.md\\\/wp-content\\\/uploads\\\/2018\\\/02\\\/17302023.jpg\",\"datePublished\":\"2018-02-15T20:54:28+00:00\",\"author\":{\"@id\":\"https:\\\/\\\/www.btv.md\\\/#\\\/schema\\\/person\\\/8fadce81561b3ce2c34c46dadc4ccbf2\"},\"description\":\"Microbuz cu moldoveni sa r\u0103sturnat \u00een Rom\u00e2nia. Presa din \u021bara vecin\u0103 informeaz\u0103 c\u0103 accidentul s-ar fi produs din cauza neadapt\u0103rii vitezei la condi\u0163iile de trafic dificile, carosabilul fiind acoperit cu z\u0103pad\u0103 \u015fi ghea\u021b\u0103, scrie sputnik.md.\",\"inLanguage\":\"ro-RO\",\"potentialAction\":[{\"@type\":\"ReadAction\",\"target\":[\"https:\\\/\\\/www.btv.md\\\/ro\\\/microbuz-cu-moldoveni-rasturnat-in-romania-iarna-l-a-luat-prin-surprindere-pe-soferul-unui-microbuz-care-se-indrepta-spre-chisinau\\\/\"]}]},{\"@type\":\"ImageObject\",\"inLanguage\":\"ro-RO\",\"@id\":\"https:\\\/\\\/www.btv.md\\\/ro\\\/microbuz-cu-moldoveni-rasturnat-in-romania-iarna-l-a-luat-prin-surprindere-pe-soferul-unui-microbuz-care-se-indrepta-spre-chisinau\\\/#primaryimage\",\"url\":\"https:\\\/\\\/www.btv.md\\\/wp-content\\\/uploads\\\/2018\\\/02\\\/17302023.jpg\",\"contentUrl\":\"https:\\\/\\\/www.btv.md\\\/wp-content\\\/uploads\\\/2018\\\/02\\\/17302023.jpg\",\"width\":700,\"height\":500},{\"@type\":\"WebSite\",\"@id\":\"https:\\\/\\\/www.btv.md\\\/#website\",\"url\":\"https:\\\/\\\/www.btv.md\\\/\",\"name\":\"BTV\",\"description\":\"\u0411\u0435\u043b\u044c\u0446\u043a\u043e\u0435 \u0442\u0435\u043b\u0435\u0432\u0438\u0434\u0435\u043d\u0438\u0435\",\"potentialAction\":[{\"@type\":\"SearchAction\",\"target\":{\"@type\":\"EntryPoint\",\"urlTemplate\":\"https:\\\/\\\/www.btv.md\\\/?s={search_term_string}\"},\"query-input\":{\"@type\":\"PropertyValueSpecification\",\"valueRequired\":true,\"valueName\":\"search_term_string\"}}],\"inLanguage\":\"ro-RO\"},{\"@type\":\"Person\",\"@id\":\"https:\\\/\\\/www.btv.md\\\/#\\\/schema\\\/person\\\/8fadce81561b3ce2c34c46dadc4ccbf2\",\"name\":\"admin\"}]}<\/script>\n<!-- \/ Yoast SEO plugin. -->","yoast_head_json":{"title":"Microbuz cu moldoveni, r\u0103sturnat \u00een Rom\u00e2nia. Iarna l-a luat prin surprindere pe \u0219oferul unui microbuz care se \u00eendrepta spre Chi\u0219inau","description":"Microbuz cu moldoveni sa r\u0103sturnat \u00een Rom\u00e2nia. Presa din \u021bara vecin\u0103 informeaz\u0103 c\u0103 accidentul s-ar fi produs din cauza neadapt\u0103rii vitezei la condi\u0163iile de trafic dificile, carosabilul fiind acoperit cu z\u0103pad\u0103 \u015fi ghea\u021b\u0103, scrie sputnik.md.","robots":{"index":"index","follow":"follow","max-snippet":"max-snippet:-1","max-image-preview":"max-image-preview:large","max-video-preview":"max-video-preview:-1"},"canonical":"https:\/\/www.btv.md\/ro\/microbuz-cu-moldoveni-rasturnat-in-romania-iarna-l-a-luat-prin-surprindere-pe-soferul-unui-microbuz-care-se-indrepta-spre-chisinau\/","og_locale":"ro_RO","og_type":"article","og_title":"Microbuz cu moldoveni, r\u0103sturnat \u00een Rom\u00e2nia. Iarna l-a luat prin surprindere pe \u0219oferul unui microbuz care se \u00eendrepta spre Chi\u0219inau","og_description":"Microbuz cu moldoveni sa r\u0103sturnat \u00een Rom\u00e2nia. Presa din \u021bara vecin\u0103 informeaz\u0103 c\u0103 accidentul s-ar fi produs din cauza neadapt\u0103rii vitezei la condi\u0163iile de trafic dificile, carosabilul fiind acoperit cu z\u0103pad\u0103 \u015fi ghea\u021b\u0103, scrie sputnik.md.","og_url":"https:\/\/www.btv.md\/ro\/microbuz-cu-moldoveni-rasturnat-in-romania-iarna-l-a-luat-prin-surprindere-pe-soferul-unui-microbuz-care-se-indrepta-spre-chisinau\/","og_site_name":"BTV","article_publisher":"https:\/\/www.facebook.com\/btvmoldova\/","article_published_time":"2018-02-15T20:54:28+00:00","og_image":[{"width":700,"height":500,"url":"https:\/\/www.btv.md\/wp-content\/uploads\/2018\/02\/17302023.jpg","type":"image\/jpeg"}],"author":"admin","twitter_misc":{"Scris de":"admin","Timp estimat pentru citire":"1 minut"},"schema":{"@context":"https:\/\/schema.org","@graph":[{"@type":"Article","@id":"https:\/\/www.btv.md\/ro\/microbuz-cu-moldoveni-rasturnat-in-romania-iarna-l-a-luat-prin-surprindere-pe-soferul-unui-microbuz-care-se-indrepta-spre-chisinau\/#article","isPartOf":{"@id":"https:\/\/www.btv.md\/ro\/microbuz-cu-moldoveni-rasturnat-in-romania-iarna-l-a-luat-prin-surprindere-pe-soferul-unui-microbuz-care-se-indrepta-spre-chisinau\/"},"author":{"name":"admin","@id":"https:\/\/www.btv.md\/#\/schema\/person\/8fadce81561b3ce2c34c46dadc4ccbf2"},"headline":"Microbuz cu moldoveni, r\u0103sturnat \u00een Rom\u00e2nia. Iarna l-a luat prin surprindere pe \u0219oferul unui microbuz care se \u00eendrepta spre Chi\u0219inau","datePublished":"2018-02-15T20:54:28+00:00","mainEntityOfPage":{"@id":"https:\/\/www.btv.md\/ro\/microbuz-cu-moldoveni-rasturnat-in-romania-iarna-l-a-luat-prin-surprindere-pe-soferul-unui-microbuz-care-se-indrepta-spre-chisinau\/"},"wordCount":221,"image":{"@id":"https:\/\/www.btv.md\/ro\/microbuz-cu-moldoveni-rasturnat-in-romania-iarna-l-a-luat-prin-surprindere-pe-soferul-unui-microbuz-care-se-indrepta-spre-chisinau\/#primaryimage"},"thumbnailUrl":"https:\/\/www.btv.md\/wp-content\/uploads\/2018\/02\/17302023.jpg","articleSection":["Externe"],"inLanguage":"ro-RO"},{"@type":"WebPage","@id":"https:\/\/www.btv.md\/ro\/microbuz-cu-moldoveni-rasturnat-in-romania-iarna-l-a-luat-prin-surprindere-pe-soferul-unui-microbuz-care-se-indrepta-spre-chisinau\/","url":"https:\/\/www.btv.md\/ro\/microbuz-cu-moldoveni-rasturnat-in-romania-iarna-l-a-luat-prin-surprindere-pe-soferul-unui-microbuz-care-se-indrepta-spre-chisinau\/","name":"Microbuz cu moldoveni, r\u0103sturnat \u00een Rom\u00e2nia. Iarna l-a luat prin surprindere pe \u0219oferul unui microbuz care se \u00eendrepta spre Chi\u0219inau","isPartOf":{"@id":"https:\/\/www.btv.md\/#website"},"primaryImageOfPage":{"@id":"https:\/\/www.btv.md\/ro\/microbuz-cu-moldoveni-rasturnat-in-romania-iarna-l-a-luat-prin-surprindere-pe-soferul-unui-microbuz-care-se-indrepta-spre-chisinau\/#primaryimage"},"image":{"@id":"https:\/\/www.btv.md\/ro\/microbuz-cu-moldoveni-rasturnat-in-romania-iarna-l-a-luat-prin-surprindere-pe-soferul-unui-microbuz-care-se-indrepta-spre-chisinau\/#primaryimage"},"thumbnailUrl":"https:\/\/www.btv.md\/wp-content\/uploads\/2018\/02\/17302023.jpg","datePublished":"2018-02-15T20:54:28+00:00","author":{"@id":"https:\/\/www.btv.md\/#\/schema\/person\/8fadce81561b3ce2c34c46dadc4ccbf2"},"description":"Microbuz cu moldoveni sa r\u0103sturnat \u00een Rom\u00e2nia. Presa din \u021bara vecin\u0103 informeaz\u0103 c\u0103 accidentul s-ar fi produs din cauza neadapt\u0103rii vitezei la condi\u0163iile de trafic dificile, carosabilul fiind acoperit cu z\u0103pad\u0103 \u015fi ghea\u021b\u0103, scrie sputnik.md.","inLanguage":"ro-RO","potentialAction":[{"@type":"ReadAction","target":["https:\/\/www.btv.md\/ro\/microbuz-cu-moldoveni-rasturnat-in-romania-iarna-l-a-luat-prin-surprindere-pe-soferul-unui-microbuz-care-se-indrepta-spre-chisinau\/"]}]},{"@type":"ImageObject","inLanguage":"ro-RO","@id":"https:\/\/www.btv.md\/ro\/microbuz-cu-moldoveni-rasturnat-in-romania-iarna-l-a-luat-prin-surprindere-pe-soferul-unui-microbuz-care-se-indrepta-spre-chisinau\/#primaryimage","url":"https:\/\/www.btv.md\/wp-content\/uploads\/2018\/02\/17302023.jpg","contentUrl":"https:\/\/www.btv.md\/wp-content\/uploads\/2018\/02\/17302023.jpg","width":700,"height":500},{"@type":"WebSite","@id":"https:\/\/www.btv.md\/#website","url":"https:\/\/www.btv.md\/","name":"BTV","description":"\u0411\u0435\u043b\u044c\u0446\u043a\u043e\u0435 \u0442\u0435\u043b\u0435\u0432\u0438\u0434\u0435\u043d\u0438\u0435","potentialAction":[{"@type":"SearchAction","target":{"@type":"EntryPoint","urlTemplate":"https:\/\/www.btv.md\/?s={search_term_string}"},"query-input":{"@type":"PropertyValueSpecification","valueRequired":true,"valueName":"search_term_string"}}],"inLanguage":"ro-RO"},{"@type":"Person","@id":"https:\/\/www.btv.md\/#\/schema\/person\/8fadce81561b3ce2c34c46dadc4ccbf2","name":"admin"}]}},"_links":{"self":[{"href":"https:\/\/www.btv.md\/ro\/wp-json\/wp\/v2\/posts\/41028","targetHints":{"allow":["GET"]}}],"collection":[{"href":"https:\/\/www.btv.md\/ro\/wp-json\/wp\/v2\/posts"}],"about":[{"href":"https:\/\/www.btv.md\/ro\/wp-json\/wp\/v2\/types\/post"}],"author":[{"embeddable":true,"href":"https:\/\/www.btv.md\/ro\/wp-json\/wp\/v2\/users\/4"}],"replies":[{"embeddable":true,"href":"https:\/\/www.btv.md\/ro\/wp-json\/wp\/v2\/comments?post=41028"}],"version-history":[{"count":0,"href":"https:\/\/www.btv.md\/ro\/wp-json\/wp\/v2\/posts\/41028\/revisions"}],"wp:featuredmedia":[{"embeddable":true,"href":"https:\/\/www.btv.md\/ro\/wp-json\/wp\/v2\/media\/41029"}],"wp:attachment":[{"href":"https:\/\/www.btv.md\/ro\/wp-json\/wp\/v2\/media?parent=41028"}],"wp:term":[{"taxonomy":"category","embeddable":true,"href":"https:\/\/www.btv.md\/ro\/wp-json\/wp\/v2\/categories?post=41028"},{"taxonomy":"post_tag","embeddable":true,"href":"https:\/\/www.btv.md\/ro\/wp-json\/wp\/v2\/tags?post=41028"}],"curies":[{"name":"wp","href":"https:\/\/api.w.org\/{rel}","templated":true}]}}