{"id":41031,"date":"2018-02-16T00:01:16","date_gmt":"2018-02-15T21:01:16","guid":{"rendered":"https:\/\/btv.md\/?p=41031"},"modified":"2018-02-16T00:01:16","modified_gmt":"2018-02-15T21:01:16","slug":"136-de-elevi-nu-au-ajuns-la-scoala-mai-multe-rute-scolare-au-fost-suspendate-din-cauza-zapezii-si-a-ghetusului","status":"publish","type":"post","link":"https:\/\/www.btv.md\/ro\/136-de-elevi-nu-au-ajuns-la-scoala-mai-multe-rute-scolare-au-fost-suspendate-din-cauza-zapezii-si-a-ghetusului\/","title":{"rendered":"136 de elevi nu au ajuns la \u0219coal\u0103. Mai multe rute \u0219colare au fost suspendate din cauza z\u0103pezii \u0219i a ghe\u021bu\u0219ului"},"content":{"rendered":"<p style=\"text-align: center;\"><iframe data-src=\"https:\/\/www.youtube.com\/embed\/SnuUoASpsPI\" width=\"854\" height=\"480\" frameborder=\"0\" allowfullscreen=\"allowfullscreen\" src=\"data:image\/svg+xml;base64,PHN2ZyB3aWR0aD0iMSIgaGVpZ2h0PSIxIiB4bWxucz0iaHR0cDovL3d3dy53My5vcmcvMjAwMC9zdmciPjwvc3ZnPg==\" class=\"lazyload\" data-load-mode=\"1\"><\/iframe><\/p>\n<h4>136 de elevi, din cinci raioane, nu au ajuns \u00een diminea\u021b\u0103 zilei de 15 februarie la ore \u00een condi\u021biile \u00een care mai multe rute \u0219colare au fost suspendate din cauza z\u0103pezii \u0219i a ghe\u021bu\u0219ului, relateaz\u0103 <a href=\"https:\/\/www.point.md\/ro\/noutati\/social\/136-de-elevi-nu-au-ajuns-la-scoala-din-cauza-ninsorii\">point.md<\/a> cu referire la <a href=\"http:\/\/ipn.md\">ipn.md<\/a>.<\/h4>\n<p>Potrivit Ministerului Educa\u021biei, Culturii \u0219i Cercet\u0103rii nu au ajuns la \u0219coal\u0103 elevi din Ciore\u0219ti, Nisporeni; Baimaclia \u0219i Suhat, Cantemir; Ialpug-H\u00eertop, Cimi\u015flia, Homuteanovca, Ialoveni \u0219i din Ungheni.<\/p>\n<p>Solicitat\u0103 de IPN, Carolina Sturza, \u0219efa serviciului de pres\u0103 al Ministerul Economiei \u0219i Infrastructurii, a spus c\u0103 toate drumurile na\u021bionale sunt practicabile. De c\u00e2nd a \u00eenceput s\u0103 ning\u0103 mai intens, \u00een procesul de desz\u0103pezire sunt implicate 230 de unit\u0103\u021bi speciale \u0219i aproape 300 de muncitori. Deja \u00eempr\u0103\u0219tiate 3 mii de tone de material antiderapant.<\/p>\n<p>Serviciul Hidrometeorologic de Stat a emis pentru 15 februarie o avertizare cod galben de precipita\u021bii, \u00een cantit\u0103\u021bi de p\u00e2n\u0103 la 15-20 litri pe metru p\u0103trat, izolat chiar \u0219i 20-25 litri pe metru p\u0103trat. La nord \u0219i \u00een centru se a\u0219teapt\u0103 ninsoare \u0219i lapovi\u021b\u0103, iar la sud predominant va ploua. Avertizarea este valabil\u0103 p\u00e2n\u0103 la miezul nop\u021bii.<\/p>\n","protected":false},"excerpt":{"rendered":"<p>136 de elevi, din cinci raioane, nu au ajuns \u00een diminea\u021b\u0103 zilei de 15 februarie la ore \u00een condi\u021biile \u00een care mai multe rute \u0219colare au fost suspendate din cauza z\u0103pezii \u0219i a ghe\u021bu\u0219ului, relateaz\u0103 point.md cu referire la ipn.md. Potrivit Ministerului Educa\u021biei, Culturii \u0219i Cercet\u0103rii nu au ajuns la \u0219coal\u0103 elevi din Ciore\u0219ti, Nisporeni; [&hellip;]<\/p>\n","protected":false},"author":4,"featured_media":41032,"comment_status":"closed","ping_status":"closed","sticky":false,"template":"","format":"standard","meta":{"footnotes":""},"categories":[11],"tags":[],"class_list":["post-41031","post","type-post","status-publish","format-standard","has-post-thumbnail","hentry","category-politica"],"yoast_head":"<!-- This site is optimized with the Yoast SEO plugin v27.4 - https:\/\/yoast.com\/product\/yoast-seo-wordpress\/ -->\n<title>136 de elevi nu au ajuns la \u0219coal\u0103. Mai multe rute \u0219colare au fost suspendate din cauza z\u0103pezii \u0219i a ghe\u021bu\u0219ului<\/title>\n<meta name=\"description\" content=\"136 de elevi, din cinci raioane, nu au ajuns \u00een diminea\u021b\u0103 zilei de 15 februarie la ore \u00een condi\u021biile \u00een care mai multe rute \u0219colare au fost suspendate din cauza z\u0103pezii \u0219i a ghe\u021bu\u0219ului, relateaz\u0103 point.md cu referire la ipn.md.\" \/>\n<meta name=\"robots\" content=\"index, follow, max-snippet:-1, max-image-preview:large, max-video-preview:-1\" \/>\n<link rel=\"canonical\" href=\"https:\/\/www.btv.md\/ro\/136-de-elevi-nu-au-ajuns-la-scoala-mai-multe-rute-scolare-au-fost-suspendate-din-cauza-zapezii-si-a-ghetusului\/\" \/>\n<meta property=\"og:locale\" content=\"ro_RO\" \/>\n<meta property=\"og:type\" content=\"article\" \/>\n<meta property=\"og:title\" content=\"136 de elevi nu au ajuns la \u0219coal\u0103. Mai multe rute \u0219colare au fost suspendate din cauza z\u0103pezii \u0219i a ghe\u021bu\u0219ului\" \/>\n<meta property=\"og:description\" content=\"136 de elevi, din cinci raioane, nu au ajuns \u00een diminea\u021b\u0103 zilei de 15 februarie la ore \u00een condi\u021biile \u00een care mai multe rute \u0219colare au fost suspendate din cauza z\u0103pezii \u0219i a ghe\u021bu\u0219ului, relateaz\u0103 point.md cu referire la ipn.md.\" \/>\n<meta property=\"og:url\" content=\"https:\/\/www.btv.md\/ro\/136-de-elevi-nu-au-ajuns-la-scoala-mai-multe-rute-scolare-au-fost-suspendate-din-cauza-zapezii-si-a-ghetusului\/\" \/>\n<meta property=\"og:site_name\" content=\"BTV\" \/>\n<meta property=\"article:publisher\" content=\"https:\/\/www.facebook.com\/btvmoldova\/\" \/>\n<meta property=\"article:published_time\" content=\"2018-02-15T21:01:16+00:00\" \/>\n<meta property=\"og:image\" content=\"https:\/\/www.btv.md\/wp-content\/uploads\/2018\/02\/646x404.jpg\" \/>\n\t<meta property=\"og:image:width\" content=\"700\" \/>\n\t<meta property=\"og:image:height\" content=\"500\" \/>\n\t<meta property=\"og:image:type\" content=\"image\/jpeg\" \/>\n<meta name=\"author\" content=\"admin\" \/>\n<meta name=\"twitter:label1\" content=\"Scris de\" \/>\n\t<meta name=\"twitter:data1\" content=\"admin\" \/>\n\t<meta name=\"twitter:label2\" content=\"Timp estimat pentru citire\" \/>\n\t<meta name=\"twitter:data2\" content=\"1 minut\" \/>\n<script type=\"application\/ld+json\" class=\"yoast-schema-graph\">{\"@context\":\"https:\\\/\\\/schema.org\",\"@graph\":[{\"@type\":\"Article\",\"@id\":\"https:\\\/\\\/www.btv.md\\\/ro\\\/136-de-elevi-nu-au-ajuns-la-scoala-mai-multe-rute-scolare-au-fost-suspendate-din-cauza-zapezii-si-a-ghetusului\\\/#article\",\"isPartOf\":{\"@id\":\"https:\\\/\\\/www.btv.md\\\/ro\\\/136-de-elevi-nu-au-ajuns-la-scoala-mai-multe-rute-scolare-au-fost-suspendate-din-cauza-zapezii-si-a-ghetusului\\\/\"},\"author\":{\"name\":\"admin\",\"@id\":\"https:\\\/\\\/www.btv.md\\\/#\\\/schema\\\/person\\\/8fadce81561b3ce2c34c46dadc4ccbf2\"},\"headline\":\"136 de elevi nu au ajuns la \u0219coal\u0103. Mai multe rute \u0219colare au fost suspendate din cauza z\u0103pezii \u0219i a ghe\u021bu\u0219ului\",\"datePublished\":\"2018-02-15T21:01:16+00:00\",\"mainEntityOfPage\":{\"@id\":\"https:\\\/\\\/www.btv.md\\\/ro\\\/136-de-elevi-nu-au-ajuns-la-scoala-mai-multe-rute-scolare-au-fost-suspendate-din-cauza-zapezii-si-a-ghetusului\\\/\"},\"wordCount\":217,\"image\":{\"@id\":\"https:\\\/\\\/www.btv.md\\\/ro\\\/136-de-elevi-nu-au-ajuns-la-scoala-mai-multe-rute-scolare-au-fost-suspendate-din-cauza-zapezii-si-a-ghetusului\\\/#primaryimage\"},\"thumbnailUrl\":\"https:\\\/\\\/www.btv.md\\\/wp-content\\\/uploads\\\/2018\\\/02\\\/646x404.jpg\",\"articleSection\":[\"\u041f\u043e\u043b\u0438\u0442\u0438\u043a\u0430\"],\"inLanguage\":\"ro-RO\"},{\"@type\":\"WebPage\",\"@id\":\"https:\\\/\\\/www.btv.md\\\/ro\\\/136-de-elevi-nu-au-ajuns-la-scoala-mai-multe-rute-scolare-au-fost-suspendate-din-cauza-zapezii-si-a-ghetusului\\\/\",\"url\":\"https:\\\/\\\/www.btv.md\\\/ro\\\/136-de-elevi-nu-au-ajuns-la-scoala-mai-multe-rute-scolare-au-fost-suspendate-din-cauza-zapezii-si-a-ghetusului\\\/\",\"name\":\"136 de elevi nu au ajuns la \u0219coal\u0103. Mai multe rute \u0219colare au fost suspendate din cauza z\u0103pezii \u0219i a ghe\u021bu\u0219ului\",\"isPartOf\":{\"@id\":\"https:\\\/\\\/www.btv.md\\\/#website\"},\"primaryImageOfPage\":{\"@id\":\"https:\\\/\\\/www.btv.md\\\/ro\\\/136-de-elevi-nu-au-ajuns-la-scoala-mai-multe-rute-scolare-au-fost-suspendate-din-cauza-zapezii-si-a-ghetusului\\\/#primaryimage\"},\"image\":{\"@id\":\"https:\\\/\\\/www.btv.md\\\/ro\\\/136-de-elevi-nu-au-ajuns-la-scoala-mai-multe-rute-scolare-au-fost-suspendate-din-cauza-zapezii-si-a-ghetusului\\\/#primaryimage\"},\"thumbnailUrl\":\"https:\\\/\\\/www.btv.md\\\/wp-content\\\/uploads\\\/2018\\\/02\\\/646x404.jpg\",\"datePublished\":\"2018-02-15T21:01:16+00:00\",\"author\":{\"@id\":\"https:\\\/\\\/www.btv.md\\\/#\\\/schema\\\/person\\\/8fadce81561b3ce2c34c46dadc4ccbf2\"},\"description\":\"136 de elevi, din cinci raioane, nu au ajuns \u00een diminea\u021b\u0103 zilei de 15 februarie la ore \u00een condi\u021biile \u00een care mai multe rute \u0219colare au fost suspendate din cauza z\u0103pezii \u0219i a ghe\u021bu\u0219ului, relateaz\u0103 point.md cu referire la ipn.md.\",\"inLanguage\":\"ro-RO\",\"potentialAction\":[{\"@type\":\"ReadAction\",\"target\":[\"https:\\\/\\\/www.btv.md\\\/ro\\\/136-de-elevi-nu-au-ajuns-la-scoala-mai-multe-rute-scolare-au-fost-suspendate-din-cauza-zapezii-si-a-ghetusului\\\/\"]}]},{\"@type\":\"ImageObject\",\"inLanguage\":\"ro-RO\",\"@id\":\"https:\\\/\\\/www.btv.md\\\/ro\\\/136-de-elevi-nu-au-ajuns-la-scoala-mai-multe-rute-scolare-au-fost-suspendate-din-cauza-zapezii-si-a-ghetusului\\\/#primaryimage\",\"url\":\"https:\\\/\\\/www.btv.md\\\/wp-content\\\/uploads\\\/2018\\\/02\\\/646x404.jpg\",\"contentUrl\":\"https:\\\/\\\/www.btv.md\\\/wp-content\\\/uploads\\\/2018\\\/02\\\/646x404.jpg\",\"width\":700,\"height\":500},{\"@type\":\"WebSite\",\"@id\":\"https:\\\/\\\/www.btv.md\\\/#website\",\"url\":\"https:\\\/\\\/www.btv.md\\\/\",\"name\":\"BTV\",\"description\":\"\u0411\u0435\u043b\u044c\u0446\u043a\u043e\u0435 \u0442\u0435\u043b\u0435\u0432\u0438\u0434\u0435\u043d\u0438\u0435\",\"potentialAction\":[{\"@type\":\"SearchAction\",\"target\":{\"@type\":\"EntryPoint\",\"urlTemplate\":\"https:\\\/\\\/www.btv.md\\\/?s={search_term_string}\"},\"query-input\":{\"@type\":\"PropertyValueSpecification\",\"valueRequired\":true,\"valueName\":\"search_term_string\"}}],\"inLanguage\":\"ro-RO\"},{\"@type\":\"Person\",\"@id\":\"https:\\\/\\\/www.btv.md\\\/#\\\/schema\\\/person\\\/8fadce81561b3ce2c34c46dadc4ccbf2\",\"name\":\"admin\"}]}<\/script>\n<!-- \/ Yoast SEO plugin. -->","yoast_head_json":{"title":"136 de elevi nu au ajuns la \u0219coal\u0103. Mai multe rute \u0219colare au fost suspendate din cauza z\u0103pezii \u0219i a ghe\u021bu\u0219ului","description":"136 de elevi, din cinci raioane, nu au ajuns \u00een diminea\u021b\u0103 zilei de 15 februarie la ore \u00een condi\u021biile \u00een care mai multe rute \u0219colare au fost suspendate din cauza z\u0103pezii \u0219i a ghe\u021bu\u0219ului, relateaz\u0103 point.md cu referire la ipn.md.","robots":{"index":"index","follow":"follow","max-snippet":"max-snippet:-1","max-image-preview":"max-image-preview:large","max-video-preview":"max-video-preview:-1"},"canonical":"https:\/\/www.btv.md\/ro\/136-de-elevi-nu-au-ajuns-la-scoala-mai-multe-rute-scolare-au-fost-suspendate-din-cauza-zapezii-si-a-ghetusului\/","og_locale":"ro_RO","og_type":"article","og_title":"136 de elevi nu au ajuns la \u0219coal\u0103. Mai multe rute \u0219colare au fost suspendate din cauza z\u0103pezii \u0219i a ghe\u021bu\u0219ului","og_description":"136 de elevi, din cinci raioane, nu au ajuns \u00een diminea\u021b\u0103 zilei de 15 februarie la ore \u00een condi\u021biile \u00een care mai multe rute \u0219colare au fost suspendate din cauza z\u0103pezii \u0219i a ghe\u021bu\u0219ului, relateaz\u0103 point.md cu referire la ipn.md.","og_url":"https:\/\/www.btv.md\/ro\/136-de-elevi-nu-au-ajuns-la-scoala-mai-multe-rute-scolare-au-fost-suspendate-din-cauza-zapezii-si-a-ghetusului\/","og_site_name":"BTV","article_publisher":"https:\/\/www.facebook.com\/btvmoldova\/","article_published_time":"2018-02-15T21:01:16+00:00","og_image":[{"width":700,"height":500,"url":"https:\/\/www.btv.md\/wp-content\/uploads\/2018\/02\/646x404.jpg","type":"image\/jpeg"}],"author":"admin","twitter_misc":{"Scris de":"admin","Timp estimat pentru citire":"1 minut"},"schema":{"@context":"https:\/\/schema.org","@graph":[{"@type":"Article","@id":"https:\/\/www.btv.md\/ro\/136-de-elevi-nu-au-ajuns-la-scoala-mai-multe-rute-scolare-au-fost-suspendate-din-cauza-zapezii-si-a-ghetusului\/#article","isPartOf":{"@id":"https:\/\/www.btv.md\/ro\/136-de-elevi-nu-au-ajuns-la-scoala-mai-multe-rute-scolare-au-fost-suspendate-din-cauza-zapezii-si-a-ghetusului\/"},"author":{"name":"admin","@id":"https:\/\/www.btv.md\/#\/schema\/person\/8fadce81561b3ce2c34c46dadc4ccbf2"},"headline":"136 de elevi nu au ajuns la \u0219coal\u0103. Mai multe rute \u0219colare au fost suspendate din cauza z\u0103pezii \u0219i a ghe\u021bu\u0219ului","datePublished":"2018-02-15T21:01:16+00:00","mainEntityOfPage":{"@id":"https:\/\/www.btv.md\/ro\/136-de-elevi-nu-au-ajuns-la-scoala-mai-multe-rute-scolare-au-fost-suspendate-din-cauza-zapezii-si-a-ghetusului\/"},"wordCount":217,"image":{"@id":"https:\/\/www.btv.md\/ro\/136-de-elevi-nu-au-ajuns-la-scoala-mai-multe-rute-scolare-au-fost-suspendate-din-cauza-zapezii-si-a-ghetusului\/#primaryimage"},"thumbnailUrl":"https:\/\/www.btv.md\/wp-content\/uploads\/2018\/02\/646x404.jpg","articleSection":["\u041f\u043e\u043b\u0438\u0442\u0438\u043a\u0430"],"inLanguage":"ro-RO"},{"@type":"WebPage","@id":"https:\/\/www.btv.md\/ro\/136-de-elevi-nu-au-ajuns-la-scoala-mai-multe-rute-scolare-au-fost-suspendate-din-cauza-zapezii-si-a-ghetusului\/","url":"https:\/\/www.btv.md\/ro\/136-de-elevi-nu-au-ajuns-la-scoala-mai-multe-rute-scolare-au-fost-suspendate-din-cauza-zapezii-si-a-ghetusului\/","name":"136 de elevi nu au ajuns la \u0219coal\u0103. Mai multe rute \u0219colare au fost suspendate din cauza z\u0103pezii \u0219i a ghe\u021bu\u0219ului","isPartOf":{"@id":"https:\/\/www.btv.md\/#website"},"primaryImageOfPage":{"@id":"https:\/\/www.btv.md\/ro\/136-de-elevi-nu-au-ajuns-la-scoala-mai-multe-rute-scolare-au-fost-suspendate-din-cauza-zapezii-si-a-ghetusului\/#primaryimage"},"image":{"@id":"https:\/\/www.btv.md\/ro\/136-de-elevi-nu-au-ajuns-la-scoala-mai-multe-rute-scolare-au-fost-suspendate-din-cauza-zapezii-si-a-ghetusului\/#primaryimage"},"thumbnailUrl":"https:\/\/www.btv.md\/wp-content\/uploads\/2018\/02\/646x404.jpg","datePublished":"2018-02-15T21:01:16+00:00","author":{"@id":"https:\/\/www.btv.md\/#\/schema\/person\/8fadce81561b3ce2c34c46dadc4ccbf2"},"description":"136 de elevi, din cinci raioane, nu au ajuns \u00een diminea\u021b\u0103 zilei de 15 februarie la ore \u00een condi\u021biile \u00een care mai multe rute \u0219colare au fost suspendate din cauza z\u0103pezii \u0219i a ghe\u021bu\u0219ului, relateaz\u0103 point.md cu referire la ipn.md.","inLanguage":"ro-RO","potentialAction":[{"@type":"ReadAction","target":["https:\/\/www.btv.md\/ro\/136-de-elevi-nu-au-ajuns-la-scoala-mai-multe-rute-scolare-au-fost-suspendate-din-cauza-zapezii-si-a-ghetusului\/"]}]},{"@type":"ImageObject","inLanguage":"ro-RO","@id":"https:\/\/www.btv.md\/ro\/136-de-elevi-nu-au-ajuns-la-scoala-mai-multe-rute-scolare-au-fost-suspendate-din-cauza-zapezii-si-a-ghetusului\/#primaryimage","url":"https:\/\/www.btv.md\/wp-content\/uploads\/2018\/02\/646x404.jpg","contentUrl":"https:\/\/www.btv.md\/wp-content\/uploads\/2018\/02\/646x404.jpg","width":700,"height":500},{"@type":"WebSite","@id":"https:\/\/www.btv.md\/#website","url":"https:\/\/www.btv.md\/","name":"BTV","description":"\u0411\u0435\u043b\u044c\u0446\u043a\u043e\u0435 \u0442\u0435\u043b\u0435\u0432\u0438\u0434\u0435\u043d\u0438\u0435","potentialAction":[{"@type":"SearchAction","target":{"@type":"EntryPoint","urlTemplate":"https:\/\/www.btv.md\/?s={search_term_string}"},"query-input":{"@type":"PropertyValueSpecification","valueRequired":true,"valueName":"search_term_string"}}],"inLanguage":"ro-RO"},{"@type":"Person","@id":"https:\/\/www.btv.md\/#\/schema\/person\/8fadce81561b3ce2c34c46dadc4ccbf2","name":"admin"}]}},"_links":{"self":[{"href":"https:\/\/www.btv.md\/ro\/wp-json\/wp\/v2\/posts\/41031","targetHints":{"allow":["GET"]}}],"collection":[{"href":"https:\/\/www.btv.md\/ro\/wp-json\/wp\/v2\/posts"}],"about":[{"href":"https:\/\/www.btv.md\/ro\/wp-json\/wp\/v2\/types\/post"}],"author":[{"embeddable":true,"href":"https:\/\/www.btv.md\/ro\/wp-json\/wp\/v2\/users\/4"}],"replies":[{"embeddable":true,"href":"https:\/\/www.btv.md\/ro\/wp-json\/wp\/v2\/comments?post=41031"}],"version-history":[{"count":0,"href":"https:\/\/www.btv.md\/ro\/wp-json\/wp\/v2\/posts\/41031\/revisions"}],"wp:featuredmedia":[{"embeddable":true,"href":"https:\/\/www.btv.md\/ro\/wp-json\/wp\/v2\/media\/41032"}],"wp:attachment":[{"href":"https:\/\/www.btv.md\/ro\/wp-json\/wp\/v2\/media?parent=41031"}],"wp:term":[{"taxonomy":"category","embeddable":true,"href":"https:\/\/www.btv.md\/ro\/wp-json\/wp\/v2\/categories?post=41031"},{"taxonomy":"post_tag","embeddable":true,"href":"https:\/\/www.btv.md\/ro\/wp-json\/wp\/v2\/tags?post=41031"}],"curies":[{"name":"wp","href":"https:\/\/api.w.org\/{rel}","templated":true}]}}