{"id":41077,"date":"2018-02-16T20:46:09","date_gmt":"2018-02-16T17:46:09","guid":{"rendered":"https:\/\/btv.md\/?p=41077"},"modified":"2018-02-16T20:46:09","modified_gmt":"2018-02-16T17:46:09","slug":"bunicii-grijulii-vor-iesi-pe-strazile-din-balti-voluntarii-vor-supraveghea-copiii-in-drum-spre-scoala","status":"publish","type":"post","link":"https:\/\/www.btv.md\/ro\/bunicii-grijulii-vor-iesi-pe-strazile-din-balti-voluntarii-vor-supraveghea-copiii-in-drum-spre-scoala\/","title":{"rendered":"Bunicii grijulii vor ie\u0219i pe str\u0103zile din B\u0103l\u021bi. Voluntarii vor supraveghea copiii \u00een drum spre \u0219coal\u0103"},"content":{"rendered":"<p style=\"text-align: center;\"><iframe data-src=\"https:\/\/www.youtube.com\/embed\/WkJnOOK60No\" width=\"854\" height=\"480\" frameborder=\"0\" allowfullscreen=\"allowfullscreen\" src=\"data:image\/svg+xml;base64,PHN2ZyB3aWR0aD0iMSIgaGVpZ2h0PSIxIiB4bWxucz0iaHR0cDovL3d3dy53My5vcmcvMjAwMC9zdmciPjwvc3ZnPg==\" class=\"lazyload\" data-load-mode=\"1\"><\/iframe><\/p>\n<h4>Campania \u201eBunicii grijulii\u201d, demarat\u0103 de poli\u021bie, a ajuns \u0219i \u00een nordul \u021b\u0103rii. Inspirat\u0103 din practica unor ora\u015fe din Italia, aceasta presupune prezen\u0163a bunicilor \u00een preajma zebrelor de l\u00e2ng\u0103 \u015fcoli \u015fi gr\u0103dini\u0163e. Copiii vor fi supraveghea\u021bi \u00een drum spre \u015fcoal\u0103, iar pensionarii se vor sim\u0163i mai utili pentru societate. Subiectul a fost discutat \u00een ora\u0219ul F\u0103le\u0219ti, acolo, unde sau \u00eent\u00e2lnit reprezentan\u021bii for\u021belor de ordine, pedagogi \u0219i societatea civil\u0103.\u00a0\u00a0<\/h4>\n<blockquote>\n<p>Gheorghe Cavcaliuc, \u0219ef adjunct inspectoratul general al poli\u021biei: <em>\u201eAm v\u0103zut <\/em><em>un num\u0103r de <\/em><em>10-20 de copii care vin la \u0219coal\u0103 nu cu p\u0103rin\u021bii lor, nu cu ma\u0219inile ca la noi, dar vin \u00eenso\u021bi\u021bi de dou\u0103 personae de v\u00e2rsta a treia, unul \u00een fa\u021b\u0103 \u0219i altul \u00een spate \u0219i pe mijlor merg copiii. <\/em><em>Primul care merge \u00een fa\u021b\u0103 ia vrio doi-trei copii de m\u00e2nu\u021b\u0103, la fel \u0219i cel din urm\u0103.<\/em><em>\u201d<\/em><\/p>\n<\/blockquote>\n<p>La B\u0103l\u021bi, campania va demara s\u0103pt\u0103m\u00e2na viitoare. Scopul principal este de a preveni accidentele rutiere cu implicarea copiilor.<\/p>\n<blockquote>\n<p>Dumitru Cibotari, \u0219ef adjunct ip B\u0103l\u021bi: <em>\u201eEste un proiect foarte important, unul nou pentru Republica Moldova, pentru ora\u0219e, sate. Vom implementa acest proiect \u00een municipiul B\u0103l\u021bi, pentru a purta grija copiilor no\u0219tri, nepo\u021bilor no\u0219tri, cu implicarea persoanelor de v\u00e2rsta a treia, voluntariat.\u201d<\/em><\/p>\n<\/blockquote>\n<p>Prima bunic\u0103 care s-a implicat activ \u00een campania ini\u021biat\u0103 de poli\u021bie este Galina Cotorobai, care a primit deja \u0219i vesta reflectorizant\u0103.<\/p>\n<blockquote>\n<p>Galina Cotorobai, bunc\u0103 grijulie: <em>\u201eEste un proiect foarte bun. Noi l-am v\u0103zut \u00een Italia. S\u00e2nt implicate persoanele de v\u00e2rsta a treia pentru care comunicarea cu copiii nu este \u00een plus. Noi \u0219tim c\u0103 persoanele de v\u00e2rsa a treia sunt lipsite de comunicare, nu sunt implicate \u00een via\u021ba social\u0103.\u201d<\/em><\/p>\n<\/blockquote>\n<p>Pedagogii cred c\u0103 proiectul este foarte util, iar implicarea pensionarilor ar putea contribui la protejarea securit\u0103\u021bii copiilor \u00een trafic.\u00a0<\/p>\n<p>Natalia Gherman, director gimnaziul chetri\u0219 raionul F\u0103le\u0219ti: <em>\u201eOriunde la noi \u00een Moldova este nevoie de a\u0219a ceva, pentru c\u0103 copiii no\u0219tri sunt\u00a0 mai mult pe drumuri, sunt desinest\u0103t\u0103tori, deoarece p\u0103rin\u021bii sunt pleca\u021bi, iar cei care sunt \u00een teritoriu, muncesc din zi p\u00e2n\u0103 \u00een noapte.<\/em>\u201d<\/p>\n<p>\u015eoferii sunt \u00eendemna\u021bi s\u0103 fie foarte aten\u0163i \u00een trafic, \u00een special la trecerile pietonale.<\/p>\n","protected":false},"excerpt":{"rendered":"<p>Campania \u201eBunicii grijulii\u201d, demarat\u0103 de poli\u021bie, a ajuns \u0219i \u00een nordul \u021b\u0103rii. Inspirat\u0103 din practica unor ora\u015fe din Italia, aceasta presupune prezen\u0163a bunicilor \u00een preajma zebrelor de l\u00e2ng\u0103 \u015fcoli \u015fi gr\u0103dini\u0163e. Copiii vor fi supraveghea\u021bi \u00een drum spre \u015fcoal\u0103, iar pensionarii se vor sim\u0163i mai utili pentru societate. Subiectul a fost discutat \u00een ora\u0219ul F\u0103le\u0219ti, [&hellip;]<\/p>\n","protected":false},"author":4,"featured_media":41078,"comment_status":"closed","ping_status":"closed","sticky":false,"template":"","format":"standard","meta":{"footnotes":""},"categories":[6368],"tags":[],"class_list":["post-41077","post","type-post","status-publish","format-standard","has-post-thumbnail","hentry","category-politica-ro"],"yoast_head":"<!-- This site is optimized with the Yoast SEO plugin v27.4 - https:\/\/yoast.com\/product\/yoast-seo-wordpress\/ -->\n<title>Bunicii grijulii vor ie\u0219i pe str\u0103zile din B\u0103l\u021bi. Voluntarii vor supraveghea copiii \u00een drum spre \u0219coal\u0103<\/title>\n<meta name=\"description\" content=\"Campania \u201eBunicii grijulii\u201d, demarat\u0103 de poli\u021bie, a ajuns \u0219i \u00een nordul \u021b\u0103rii. Inspirat\u0103 din practica unor ora\u015fe din Italia, aceasta presupune prezen\u0163a bunicilor \u00een preajma zebrelor de l\u00e2ng\u0103 \u015fcoli \u015fi gr\u0103dini\u0163e. Copiii vor fi supraveghea\u021bi \u00een drum spre \u015fcoal\u0103, iar pensionarii se vor sim\u0163i mai utili pentru societate.\" \/>\n<meta name=\"robots\" content=\"index, follow, max-snippet:-1, max-image-preview:large, max-video-preview:-1\" \/>\n<link rel=\"canonical\" href=\"https:\/\/www.btv.md\/ro\/bunicii-grijulii-vor-iesi-pe-strazile-din-balti-voluntarii-vor-supraveghea-copiii-in-drum-spre-scoala\/\" \/>\n<meta property=\"og:locale\" content=\"ro_RO\" \/>\n<meta property=\"og:type\" content=\"article\" \/>\n<meta property=\"og:title\" content=\"Bunicii grijulii vor ie\u0219i pe str\u0103zile din B\u0103l\u021bi. Voluntarii vor supraveghea copiii \u00een drum spre \u0219coal\u0103\" \/>\n<meta property=\"og:description\" content=\"Campania \u201eBunicii grijulii\u201d, demarat\u0103 de poli\u021bie, a ajuns \u0219i \u00een nordul \u021b\u0103rii. Inspirat\u0103 din practica unor ora\u015fe din Italia, aceasta presupune prezen\u0163a bunicilor \u00een preajma zebrelor de l\u00e2ng\u0103 \u015fcoli \u015fi gr\u0103dini\u0163e. Copiii vor fi supraveghea\u021bi \u00een drum spre \u015fcoal\u0103, iar pensionarii se vor sim\u0163i mai utili pentru societate.\" \/>\n<meta property=\"og:url\" content=\"https:\/\/www.btv.md\/ro\/bunicii-grijulii-vor-iesi-pe-strazile-din-balti-voluntarii-vor-supraveghea-copiii-in-drum-spre-scoala\/\" \/>\n<meta property=\"og:site_name\" content=\"BTV\" \/>\n<meta property=\"article:publisher\" content=\"https:\/\/www.facebook.com\/btvmoldova\/\" \/>\n<meta property=\"article:published_time\" content=\"2018-02-16T17:46:09+00:00\" \/>\n<meta property=\"og:image\" content=\"https:\/\/www.btv.md\/wp-content\/uploads\/2018\/02\/001-9.jpg\" \/>\n\t<meta property=\"og:image:width\" content=\"700\" \/>\n\t<meta property=\"og:image:height\" content=\"500\" \/>\n\t<meta property=\"og:image:type\" content=\"image\/jpeg\" \/>\n<meta name=\"author\" content=\"admin\" \/>\n<meta name=\"twitter:label1\" content=\"Scris de\" \/>\n\t<meta name=\"twitter:data1\" content=\"admin\" \/>\n\t<meta name=\"twitter:label2\" content=\"Timp estimat pentru citire\" \/>\n\t<meta name=\"twitter:data2\" content=\"2 minute\" \/>\n<script type=\"application\/ld+json\" class=\"yoast-schema-graph\">{\"@context\":\"https:\\\/\\\/schema.org\",\"@graph\":[{\"@type\":\"Article\",\"@id\":\"https:\\\/\\\/www.btv.md\\\/ro\\\/bunicii-grijulii-vor-iesi-pe-strazile-din-balti-voluntarii-vor-supraveghea-copiii-in-drum-spre-scoala\\\/#article\",\"isPartOf\":{\"@id\":\"https:\\\/\\\/www.btv.md\\\/ro\\\/bunicii-grijulii-vor-iesi-pe-strazile-din-balti-voluntarii-vor-supraveghea-copiii-in-drum-spre-scoala\\\/\"},\"author\":{\"name\":\"admin\",\"@id\":\"https:\\\/\\\/www.btv.md\\\/#\\\/schema\\\/person\\\/8fadce81561b3ce2c34c46dadc4ccbf2\"},\"headline\":\"Bunicii grijulii vor ie\u0219i pe str\u0103zile din B\u0103l\u021bi. Voluntarii vor supraveghea copiii \u00een drum spre \u0219coal\u0103\",\"datePublished\":\"2018-02-16T17:46:09+00:00\",\"mainEntityOfPage\":{\"@id\":\"https:\\\/\\\/www.btv.md\\\/ro\\\/bunicii-grijulii-vor-iesi-pe-strazile-din-balti-voluntarii-vor-supraveghea-copiii-in-drum-spre-scoala\\\/\"},\"wordCount\":420,\"image\":{\"@id\":\"https:\\\/\\\/www.btv.md\\\/ro\\\/bunicii-grijulii-vor-iesi-pe-strazile-din-balti-voluntarii-vor-supraveghea-copiii-in-drum-spre-scoala\\\/#primaryimage\"},\"thumbnailUrl\":\"https:\\\/\\\/www.btv.md\\\/wp-content\\\/uploads\\\/2018\\\/02\\\/001-9.jpg\",\"articleSection\":[\"Politic\u0103\"],\"inLanguage\":\"ro-RO\"},{\"@type\":\"WebPage\",\"@id\":\"https:\\\/\\\/www.btv.md\\\/ro\\\/bunicii-grijulii-vor-iesi-pe-strazile-din-balti-voluntarii-vor-supraveghea-copiii-in-drum-spre-scoala\\\/\",\"url\":\"https:\\\/\\\/www.btv.md\\\/ro\\\/bunicii-grijulii-vor-iesi-pe-strazile-din-balti-voluntarii-vor-supraveghea-copiii-in-drum-spre-scoala\\\/\",\"name\":\"Bunicii grijulii vor ie\u0219i pe str\u0103zile din B\u0103l\u021bi. Voluntarii vor supraveghea copiii \u00een drum spre \u0219coal\u0103\",\"isPartOf\":{\"@id\":\"https:\\\/\\\/www.btv.md\\\/#website\"},\"primaryImageOfPage\":{\"@id\":\"https:\\\/\\\/www.btv.md\\\/ro\\\/bunicii-grijulii-vor-iesi-pe-strazile-din-balti-voluntarii-vor-supraveghea-copiii-in-drum-spre-scoala\\\/#primaryimage\"},\"image\":{\"@id\":\"https:\\\/\\\/www.btv.md\\\/ro\\\/bunicii-grijulii-vor-iesi-pe-strazile-din-balti-voluntarii-vor-supraveghea-copiii-in-drum-spre-scoala\\\/#primaryimage\"},\"thumbnailUrl\":\"https:\\\/\\\/www.btv.md\\\/wp-content\\\/uploads\\\/2018\\\/02\\\/001-9.jpg\",\"datePublished\":\"2018-02-16T17:46:09+00:00\",\"author\":{\"@id\":\"https:\\\/\\\/www.btv.md\\\/#\\\/schema\\\/person\\\/8fadce81561b3ce2c34c46dadc4ccbf2\"},\"description\":\"Campania \u201eBunicii grijulii\u201d, demarat\u0103 de poli\u021bie, a ajuns \u0219i \u00een nordul \u021b\u0103rii. Inspirat\u0103 din practica unor ora\u015fe din Italia, aceasta presupune prezen\u0163a bunicilor \u00een preajma zebrelor de l\u00e2ng\u0103 \u015fcoli \u015fi gr\u0103dini\u0163e. Copiii vor fi supraveghea\u021bi \u00een drum spre \u015fcoal\u0103, iar pensionarii se vor sim\u0163i mai utili pentru societate.\",\"inLanguage\":\"ro-RO\",\"potentialAction\":[{\"@type\":\"ReadAction\",\"target\":[\"https:\\\/\\\/www.btv.md\\\/ro\\\/bunicii-grijulii-vor-iesi-pe-strazile-din-balti-voluntarii-vor-supraveghea-copiii-in-drum-spre-scoala\\\/\"]}]},{\"@type\":\"ImageObject\",\"inLanguage\":\"ro-RO\",\"@id\":\"https:\\\/\\\/www.btv.md\\\/ro\\\/bunicii-grijulii-vor-iesi-pe-strazile-din-balti-voluntarii-vor-supraveghea-copiii-in-drum-spre-scoala\\\/#primaryimage\",\"url\":\"https:\\\/\\\/www.btv.md\\\/wp-content\\\/uploads\\\/2018\\\/02\\\/001-9.jpg\",\"contentUrl\":\"https:\\\/\\\/www.btv.md\\\/wp-content\\\/uploads\\\/2018\\\/02\\\/001-9.jpg\",\"width\":700,\"height\":500},{\"@type\":\"WebSite\",\"@id\":\"https:\\\/\\\/www.btv.md\\\/#website\",\"url\":\"https:\\\/\\\/www.btv.md\\\/\",\"name\":\"BTV\",\"description\":\"\u0411\u0435\u043b\u044c\u0446\u043a\u043e\u0435 \u0442\u0435\u043b\u0435\u0432\u0438\u0434\u0435\u043d\u0438\u0435\",\"potentialAction\":[{\"@type\":\"SearchAction\",\"target\":{\"@type\":\"EntryPoint\",\"urlTemplate\":\"https:\\\/\\\/www.btv.md\\\/?s={search_term_string}\"},\"query-input\":{\"@type\":\"PropertyValueSpecification\",\"valueRequired\":true,\"valueName\":\"search_term_string\"}}],\"inLanguage\":\"ro-RO\"},{\"@type\":\"Person\",\"@id\":\"https:\\\/\\\/www.btv.md\\\/#\\\/schema\\\/person\\\/8fadce81561b3ce2c34c46dadc4ccbf2\",\"name\":\"admin\"}]}<\/script>\n<!-- \/ Yoast SEO plugin. -->","yoast_head_json":{"title":"Bunicii grijulii vor ie\u0219i pe str\u0103zile din B\u0103l\u021bi. Voluntarii vor supraveghea copiii \u00een drum spre \u0219coal\u0103","description":"Campania \u201eBunicii grijulii\u201d, demarat\u0103 de poli\u021bie, a ajuns \u0219i \u00een nordul \u021b\u0103rii. Inspirat\u0103 din practica unor ora\u015fe din Italia, aceasta presupune prezen\u0163a bunicilor \u00een preajma zebrelor de l\u00e2ng\u0103 \u015fcoli \u015fi gr\u0103dini\u0163e. Copiii vor fi supraveghea\u021bi \u00een drum spre \u015fcoal\u0103, iar pensionarii se vor sim\u0163i mai utili pentru societate.","robots":{"index":"index","follow":"follow","max-snippet":"max-snippet:-1","max-image-preview":"max-image-preview:large","max-video-preview":"max-video-preview:-1"},"canonical":"https:\/\/www.btv.md\/ro\/bunicii-grijulii-vor-iesi-pe-strazile-din-balti-voluntarii-vor-supraveghea-copiii-in-drum-spre-scoala\/","og_locale":"ro_RO","og_type":"article","og_title":"Bunicii grijulii vor ie\u0219i pe str\u0103zile din B\u0103l\u021bi. Voluntarii vor supraveghea copiii \u00een drum spre \u0219coal\u0103","og_description":"Campania \u201eBunicii grijulii\u201d, demarat\u0103 de poli\u021bie, a ajuns \u0219i \u00een nordul \u021b\u0103rii. Inspirat\u0103 din practica unor ora\u015fe din Italia, aceasta presupune prezen\u0163a bunicilor \u00een preajma zebrelor de l\u00e2ng\u0103 \u015fcoli \u015fi gr\u0103dini\u0163e. Copiii vor fi supraveghea\u021bi \u00een drum spre \u015fcoal\u0103, iar pensionarii se vor sim\u0163i mai utili pentru societate.","og_url":"https:\/\/www.btv.md\/ro\/bunicii-grijulii-vor-iesi-pe-strazile-din-balti-voluntarii-vor-supraveghea-copiii-in-drum-spre-scoala\/","og_site_name":"BTV","article_publisher":"https:\/\/www.facebook.com\/btvmoldova\/","article_published_time":"2018-02-16T17:46:09+00:00","og_image":[{"width":700,"height":500,"url":"https:\/\/www.btv.md\/wp-content\/uploads\/2018\/02\/001-9.jpg","type":"image\/jpeg"}],"author":"admin","twitter_misc":{"Scris de":"admin","Timp estimat pentru citire":"2 minute"},"schema":{"@context":"https:\/\/schema.org","@graph":[{"@type":"Article","@id":"https:\/\/www.btv.md\/ro\/bunicii-grijulii-vor-iesi-pe-strazile-din-balti-voluntarii-vor-supraveghea-copiii-in-drum-spre-scoala\/#article","isPartOf":{"@id":"https:\/\/www.btv.md\/ro\/bunicii-grijulii-vor-iesi-pe-strazile-din-balti-voluntarii-vor-supraveghea-copiii-in-drum-spre-scoala\/"},"author":{"name":"admin","@id":"https:\/\/www.btv.md\/#\/schema\/person\/8fadce81561b3ce2c34c46dadc4ccbf2"},"headline":"Bunicii grijulii vor ie\u0219i pe str\u0103zile din B\u0103l\u021bi. Voluntarii vor supraveghea copiii \u00een drum spre \u0219coal\u0103","datePublished":"2018-02-16T17:46:09+00:00","mainEntityOfPage":{"@id":"https:\/\/www.btv.md\/ro\/bunicii-grijulii-vor-iesi-pe-strazile-din-balti-voluntarii-vor-supraveghea-copiii-in-drum-spre-scoala\/"},"wordCount":420,"image":{"@id":"https:\/\/www.btv.md\/ro\/bunicii-grijulii-vor-iesi-pe-strazile-din-balti-voluntarii-vor-supraveghea-copiii-in-drum-spre-scoala\/#primaryimage"},"thumbnailUrl":"https:\/\/www.btv.md\/wp-content\/uploads\/2018\/02\/001-9.jpg","articleSection":["Politic\u0103"],"inLanguage":"ro-RO"},{"@type":"WebPage","@id":"https:\/\/www.btv.md\/ro\/bunicii-grijulii-vor-iesi-pe-strazile-din-balti-voluntarii-vor-supraveghea-copiii-in-drum-spre-scoala\/","url":"https:\/\/www.btv.md\/ro\/bunicii-grijulii-vor-iesi-pe-strazile-din-balti-voluntarii-vor-supraveghea-copiii-in-drum-spre-scoala\/","name":"Bunicii grijulii vor ie\u0219i pe str\u0103zile din B\u0103l\u021bi. Voluntarii vor supraveghea copiii \u00een drum spre \u0219coal\u0103","isPartOf":{"@id":"https:\/\/www.btv.md\/#website"},"primaryImageOfPage":{"@id":"https:\/\/www.btv.md\/ro\/bunicii-grijulii-vor-iesi-pe-strazile-din-balti-voluntarii-vor-supraveghea-copiii-in-drum-spre-scoala\/#primaryimage"},"image":{"@id":"https:\/\/www.btv.md\/ro\/bunicii-grijulii-vor-iesi-pe-strazile-din-balti-voluntarii-vor-supraveghea-copiii-in-drum-spre-scoala\/#primaryimage"},"thumbnailUrl":"https:\/\/www.btv.md\/wp-content\/uploads\/2018\/02\/001-9.jpg","datePublished":"2018-02-16T17:46:09+00:00","author":{"@id":"https:\/\/www.btv.md\/#\/schema\/person\/8fadce81561b3ce2c34c46dadc4ccbf2"},"description":"Campania \u201eBunicii grijulii\u201d, demarat\u0103 de poli\u021bie, a ajuns \u0219i \u00een nordul \u021b\u0103rii. Inspirat\u0103 din practica unor ora\u015fe din Italia, aceasta presupune prezen\u0163a bunicilor \u00een preajma zebrelor de l\u00e2ng\u0103 \u015fcoli \u015fi gr\u0103dini\u0163e. Copiii vor fi supraveghea\u021bi \u00een drum spre \u015fcoal\u0103, iar pensionarii se vor sim\u0163i mai utili pentru societate.","inLanguage":"ro-RO","potentialAction":[{"@type":"ReadAction","target":["https:\/\/www.btv.md\/ro\/bunicii-grijulii-vor-iesi-pe-strazile-din-balti-voluntarii-vor-supraveghea-copiii-in-drum-spre-scoala\/"]}]},{"@type":"ImageObject","inLanguage":"ro-RO","@id":"https:\/\/www.btv.md\/ro\/bunicii-grijulii-vor-iesi-pe-strazile-din-balti-voluntarii-vor-supraveghea-copiii-in-drum-spre-scoala\/#primaryimage","url":"https:\/\/www.btv.md\/wp-content\/uploads\/2018\/02\/001-9.jpg","contentUrl":"https:\/\/www.btv.md\/wp-content\/uploads\/2018\/02\/001-9.jpg","width":700,"height":500},{"@type":"WebSite","@id":"https:\/\/www.btv.md\/#website","url":"https:\/\/www.btv.md\/","name":"BTV","description":"\u0411\u0435\u043b\u044c\u0446\u043a\u043e\u0435 \u0442\u0435\u043b\u0435\u0432\u0438\u0434\u0435\u043d\u0438\u0435","potentialAction":[{"@type":"SearchAction","target":{"@type":"EntryPoint","urlTemplate":"https:\/\/www.btv.md\/?s={search_term_string}"},"query-input":{"@type":"PropertyValueSpecification","valueRequired":true,"valueName":"search_term_string"}}],"inLanguage":"ro-RO"},{"@type":"Person","@id":"https:\/\/www.btv.md\/#\/schema\/person\/8fadce81561b3ce2c34c46dadc4ccbf2","name":"admin"}]}},"_links":{"self":[{"href":"https:\/\/www.btv.md\/ro\/wp-json\/wp\/v2\/posts\/41077","targetHints":{"allow":["GET"]}}],"collection":[{"href":"https:\/\/www.btv.md\/ro\/wp-json\/wp\/v2\/posts"}],"about":[{"href":"https:\/\/www.btv.md\/ro\/wp-json\/wp\/v2\/types\/post"}],"author":[{"embeddable":true,"href":"https:\/\/www.btv.md\/ro\/wp-json\/wp\/v2\/users\/4"}],"replies":[{"embeddable":true,"href":"https:\/\/www.btv.md\/ro\/wp-json\/wp\/v2\/comments?post=41077"}],"version-history":[{"count":0,"href":"https:\/\/www.btv.md\/ro\/wp-json\/wp\/v2\/posts\/41077\/revisions"}],"wp:featuredmedia":[{"embeddable":true,"href":"https:\/\/www.btv.md\/ro\/wp-json\/wp\/v2\/media\/41078"}],"wp:attachment":[{"href":"https:\/\/www.btv.md\/ro\/wp-json\/wp\/v2\/media?parent=41077"}],"wp:term":[{"taxonomy":"category","embeddable":true,"href":"https:\/\/www.btv.md\/ro\/wp-json\/wp\/v2\/categories?post=41077"},{"taxonomy":"post_tag","embeddable":true,"href":"https:\/\/www.btv.md\/ro\/wp-json\/wp\/v2\/tags?post=41077"}],"curies":[{"name":"wp","href":"https:\/\/api.w.org\/{rel}","templated":true}]}}