{"id":41080,"date":"2018-02-16T20:50:48","date_gmt":"2018-02-16T17:50:48","guid":{"rendered":"https:\/\/btv.md\/?p=41080"},"modified":"2018-02-16T20:50:48","modified_gmt":"2018-02-16T17:50:48","slug":"reactia-politiei-politia-comenteaza-cazul-scolii-de-tenis-din-balti","status":"publish","type":"post","link":"https:\/\/www.btv.md\/ro\/reactia-politiei-politia-comenteaza-cazul-scolii-de-tenis-din-balti\/","title":{"rendered":"Reac\u021bia poli\u021biei. Poli\u021bia comenteaz\u0103 cazul \u0219colii de tenis din B\u0103l\u021bi"},"content":{"rendered":"<p style=\"text-align: center;\"><iframe data-src=\"https:\/\/www.youtube.com\/embed\/8b9hK14Co40\" width=\"854\" height=\"480\" frameborder=\"0\" allowfullscreen=\"allowfullscreen\" src=\"data:image\/svg+xml;base64,PHN2ZyB3aWR0aD0iMSIgaGVpZ2h0PSIxIiB4bWxucz0iaHR0cDovL3d3dy53My5vcmcvMjAwMC9zdmciPjwvc3ZnPg==\" class=\"lazyload\" data-load-mode=\"1\"><\/iframe><\/p>\n<h4>Poli\u021bia a venit cu o reac\u021bie \u00een urma apari\u021biei materialului video \u00een care p\u0103rin\u021bii mai multor elevi ai \u0219colii de tenis din B\u0103l\u021bi, sub conducerea lui Oleg \u0218aric, sus\u021bin c\u0103 sunt chema\u021bi la Inspectoratul de Poli\u021bie.<\/h4>\n<p>Potrivit for\u021belor de ordine, este vorba despre un proces penal pe numele unor angaja\u021bi din \u00eenv\u0103\u021b\u0103m\u00e2nt, pornit \u00eenc\u0103 \u00een anul 2015.<\/p>\n<p>Jana Molceanov, ofi\u021ber de pres\u0103 IP B\u0103l\u021bi: <em>\u201eLa moment este pornit un proces penal pe angaja\u021bii din \u00eenv\u0103\u021b\u0103m\u00e2nt din cadrul prim\u0103riei. Din anul 2015 p\u00e2n\u0103 \u00een prezent, angaja\u021bii da\u021bi, prezentau date false, unde \u00eensu\u0219eau mai apoi mijloace b\u0103ne\u0219ti. La moment, cu participarea c\u0103rorva copii nu a fost petrecut\u0103 nicio ac\u021biune de urm\u0103rire penal\u0103. \u00cen cazul \u00een care sunt petrecute, ace\u0219tia se prezint\u0103 cu tutorii sau p\u0103rin\u021bii.\u201d<\/em><\/p>\n<p>Vom reveni cu mai multe detalii s\u0103pt\u0103m\u00e2na viitoare.<\/p>\n","protected":false},"excerpt":{"rendered":"<p>Poli\u021bia a venit cu o reac\u021bie \u00een urma apari\u021biei materialului video \u00een care p\u0103rin\u021bii mai multor elevi ai \u0219colii de tenis din B\u0103l\u021bi, sub conducerea lui Oleg \u0218aric, sus\u021bin c\u0103 sunt chema\u021bi la Inspectoratul de Poli\u021bie. Potrivit for\u021belor de ordine, este vorba despre un proces penal pe numele unor angaja\u021bi din \u00eenv\u0103\u021b\u0103m\u00e2nt, pornit \u00eenc\u0103 \u00een [&hellip;]<\/p>\n","protected":false},"author":4,"featured_media":41081,"comment_status":"closed","ping_status":"closed","sticky":false,"template":"","format":"standard","meta":{"footnotes":""},"categories":[6353],"tags":[],"class_list":["post-41080","post","type-post","status-publish","format-standard","has-post-thumbnail","hentry","category-oras"],"yoast_head":"<!-- This site is optimized with the Yoast SEO plugin v27.4 - https:\/\/yoast.com\/product\/yoast-seo-wordpress\/ -->\n<title>Reac\u021bia poli\u021biei. Poli\u021bia comenteaz\u0103 cazul \u0219colii de tenis din B\u0103l\u021bi<\/title>\n<meta name=\"description\" content=\"Poli\u021bia a venit cu o reac\u021bie \u00een urma apari\u021biei materialului video \u00een care p\u0103rin\u021bii mai multor elevi ai \u0219colii de tenis din B\u0103l\u021bi, sub conducerea lui Oleg \u0218aric, sus\u021bin c\u0103 sunt chema\u021bi la Inspectoratul de Poli\u021bie.\" \/>\n<meta name=\"robots\" content=\"index, follow, max-snippet:-1, max-image-preview:large, max-video-preview:-1\" \/>\n<link rel=\"canonical\" href=\"https:\/\/www.btv.md\/ro\/reactia-politiei-politia-comenteaza-cazul-scolii-de-tenis-din-balti\/\" \/>\n<meta property=\"og:locale\" content=\"ro_RO\" \/>\n<meta property=\"og:type\" content=\"article\" \/>\n<meta property=\"og:title\" content=\"Reac\u021bia poli\u021biei. Poli\u021bia comenteaz\u0103 cazul \u0219colii de tenis din B\u0103l\u021bi\" \/>\n<meta property=\"og:description\" content=\"Poli\u021bia a venit cu o reac\u021bie \u00een urma apari\u021biei materialului video \u00een care p\u0103rin\u021bii mai multor elevi ai \u0219colii de tenis din B\u0103l\u021bi, sub conducerea lui Oleg \u0218aric, sus\u021bin c\u0103 sunt chema\u021bi la Inspectoratul de Poli\u021bie.\" \/>\n<meta property=\"og:url\" content=\"https:\/\/www.btv.md\/ro\/reactia-politiei-politia-comenteaza-cazul-scolii-de-tenis-din-balti\/\" \/>\n<meta property=\"og:site_name\" content=\"BTV\" \/>\n<meta property=\"article:publisher\" content=\"https:\/\/www.facebook.com\/btvmoldova\/\" \/>\n<meta property=\"article:published_time\" content=\"2018-02-16T17:50:48+00:00\" \/>\n<meta property=\"og:image\" content=\"https:\/\/www.btv.md\/wp-content\/uploads\/2018\/02\/jana.jpg\" \/>\n\t<meta property=\"og:image:width\" content=\"700\" \/>\n\t<meta property=\"og:image:height\" content=\"500\" \/>\n\t<meta property=\"og:image:type\" content=\"image\/jpeg\" \/>\n<meta name=\"author\" content=\"admin\" \/>\n<meta name=\"twitter:label1\" content=\"Scris de\" \/>\n\t<meta name=\"twitter:data1\" content=\"admin\" \/>\n\t<meta name=\"twitter:label2\" content=\"Timp estimat pentru citire\" \/>\n\t<meta name=\"twitter:data2\" content=\"1 minut\" \/>\n<script type=\"application\/ld+json\" class=\"yoast-schema-graph\">{\"@context\":\"https:\\\/\\\/schema.org\",\"@graph\":[{\"@type\":\"Article\",\"@id\":\"https:\\\/\\\/www.btv.md\\\/ro\\\/reactia-politiei-politia-comenteaza-cazul-scolii-de-tenis-din-balti\\\/#article\",\"isPartOf\":{\"@id\":\"https:\\\/\\\/www.btv.md\\\/ro\\\/reactia-politiei-politia-comenteaza-cazul-scolii-de-tenis-din-balti\\\/\"},\"author\":{\"name\":\"admin\",\"@id\":\"https:\\\/\\\/www.btv.md\\\/#\\\/schema\\\/person\\\/8fadce81561b3ce2c34c46dadc4ccbf2\"},\"headline\":\"Reac\u021bia poli\u021biei. Poli\u021bia comenteaz\u0103 cazul \u0219colii de tenis din B\u0103l\u021bi\",\"datePublished\":\"2018-02-16T17:50:48+00:00\",\"mainEntityOfPage\":{\"@id\":\"https:\\\/\\\/www.btv.md\\\/ro\\\/reactia-politiei-politia-comenteaza-cazul-scolii-de-tenis-din-balti\\\/\"},\"wordCount\":180,\"image\":{\"@id\":\"https:\\\/\\\/www.btv.md\\\/ro\\\/reactia-politiei-politia-comenteaza-cazul-scolii-de-tenis-din-balti\\\/#primaryimage\"},\"thumbnailUrl\":\"https:\\\/\\\/www.btv.md\\\/wp-content\\\/uploads\\\/2018\\\/02\\\/jana.jpg\",\"articleSection\":[\"Ora\u0219\"],\"inLanguage\":\"ro-RO\"},{\"@type\":\"WebPage\",\"@id\":\"https:\\\/\\\/www.btv.md\\\/ro\\\/reactia-politiei-politia-comenteaza-cazul-scolii-de-tenis-din-balti\\\/\",\"url\":\"https:\\\/\\\/www.btv.md\\\/ro\\\/reactia-politiei-politia-comenteaza-cazul-scolii-de-tenis-din-balti\\\/\",\"name\":\"Reac\u021bia poli\u021biei. Poli\u021bia comenteaz\u0103 cazul \u0219colii de tenis din B\u0103l\u021bi\",\"isPartOf\":{\"@id\":\"https:\\\/\\\/www.btv.md\\\/#website\"},\"primaryImageOfPage\":{\"@id\":\"https:\\\/\\\/www.btv.md\\\/ro\\\/reactia-politiei-politia-comenteaza-cazul-scolii-de-tenis-din-balti\\\/#primaryimage\"},\"image\":{\"@id\":\"https:\\\/\\\/www.btv.md\\\/ro\\\/reactia-politiei-politia-comenteaza-cazul-scolii-de-tenis-din-balti\\\/#primaryimage\"},\"thumbnailUrl\":\"https:\\\/\\\/www.btv.md\\\/wp-content\\\/uploads\\\/2018\\\/02\\\/jana.jpg\",\"datePublished\":\"2018-02-16T17:50:48+00:00\",\"author\":{\"@id\":\"https:\\\/\\\/www.btv.md\\\/#\\\/schema\\\/person\\\/8fadce81561b3ce2c34c46dadc4ccbf2\"},\"description\":\"Poli\u021bia a venit cu o reac\u021bie \u00een urma apari\u021biei materialului video \u00een care p\u0103rin\u021bii mai multor elevi ai \u0219colii de tenis din B\u0103l\u021bi, sub conducerea lui Oleg \u0218aric, sus\u021bin c\u0103 sunt chema\u021bi la Inspectoratul de Poli\u021bie.\",\"inLanguage\":\"ro-RO\",\"potentialAction\":[{\"@type\":\"ReadAction\",\"target\":[\"https:\\\/\\\/www.btv.md\\\/ro\\\/reactia-politiei-politia-comenteaza-cazul-scolii-de-tenis-din-balti\\\/\"]}]},{\"@type\":\"ImageObject\",\"inLanguage\":\"ro-RO\",\"@id\":\"https:\\\/\\\/www.btv.md\\\/ro\\\/reactia-politiei-politia-comenteaza-cazul-scolii-de-tenis-din-balti\\\/#primaryimage\",\"url\":\"https:\\\/\\\/www.btv.md\\\/wp-content\\\/uploads\\\/2018\\\/02\\\/jana.jpg\",\"contentUrl\":\"https:\\\/\\\/www.btv.md\\\/wp-content\\\/uploads\\\/2018\\\/02\\\/jana.jpg\",\"width\":700,\"height\":500},{\"@type\":\"WebSite\",\"@id\":\"https:\\\/\\\/www.btv.md\\\/#website\",\"url\":\"https:\\\/\\\/www.btv.md\\\/\",\"name\":\"BTV\",\"description\":\"\u0411\u0435\u043b\u044c\u0446\u043a\u043e\u0435 \u0442\u0435\u043b\u0435\u0432\u0438\u0434\u0435\u043d\u0438\u0435\",\"potentialAction\":[{\"@type\":\"SearchAction\",\"target\":{\"@type\":\"EntryPoint\",\"urlTemplate\":\"https:\\\/\\\/www.btv.md\\\/?s={search_term_string}\"},\"query-input\":{\"@type\":\"PropertyValueSpecification\",\"valueRequired\":true,\"valueName\":\"search_term_string\"}}],\"inLanguage\":\"ro-RO\"},{\"@type\":\"Person\",\"@id\":\"https:\\\/\\\/www.btv.md\\\/#\\\/schema\\\/person\\\/8fadce81561b3ce2c34c46dadc4ccbf2\",\"name\":\"admin\"}]}<\/script>\n<!-- \/ Yoast SEO plugin. -->","yoast_head_json":{"title":"Reac\u021bia poli\u021biei. Poli\u021bia comenteaz\u0103 cazul \u0219colii de tenis din B\u0103l\u021bi","description":"Poli\u021bia a venit cu o reac\u021bie \u00een urma apari\u021biei materialului video \u00een care p\u0103rin\u021bii mai multor elevi ai \u0219colii de tenis din B\u0103l\u021bi, sub conducerea lui Oleg \u0218aric, sus\u021bin c\u0103 sunt chema\u021bi la Inspectoratul de Poli\u021bie.","robots":{"index":"index","follow":"follow","max-snippet":"max-snippet:-1","max-image-preview":"max-image-preview:large","max-video-preview":"max-video-preview:-1"},"canonical":"https:\/\/www.btv.md\/ro\/reactia-politiei-politia-comenteaza-cazul-scolii-de-tenis-din-balti\/","og_locale":"ro_RO","og_type":"article","og_title":"Reac\u021bia poli\u021biei. Poli\u021bia comenteaz\u0103 cazul \u0219colii de tenis din B\u0103l\u021bi","og_description":"Poli\u021bia a venit cu o reac\u021bie \u00een urma apari\u021biei materialului video \u00een care p\u0103rin\u021bii mai multor elevi ai \u0219colii de tenis din B\u0103l\u021bi, sub conducerea lui Oleg \u0218aric, sus\u021bin c\u0103 sunt chema\u021bi la Inspectoratul de Poli\u021bie.","og_url":"https:\/\/www.btv.md\/ro\/reactia-politiei-politia-comenteaza-cazul-scolii-de-tenis-din-balti\/","og_site_name":"BTV","article_publisher":"https:\/\/www.facebook.com\/btvmoldova\/","article_published_time":"2018-02-16T17:50:48+00:00","og_image":[{"width":700,"height":500,"url":"https:\/\/www.btv.md\/wp-content\/uploads\/2018\/02\/jana.jpg","type":"image\/jpeg"}],"author":"admin","twitter_misc":{"Scris de":"admin","Timp estimat pentru citire":"1 minut"},"schema":{"@context":"https:\/\/schema.org","@graph":[{"@type":"Article","@id":"https:\/\/www.btv.md\/ro\/reactia-politiei-politia-comenteaza-cazul-scolii-de-tenis-din-balti\/#article","isPartOf":{"@id":"https:\/\/www.btv.md\/ro\/reactia-politiei-politia-comenteaza-cazul-scolii-de-tenis-din-balti\/"},"author":{"name":"admin","@id":"https:\/\/www.btv.md\/#\/schema\/person\/8fadce81561b3ce2c34c46dadc4ccbf2"},"headline":"Reac\u021bia poli\u021biei. Poli\u021bia comenteaz\u0103 cazul \u0219colii de tenis din B\u0103l\u021bi","datePublished":"2018-02-16T17:50:48+00:00","mainEntityOfPage":{"@id":"https:\/\/www.btv.md\/ro\/reactia-politiei-politia-comenteaza-cazul-scolii-de-tenis-din-balti\/"},"wordCount":180,"image":{"@id":"https:\/\/www.btv.md\/ro\/reactia-politiei-politia-comenteaza-cazul-scolii-de-tenis-din-balti\/#primaryimage"},"thumbnailUrl":"https:\/\/www.btv.md\/wp-content\/uploads\/2018\/02\/jana.jpg","articleSection":["Ora\u0219"],"inLanguage":"ro-RO"},{"@type":"WebPage","@id":"https:\/\/www.btv.md\/ro\/reactia-politiei-politia-comenteaza-cazul-scolii-de-tenis-din-balti\/","url":"https:\/\/www.btv.md\/ro\/reactia-politiei-politia-comenteaza-cazul-scolii-de-tenis-din-balti\/","name":"Reac\u021bia poli\u021biei. Poli\u021bia comenteaz\u0103 cazul \u0219colii de tenis din B\u0103l\u021bi","isPartOf":{"@id":"https:\/\/www.btv.md\/#website"},"primaryImageOfPage":{"@id":"https:\/\/www.btv.md\/ro\/reactia-politiei-politia-comenteaza-cazul-scolii-de-tenis-din-balti\/#primaryimage"},"image":{"@id":"https:\/\/www.btv.md\/ro\/reactia-politiei-politia-comenteaza-cazul-scolii-de-tenis-din-balti\/#primaryimage"},"thumbnailUrl":"https:\/\/www.btv.md\/wp-content\/uploads\/2018\/02\/jana.jpg","datePublished":"2018-02-16T17:50:48+00:00","author":{"@id":"https:\/\/www.btv.md\/#\/schema\/person\/8fadce81561b3ce2c34c46dadc4ccbf2"},"description":"Poli\u021bia a venit cu o reac\u021bie \u00een urma apari\u021biei materialului video \u00een care p\u0103rin\u021bii mai multor elevi ai \u0219colii de tenis din B\u0103l\u021bi, sub conducerea lui Oleg \u0218aric, sus\u021bin c\u0103 sunt chema\u021bi la Inspectoratul de Poli\u021bie.","inLanguage":"ro-RO","potentialAction":[{"@type":"ReadAction","target":["https:\/\/www.btv.md\/ro\/reactia-politiei-politia-comenteaza-cazul-scolii-de-tenis-din-balti\/"]}]},{"@type":"ImageObject","inLanguage":"ro-RO","@id":"https:\/\/www.btv.md\/ro\/reactia-politiei-politia-comenteaza-cazul-scolii-de-tenis-din-balti\/#primaryimage","url":"https:\/\/www.btv.md\/wp-content\/uploads\/2018\/02\/jana.jpg","contentUrl":"https:\/\/www.btv.md\/wp-content\/uploads\/2018\/02\/jana.jpg","width":700,"height":500},{"@type":"WebSite","@id":"https:\/\/www.btv.md\/#website","url":"https:\/\/www.btv.md\/","name":"BTV","description":"\u0411\u0435\u043b\u044c\u0446\u043a\u043e\u0435 \u0442\u0435\u043b\u0435\u0432\u0438\u0434\u0435\u043d\u0438\u0435","potentialAction":[{"@type":"SearchAction","target":{"@type":"EntryPoint","urlTemplate":"https:\/\/www.btv.md\/?s={search_term_string}"},"query-input":{"@type":"PropertyValueSpecification","valueRequired":true,"valueName":"search_term_string"}}],"inLanguage":"ro-RO"},{"@type":"Person","@id":"https:\/\/www.btv.md\/#\/schema\/person\/8fadce81561b3ce2c34c46dadc4ccbf2","name":"admin"}]}},"_links":{"self":[{"href":"https:\/\/www.btv.md\/ro\/wp-json\/wp\/v2\/posts\/41080","targetHints":{"allow":["GET"]}}],"collection":[{"href":"https:\/\/www.btv.md\/ro\/wp-json\/wp\/v2\/posts"}],"about":[{"href":"https:\/\/www.btv.md\/ro\/wp-json\/wp\/v2\/types\/post"}],"author":[{"embeddable":true,"href":"https:\/\/www.btv.md\/ro\/wp-json\/wp\/v2\/users\/4"}],"replies":[{"embeddable":true,"href":"https:\/\/www.btv.md\/ro\/wp-json\/wp\/v2\/comments?post=41080"}],"version-history":[{"count":0,"href":"https:\/\/www.btv.md\/ro\/wp-json\/wp\/v2\/posts\/41080\/revisions"}],"wp:featuredmedia":[{"embeddable":true,"href":"https:\/\/www.btv.md\/ro\/wp-json\/wp\/v2\/media\/41081"}],"wp:attachment":[{"href":"https:\/\/www.btv.md\/ro\/wp-json\/wp\/v2\/media?parent=41080"}],"wp:term":[{"taxonomy":"category","embeddable":true,"href":"https:\/\/www.btv.md\/ro\/wp-json\/wp\/v2\/categories?post=41080"},{"taxonomy":"post_tag","embeddable":true,"href":"https:\/\/www.btv.md\/ro\/wp-json\/wp\/v2\/tags?post=41080"}],"curies":[{"name":"wp","href":"https:\/\/api.w.org\/{rel}","templated":true}]}}