{"id":41087,"date":"2018-02-16T21:58:56","date_gmt":"2018-02-16T18:58:56","guid":{"rendered":"https:\/\/btv.md\/?p=41087"},"modified":"2018-02-16T21:58:56","modified_gmt":"2018-02-16T18:58:56","slug":"citi-moldoveni-au-obtinut-cetatenia-federatiei-ruse-in-2017","status":"publish","type":"post","link":"https:\/\/www.btv.md\/ro\/citi-moldoveni-au-obtinut-cetatenia-federatiei-ruse-in-2017\/","title":{"rendered":"C\u00ee\u0163i moldoveni au ob\u0163inut cet\u0103\u0163enia Federa\u0163iei Ruse \u00een 2017"},"content":{"rendered":"<p style=\"text-align: center;\"><iframe data-src=\"https:\/\/www.youtube.com\/embed\/tZxX0AqlLzw\" width=\"854\" height=\"480\" frameborder=\"0\" allowfullscreen=\"allowfullscreen\" src=\"data:image\/svg+xml;base64,PHN2ZyB3aWR0aD0iMSIgaGVpZ2h0PSIxIiB4bWxucz0iaHR0cDovL3d3dy53My5vcmcvMjAwMC9zdmciPjwvc3ZnPg==\" class=\"lazyload\" data-load-mode=\"1\"><\/iframe><\/p>\n<h4>Anul trecut, num\u0103rul moldovenilor ce au ob\u021binut cet\u0103\u021benia Federa\u021biei Ruse s-a diminuat cu circa dou\u0103 mii fa\u021b\u0103 de anul 2016, c\u00eend a constituit 17.397.<\/h4>\n<p>Potrivit datelor Direc\u021biei principale de Migra\u021bie din cadrul Ministerului rus de Interne, moldovenii au constituit 6% din num\u0103rul total al str\u0103inilor ce au ob\u021binut \u00een 2017 cet\u0103\u021benia Federa\u021biei Ruse (circa 257.000).<\/p>\n<p>La acest capitol imigran\u021bii din Moldova s\u00eent pe locul \u0219ase, dup\u0103 cei din Ucraina (circa o treime din total), Kazahstan, Uzbekistan, Tadjikistan \u0219i Armenia.<\/p>\n<p>\u00cen acela\u0219i timp \u00een 2017 17.119 de moldoveni au primit un permis de \u0219edere temporar\u0103, iar 30.373 locuiesc acolo \u00een baza acestui permis.<\/p>\n<p>Al\u021bi peste 8.700 de moldoveni au primit \u00een 2017 permis de \u0219edere, iar 33.325 locuiesc \u00een Rusia \u00een baza acestui permis.<\/p>\n<p>Per total \u00een anul 2017 \u00een Federa\u021bia Rus\u0103 au fost pu\u0219i la eviden\u021ba Serviciului Migra\u021bional 542.004 de moldoveni, \u00een timp ce \u00een 2016 aproape 586.000.<\/p>\n<p>Din num\u0103rul total al moldovenilor ce s-au pus la eviden\u021b\u0103 doar 227.000 au sosit la munc\u0103, iar 143.566 \u00een vizit\u0103 privat\u0103.<\/p>\n","protected":false},"excerpt":{"rendered":"<p>Anul trecut, num\u0103rul moldovenilor ce au ob\u021binut cet\u0103\u021benia Federa\u021biei Ruse s-a diminuat cu circa dou\u0103 mii fa\u021b\u0103 de anul 2016, c\u00eend a constituit 17.397. Potrivit datelor Direc\u021biei principale de Migra\u021bie din cadrul Ministerului rus de Interne, moldovenii au constituit 6% din num\u0103rul total al str\u0103inilor ce au ob\u021binut \u00een 2017 cet\u0103\u021benia Federa\u021biei Ruse (circa 257.000). [&hellip;]<\/p>\n","protected":false},"author":4,"featured_media":41088,"comment_status":"closed","ping_status":"closed","sticky":false,"template":"","format":"standard","meta":{"footnotes":""},"categories":[6349],"tags":[],"class_list":["post-41087","post","type-post","status-publish","format-standard","has-post-thumbnail","hentry","category-social"],"yoast_head":"<!-- This site is optimized with the Yoast SEO plugin v27.4 - https:\/\/yoast.com\/product\/yoast-seo-wordpress\/ -->\n<title>C\u00ee\u0163i moldoveni au ob\u0163inut cet\u0103\u0163enia Federa\u0163iei Ruse \u00een 2017<\/title>\n<meta name=\"description\" content=\"Anul trecut, num\u0103rul moldovenilor ce au ob\u021binut cet\u0103\u021benia Federa\u021biei Ruse s-a diminuat cu circa dou\u0103 mii fa\u021b\u0103 de anul 2016, c\u00eend a constituit 17.397.\" \/>\n<meta name=\"robots\" content=\"index, follow, max-snippet:-1, max-image-preview:large, max-video-preview:-1\" \/>\n<link rel=\"canonical\" href=\"https:\/\/www.btv.md\/ro\/citi-moldoveni-au-obtinut-cetatenia-federatiei-ruse-in-2017\/\" \/>\n<meta property=\"og:locale\" content=\"ro_RO\" \/>\n<meta property=\"og:type\" content=\"article\" \/>\n<meta property=\"og:title\" content=\"C\u00ee\u0163i moldoveni au ob\u0163inut cet\u0103\u0163enia Federa\u0163iei Ruse \u00een 2017\" \/>\n<meta property=\"og:description\" content=\"Anul trecut, num\u0103rul moldovenilor ce au ob\u021binut cet\u0103\u021benia Federa\u021biei Ruse s-a diminuat cu circa dou\u0103 mii fa\u021b\u0103 de anul 2016, c\u00eend a constituit 17.397.\" \/>\n<meta property=\"og:url\" content=\"https:\/\/www.btv.md\/ro\/citi-moldoveni-au-obtinut-cetatenia-federatiei-ruse-in-2017\/\" \/>\n<meta property=\"og:site_name\" content=\"BTV\" \/>\n<meta property=\"article:publisher\" content=\"https:\/\/www.facebook.com\/btvmoldova\/\" \/>\n<meta property=\"article:published_time\" content=\"2018-02-16T18:58:56+00:00\" \/>\n<meta property=\"og:image\" content=\"https:\/\/www.btv.md\/wp-content\/uploads\/2018\/02\/rossia.jpg\" \/>\n\t<meta property=\"og:image:width\" content=\"700\" \/>\n\t<meta property=\"og:image:height\" content=\"500\" \/>\n\t<meta property=\"og:image:type\" content=\"image\/jpeg\" \/>\n<meta name=\"author\" content=\"admin\" \/>\n<meta name=\"twitter:label1\" content=\"Scris de\" \/>\n\t<meta name=\"twitter:data1\" content=\"admin\" \/>\n\t<meta name=\"twitter:label2\" content=\"Timp estimat pentru citire\" \/>\n\t<meta name=\"twitter:data2\" content=\"1 minut\" \/>\n<script type=\"application\/ld+json\" class=\"yoast-schema-graph\">{\"@context\":\"https:\\\/\\\/schema.org\",\"@graph\":[{\"@type\":\"Article\",\"@id\":\"https:\\\/\\\/www.btv.md\\\/ro\\\/citi-moldoveni-au-obtinut-cetatenia-federatiei-ruse-in-2017\\\/#article\",\"isPartOf\":{\"@id\":\"https:\\\/\\\/www.btv.md\\\/ro\\\/citi-moldoveni-au-obtinut-cetatenia-federatiei-ruse-in-2017\\\/\"},\"author\":{\"name\":\"admin\",\"@id\":\"https:\\\/\\\/www.btv.md\\\/#\\\/schema\\\/person\\\/8fadce81561b3ce2c34c46dadc4ccbf2\"},\"headline\":\"C\u00ee\u0163i moldoveni au ob\u0163inut cet\u0103\u0163enia Federa\u0163iei Ruse \u00een 2017\",\"datePublished\":\"2018-02-16T18:58:56+00:00\",\"mainEntityOfPage\":{\"@id\":\"https:\\\/\\\/www.btv.md\\\/ro\\\/citi-moldoveni-au-obtinut-cetatenia-federatiei-ruse-in-2017\\\/\"},\"wordCount\":185,\"image\":{\"@id\":\"https:\\\/\\\/www.btv.md\\\/ro\\\/citi-moldoveni-au-obtinut-cetatenia-federatiei-ruse-in-2017\\\/#primaryimage\"},\"thumbnailUrl\":\"https:\\\/\\\/www.btv.md\\\/wp-content\\\/uploads\\\/2018\\\/02\\\/rossia.jpg\",\"articleSection\":[\"Social\"],\"inLanguage\":\"ro-RO\"},{\"@type\":\"WebPage\",\"@id\":\"https:\\\/\\\/www.btv.md\\\/ro\\\/citi-moldoveni-au-obtinut-cetatenia-federatiei-ruse-in-2017\\\/\",\"url\":\"https:\\\/\\\/www.btv.md\\\/ro\\\/citi-moldoveni-au-obtinut-cetatenia-federatiei-ruse-in-2017\\\/\",\"name\":\"C\u00ee\u0163i moldoveni au ob\u0163inut cet\u0103\u0163enia Federa\u0163iei Ruse \u00een 2017\",\"isPartOf\":{\"@id\":\"https:\\\/\\\/www.btv.md\\\/#website\"},\"primaryImageOfPage\":{\"@id\":\"https:\\\/\\\/www.btv.md\\\/ro\\\/citi-moldoveni-au-obtinut-cetatenia-federatiei-ruse-in-2017\\\/#primaryimage\"},\"image\":{\"@id\":\"https:\\\/\\\/www.btv.md\\\/ro\\\/citi-moldoveni-au-obtinut-cetatenia-federatiei-ruse-in-2017\\\/#primaryimage\"},\"thumbnailUrl\":\"https:\\\/\\\/www.btv.md\\\/wp-content\\\/uploads\\\/2018\\\/02\\\/rossia.jpg\",\"datePublished\":\"2018-02-16T18:58:56+00:00\",\"author\":{\"@id\":\"https:\\\/\\\/www.btv.md\\\/#\\\/schema\\\/person\\\/8fadce81561b3ce2c34c46dadc4ccbf2\"},\"description\":\"Anul trecut, num\u0103rul moldovenilor ce au ob\u021binut cet\u0103\u021benia Federa\u021biei Ruse s-a diminuat cu circa dou\u0103 mii fa\u021b\u0103 de anul 2016, c\u00eend a constituit 17.397.\",\"inLanguage\":\"ro-RO\",\"potentialAction\":[{\"@type\":\"ReadAction\",\"target\":[\"https:\\\/\\\/www.btv.md\\\/ro\\\/citi-moldoveni-au-obtinut-cetatenia-federatiei-ruse-in-2017\\\/\"]}]},{\"@type\":\"ImageObject\",\"inLanguage\":\"ro-RO\",\"@id\":\"https:\\\/\\\/www.btv.md\\\/ro\\\/citi-moldoveni-au-obtinut-cetatenia-federatiei-ruse-in-2017\\\/#primaryimage\",\"url\":\"https:\\\/\\\/www.btv.md\\\/wp-content\\\/uploads\\\/2018\\\/02\\\/rossia.jpg\",\"contentUrl\":\"https:\\\/\\\/www.btv.md\\\/wp-content\\\/uploads\\\/2018\\\/02\\\/rossia.jpg\",\"width\":700,\"height\":500},{\"@type\":\"WebSite\",\"@id\":\"https:\\\/\\\/www.btv.md\\\/#website\",\"url\":\"https:\\\/\\\/www.btv.md\\\/\",\"name\":\"BTV\",\"description\":\"\u0411\u0435\u043b\u044c\u0446\u043a\u043e\u0435 \u0442\u0435\u043b\u0435\u0432\u0438\u0434\u0435\u043d\u0438\u0435\",\"potentialAction\":[{\"@type\":\"SearchAction\",\"target\":{\"@type\":\"EntryPoint\",\"urlTemplate\":\"https:\\\/\\\/www.btv.md\\\/?s={search_term_string}\"},\"query-input\":{\"@type\":\"PropertyValueSpecification\",\"valueRequired\":true,\"valueName\":\"search_term_string\"}}],\"inLanguage\":\"ro-RO\"},{\"@type\":\"Person\",\"@id\":\"https:\\\/\\\/www.btv.md\\\/#\\\/schema\\\/person\\\/8fadce81561b3ce2c34c46dadc4ccbf2\",\"name\":\"admin\"}]}<\/script>\n<!-- \/ Yoast SEO plugin. -->","yoast_head_json":{"title":"C\u00ee\u0163i moldoveni au ob\u0163inut cet\u0103\u0163enia Federa\u0163iei Ruse \u00een 2017","description":"Anul trecut, num\u0103rul moldovenilor ce au ob\u021binut cet\u0103\u021benia Federa\u021biei Ruse s-a diminuat cu circa dou\u0103 mii fa\u021b\u0103 de anul 2016, c\u00eend a constituit 17.397.","robots":{"index":"index","follow":"follow","max-snippet":"max-snippet:-1","max-image-preview":"max-image-preview:large","max-video-preview":"max-video-preview:-1"},"canonical":"https:\/\/www.btv.md\/ro\/citi-moldoveni-au-obtinut-cetatenia-federatiei-ruse-in-2017\/","og_locale":"ro_RO","og_type":"article","og_title":"C\u00ee\u0163i moldoveni au ob\u0163inut cet\u0103\u0163enia Federa\u0163iei Ruse \u00een 2017","og_description":"Anul trecut, num\u0103rul moldovenilor ce au ob\u021binut cet\u0103\u021benia Federa\u021biei Ruse s-a diminuat cu circa dou\u0103 mii fa\u021b\u0103 de anul 2016, c\u00eend a constituit 17.397.","og_url":"https:\/\/www.btv.md\/ro\/citi-moldoveni-au-obtinut-cetatenia-federatiei-ruse-in-2017\/","og_site_name":"BTV","article_publisher":"https:\/\/www.facebook.com\/btvmoldova\/","article_published_time":"2018-02-16T18:58:56+00:00","og_image":[{"width":700,"height":500,"url":"https:\/\/www.btv.md\/wp-content\/uploads\/2018\/02\/rossia.jpg","type":"image\/jpeg"}],"author":"admin","twitter_misc":{"Scris de":"admin","Timp estimat pentru citire":"1 minut"},"schema":{"@context":"https:\/\/schema.org","@graph":[{"@type":"Article","@id":"https:\/\/www.btv.md\/ro\/citi-moldoveni-au-obtinut-cetatenia-federatiei-ruse-in-2017\/#article","isPartOf":{"@id":"https:\/\/www.btv.md\/ro\/citi-moldoveni-au-obtinut-cetatenia-federatiei-ruse-in-2017\/"},"author":{"name":"admin","@id":"https:\/\/www.btv.md\/#\/schema\/person\/8fadce81561b3ce2c34c46dadc4ccbf2"},"headline":"C\u00ee\u0163i moldoveni au ob\u0163inut cet\u0103\u0163enia Federa\u0163iei Ruse \u00een 2017","datePublished":"2018-02-16T18:58:56+00:00","mainEntityOfPage":{"@id":"https:\/\/www.btv.md\/ro\/citi-moldoveni-au-obtinut-cetatenia-federatiei-ruse-in-2017\/"},"wordCount":185,"image":{"@id":"https:\/\/www.btv.md\/ro\/citi-moldoveni-au-obtinut-cetatenia-federatiei-ruse-in-2017\/#primaryimage"},"thumbnailUrl":"https:\/\/www.btv.md\/wp-content\/uploads\/2018\/02\/rossia.jpg","articleSection":["Social"],"inLanguage":"ro-RO"},{"@type":"WebPage","@id":"https:\/\/www.btv.md\/ro\/citi-moldoveni-au-obtinut-cetatenia-federatiei-ruse-in-2017\/","url":"https:\/\/www.btv.md\/ro\/citi-moldoveni-au-obtinut-cetatenia-federatiei-ruse-in-2017\/","name":"C\u00ee\u0163i moldoveni au ob\u0163inut cet\u0103\u0163enia Federa\u0163iei Ruse \u00een 2017","isPartOf":{"@id":"https:\/\/www.btv.md\/#website"},"primaryImageOfPage":{"@id":"https:\/\/www.btv.md\/ro\/citi-moldoveni-au-obtinut-cetatenia-federatiei-ruse-in-2017\/#primaryimage"},"image":{"@id":"https:\/\/www.btv.md\/ro\/citi-moldoveni-au-obtinut-cetatenia-federatiei-ruse-in-2017\/#primaryimage"},"thumbnailUrl":"https:\/\/www.btv.md\/wp-content\/uploads\/2018\/02\/rossia.jpg","datePublished":"2018-02-16T18:58:56+00:00","author":{"@id":"https:\/\/www.btv.md\/#\/schema\/person\/8fadce81561b3ce2c34c46dadc4ccbf2"},"description":"Anul trecut, num\u0103rul moldovenilor ce au ob\u021binut cet\u0103\u021benia Federa\u021biei Ruse s-a diminuat cu circa dou\u0103 mii fa\u021b\u0103 de anul 2016, c\u00eend a constituit 17.397.","inLanguage":"ro-RO","potentialAction":[{"@type":"ReadAction","target":["https:\/\/www.btv.md\/ro\/citi-moldoveni-au-obtinut-cetatenia-federatiei-ruse-in-2017\/"]}]},{"@type":"ImageObject","inLanguage":"ro-RO","@id":"https:\/\/www.btv.md\/ro\/citi-moldoveni-au-obtinut-cetatenia-federatiei-ruse-in-2017\/#primaryimage","url":"https:\/\/www.btv.md\/wp-content\/uploads\/2018\/02\/rossia.jpg","contentUrl":"https:\/\/www.btv.md\/wp-content\/uploads\/2018\/02\/rossia.jpg","width":700,"height":500},{"@type":"WebSite","@id":"https:\/\/www.btv.md\/#website","url":"https:\/\/www.btv.md\/","name":"BTV","description":"\u0411\u0435\u043b\u044c\u0446\u043a\u043e\u0435 \u0442\u0435\u043b\u0435\u0432\u0438\u0434\u0435\u043d\u0438\u0435","potentialAction":[{"@type":"SearchAction","target":{"@type":"EntryPoint","urlTemplate":"https:\/\/www.btv.md\/?s={search_term_string}"},"query-input":{"@type":"PropertyValueSpecification","valueRequired":true,"valueName":"search_term_string"}}],"inLanguage":"ro-RO"},{"@type":"Person","@id":"https:\/\/www.btv.md\/#\/schema\/person\/8fadce81561b3ce2c34c46dadc4ccbf2","name":"admin"}]}},"_links":{"self":[{"href":"https:\/\/www.btv.md\/ro\/wp-json\/wp\/v2\/posts\/41087","targetHints":{"allow":["GET"]}}],"collection":[{"href":"https:\/\/www.btv.md\/ro\/wp-json\/wp\/v2\/posts"}],"about":[{"href":"https:\/\/www.btv.md\/ro\/wp-json\/wp\/v2\/types\/post"}],"author":[{"embeddable":true,"href":"https:\/\/www.btv.md\/ro\/wp-json\/wp\/v2\/users\/4"}],"replies":[{"embeddable":true,"href":"https:\/\/www.btv.md\/ro\/wp-json\/wp\/v2\/comments?post=41087"}],"version-history":[{"count":0,"href":"https:\/\/www.btv.md\/ro\/wp-json\/wp\/v2\/posts\/41087\/revisions"}],"wp:featuredmedia":[{"embeddable":true,"href":"https:\/\/www.btv.md\/ro\/wp-json\/wp\/v2\/media\/41088"}],"wp:attachment":[{"href":"https:\/\/www.btv.md\/ro\/wp-json\/wp\/v2\/media?parent=41087"}],"wp:term":[{"taxonomy":"category","embeddable":true,"href":"https:\/\/www.btv.md\/ro\/wp-json\/wp\/v2\/categories?post=41087"},{"taxonomy":"post_tag","embeddable":true,"href":"https:\/\/www.btv.md\/ro\/wp-json\/wp\/v2\/tags?post=41087"}],"curies":[{"name":"wp","href":"https:\/\/api.w.org\/{rel}","templated":true}]}}