{"id":41145,"date":"2018-02-19T21:36:29","date_gmt":"2018-02-19T18:36:29","guid":{"rendered":"https:\/\/btv.md\/?p=41145"},"modified":"2018-02-19T21:38:17","modified_gmt":"2018-02-19T18:38:17","slug":"al-saptelea-turist-blocat-in-muntii-bucegi-a-fost-salvat-barbatul-a-stat-aproape-12-ore-in-frig","status":"publish","type":"post","link":"https:\/\/www.btv.md\/ro\/al-saptelea-turist-blocat-in-muntii-bucegi-a-fost-salvat-barbatul-a-stat-aproape-12-ore-in-frig\/","title":{"rendered":"Al \u0219aptelea turist blocat \u00een mun\u0163ii bucegi a fost salvat. B\u0103rbatul a stat aproape 12 ore \u00een frig"},"content":{"rendered":"<p style=\"text-align: center;\"><iframe data-src=\"https:\/\/www.youtube.com\/embed\/sXfQ3mgHl60\" width=\"854\" height=\"480\" frameborder=\"0\" allowfullscreen=\"allowfullscreen\" src=\"data:image\/svg+xml;base64,PHN2ZyB3aWR0aD0iMSIgaGVpZ2h0PSIxIiB4bWxucz0iaHR0cDovL3d3dy53My5vcmcvMjAwMC9zdmciPjwvc3ZnPg==\" class=\"lazyload\" data-load-mode=\"1\"><\/iframe><\/p>\n<h4>Jandarmii montani din Sinaia (Rom\u00e2nia) au reu\u015fit s\u0103-l recupereze \u015fi pe cel de-al \u015faptelea turist blocat \u00een Mun\u0163ii Bucegi, dup\u0103 o interven\u0163ie de \u015fase ore. \u015eapte turi\u015fti au fost salva\u0163i \u00een total, dup\u0103 ce au schiat pe un traseu nemarcat \u015fi au r\u0103mas bloca\u0163i pe Valea Pele\u015fului.<\/h4>\n<p>Potrivit Jandarmeriei Prahova, cel de-al \u015faptelea turist este cel care a alertat primul apel serviciile de interven\u0163ie, dup\u0103 ce a r\u0103mas blocat pe un traseu neschiabil, \u00eentre Cota 2000-Cota 1500, \u00een zona Canionului Pele\u015fului din Mun\u0163ii Bucegi.<\/p>\n<p>Acesta a cobor\u00e2t pe un traseu nemarcat \u015fi a r\u0103mas blocat din cauza z\u0103pezii mari \u015fi a ce\u0163ii. Ulterior, pe acela\u015fi traseu au r\u0103mas bloca\u0163i al\u0163i \u015fase schiori.<\/p>\n<p>\u201dNu aveau ce c\u0103uta pe acolo. Nu este traseu pentru schiori. Au r\u0103mas bloca\u0163i din cauza z\u0103pezii mari, a ce\u0163ii \u015fi a terenului st\u00e2ncos\u201d, a declarat \u015feful Jandarmeriei Prahova, Liviu Coman.<\/p>\n<p>Jandarmii au avut \u015fi ei probleme din cauza z\u0103pezii, patru dintre ei reu\u015find s\u0103 ajung\u0103 p\u00e2n\u0103 la aproximativ 250 -300 de metri de locul semnalat de turi\u015fti, \u00eens\u0103 nu au mai putut \u00eenainta. Duminic\u0103, 18 februarie, seara, \u015fase dintre turi\u015ftii bloca\u0163i pe Valea Pele\u015fului au fost recupera\u0163i, iar cel de-al \u015faptelea, un b\u0103rbat din Bucure\u015fti, dup\u0103 o interven\u0163ie de \u015fase ore.<\/p>\n<p>&nbsp;<\/p>\n<p>Surs\u0103: <a href=\"http:\/\/www.mediafax.ro\/social\/cel-de-al-saptelea-turist-blocat-in-muntii-bucegi-recuperat-dupa-o-interventie-de-sase-ore-nu-aveau-ce-cauta-pe-acolo-nu-este-traseu-pentru-schiori-17008865\">mediafax.ro<\/a><\/p>\n","protected":false},"excerpt":{"rendered":"<p>Jandarmii montani din Sinaia (Rom\u00e2nia) au reu\u015fit s\u0103-l recupereze \u015fi pe cel de-al \u015faptelea turist blocat \u00een Mun\u0163ii Bucegi, dup\u0103 o interven\u0163ie de \u015fase ore. \u015eapte turi\u015fti au fost salva\u0163i \u00een total, dup\u0103 ce au schiat pe un traseu nemarcat \u015fi au r\u0103mas bloca\u0163i pe Valea Pele\u015fului. Potrivit Jandarmeriei Prahova, cel de-al \u015faptelea turist este [&hellip;]<\/p>\n","protected":false},"author":4,"featured_media":41147,"comment_status":"closed","ping_status":"closed","sticky":false,"template":"","format":"standard","meta":{"footnotes":""},"categories":[6354,6351],"tags":[],"class_list":["post-41145","post","type-post","status-publish","format-standard","has-post-thumbnail","hentry","category-externe-ro","category-incidente"],"yoast_head":"<!-- This site is optimized with the Yoast SEO plugin v27.4 - https:\/\/yoast.com\/product\/yoast-seo-wordpress\/ -->\n<title>Al \u0219aptelea turist blocat \u00een mun\u0163ii bucegi a fost salvat. B\u0103rbatul a stat aproape 12 ore \u00een frig<\/title>\n<meta name=\"description\" content=\"Jandarmii montani din Sinaia (Rom\u00e2nia) au reu\u015fit s\u0103-l recupereze \u015fi pe cel de-al \u015faptelea turist blocat \u00een Mun\u0163ii Bucegi, dup\u0103 o interven\u0163ie de \u015fase ore. \u015eapte turi\u015fti au fost salva\u0163i \u00een total, dup\u0103 ce au schiat pe un traseu nemarcat \u015fi au r\u0103mas bloca\u0163i pe Valea Pele\u015fului.\" \/>\n<meta name=\"robots\" content=\"index, follow, max-snippet:-1, max-image-preview:large, max-video-preview:-1\" \/>\n<link rel=\"canonical\" href=\"https:\/\/www.btv.md\/ro\/al-saptelea-turist-blocat-in-muntii-bucegi-a-fost-salvat-barbatul-a-stat-aproape-12-ore-in-frig\/\" \/>\n<meta property=\"og:locale\" content=\"ro_RO\" \/>\n<meta property=\"og:type\" content=\"article\" \/>\n<meta property=\"og:title\" content=\"Al \u0219aptelea turist blocat \u00een mun\u0163ii bucegi a fost salvat. B\u0103rbatul a stat aproape 12 ore \u00een frig\" \/>\n<meta property=\"og:description\" content=\"Jandarmii montani din Sinaia (Rom\u00e2nia) au reu\u015fit s\u0103-l recupereze \u015fi pe cel de-al \u015faptelea turist blocat \u00een Mun\u0163ii Bucegi, dup\u0103 o interven\u0163ie de \u015fase ore. \u015eapte turi\u015fti au fost salva\u0163i \u00een total, dup\u0103 ce au schiat pe un traseu nemarcat \u015fi au r\u0103mas bloca\u0163i pe Valea Pele\u015fului.\" \/>\n<meta property=\"og:url\" content=\"https:\/\/www.btv.md\/ro\/al-saptelea-turist-blocat-in-muntii-bucegi-a-fost-salvat-barbatul-a-stat-aproape-12-ore-in-frig\/\" \/>\n<meta property=\"og:site_name\" content=\"BTV\" \/>\n<meta property=\"article:publisher\" content=\"https:\/\/www.facebook.com\/btvmoldova\/\" \/>\n<meta property=\"article:published_time\" content=\"2018-02-19T18:36:29+00:00\" \/>\n<meta property=\"article:modified_time\" content=\"2018-02-19T18:38:17+00:00\" \/>\n<meta property=\"og:image\" content=\"https:\/\/www.btv.md\/wp-content\/uploads\/2018\/02\/turisti.jpg\" \/>\n\t<meta property=\"og:image:width\" content=\"700\" \/>\n\t<meta property=\"og:image:height\" content=\"500\" \/>\n\t<meta property=\"og:image:type\" content=\"image\/jpeg\" \/>\n<meta name=\"author\" content=\"admin\" \/>\n<meta name=\"twitter:label1\" content=\"Scris de\" \/>\n\t<meta name=\"twitter:data1\" content=\"admin\" \/>\n\t<meta name=\"twitter:label2\" content=\"Timp estimat pentru citire\" \/>\n\t<meta name=\"twitter:data2\" content=\"1 minut\" \/>\n<script type=\"application\/ld+json\" class=\"yoast-schema-graph\">{\"@context\":\"https:\\\/\\\/schema.org\",\"@graph\":[{\"@type\":\"Article\",\"@id\":\"https:\\\/\\\/www.btv.md\\\/ro\\\/al-saptelea-turist-blocat-in-muntii-bucegi-a-fost-salvat-barbatul-a-stat-aproape-12-ore-in-frig\\\/#article\",\"isPartOf\":{\"@id\":\"https:\\\/\\\/www.btv.md\\\/ro\\\/al-saptelea-turist-blocat-in-muntii-bucegi-a-fost-salvat-barbatul-a-stat-aproape-12-ore-in-frig\\\/\"},\"author\":{\"name\":\"admin\",\"@id\":\"https:\\\/\\\/www.btv.md\\\/#\\\/schema\\\/person\\\/8fadce81561b3ce2c34c46dadc4ccbf2\"},\"headline\":\"Al \u0219aptelea turist blocat \u00een mun\u0163ii bucegi a fost salvat. B\u0103rbatul a stat aproape 12 ore \u00een frig\",\"datePublished\":\"2018-02-19T18:36:29+00:00\",\"dateModified\":\"2018-02-19T18:38:17+00:00\",\"mainEntityOfPage\":{\"@id\":\"https:\\\/\\\/www.btv.md\\\/ro\\\/al-saptelea-turist-blocat-in-muntii-bucegi-a-fost-salvat-barbatul-a-stat-aproape-12-ore-in-frig\\\/\"},\"wordCount\":263,\"image\":{\"@id\":\"https:\\\/\\\/www.btv.md\\\/ro\\\/al-saptelea-turist-blocat-in-muntii-bucegi-a-fost-salvat-barbatul-a-stat-aproape-12-ore-in-frig\\\/#primaryimage\"},\"thumbnailUrl\":\"https:\\\/\\\/www.btv.md\\\/wp-content\\\/uploads\\\/2018\\\/02\\\/turisti.jpg\",\"articleSection\":[\"Externe\",\"Incidente\"],\"inLanguage\":\"ro-RO\"},{\"@type\":\"WebPage\",\"@id\":\"https:\\\/\\\/www.btv.md\\\/ro\\\/al-saptelea-turist-blocat-in-muntii-bucegi-a-fost-salvat-barbatul-a-stat-aproape-12-ore-in-frig\\\/\",\"url\":\"https:\\\/\\\/www.btv.md\\\/ro\\\/al-saptelea-turist-blocat-in-muntii-bucegi-a-fost-salvat-barbatul-a-stat-aproape-12-ore-in-frig\\\/\",\"name\":\"Al \u0219aptelea turist blocat \u00een mun\u0163ii bucegi a fost salvat. B\u0103rbatul a stat aproape 12 ore \u00een frig\",\"isPartOf\":{\"@id\":\"https:\\\/\\\/www.btv.md\\\/#website\"},\"primaryImageOfPage\":{\"@id\":\"https:\\\/\\\/www.btv.md\\\/ro\\\/al-saptelea-turist-blocat-in-muntii-bucegi-a-fost-salvat-barbatul-a-stat-aproape-12-ore-in-frig\\\/#primaryimage\"},\"image\":{\"@id\":\"https:\\\/\\\/www.btv.md\\\/ro\\\/al-saptelea-turist-blocat-in-muntii-bucegi-a-fost-salvat-barbatul-a-stat-aproape-12-ore-in-frig\\\/#primaryimage\"},\"thumbnailUrl\":\"https:\\\/\\\/www.btv.md\\\/wp-content\\\/uploads\\\/2018\\\/02\\\/turisti.jpg\",\"datePublished\":\"2018-02-19T18:36:29+00:00\",\"dateModified\":\"2018-02-19T18:38:17+00:00\",\"author\":{\"@id\":\"https:\\\/\\\/www.btv.md\\\/#\\\/schema\\\/person\\\/8fadce81561b3ce2c34c46dadc4ccbf2\"},\"description\":\"Jandarmii montani din Sinaia (Rom\u00e2nia) au reu\u015fit s\u0103-l recupereze \u015fi pe cel de-al \u015faptelea turist blocat \u00een Mun\u0163ii Bucegi, dup\u0103 o interven\u0163ie de \u015fase ore. \u015eapte turi\u015fti au fost salva\u0163i \u00een total, dup\u0103 ce au schiat pe un traseu nemarcat \u015fi au r\u0103mas bloca\u0163i pe Valea Pele\u015fului.\",\"inLanguage\":\"ro-RO\",\"potentialAction\":[{\"@type\":\"ReadAction\",\"target\":[\"https:\\\/\\\/www.btv.md\\\/ro\\\/al-saptelea-turist-blocat-in-muntii-bucegi-a-fost-salvat-barbatul-a-stat-aproape-12-ore-in-frig\\\/\"]}]},{\"@type\":\"ImageObject\",\"inLanguage\":\"ro-RO\",\"@id\":\"https:\\\/\\\/www.btv.md\\\/ro\\\/al-saptelea-turist-blocat-in-muntii-bucegi-a-fost-salvat-barbatul-a-stat-aproape-12-ore-in-frig\\\/#primaryimage\",\"url\":\"https:\\\/\\\/www.btv.md\\\/wp-content\\\/uploads\\\/2018\\\/02\\\/turisti.jpg\",\"contentUrl\":\"https:\\\/\\\/www.btv.md\\\/wp-content\\\/uploads\\\/2018\\\/02\\\/turisti.jpg\",\"width\":700,\"height\":500},{\"@type\":\"WebSite\",\"@id\":\"https:\\\/\\\/www.btv.md\\\/#website\",\"url\":\"https:\\\/\\\/www.btv.md\\\/\",\"name\":\"BTV\",\"description\":\"\u0411\u0435\u043b\u044c\u0446\u043a\u043e\u0435 \u0442\u0435\u043b\u0435\u0432\u0438\u0434\u0435\u043d\u0438\u0435\",\"potentialAction\":[{\"@type\":\"SearchAction\",\"target\":{\"@type\":\"EntryPoint\",\"urlTemplate\":\"https:\\\/\\\/www.btv.md\\\/?s={search_term_string}\"},\"query-input\":{\"@type\":\"PropertyValueSpecification\",\"valueRequired\":true,\"valueName\":\"search_term_string\"}}],\"inLanguage\":\"ro-RO\"},{\"@type\":\"Person\",\"@id\":\"https:\\\/\\\/www.btv.md\\\/#\\\/schema\\\/person\\\/8fadce81561b3ce2c34c46dadc4ccbf2\",\"name\":\"admin\"}]}<\/script>\n<!-- \/ Yoast SEO plugin. -->","yoast_head_json":{"title":"Al \u0219aptelea turist blocat \u00een mun\u0163ii bucegi a fost salvat. B\u0103rbatul a stat aproape 12 ore \u00een frig","description":"Jandarmii montani din Sinaia (Rom\u00e2nia) au reu\u015fit s\u0103-l recupereze \u015fi pe cel de-al \u015faptelea turist blocat \u00een Mun\u0163ii Bucegi, dup\u0103 o interven\u0163ie de \u015fase ore. \u015eapte turi\u015fti au fost salva\u0163i \u00een total, dup\u0103 ce au schiat pe un traseu nemarcat \u015fi au r\u0103mas bloca\u0163i pe Valea Pele\u015fului.","robots":{"index":"index","follow":"follow","max-snippet":"max-snippet:-1","max-image-preview":"max-image-preview:large","max-video-preview":"max-video-preview:-1"},"canonical":"https:\/\/www.btv.md\/ro\/al-saptelea-turist-blocat-in-muntii-bucegi-a-fost-salvat-barbatul-a-stat-aproape-12-ore-in-frig\/","og_locale":"ro_RO","og_type":"article","og_title":"Al \u0219aptelea turist blocat \u00een mun\u0163ii bucegi a fost salvat. B\u0103rbatul a stat aproape 12 ore \u00een frig","og_description":"Jandarmii montani din Sinaia (Rom\u00e2nia) au reu\u015fit s\u0103-l recupereze \u015fi pe cel de-al \u015faptelea turist blocat \u00een Mun\u0163ii Bucegi, dup\u0103 o interven\u0163ie de \u015fase ore. \u015eapte turi\u015fti au fost salva\u0163i \u00een total, dup\u0103 ce au schiat pe un traseu nemarcat \u015fi au r\u0103mas bloca\u0163i pe Valea Pele\u015fului.","og_url":"https:\/\/www.btv.md\/ro\/al-saptelea-turist-blocat-in-muntii-bucegi-a-fost-salvat-barbatul-a-stat-aproape-12-ore-in-frig\/","og_site_name":"BTV","article_publisher":"https:\/\/www.facebook.com\/btvmoldova\/","article_published_time":"2018-02-19T18:36:29+00:00","article_modified_time":"2018-02-19T18:38:17+00:00","og_image":[{"width":700,"height":500,"url":"https:\/\/www.btv.md\/wp-content\/uploads\/2018\/02\/turisti.jpg","type":"image\/jpeg"}],"author":"admin","twitter_misc":{"Scris de":"admin","Timp estimat pentru citire":"1 minut"},"schema":{"@context":"https:\/\/schema.org","@graph":[{"@type":"Article","@id":"https:\/\/www.btv.md\/ro\/al-saptelea-turist-blocat-in-muntii-bucegi-a-fost-salvat-barbatul-a-stat-aproape-12-ore-in-frig\/#article","isPartOf":{"@id":"https:\/\/www.btv.md\/ro\/al-saptelea-turist-blocat-in-muntii-bucegi-a-fost-salvat-barbatul-a-stat-aproape-12-ore-in-frig\/"},"author":{"name":"admin","@id":"https:\/\/www.btv.md\/#\/schema\/person\/8fadce81561b3ce2c34c46dadc4ccbf2"},"headline":"Al \u0219aptelea turist blocat \u00een mun\u0163ii bucegi a fost salvat. B\u0103rbatul a stat aproape 12 ore \u00een frig","datePublished":"2018-02-19T18:36:29+00:00","dateModified":"2018-02-19T18:38:17+00:00","mainEntityOfPage":{"@id":"https:\/\/www.btv.md\/ro\/al-saptelea-turist-blocat-in-muntii-bucegi-a-fost-salvat-barbatul-a-stat-aproape-12-ore-in-frig\/"},"wordCount":263,"image":{"@id":"https:\/\/www.btv.md\/ro\/al-saptelea-turist-blocat-in-muntii-bucegi-a-fost-salvat-barbatul-a-stat-aproape-12-ore-in-frig\/#primaryimage"},"thumbnailUrl":"https:\/\/www.btv.md\/wp-content\/uploads\/2018\/02\/turisti.jpg","articleSection":["Externe","Incidente"],"inLanguage":"ro-RO"},{"@type":"WebPage","@id":"https:\/\/www.btv.md\/ro\/al-saptelea-turist-blocat-in-muntii-bucegi-a-fost-salvat-barbatul-a-stat-aproape-12-ore-in-frig\/","url":"https:\/\/www.btv.md\/ro\/al-saptelea-turist-blocat-in-muntii-bucegi-a-fost-salvat-barbatul-a-stat-aproape-12-ore-in-frig\/","name":"Al \u0219aptelea turist blocat \u00een mun\u0163ii bucegi a fost salvat. B\u0103rbatul a stat aproape 12 ore \u00een frig","isPartOf":{"@id":"https:\/\/www.btv.md\/#website"},"primaryImageOfPage":{"@id":"https:\/\/www.btv.md\/ro\/al-saptelea-turist-blocat-in-muntii-bucegi-a-fost-salvat-barbatul-a-stat-aproape-12-ore-in-frig\/#primaryimage"},"image":{"@id":"https:\/\/www.btv.md\/ro\/al-saptelea-turist-blocat-in-muntii-bucegi-a-fost-salvat-barbatul-a-stat-aproape-12-ore-in-frig\/#primaryimage"},"thumbnailUrl":"https:\/\/www.btv.md\/wp-content\/uploads\/2018\/02\/turisti.jpg","datePublished":"2018-02-19T18:36:29+00:00","dateModified":"2018-02-19T18:38:17+00:00","author":{"@id":"https:\/\/www.btv.md\/#\/schema\/person\/8fadce81561b3ce2c34c46dadc4ccbf2"},"description":"Jandarmii montani din Sinaia (Rom\u00e2nia) au reu\u015fit s\u0103-l recupereze \u015fi pe cel de-al \u015faptelea turist blocat \u00een Mun\u0163ii Bucegi, dup\u0103 o interven\u0163ie de \u015fase ore. \u015eapte turi\u015fti au fost salva\u0163i \u00een total, dup\u0103 ce au schiat pe un traseu nemarcat \u015fi au r\u0103mas bloca\u0163i pe Valea Pele\u015fului.","inLanguage":"ro-RO","potentialAction":[{"@type":"ReadAction","target":["https:\/\/www.btv.md\/ro\/al-saptelea-turist-blocat-in-muntii-bucegi-a-fost-salvat-barbatul-a-stat-aproape-12-ore-in-frig\/"]}]},{"@type":"ImageObject","inLanguage":"ro-RO","@id":"https:\/\/www.btv.md\/ro\/al-saptelea-turist-blocat-in-muntii-bucegi-a-fost-salvat-barbatul-a-stat-aproape-12-ore-in-frig\/#primaryimage","url":"https:\/\/www.btv.md\/wp-content\/uploads\/2018\/02\/turisti.jpg","contentUrl":"https:\/\/www.btv.md\/wp-content\/uploads\/2018\/02\/turisti.jpg","width":700,"height":500},{"@type":"WebSite","@id":"https:\/\/www.btv.md\/#website","url":"https:\/\/www.btv.md\/","name":"BTV","description":"\u0411\u0435\u043b\u044c\u0446\u043a\u043e\u0435 \u0442\u0435\u043b\u0435\u0432\u0438\u0434\u0435\u043d\u0438\u0435","potentialAction":[{"@type":"SearchAction","target":{"@type":"EntryPoint","urlTemplate":"https:\/\/www.btv.md\/?s={search_term_string}"},"query-input":{"@type":"PropertyValueSpecification","valueRequired":true,"valueName":"search_term_string"}}],"inLanguage":"ro-RO"},{"@type":"Person","@id":"https:\/\/www.btv.md\/#\/schema\/person\/8fadce81561b3ce2c34c46dadc4ccbf2","name":"admin"}]}},"_links":{"self":[{"href":"https:\/\/www.btv.md\/ro\/wp-json\/wp\/v2\/posts\/41145","targetHints":{"allow":["GET"]}}],"collection":[{"href":"https:\/\/www.btv.md\/ro\/wp-json\/wp\/v2\/posts"}],"about":[{"href":"https:\/\/www.btv.md\/ro\/wp-json\/wp\/v2\/types\/post"}],"author":[{"embeddable":true,"href":"https:\/\/www.btv.md\/ro\/wp-json\/wp\/v2\/users\/4"}],"replies":[{"embeddable":true,"href":"https:\/\/www.btv.md\/ro\/wp-json\/wp\/v2\/comments?post=41145"}],"version-history":[{"count":0,"href":"https:\/\/www.btv.md\/ro\/wp-json\/wp\/v2\/posts\/41145\/revisions"}],"wp:featuredmedia":[{"embeddable":true,"href":"https:\/\/www.btv.md\/ro\/wp-json\/wp\/v2\/media\/41147"}],"wp:attachment":[{"href":"https:\/\/www.btv.md\/ro\/wp-json\/wp\/v2\/media?parent=41145"}],"wp:term":[{"taxonomy":"category","embeddable":true,"href":"https:\/\/www.btv.md\/ro\/wp-json\/wp\/v2\/categories?post=41145"},{"taxonomy":"post_tag","embeddable":true,"href":"https:\/\/www.btv.md\/ro\/wp-json\/wp\/v2\/tags?post=41145"}],"curies":[{"name":"wp","href":"https:\/\/api.w.org\/{rel}","templated":true}]}}