{"id":41160,"date":"2018-02-19T22:07:19","date_gmt":"2018-02-19T19:07:19","guid":{"rendered":"https:\/\/btv.md\/?p=41160"},"modified":"2018-02-19T22:07:19","modified_gmt":"2018-02-19T19:07:19","slug":"marmura-de-pe-taj-mahal-a-inceput-sa-se-decolorize","status":"publish","type":"post","link":"https:\/\/www.btv.md\/ro\/marmura-de-pe-taj-mahal-a-inceput-sa-se-decolorize\/","title":{"rendered":"Marmura de pe Taj Mahal a \u00eenceput s\u0103 se decolorize"},"content":{"rendered":"<p style=\"text-align: center;\"><iframe data-src=\"https:\/\/www.youtube.com\/embed\/JV9M49LRMjk\" width=\"854\" height=\"480\" frameborder=\"0\" allowfullscreen=\"allowfullscreen\" src=\"data:image\/svg+xml;base64,PHN2ZyB3aWR0aD0iMSIgaGVpZ2h0PSIxIiB4bWxucz0iaHR0cDovL3d3dy53My5vcmcvMjAwMC9zdmciPjwvc3ZnPg==\" class=\"lazyload\" data-load-mode=\"1\"><\/iframe><\/p>\n<h4>Una dintre cele mai faimoase cl\u0103diri din lume a \u00eenceput s\u0103 se \u00eeng\u0103lbeneasc\u0103 din cauza polu\u0103rii. Marmura de pe Taj Mahal a \u00eenceput s\u0103 se decoloreze din cauza smogului ce provine de la fabricile din preajm\u0103, scrie <a href=\"http:\/\/www.descopera.ro\/dnews\/16984323-una-dintre-cele-mai-iconice-cladiri-din-lume-a-inceput-sa-se-ingalbeneasca-din-cauza-poluarii\">descopera.ro<\/a>.<\/h4>\n<p>Curtea Suprem\u0103 din India a cerut recent un plan detaliat pentru protejarea cl\u0103dirii istorice. Conform Mail Online, \u00een anii trecu\u0163i au fost efectuate mai multe interven\u0163ii pentru \u00eenl\u0103turarea petelor de pe structur\u0103.<\/p>\n<p>De asemenea, Curtea Suprem\u0103 \u015fi-a exprimat \u00eengrijor\u0103rile cu privire la \u201eintensificarea activit\u0103\u0163ilor\u201d din jurul monumentului. \u201eFabrici de piele \u015fi hoteluri sunt construite \u00een zon\u0103. De ce?\u201d, a \u00eentrebat instan\u0163a. Guvernul a notificat instan\u0163a cu privire la num\u0103rul de arbori planta\u0163i \u00een zon\u0103 \u00eenainte ca zonele de verdea\u0163\u0103 s\u0103 fie distruse pentru construirea fabricilor \u015fi hotelurilor.<\/p>\n<p>Taj Mahal a fost construit de \u00eemp\u0103ratul Shah Jahan sub forma unui morm\u00e2nt pentru iubita sa so\u0163ie Mumtaz Mahal, care a decedat \u00een timp ce n\u0103\u015ftea, \u00een 1613. De atunci, lideri \u015fi celebrit\u0103\u0163i precum prin\u0163esa Diana s-au fotografiat \u00een fa\u0163a cl\u0103dirii. \u00cen 2016, aproximativ 6,5 milioane de persoane au vizitat monumentul. Dar recent guvernul a anun\u0163at limtarea num\u0103rului de vizitatori pentru protejarea cl\u0103dirii.<\/p>\n","protected":false},"excerpt":{"rendered":"<p>Una dintre cele mai faimoase cl\u0103diri din lume a \u00eenceput s\u0103 se \u00eeng\u0103lbeneasc\u0103 din cauza polu\u0103rii. Marmura de pe Taj Mahal a \u00eenceput s\u0103 se decoloreze din cauza smogului ce provine de la fabricile din preajm\u0103, scrie descopera.ro. Curtea Suprem\u0103 din India a cerut recent un plan detaliat pentru protejarea cl\u0103dirii istorice. Conform Mail Online, [&hellip;]<\/p>\n","protected":false},"author":4,"featured_media":41161,"comment_status":"closed","ping_status":"closed","sticky":false,"template":"","format":"standard","meta":{"footnotes":""},"categories":[6354],"tags":[],"class_list":["post-41160","post","type-post","status-publish","format-standard","has-post-thumbnail","hentry","category-externe-ro"],"yoast_head":"<!-- This site is optimized with the Yoast SEO plugin v27.4 - https:\/\/yoast.com\/product\/yoast-seo-wordpress\/ -->\n<title>Marmura de pe Taj Mahal a \u00eenceput s\u0103 se decolorize<\/title>\n<meta name=\"description\" content=\"Una dintre cele mai faimoase cl\u0103diri din lume a \u00eenceput s\u0103 se \u00eeng\u0103lbeneasc\u0103 din cauza polu\u0103rii. Marmura de pe Taj Mahal a \u00eenceput s\u0103 se decoloreze din cauza smogului ce provine de la fabricile din preajm\u0103, scrie descopera.ro.\" \/>\n<meta name=\"robots\" content=\"index, follow, max-snippet:-1, max-image-preview:large, max-video-preview:-1\" \/>\n<link rel=\"canonical\" href=\"https:\/\/www.btv.md\/ro\/marmura-de-pe-taj-mahal-a-inceput-sa-se-decolorize\/\" \/>\n<meta property=\"og:locale\" content=\"ro_RO\" \/>\n<meta property=\"og:type\" content=\"article\" \/>\n<meta property=\"og:title\" content=\"Marmura de pe Taj Mahal a \u00eenceput s\u0103 se decolorize\" \/>\n<meta property=\"og:description\" content=\"Una dintre cele mai faimoase cl\u0103diri din lume a \u00eenceput s\u0103 se \u00eeng\u0103lbeneasc\u0103 din cauza polu\u0103rii. Marmura de pe Taj Mahal a \u00eenceput s\u0103 se decoloreze din cauza smogului ce provine de la fabricile din preajm\u0103, scrie descopera.ro.\" \/>\n<meta property=\"og:url\" content=\"https:\/\/www.btv.md\/ro\/marmura-de-pe-taj-mahal-a-inceput-sa-se-decolorize\/\" \/>\n<meta property=\"og:site_name\" content=\"BTV\" \/>\n<meta property=\"article:publisher\" content=\"https:\/\/www.facebook.com\/btvmoldova\/\" \/>\n<meta property=\"article:published_time\" content=\"2018-02-19T19:07:19+00:00\" \/>\n<meta property=\"og:image\" content=\"https:\/\/www.btv.md\/wp-content\/uploads\/2018\/02\/taj_mahal.jpg\" \/>\n\t<meta property=\"og:image:width\" content=\"700\" \/>\n\t<meta property=\"og:image:height\" content=\"500\" \/>\n\t<meta property=\"og:image:type\" content=\"image\/jpeg\" \/>\n<meta name=\"author\" content=\"admin\" \/>\n<meta name=\"twitter:label1\" content=\"Scris de\" \/>\n\t<meta name=\"twitter:data1\" content=\"admin\" \/>\n\t<meta name=\"twitter:label2\" content=\"Timp estimat pentru citire\" \/>\n\t<meta name=\"twitter:data2\" content=\"1 minut\" \/>\n<script type=\"application\/ld+json\" class=\"yoast-schema-graph\">{\"@context\":\"https:\\\/\\\/schema.org\",\"@graph\":[{\"@type\":\"Article\",\"@id\":\"https:\\\/\\\/www.btv.md\\\/ro\\\/marmura-de-pe-taj-mahal-a-inceput-sa-se-decolorize\\\/#article\",\"isPartOf\":{\"@id\":\"https:\\\/\\\/www.btv.md\\\/ro\\\/marmura-de-pe-taj-mahal-a-inceput-sa-se-decolorize\\\/\"},\"author\":{\"name\":\"admin\",\"@id\":\"https:\\\/\\\/www.btv.md\\\/#\\\/schema\\\/person\\\/8fadce81561b3ce2c34c46dadc4ccbf2\"},\"headline\":\"Marmura de pe Taj Mahal a \u00eenceput s\u0103 se decolorize\",\"datePublished\":\"2018-02-19T19:07:19+00:00\",\"mainEntityOfPage\":{\"@id\":\"https:\\\/\\\/www.btv.md\\\/ro\\\/marmura-de-pe-taj-mahal-a-inceput-sa-se-decolorize\\\/\"},\"wordCount\":220,\"image\":{\"@id\":\"https:\\\/\\\/www.btv.md\\\/ro\\\/marmura-de-pe-taj-mahal-a-inceput-sa-se-decolorize\\\/#primaryimage\"},\"thumbnailUrl\":\"https:\\\/\\\/www.btv.md\\\/wp-content\\\/uploads\\\/2018\\\/02\\\/taj_mahal.jpg\",\"articleSection\":[\"Externe\"],\"inLanguage\":\"ro-RO\"},{\"@type\":\"WebPage\",\"@id\":\"https:\\\/\\\/www.btv.md\\\/ro\\\/marmura-de-pe-taj-mahal-a-inceput-sa-se-decolorize\\\/\",\"url\":\"https:\\\/\\\/www.btv.md\\\/ro\\\/marmura-de-pe-taj-mahal-a-inceput-sa-se-decolorize\\\/\",\"name\":\"Marmura de pe Taj Mahal a \u00eenceput s\u0103 se decolorize\",\"isPartOf\":{\"@id\":\"https:\\\/\\\/www.btv.md\\\/#website\"},\"primaryImageOfPage\":{\"@id\":\"https:\\\/\\\/www.btv.md\\\/ro\\\/marmura-de-pe-taj-mahal-a-inceput-sa-se-decolorize\\\/#primaryimage\"},\"image\":{\"@id\":\"https:\\\/\\\/www.btv.md\\\/ro\\\/marmura-de-pe-taj-mahal-a-inceput-sa-se-decolorize\\\/#primaryimage\"},\"thumbnailUrl\":\"https:\\\/\\\/www.btv.md\\\/wp-content\\\/uploads\\\/2018\\\/02\\\/taj_mahal.jpg\",\"datePublished\":\"2018-02-19T19:07:19+00:00\",\"author\":{\"@id\":\"https:\\\/\\\/www.btv.md\\\/#\\\/schema\\\/person\\\/8fadce81561b3ce2c34c46dadc4ccbf2\"},\"description\":\"Una dintre cele mai faimoase cl\u0103diri din lume a \u00eenceput s\u0103 se \u00eeng\u0103lbeneasc\u0103 din cauza polu\u0103rii. Marmura de pe Taj Mahal a \u00eenceput s\u0103 se decoloreze din cauza smogului ce provine de la fabricile din preajm\u0103, scrie descopera.ro.\",\"inLanguage\":\"ro-RO\",\"potentialAction\":[{\"@type\":\"ReadAction\",\"target\":[\"https:\\\/\\\/www.btv.md\\\/ro\\\/marmura-de-pe-taj-mahal-a-inceput-sa-se-decolorize\\\/\"]}]},{\"@type\":\"ImageObject\",\"inLanguage\":\"ro-RO\",\"@id\":\"https:\\\/\\\/www.btv.md\\\/ro\\\/marmura-de-pe-taj-mahal-a-inceput-sa-se-decolorize\\\/#primaryimage\",\"url\":\"https:\\\/\\\/www.btv.md\\\/wp-content\\\/uploads\\\/2018\\\/02\\\/taj_mahal.jpg\",\"contentUrl\":\"https:\\\/\\\/www.btv.md\\\/wp-content\\\/uploads\\\/2018\\\/02\\\/taj_mahal.jpg\",\"width\":700,\"height\":500},{\"@type\":\"WebSite\",\"@id\":\"https:\\\/\\\/www.btv.md\\\/#website\",\"url\":\"https:\\\/\\\/www.btv.md\\\/\",\"name\":\"BTV\",\"description\":\"\u0411\u0435\u043b\u044c\u0446\u043a\u043e\u0435 \u0442\u0435\u043b\u0435\u0432\u0438\u0434\u0435\u043d\u0438\u0435\",\"potentialAction\":[{\"@type\":\"SearchAction\",\"target\":{\"@type\":\"EntryPoint\",\"urlTemplate\":\"https:\\\/\\\/www.btv.md\\\/?s={search_term_string}\"},\"query-input\":{\"@type\":\"PropertyValueSpecification\",\"valueRequired\":true,\"valueName\":\"search_term_string\"}}],\"inLanguage\":\"ro-RO\"},{\"@type\":\"Person\",\"@id\":\"https:\\\/\\\/www.btv.md\\\/#\\\/schema\\\/person\\\/8fadce81561b3ce2c34c46dadc4ccbf2\",\"name\":\"admin\"}]}<\/script>\n<!-- \/ Yoast SEO plugin. -->","yoast_head_json":{"title":"Marmura de pe Taj Mahal a \u00eenceput s\u0103 se decolorize","description":"Una dintre cele mai faimoase cl\u0103diri din lume a \u00eenceput s\u0103 se \u00eeng\u0103lbeneasc\u0103 din cauza polu\u0103rii. Marmura de pe Taj Mahal a \u00eenceput s\u0103 se decoloreze din cauza smogului ce provine de la fabricile din preajm\u0103, scrie descopera.ro.","robots":{"index":"index","follow":"follow","max-snippet":"max-snippet:-1","max-image-preview":"max-image-preview:large","max-video-preview":"max-video-preview:-1"},"canonical":"https:\/\/www.btv.md\/ro\/marmura-de-pe-taj-mahal-a-inceput-sa-se-decolorize\/","og_locale":"ro_RO","og_type":"article","og_title":"Marmura de pe Taj Mahal a \u00eenceput s\u0103 se decolorize","og_description":"Una dintre cele mai faimoase cl\u0103diri din lume a \u00eenceput s\u0103 se \u00eeng\u0103lbeneasc\u0103 din cauza polu\u0103rii. Marmura de pe Taj Mahal a \u00eenceput s\u0103 se decoloreze din cauza smogului ce provine de la fabricile din preajm\u0103, scrie descopera.ro.","og_url":"https:\/\/www.btv.md\/ro\/marmura-de-pe-taj-mahal-a-inceput-sa-se-decolorize\/","og_site_name":"BTV","article_publisher":"https:\/\/www.facebook.com\/btvmoldova\/","article_published_time":"2018-02-19T19:07:19+00:00","og_image":[{"width":700,"height":500,"url":"https:\/\/www.btv.md\/wp-content\/uploads\/2018\/02\/taj_mahal.jpg","type":"image\/jpeg"}],"author":"admin","twitter_misc":{"Scris de":"admin","Timp estimat pentru citire":"1 minut"},"schema":{"@context":"https:\/\/schema.org","@graph":[{"@type":"Article","@id":"https:\/\/www.btv.md\/ro\/marmura-de-pe-taj-mahal-a-inceput-sa-se-decolorize\/#article","isPartOf":{"@id":"https:\/\/www.btv.md\/ro\/marmura-de-pe-taj-mahal-a-inceput-sa-se-decolorize\/"},"author":{"name":"admin","@id":"https:\/\/www.btv.md\/#\/schema\/person\/8fadce81561b3ce2c34c46dadc4ccbf2"},"headline":"Marmura de pe Taj Mahal a \u00eenceput s\u0103 se decolorize","datePublished":"2018-02-19T19:07:19+00:00","mainEntityOfPage":{"@id":"https:\/\/www.btv.md\/ro\/marmura-de-pe-taj-mahal-a-inceput-sa-se-decolorize\/"},"wordCount":220,"image":{"@id":"https:\/\/www.btv.md\/ro\/marmura-de-pe-taj-mahal-a-inceput-sa-se-decolorize\/#primaryimage"},"thumbnailUrl":"https:\/\/www.btv.md\/wp-content\/uploads\/2018\/02\/taj_mahal.jpg","articleSection":["Externe"],"inLanguage":"ro-RO"},{"@type":"WebPage","@id":"https:\/\/www.btv.md\/ro\/marmura-de-pe-taj-mahal-a-inceput-sa-se-decolorize\/","url":"https:\/\/www.btv.md\/ro\/marmura-de-pe-taj-mahal-a-inceput-sa-se-decolorize\/","name":"Marmura de pe Taj Mahal a \u00eenceput s\u0103 se decolorize","isPartOf":{"@id":"https:\/\/www.btv.md\/#website"},"primaryImageOfPage":{"@id":"https:\/\/www.btv.md\/ro\/marmura-de-pe-taj-mahal-a-inceput-sa-se-decolorize\/#primaryimage"},"image":{"@id":"https:\/\/www.btv.md\/ro\/marmura-de-pe-taj-mahal-a-inceput-sa-se-decolorize\/#primaryimage"},"thumbnailUrl":"https:\/\/www.btv.md\/wp-content\/uploads\/2018\/02\/taj_mahal.jpg","datePublished":"2018-02-19T19:07:19+00:00","author":{"@id":"https:\/\/www.btv.md\/#\/schema\/person\/8fadce81561b3ce2c34c46dadc4ccbf2"},"description":"Una dintre cele mai faimoase cl\u0103diri din lume a \u00eenceput s\u0103 se \u00eeng\u0103lbeneasc\u0103 din cauza polu\u0103rii. Marmura de pe Taj Mahal a \u00eenceput s\u0103 se decoloreze din cauza smogului ce provine de la fabricile din preajm\u0103, scrie descopera.ro.","inLanguage":"ro-RO","potentialAction":[{"@type":"ReadAction","target":["https:\/\/www.btv.md\/ro\/marmura-de-pe-taj-mahal-a-inceput-sa-se-decolorize\/"]}]},{"@type":"ImageObject","inLanguage":"ro-RO","@id":"https:\/\/www.btv.md\/ro\/marmura-de-pe-taj-mahal-a-inceput-sa-se-decolorize\/#primaryimage","url":"https:\/\/www.btv.md\/wp-content\/uploads\/2018\/02\/taj_mahal.jpg","contentUrl":"https:\/\/www.btv.md\/wp-content\/uploads\/2018\/02\/taj_mahal.jpg","width":700,"height":500},{"@type":"WebSite","@id":"https:\/\/www.btv.md\/#website","url":"https:\/\/www.btv.md\/","name":"BTV","description":"\u0411\u0435\u043b\u044c\u0446\u043a\u043e\u0435 \u0442\u0435\u043b\u0435\u0432\u0438\u0434\u0435\u043d\u0438\u0435","potentialAction":[{"@type":"SearchAction","target":{"@type":"EntryPoint","urlTemplate":"https:\/\/www.btv.md\/?s={search_term_string}"},"query-input":{"@type":"PropertyValueSpecification","valueRequired":true,"valueName":"search_term_string"}}],"inLanguage":"ro-RO"},{"@type":"Person","@id":"https:\/\/www.btv.md\/#\/schema\/person\/8fadce81561b3ce2c34c46dadc4ccbf2","name":"admin"}]}},"_links":{"self":[{"href":"https:\/\/www.btv.md\/ro\/wp-json\/wp\/v2\/posts\/41160","targetHints":{"allow":["GET"]}}],"collection":[{"href":"https:\/\/www.btv.md\/ro\/wp-json\/wp\/v2\/posts"}],"about":[{"href":"https:\/\/www.btv.md\/ro\/wp-json\/wp\/v2\/types\/post"}],"author":[{"embeddable":true,"href":"https:\/\/www.btv.md\/ro\/wp-json\/wp\/v2\/users\/4"}],"replies":[{"embeddable":true,"href":"https:\/\/www.btv.md\/ro\/wp-json\/wp\/v2\/comments?post=41160"}],"version-history":[{"count":0,"href":"https:\/\/www.btv.md\/ro\/wp-json\/wp\/v2\/posts\/41160\/revisions"}],"wp:featuredmedia":[{"embeddable":true,"href":"https:\/\/www.btv.md\/ro\/wp-json\/wp\/v2\/media\/41161"}],"wp:attachment":[{"href":"https:\/\/www.btv.md\/ro\/wp-json\/wp\/v2\/media?parent=41160"}],"wp:term":[{"taxonomy":"category","embeddable":true,"href":"https:\/\/www.btv.md\/ro\/wp-json\/wp\/v2\/categories?post=41160"},{"taxonomy":"post_tag","embeddable":true,"href":"https:\/\/www.btv.md\/ro\/wp-json\/wp\/v2\/tags?post=41160"}],"curies":[{"name":"wp","href":"https:\/\/api.w.org\/{rel}","templated":true}]}}