{"id":41163,"date":"2018-02-19T22:12:41","date_gmt":"2018-02-19T19:12:41","guid":{"rendered":"https:\/\/btv.md\/?p=41163"},"modified":"2018-02-19T22:12:41","modified_gmt":"2018-02-19T19:12:41","slug":"aproape-900-de-locuri-vacante-la-balti","status":"publish","type":"post","link":"https:\/\/www.btv.md\/ro\/aproape-900-de-locuri-vacante-la-balti\/","title":{"rendered":"Aproape 900 de locuri vacante la B\u0103l\u021bi"},"content":{"rendered":"<p style=\"text-align: center;\"><iframe data-src=\"https:\/\/www.youtube.com\/embed\/qH-Y2Bnj77E\" width=\"854\" height=\"480\" frameborder=\"0\" allowfullscreen=\"allowfullscreen\" src=\"data:image\/svg+xml;base64,PHN2ZyB3aWR0aD0iMSIgaGVpZ2h0PSIxIiB4bWxucz0iaHR0cDovL3d3dy53My5vcmcvMjAwMC9zdmciPjwvc3ZnPg==\" class=\"lazyload\" data-load-mode=\"1\"><\/iframe><\/p>\n<h4>Agen\u0163ia Na\u021bional\u0103 pentru Ocuparea For\u0163ei de Munc\u0103 (ANOFM) \u00eempreun\u0103 cu structurile sale teritoriale au organizat \u201eZiua U\u0219ilor Deschise\u201d. \u00cen ziua de 18 februarie, serviciul public a \u00eemplinit 27 ani de la creare. Luni, b\u0103l\u021benii au avut posibilitatea s\u0103 afle mai mult despre activit\u0103\u021bile agen\u021biei \u0219i despre cele aproape 900 de locuri vacante.<\/h4>\n<blockquote>\n<p><em>\u201eLa moment, noi avem 890 de locuri de munc\u0103, deci, \u00een jur la 900 de locuri de munc\u0103, care variaz\u0103 \u00een fiecare or\u0103. La agen\u021bia B\u0103l\u021bi se \u00eenregistreaz\u0103 peste 350 de locuri de munc\u0103 pentru cus\u0103torese, apoi mergem \u00een descre\u0219tere: operatori, montatori la sec\u021bia de producere, v\u00e2nz\u0103tori, casieri, buc\u0103tari, educatori \u0219i ajutori de educatori.\u201d<\/em><\/p>\n<\/blockquote>\n<p>\u0218omerii au venit la agen\u021bie pentru a afla care sunt oportunit\u0103\u021bile de angajare.<\/p>\n<blockquote>\n<p><em>\u201eEste bine c\u0103 ne putem adresa lor dup\u0103 ajutor. Ne propun unde s\u0103 ne angaj\u0103m, \u00een func\u021bie de ce ni se potrive\u0219te.\u201d<\/em><\/p>\n<p><em>\u201eLa v\u00e2rsta de 60 de ani nu mai vor s\u0103 te ia la munc\u0103. Iat\u0103 caut, poate va fi o speran\u021b\u0103.\u201d<\/em><\/p>\n<\/blockquote>\n<p>\u00cen Republica Moldova exist\u0103 35 de agen\u021bii teritoriale pentru ocuparea for\u021bei de munc\u0103. Activit\u0103\u021bile acestora sunt adresate agen\u021bilor economici afla\u021bi \u00een c\u0103utare de angaja\u021bi, persoanelor aflate \u00een c\u0103utarea unui loc de munc\u0103, moldovenilor care pleac\u0103 la munc\u0103 peste hotare, dar \u0219i cet\u0103\u021benilor str\u0103ini cu inten\u021bia de a se angaja provizoriu \u00een Republica Moldova.<\/p>\n","protected":false},"excerpt":{"rendered":"<p>Agen\u0163ia Na\u021bional\u0103 pentru Ocuparea For\u0163ei de Munc\u0103 (ANOFM) \u00eempreun\u0103 cu structurile sale teritoriale au organizat \u201eZiua U\u0219ilor Deschise\u201d. \u00cen ziua de 18 februarie, serviciul public a \u00eemplinit 27 ani de la creare. Luni, b\u0103l\u021benii au avut posibilitatea s\u0103 afle mai mult despre activit\u0103\u021bile agen\u021biei \u0219i despre cele aproape 900 de locuri vacante. \u201eLa moment, noi [&hellip;]<\/p>\n","protected":false},"author":4,"featured_media":41164,"comment_status":"closed","ping_status":"closed","sticky":false,"template":"","format":"standard","meta":{"footnotes":""},"categories":[6353],"tags":[],"class_list":["post-41163","post","type-post","status-publish","format-standard","has-post-thumbnail","hentry","category-oras"],"yoast_head":"<!-- This site is optimized with the Yoast SEO plugin v27.4 - https:\/\/yoast.com\/product\/yoast-seo-wordpress\/ -->\n<title>Aproape 900 de locuri vacante la B\u0103l\u021bi<\/title>\n<meta name=\"description\" content=\"Agen\u0163ia Na\u021bional\u0103 pentru Ocuparea For\u0163ei de Munc\u0103 (ANOFM) \u00eempreun\u0103 cu structurile sale teritoriale au organizat \u201eZiua U\u0219ilor Deschise\u201d. \u00cen ziua de 18 februarie, serviciul public a \u00eemplinit 27 ani de la creare.\" \/>\n<meta name=\"robots\" content=\"index, follow, max-snippet:-1, max-image-preview:large, max-video-preview:-1\" \/>\n<link rel=\"canonical\" href=\"https:\/\/www.btv.md\/ro\/aproape-900-de-locuri-vacante-la-balti\/\" \/>\n<meta property=\"og:locale\" content=\"ro_RO\" \/>\n<meta property=\"og:type\" content=\"article\" \/>\n<meta property=\"og:title\" content=\"Aproape 900 de locuri vacante la B\u0103l\u021bi\" \/>\n<meta property=\"og:description\" content=\"Agen\u0163ia Na\u021bional\u0103 pentru Ocuparea For\u0163ei de Munc\u0103 (ANOFM) \u00eempreun\u0103 cu structurile sale teritoriale au organizat \u201eZiua U\u0219ilor Deschise\u201d. \u00cen ziua de 18 februarie, serviciul public a \u00eemplinit 27 ani de la creare. Luni, b\u0103l\u021benii au avut posibilitatea s\u0103 afle mai mult despre activit\u0103\u021bile agen\u021biei \u0219i despre cele aproape 900 de locuri vacante.\" \/>\n<meta property=\"og:url\" content=\"https:\/\/www.btv.md\/ro\/aproape-900-de-locuri-vacante-la-balti\/\" \/>\n<meta property=\"og:site_name\" content=\"BTV\" \/>\n<meta property=\"article:publisher\" content=\"https:\/\/www.facebook.com\/btvmoldova\/\" \/>\n<meta property=\"article:published_time\" content=\"2018-02-19T19:12:41+00:00\" \/>\n<meta property=\"og:image\" content=\"https:\/\/www.btv.md\/wp-content\/uploads\/2018\/02\/001-10.jpg\" \/>\n\t<meta property=\"og:image:width\" content=\"700\" \/>\n\t<meta property=\"og:image:height\" content=\"500\" \/>\n\t<meta property=\"og:image:type\" content=\"image\/jpeg\" \/>\n<meta name=\"author\" content=\"admin\" \/>\n<meta name=\"twitter:label1\" content=\"Scris de\" \/>\n\t<meta name=\"twitter:data1\" content=\"admin\" \/>\n\t<meta name=\"twitter:label2\" content=\"Timp estimat pentru citire\" \/>\n\t<meta name=\"twitter:data2\" content=\"1 minut\" \/>\n<script type=\"application\/ld+json\" class=\"yoast-schema-graph\">{\"@context\":\"https:\\\/\\\/schema.org\",\"@graph\":[{\"@type\":\"Article\",\"@id\":\"https:\\\/\\\/www.btv.md\\\/ro\\\/aproape-900-de-locuri-vacante-la-balti\\\/#article\",\"isPartOf\":{\"@id\":\"https:\\\/\\\/www.btv.md\\\/ro\\\/aproape-900-de-locuri-vacante-la-balti\\\/\"},\"author\":{\"name\":\"admin\",\"@id\":\"https:\\\/\\\/www.btv.md\\\/#\\\/schema\\\/person\\\/8fadce81561b3ce2c34c46dadc4ccbf2\"},\"headline\":\"Aproape 900 de locuri vacante la B\u0103l\u021bi\",\"datePublished\":\"2018-02-19T19:12:41+00:00\",\"mainEntityOfPage\":{\"@id\":\"https:\\\/\\\/www.btv.md\\\/ro\\\/aproape-900-de-locuri-vacante-la-balti\\\/\"},\"wordCount\":249,\"image\":{\"@id\":\"https:\\\/\\\/www.btv.md\\\/ro\\\/aproape-900-de-locuri-vacante-la-balti\\\/#primaryimage\"},\"thumbnailUrl\":\"https:\\\/\\\/www.btv.md\\\/wp-content\\\/uploads\\\/2018\\\/02\\\/001-10.jpg\",\"articleSection\":[\"Ora\u0219\"],\"inLanguage\":\"ro-RO\"},{\"@type\":\"WebPage\",\"@id\":\"https:\\\/\\\/www.btv.md\\\/ro\\\/aproape-900-de-locuri-vacante-la-balti\\\/\",\"url\":\"https:\\\/\\\/www.btv.md\\\/ro\\\/aproape-900-de-locuri-vacante-la-balti\\\/\",\"name\":\"Aproape 900 de locuri vacante la B\u0103l\u021bi\",\"isPartOf\":{\"@id\":\"https:\\\/\\\/www.btv.md\\\/#website\"},\"primaryImageOfPage\":{\"@id\":\"https:\\\/\\\/www.btv.md\\\/ro\\\/aproape-900-de-locuri-vacante-la-balti\\\/#primaryimage\"},\"image\":{\"@id\":\"https:\\\/\\\/www.btv.md\\\/ro\\\/aproape-900-de-locuri-vacante-la-balti\\\/#primaryimage\"},\"thumbnailUrl\":\"https:\\\/\\\/www.btv.md\\\/wp-content\\\/uploads\\\/2018\\\/02\\\/001-10.jpg\",\"datePublished\":\"2018-02-19T19:12:41+00:00\",\"author\":{\"@id\":\"https:\\\/\\\/www.btv.md\\\/#\\\/schema\\\/person\\\/8fadce81561b3ce2c34c46dadc4ccbf2\"},\"description\":\"Agen\u0163ia Na\u021bional\u0103 pentru Ocuparea For\u0163ei de Munc\u0103 (ANOFM) \u00eempreun\u0103 cu structurile sale teritoriale au organizat \u201eZiua U\u0219ilor Deschise\u201d. \u00cen ziua de 18 februarie, serviciul public a \u00eemplinit 27 ani de la creare.\",\"inLanguage\":\"ro-RO\",\"potentialAction\":[{\"@type\":\"ReadAction\",\"target\":[\"https:\\\/\\\/www.btv.md\\\/ro\\\/aproape-900-de-locuri-vacante-la-balti\\\/\"]}]},{\"@type\":\"ImageObject\",\"inLanguage\":\"ro-RO\",\"@id\":\"https:\\\/\\\/www.btv.md\\\/ro\\\/aproape-900-de-locuri-vacante-la-balti\\\/#primaryimage\",\"url\":\"https:\\\/\\\/www.btv.md\\\/wp-content\\\/uploads\\\/2018\\\/02\\\/001-10.jpg\",\"contentUrl\":\"https:\\\/\\\/www.btv.md\\\/wp-content\\\/uploads\\\/2018\\\/02\\\/001-10.jpg\",\"width\":700,\"height\":500},{\"@type\":\"WebSite\",\"@id\":\"https:\\\/\\\/www.btv.md\\\/#website\",\"url\":\"https:\\\/\\\/www.btv.md\\\/\",\"name\":\"BTV\",\"description\":\"\u0411\u0435\u043b\u044c\u0446\u043a\u043e\u0435 \u0442\u0435\u043b\u0435\u0432\u0438\u0434\u0435\u043d\u0438\u0435\",\"potentialAction\":[{\"@type\":\"SearchAction\",\"target\":{\"@type\":\"EntryPoint\",\"urlTemplate\":\"https:\\\/\\\/www.btv.md\\\/?s={search_term_string}\"},\"query-input\":{\"@type\":\"PropertyValueSpecification\",\"valueRequired\":true,\"valueName\":\"search_term_string\"}}],\"inLanguage\":\"ro-RO\"},{\"@type\":\"Person\",\"@id\":\"https:\\\/\\\/www.btv.md\\\/#\\\/schema\\\/person\\\/8fadce81561b3ce2c34c46dadc4ccbf2\",\"name\":\"admin\"}]}<\/script>\n<!-- \/ Yoast SEO plugin. -->","yoast_head_json":{"title":"Aproape 900 de locuri vacante la B\u0103l\u021bi","description":"Agen\u0163ia Na\u021bional\u0103 pentru Ocuparea For\u0163ei de Munc\u0103 (ANOFM) \u00eempreun\u0103 cu structurile sale teritoriale au organizat \u201eZiua U\u0219ilor Deschise\u201d. \u00cen ziua de 18 februarie, serviciul public a \u00eemplinit 27 ani de la creare.","robots":{"index":"index","follow":"follow","max-snippet":"max-snippet:-1","max-image-preview":"max-image-preview:large","max-video-preview":"max-video-preview:-1"},"canonical":"https:\/\/www.btv.md\/ro\/aproape-900-de-locuri-vacante-la-balti\/","og_locale":"ro_RO","og_type":"article","og_title":"Aproape 900 de locuri vacante la B\u0103l\u021bi","og_description":"Agen\u0163ia Na\u021bional\u0103 pentru Ocuparea For\u0163ei de Munc\u0103 (ANOFM) \u00eempreun\u0103 cu structurile sale teritoriale au organizat \u201eZiua U\u0219ilor Deschise\u201d. \u00cen ziua de 18 februarie, serviciul public a \u00eemplinit 27 ani de la creare. Luni, b\u0103l\u021benii au avut posibilitatea s\u0103 afle mai mult despre activit\u0103\u021bile agen\u021biei \u0219i despre cele aproape 900 de locuri vacante.","og_url":"https:\/\/www.btv.md\/ro\/aproape-900-de-locuri-vacante-la-balti\/","og_site_name":"BTV","article_publisher":"https:\/\/www.facebook.com\/btvmoldova\/","article_published_time":"2018-02-19T19:12:41+00:00","og_image":[{"width":700,"height":500,"url":"https:\/\/www.btv.md\/wp-content\/uploads\/2018\/02\/001-10.jpg","type":"image\/jpeg"}],"author":"admin","twitter_misc":{"Scris de":"admin","Timp estimat pentru citire":"1 minut"},"schema":{"@context":"https:\/\/schema.org","@graph":[{"@type":"Article","@id":"https:\/\/www.btv.md\/ro\/aproape-900-de-locuri-vacante-la-balti\/#article","isPartOf":{"@id":"https:\/\/www.btv.md\/ro\/aproape-900-de-locuri-vacante-la-balti\/"},"author":{"name":"admin","@id":"https:\/\/www.btv.md\/#\/schema\/person\/8fadce81561b3ce2c34c46dadc4ccbf2"},"headline":"Aproape 900 de locuri vacante la B\u0103l\u021bi","datePublished":"2018-02-19T19:12:41+00:00","mainEntityOfPage":{"@id":"https:\/\/www.btv.md\/ro\/aproape-900-de-locuri-vacante-la-balti\/"},"wordCount":249,"image":{"@id":"https:\/\/www.btv.md\/ro\/aproape-900-de-locuri-vacante-la-balti\/#primaryimage"},"thumbnailUrl":"https:\/\/www.btv.md\/wp-content\/uploads\/2018\/02\/001-10.jpg","articleSection":["Ora\u0219"],"inLanguage":"ro-RO"},{"@type":"WebPage","@id":"https:\/\/www.btv.md\/ro\/aproape-900-de-locuri-vacante-la-balti\/","url":"https:\/\/www.btv.md\/ro\/aproape-900-de-locuri-vacante-la-balti\/","name":"Aproape 900 de locuri vacante la B\u0103l\u021bi","isPartOf":{"@id":"https:\/\/www.btv.md\/#website"},"primaryImageOfPage":{"@id":"https:\/\/www.btv.md\/ro\/aproape-900-de-locuri-vacante-la-balti\/#primaryimage"},"image":{"@id":"https:\/\/www.btv.md\/ro\/aproape-900-de-locuri-vacante-la-balti\/#primaryimage"},"thumbnailUrl":"https:\/\/www.btv.md\/wp-content\/uploads\/2018\/02\/001-10.jpg","datePublished":"2018-02-19T19:12:41+00:00","author":{"@id":"https:\/\/www.btv.md\/#\/schema\/person\/8fadce81561b3ce2c34c46dadc4ccbf2"},"description":"Agen\u0163ia Na\u021bional\u0103 pentru Ocuparea For\u0163ei de Munc\u0103 (ANOFM) \u00eempreun\u0103 cu structurile sale teritoriale au organizat \u201eZiua U\u0219ilor Deschise\u201d. \u00cen ziua de 18 februarie, serviciul public a \u00eemplinit 27 ani de la creare.","inLanguage":"ro-RO","potentialAction":[{"@type":"ReadAction","target":["https:\/\/www.btv.md\/ro\/aproape-900-de-locuri-vacante-la-balti\/"]}]},{"@type":"ImageObject","inLanguage":"ro-RO","@id":"https:\/\/www.btv.md\/ro\/aproape-900-de-locuri-vacante-la-balti\/#primaryimage","url":"https:\/\/www.btv.md\/wp-content\/uploads\/2018\/02\/001-10.jpg","contentUrl":"https:\/\/www.btv.md\/wp-content\/uploads\/2018\/02\/001-10.jpg","width":700,"height":500},{"@type":"WebSite","@id":"https:\/\/www.btv.md\/#website","url":"https:\/\/www.btv.md\/","name":"BTV","description":"\u0411\u0435\u043b\u044c\u0446\u043a\u043e\u0435 \u0442\u0435\u043b\u0435\u0432\u0438\u0434\u0435\u043d\u0438\u0435","potentialAction":[{"@type":"SearchAction","target":{"@type":"EntryPoint","urlTemplate":"https:\/\/www.btv.md\/?s={search_term_string}"},"query-input":{"@type":"PropertyValueSpecification","valueRequired":true,"valueName":"search_term_string"}}],"inLanguage":"ro-RO"},{"@type":"Person","@id":"https:\/\/www.btv.md\/#\/schema\/person\/8fadce81561b3ce2c34c46dadc4ccbf2","name":"admin"}]}},"_links":{"self":[{"href":"https:\/\/www.btv.md\/ro\/wp-json\/wp\/v2\/posts\/41163","targetHints":{"allow":["GET"]}}],"collection":[{"href":"https:\/\/www.btv.md\/ro\/wp-json\/wp\/v2\/posts"}],"about":[{"href":"https:\/\/www.btv.md\/ro\/wp-json\/wp\/v2\/types\/post"}],"author":[{"embeddable":true,"href":"https:\/\/www.btv.md\/ro\/wp-json\/wp\/v2\/users\/4"}],"replies":[{"embeddable":true,"href":"https:\/\/www.btv.md\/ro\/wp-json\/wp\/v2\/comments?post=41163"}],"version-history":[{"count":0,"href":"https:\/\/www.btv.md\/ro\/wp-json\/wp\/v2\/posts\/41163\/revisions"}],"wp:featuredmedia":[{"embeddable":true,"href":"https:\/\/www.btv.md\/ro\/wp-json\/wp\/v2\/media\/41164"}],"wp:attachment":[{"href":"https:\/\/www.btv.md\/ro\/wp-json\/wp\/v2\/media?parent=41163"}],"wp:term":[{"taxonomy":"category","embeddable":true,"href":"https:\/\/www.btv.md\/ro\/wp-json\/wp\/v2\/categories?post=41163"},{"taxonomy":"post_tag","embeddable":true,"href":"https:\/\/www.btv.md\/ro\/wp-json\/wp\/v2\/tags?post=41163"}],"curies":[{"name":"wp","href":"https:\/\/api.w.org\/{rel}","templated":true}]}}