{"id":41166,"date":"2018-02-19T22:24:56","date_gmt":"2018-02-19T19:24:56","guid":{"rendered":"https:\/\/btv.md\/?p=41166"},"modified":"2018-02-19T22:24:56","modified_gmt":"2018-02-19T19:24:56","slug":"a-inceput-postul-pastelui-postim-corect-nu-doar-cu-trupul-ci-si-cu-sufletul","status":"publish","type":"post","link":"https:\/\/www.btv.md\/ro\/a-inceput-postul-pastelui-postim-corect-nu-doar-cu-trupul-ci-si-cu-sufletul\/","title":{"rendered":"A \u00eenceput Postul Pa\u015ftelui. Postim corect: nu doar cu trupul, ci \u015fi cu sufletul"},"content":{"rendered":"<p style=\"text-align: center;\"><iframe data-src=\"https:\/\/www.youtube.com\/embed\/o5n0dKBPGF4\" width=\"854\" height=\"480\" frameborder=\"0\" allowfullscreen=\"allowfullscreen\" src=\"data:image\/svg+xml;base64,PHN2ZyB3aWR0aD0iMSIgaGVpZ2h0PSIxIiB4bWxucz0iaHR0cDovL3d3dy53My5vcmcvMjAwMC9zdmciPjwvc3ZnPg==\" class=\"lazyload\" data-load-mode=\"1\"><\/iframe><\/p>\n<p>Cre\u015ftinii ortodoxi au intrat \u00een Postul Mare. \u00cen acest an Postul Pa\u015ftelui a \u00eenceput \u00een ziua de 19 februarie \u015fi va dura p\u00e2n\u0103 pe 7 aprilie. Acesta este cel mai lung \u015fi mai aspru dintre cele patru posturi de durat\u0103 de peste an. Potrivit preotului Mihail S\u0103r\u0103cu\u0163a enoria\u015fii trebuie s\u0103 posteasc\u0103 nu doar cu trupul ci \u015fi cu sufletul.<\/p>\n","protected":false},"excerpt":{"rendered":"<p>Cre\u015ftinii ortodoxi au intrat \u00een Postul Mare. \u00cen acest an Postul Pa\u015ftelui a \u00eenceput \u00een ziua de 19 februarie \u015fi va dura p\u00e2n\u0103 pe 7 aprilie. Acesta este cel mai lung \u015fi mai aspru dintre cele patru posturi de durat\u0103 de peste an. Potrivit preotului Mihail S\u0103r\u0103cu\u0163a enoria\u015fii trebuie s\u0103 posteasc\u0103 nu doar cu trupul [&hellip;]<\/p>\n","protected":false},"author":4,"featured_media":41167,"comment_status":"closed","ping_status":"closed","sticky":false,"template":"","format":"standard","meta":{"footnotes":""},"categories":[6349],"tags":[],"class_list":["post-41166","post","type-post","status-publish","format-standard","has-post-thumbnail","hentry","category-social"],"yoast_head":"<!-- This site is optimized with the Yoast SEO plugin v27.4 - https:\/\/yoast.com\/product\/yoast-seo-wordpress\/ -->\n<title>A \u00eenceput Postul Pa\u015ftelui. Postim corect: nu doar cu trupul, ci \u015fi cu sufletul<\/title>\n<meta name=\"description\" content=\"Cre\u015ftinii ortodoxi au intrat \u00een Postul Mare. \u00cen acest an Postul Pa\u015ftelui a \u00eenceput \u00een ziua de 19 februarie \u015fi va dura p\u00e2n\u0103 pe 7 aprilie. Acesta este cel mai lung \u015fi mai aspru dintre cele patru posturi de durat\u0103 de peste an.\" \/>\n<meta name=\"robots\" content=\"index, follow, max-snippet:-1, max-image-preview:large, max-video-preview:-1\" \/>\n<link rel=\"canonical\" href=\"https:\/\/www.btv.md\/ro\/a-inceput-postul-pastelui-postim-corect-nu-doar-cu-trupul-ci-si-cu-sufletul\/\" \/>\n<meta property=\"og:locale\" content=\"ro_RO\" \/>\n<meta property=\"og:type\" content=\"article\" \/>\n<meta property=\"og:title\" content=\"A \u00eenceput Postul Pa\u015ftelui. Postim corect: nu doar cu trupul, ci \u015fi cu sufletul\" \/>\n<meta property=\"og:description\" content=\"Cre\u015ftinii ortodoxi au intrat \u00een Postul Mare. \u00cen acest an Postul Pa\u015ftelui a \u00eenceput \u00een ziua de 19 februarie \u015fi va dura p\u00e2n\u0103 pe 7 aprilie. Acesta este cel mai lung \u015fi mai aspru dintre cele patru posturi de durat\u0103 de peste an. Potrivit preotului Mihail S\u0103r\u0103cu\u0163a enoria\u015fii trebuie s\u0103 posteasc\u0103 nu doar cu trupul ci \u015fi cu sufletul.\" \/>\n<meta property=\"og:url\" content=\"https:\/\/www.btv.md\/ro\/a-inceput-postul-pastelui-postim-corect-nu-doar-cu-trupul-ci-si-cu-sufletul\/\" \/>\n<meta property=\"og:site_name\" content=\"BTV\" \/>\n<meta property=\"article:publisher\" content=\"https:\/\/www.facebook.com\/btvmoldova\/\" \/>\n<meta property=\"article:published_time\" content=\"2018-02-19T19:24:56+00:00\" \/>\n<meta property=\"og:image\" content=\"https:\/\/www.btv.md\/wp-content\/uploads\/2018\/02\/pasha.jpg\" \/>\n\t<meta property=\"og:image:width\" content=\"700\" \/>\n\t<meta property=\"og:image:height\" content=\"500\" \/>\n\t<meta property=\"og:image:type\" content=\"image\/jpeg\" \/>\n<meta name=\"author\" content=\"admin\" \/>\n<meta name=\"twitter:label1\" content=\"Scris de\" \/>\n\t<meta name=\"twitter:data1\" content=\"admin\" \/>\n<script type=\"application\/ld+json\" class=\"yoast-schema-graph\">{\"@context\":\"https:\\\/\\\/schema.org\",\"@graph\":[{\"@type\":\"Article\",\"@id\":\"https:\\\/\\\/www.btv.md\\\/ro\\\/a-inceput-postul-pastelui-postim-corect-nu-doar-cu-trupul-ci-si-cu-sufletul\\\/#article\",\"isPartOf\":{\"@id\":\"https:\\\/\\\/www.btv.md\\\/ro\\\/a-inceput-postul-pastelui-postim-corect-nu-doar-cu-trupul-ci-si-cu-sufletul\\\/\"},\"author\":{\"name\":\"admin\",\"@id\":\"https:\\\/\\\/www.btv.md\\\/#\\\/schema\\\/person\\\/8fadce81561b3ce2c34c46dadc4ccbf2\"},\"headline\":\"A \u00eenceput Postul Pa\u015ftelui. Postim corect: nu doar cu trupul, ci \u015fi cu sufletul\",\"datePublished\":\"2018-02-19T19:24:56+00:00\",\"mainEntityOfPage\":{\"@id\":\"https:\\\/\\\/www.btv.md\\\/ro\\\/a-inceput-postul-pastelui-postim-corect-nu-doar-cu-trupul-ci-si-cu-sufletul\\\/\"},\"wordCount\":79,\"image\":{\"@id\":\"https:\\\/\\\/www.btv.md\\\/ro\\\/a-inceput-postul-pastelui-postim-corect-nu-doar-cu-trupul-ci-si-cu-sufletul\\\/#primaryimage\"},\"thumbnailUrl\":\"https:\\\/\\\/www.btv.md\\\/wp-content\\\/uploads\\\/2018\\\/02\\\/pasha.jpg\",\"articleSection\":[\"Social\"],\"inLanguage\":\"ro-RO\"},{\"@type\":\"WebPage\",\"@id\":\"https:\\\/\\\/www.btv.md\\\/ro\\\/a-inceput-postul-pastelui-postim-corect-nu-doar-cu-trupul-ci-si-cu-sufletul\\\/\",\"url\":\"https:\\\/\\\/www.btv.md\\\/ro\\\/a-inceput-postul-pastelui-postim-corect-nu-doar-cu-trupul-ci-si-cu-sufletul\\\/\",\"name\":\"A \u00eenceput Postul Pa\u015ftelui. Postim corect: nu doar cu trupul, ci \u015fi cu sufletul\",\"isPartOf\":{\"@id\":\"https:\\\/\\\/www.btv.md\\\/#website\"},\"primaryImageOfPage\":{\"@id\":\"https:\\\/\\\/www.btv.md\\\/ro\\\/a-inceput-postul-pastelui-postim-corect-nu-doar-cu-trupul-ci-si-cu-sufletul\\\/#primaryimage\"},\"image\":{\"@id\":\"https:\\\/\\\/www.btv.md\\\/ro\\\/a-inceput-postul-pastelui-postim-corect-nu-doar-cu-trupul-ci-si-cu-sufletul\\\/#primaryimage\"},\"thumbnailUrl\":\"https:\\\/\\\/www.btv.md\\\/wp-content\\\/uploads\\\/2018\\\/02\\\/pasha.jpg\",\"datePublished\":\"2018-02-19T19:24:56+00:00\",\"author\":{\"@id\":\"https:\\\/\\\/www.btv.md\\\/#\\\/schema\\\/person\\\/8fadce81561b3ce2c34c46dadc4ccbf2\"},\"description\":\"Cre\u015ftinii ortodoxi au intrat \u00een Postul Mare. \u00cen acest an Postul Pa\u015ftelui a \u00eenceput \u00een ziua de 19 februarie \u015fi va dura p\u00e2n\u0103 pe 7 aprilie. Acesta este cel mai lung \u015fi mai aspru dintre cele patru posturi de durat\u0103 de peste an.\",\"inLanguage\":\"ro-RO\",\"potentialAction\":[{\"@type\":\"ReadAction\",\"target\":[\"https:\\\/\\\/www.btv.md\\\/ro\\\/a-inceput-postul-pastelui-postim-corect-nu-doar-cu-trupul-ci-si-cu-sufletul\\\/\"]}]},{\"@type\":\"ImageObject\",\"inLanguage\":\"ro-RO\",\"@id\":\"https:\\\/\\\/www.btv.md\\\/ro\\\/a-inceput-postul-pastelui-postim-corect-nu-doar-cu-trupul-ci-si-cu-sufletul\\\/#primaryimage\",\"url\":\"https:\\\/\\\/www.btv.md\\\/wp-content\\\/uploads\\\/2018\\\/02\\\/pasha.jpg\",\"contentUrl\":\"https:\\\/\\\/www.btv.md\\\/wp-content\\\/uploads\\\/2018\\\/02\\\/pasha.jpg\",\"width\":700,\"height\":500},{\"@type\":\"WebSite\",\"@id\":\"https:\\\/\\\/www.btv.md\\\/#website\",\"url\":\"https:\\\/\\\/www.btv.md\\\/\",\"name\":\"BTV\",\"description\":\"\u0411\u0435\u043b\u044c\u0446\u043a\u043e\u0435 \u0442\u0435\u043b\u0435\u0432\u0438\u0434\u0435\u043d\u0438\u0435\",\"potentialAction\":[{\"@type\":\"SearchAction\",\"target\":{\"@type\":\"EntryPoint\",\"urlTemplate\":\"https:\\\/\\\/www.btv.md\\\/?s={search_term_string}\"},\"query-input\":{\"@type\":\"PropertyValueSpecification\",\"valueRequired\":true,\"valueName\":\"search_term_string\"}}],\"inLanguage\":\"ro-RO\"},{\"@type\":\"Person\",\"@id\":\"https:\\\/\\\/www.btv.md\\\/#\\\/schema\\\/person\\\/8fadce81561b3ce2c34c46dadc4ccbf2\",\"name\":\"admin\"}]}<\/script>\n<!-- \/ Yoast SEO plugin. -->","yoast_head_json":{"title":"A \u00eenceput Postul Pa\u015ftelui. Postim corect: nu doar cu trupul, ci \u015fi cu sufletul","description":"Cre\u015ftinii ortodoxi au intrat \u00een Postul Mare. \u00cen acest an Postul Pa\u015ftelui a \u00eenceput \u00een ziua de 19 februarie \u015fi va dura p\u00e2n\u0103 pe 7 aprilie. Acesta este cel mai lung \u015fi mai aspru dintre cele patru posturi de durat\u0103 de peste an.","robots":{"index":"index","follow":"follow","max-snippet":"max-snippet:-1","max-image-preview":"max-image-preview:large","max-video-preview":"max-video-preview:-1"},"canonical":"https:\/\/www.btv.md\/ro\/a-inceput-postul-pastelui-postim-corect-nu-doar-cu-trupul-ci-si-cu-sufletul\/","og_locale":"ro_RO","og_type":"article","og_title":"A \u00eenceput Postul Pa\u015ftelui. Postim corect: nu doar cu trupul, ci \u015fi cu sufletul","og_description":"Cre\u015ftinii ortodoxi au intrat \u00een Postul Mare. \u00cen acest an Postul Pa\u015ftelui a \u00eenceput \u00een ziua de 19 februarie \u015fi va dura p\u00e2n\u0103 pe 7 aprilie. Acesta este cel mai lung \u015fi mai aspru dintre cele patru posturi de durat\u0103 de peste an. Potrivit preotului Mihail S\u0103r\u0103cu\u0163a enoria\u015fii trebuie s\u0103 posteasc\u0103 nu doar cu trupul ci \u015fi cu sufletul.","og_url":"https:\/\/www.btv.md\/ro\/a-inceput-postul-pastelui-postim-corect-nu-doar-cu-trupul-ci-si-cu-sufletul\/","og_site_name":"BTV","article_publisher":"https:\/\/www.facebook.com\/btvmoldova\/","article_published_time":"2018-02-19T19:24:56+00:00","og_image":[{"width":700,"height":500,"url":"https:\/\/www.btv.md\/wp-content\/uploads\/2018\/02\/pasha.jpg","type":"image\/jpeg"}],"author":"admin","twitter_misc":{"Scris de":"admin"},"schema":{"@context":"https:\/\/schema.org","@graph":[{"@type":"Article","@id":"https:\/\/www.btv.md\/ro\/a-inceput-postul-pastelui-postim-corect-nu-doar-cu-trupul-ci-si-cu-sufletul\/#article","isPartOf":{"@id":"https:\/\/www.btv.md\/ro\/a-inceput-postul-pastelui-postim-corect-nu-doar-cu-trupul-ci-si-cu-sufletul\/"},"author":{"name":"admin","@id":"https:\/\/www.btv.md\/#\/schema\/person\/8fadce81561b3ce2c34c46dadc4ccbf2"},"headline":"A \u00eenceput Postul Pa\u015ftelui. Postim corect: nu doar cu trupul, ci \u015fi cu sufletul","datePublished":"2018-02-19T19:24:56+00:00","mainEntityOfPage":{"@id":"https:\/\/www.btv.md\/ro\/a-inceput-postul-pastelui-postim-corect-nu-doar-cu-trupul-ci-si-cu-sufletul\/"},"wordCount":79,"image":{"@id":"https:\/\/www.btv.md\/ro\/a-inceput-postul-pastelui-postim-corect-nu-doar-cu-trupul-ci-si-cu-sufletul\/#primaryimage"},"thumbnailUrl":"https:\/\/www.btv.md\/wp-content\/uploads\/2018\/02\/pasha.jpg","articleSection":["Social"],"inLanguage":"ro-RO"},{"@type":"WebPage","@id":"https:\/\/www.btv.md\/ro\/a-inceput-postul-pastelui-postim-corect-nu-doar-cu-trupul-ci-si-cu-sufletul\/","url":"https:\/\/www.btv.md\/ro\/a-inceput-postul-pastelui-postim-corect-nu-doar-cu-trupul-ci-si-cu-sufletul\/","name":"A \u00eenceput Postul Pa\u015ftelui. Postim corect: nu doar cu trupul, ci \u015fi cu sufletul","isPartOf":{"@id":"https:\/\/www.btv.md\/#website"},"primaryImageOfPage":{"@id":"https:\/\/www.btv.md\/ro\/a-inceput-postul-pastelui-postim-corect-nu-doar-cu-trupul-ci-si-cu-sufletul\/#primaryimage"},"image":{"@id":"https:\/\/www.btv.md\/ro\/a-inceput-postul-pastelui-postim-corect-nu-doar-cu-trupul-ci-si-cu-sufletul\/#primaryimage"},"thumbnailUrl":"https:\/\/www.btv.md\/wp-content\/uploads\/2018\/02\/pasha.jpg","datePublished":"2018-02-19T19:24:56+00:00","author":{"@id":"https:\/\/www.btv.md\/#\/schema\/person\/8fadce81561b3ce2c34c46dadc4ccbf2"},"description":"Cre\u015ftinii ortodoxi au intrat \u00een Postul Mare. \u00cen acest an Postul Pa\u015ftelui a \u00eenceput \u00een ziua de 19 februarie \u015fi va dura p\u00e2n\u0103 pe 7 aprilie. Acesta este cel mai lung \u015fi mai aspru dintre cele patru posturi de durat\u0103 de peste an.","inLanguage":"ro-RO","potentialAction":[{"@type":"ReadAction","target":["https:\/\/www.btv.md\/ro\/a-inceput-postul-pastelui-postim-corect-nu-doar-cu-trupul-ci-si-cu-sufletul\/"]}]},{"@type":"ImageObject","inLanguage":"ro-RO","@id":"https:\/\/www.btv.md\/ro\/a-inceput-postul-pastelui-postim-corect-nu-doar-cu-trupul-ci-si-cu-sufletul\/#primaryimage","url":"https:\/\/www.btv.md\/wp-content\/uploads\/2018\/02\/pasha.jpg","contentUrl":"https:\/\/www.btv.md\/wp-content\/uploads\/2018\/02\/pasha.jpg","width":700,"height":500},{"@type":"WebSite","@id":"https:\/\/www.btv.md\/#website","url":"https:\/\/www.btv.md\/","name":"BTV","description":"\u0411\u0435\u043b\u044c\u0446\u043a\u043e\u0435 \u0442\u0435\u043b\u0435\u0432\u0438\u0434\u0435\u043d\u0438\u0435","potentialAction":[{"@type":"SearchAction","target":{"@type":"EntryPoint","urlTemplate":"https:\/\/www.btv.md\/?s={search_term_string}"},"query-input":{"@type":"PropertyValueSpecification","valueRequired":true,"valueName":"search_term_string"}}],"inLanguage":"ro-RO"},{"@type":"Person","@id":"https:\/\/www.btv.md\/#\/schema\/person\/8fadce81561b3ce2c34c46dadc4ccbf2","name":"admin"}]}},"_links":{"self":[{"href":"https:\/\/www.btv.md\/ro\/wp-json\/wp\/v2\/posts\/41166","targetHints":{"allow":["GET"]}}],"collection":[{"href":"https:\/\/www.btv.md\/ro\/wp-json\/wp\/v2\/posts"}],"about":[{"href":"https:\/\/www.btv.md\/ro\/wp-json\/wp\/v2\/types\/post"}],"author":[{"embeddable":true,"href":"https:\/\/www.btv.md\/ro\/wp-json\/wp\/v2\/users\/4"}],"replies":[{"embeddable":true,"href":"https:\/\/www.btv.md\/ro\/wp-json\/wp\/v2\/comments?post=41166"}],"version-history":[{"count":0,"href":"https:\/\/www.btv.md\/ro\/wp-json\/wp\/v2\/posts\/41166\/revisions"}],"wp:featuredmedia":[{"embeddable":true,"href":"https:\/\/www.btv.md\/ro\/wp-json\/wp\/v2\/media\/41167"}],"wp:attachment":[{"href":"https:\/\/www.btv.md\/ro\/wp-json\/wp\/v2\/media?parent=41166"}],"wp:term":[{"taxonomy":"category","embeddable":true,"href":"https:\/\/www.btv.md\/ro\/wp-json\/wp\/v2\/categories?post=41166"},{"taxonomy":"post_tag","embeddable":true,"href":"https:\/\/www.btv.md\/ro\/wp-json\/wp\/v2\/tags?post=41166"}],"curies":[{"name":"wp","href":"https:\/\/api.w.org\/{rel}","templated":true}]}}