{"id":41170,"date":"2018-02-19T22:34:48","date_gmt":"2018-02-19T19:34:48","guid":{"rendered":"https:\/\/btv.md\/?p=41170"},"modified":"2018-02-19T22:35:05","modified_gmt":"2018-02-19T19:35:05","slug":"a-furat-dintr-o-stomatologie-din-balti-faptasul-a-fost-prins-imediat-dupa-savarsirea-infractiunii","status":"publish","type":"post","link":"https:\/\/www.btv.md\/ro\/a-furat-dintr-o-stomatologie-din-balti-faptasul-a-fost-prins-imediat-dupa-savarsirea-infractiunii\/","title":{"rendered":"A furat dintr-o stomatologie din B\u0103l\u021bi. F\u0103pta\u0219ul a fost prins imediat dup\u0103 s\u0103v\u00e2r\u0219irea infrac\u021biunii"},"content":{"rendered":"<p style=\"text-align: center;\"><iframe data-src=\"https:\/\/www.youtube.com\/embed\/6EaIdiKHffc\" width=\"854\" height=\"480\" frameborder=\"0\" allowfullscreen=\"allowfullscreen\" src=\"data:image\/svg+xml;base64,PHN2ZyB3aWR0aD0iMSIgaGVpZ2h0PSIxIiB4bWxucz0iaHR0cDovL3d3dy53My5vcmcvMjAwMC9zdmciPjwvc3ZnPg==\" class=\"lazyload\" data-load-mode=\"1\"><\/iframe><\/p>\n<h4>Un b\u0103rbat \u00een v\u00e2rst\u0103 de 40 de ani a fost re\u021binut de poli\u021bie dup\u0103 ce a furat dintr-o stomatologie din B\u0103l\u021bi. F\u0103pta\u0219ul a fost surprins de angaja\u021bii serviciului de paz\u0103, care au reac\u021bionat la declan\u0219area alarmei. Potrivit poli\u021biei, individul este anterior judecat.<\/h4>\n<blockquote>\n<p>Jana Molceanov, ofi\u021ber de Pres\u0103 IP B\u0103l\u021bi: <em>\u201eLa data de 16 februarie, orele19:30, un b\u0103rbat \u00een v\u00e2rst\u0103 de 40 de ani, locuitor al municipiului B\u0103l\u021bi, prin deteriorarea lac\u0103tului de la subsolul unei stomatologii, a sustras pe ascuns un sterilizator ultrasunet \u0219i o cutie de seringi, precinuind st\u0103p\u00e2nului o pagub\u0103 material\u0103 de 2500 de lei.<\/em><em>\u201d<\/em><\/p>\n<\/blockquote>\n<p>A fost ini\u021biat un proces penal. Dac\u0103 va fi g\u0103sit vinovat, b\u0103rbatul risc\u0103 p\u00e2n\u0103 la 4 ani de \u00eenchisoare.<\/p>\n","protected":false},"excerpt":{"rendered":"<p>Un b\u0103rbat \u00een v\u00e2rst\u0103 de 40 de ani a fost re\u021binut de poli\u021bie dup\u0103 ce a furat dintr-o stomatologie din B\u0103l\u021bi. F\u0103pta\u0219ul a fost surprins de angaja\u021bii serviciului de paz\u0103, care au reac\u021bionat la declan\u0219area alarmei. Potrivit poli\u021biei, individul este anterior judecat. Jana Molceanov, ofi\u021ber de Pres\u0103 IP B\u0103l\u021bi: \u201eLa data de 16 februarie, orele19:30, [&hellip;]<\/p>\n","protected":false},"author":4,"featured_media":41171,"comment_status":"closed","ping_status":"closed","sticky":false,"template":"","format":"standard","meta":{"footnotes":""},"categories":[6351],"tags":[],"class_list":["post-41170","post","type-post","status-publish","format-standard","has-post-thumbnail","hentry","category-incidente"],"yoast_head":"<!-- This site is optimized with the Yoast SEO plugin v27.4 - https:\/\/yoast.com\/product\/yoast-seo-wordpress\/ -->\n<title>A furat dintr-o stomatologie din B\u0103l\u021bi. F\u0103pta\u0219ul a fost prins imediat dup\u0103 s\u0103v\u00e2r\u0219irea infrac\u021biunii<\/title>\n<meta name=\"description\" content=\"Un b\u0103rbat \u00een v\u00e2rst\u0103 de 40 de ani a fost re\u021binut de poli\u021bie dup\u0103 ce a furat dintr-o stomatologie din B\u0103l\u021bi. F\u0103pta\u0219ul a fost surprins de angaja\u021bii serviciului de paz\u0103, care au reac\u021bionat la declan\u0219area alarmei. Potrivit poli\u021biei, individul este anterior judecat.\" \/>\n<meta name=\"robots\" content=\"index, follow, max-snippet:-1, max-image-preview:large, max-video-preview:-1\" \/>\n<link rel=\"canonical\" href=\"https:\/\/www.btv.md\/ro\/a-furat-dintr-o-stomatologie-din-balti-faptasul-a-fost-prins-imediat-dupa-savarsirea-infractiunii\/\" \/>\n<meta property=\"og:locale\" content=\"ro_RO\" \/>\n<meta property=\"og:type\" content=\"article\" \/>\n<meta property=\"og:title\" content=\"A furat dintr-o stomatologie din B\u0103l\u021bi. F\u0103pta\u0219ul a fost prins imediat dup\u0103 s\u0103v\u00e2r\u0219irea infrac\u021biunii\" \/>\n<meta property=\"og:description\" content=\"Un b\u0103rbat \u00een v\u00e2rst\u0103 de 40 de ani a fost re\u021binut de poli\u021bie dup\u0103 ce a furat dintr-o stomatologie din B\u0103l\u021bi. F\u0103pta\u0219ul a fost surprins de angaja\u021bii serviciului de paz\u0103, care au reac\u021bionat la declan\u0219area alarmei. Potrivit poli\u021biei, individul este anterior judecat.\" \/>\n<meta property=\"og:url\" content=\"https:\/\/www.btv.md\/ro\/a-furat-dintr-o-stomatologie-din-balti-faptasul-a-fost-prins-imediat-dupa-savarsirea-infractiunii\/\" \/>\n<meta property=\"og:site_name\" content=\"BTV\" \/>\n<meta property=\"article:publisher\" content=\"https:\/\/www.facebook.com\/btvmoldova\/\" \/>\n<meta property=\"article:published_time\" content=\"2018-02-19T19:34:48+00:00\" \/>\n<meta property=\"article:modified_time\" content=\"2018-02-19T19:35:05+00:00\" \/>\n<meta property=\"og:image\" content=\"https:\/\/www.btv.md\/wp-content\/uploads\/2018\/02\/vor.jpg\" \/>\n\t<meta property=\"og:image:width\" content=\"700\" \/>\n\t<meta property=\"og:image:height\" content=\"500\" \/>\n\t<meta property=\"og:image:type\" content=\"image\/jpeg\" \/>\n<meta name=\"author\" content=\"admin\" \/>\n<meta name=\"twitter:label1\" content=\"Scris de\" \/>\n\t<meta name=\"twitter:data1\" content=\"admin\" \/>\n\t<meta name=\"twitter:label2\" content=\"Timp estimat pentru citire\" \/>\n\t<meta name=\"twitter:data2\" content=\"1 minut\" \/>\n<script type=\"application\/ld+json\" class=\"yoast-schema-graph\">{\"@context\":\"https:\\\/\\\/schema.org\",\"@graph\":[{\"@type\":\"Article\",\"@id\":\"https:\\\/\\\/www.btv.md\\\/ro\\\/a-furat-dintr-o-stomatologie-din-balti-faptasul-a-fost-prins-imediat-dupa-savarsirea-infractiunii\\\/#article\",\"isPartOf\":{\"@id\":\"https:\\\/\\\/www.btv.md\\\/ro\\\/a-furat-dintr-o-stomatologie-din-balti-faptasul-a-fost-prins-imediat-dupa-savarsirea-infractiunii\\\/\"},\"author\":{\"name\":\"admin\",\"@id\":\"https:\\\/\\\/www.btv.md\\\/#\\\/schema\\\/person\\\/8fadce81561b3ce2c34c46dadc4ccbf2\"},\"headline\":\"A furat dintr-o stomatologie din B\u0103l\u021bi. F\u0103pta\u0219ul a fost prins imediat dup\u0103 s\u0103v\u00e2r\u0219irea infrac\u021biunii\",\"datePublished\":\"2018-02-19T19:34:48+00:00\",\"dateModified\":\"2018-02-19T19:35:05+00:00\",\"mainEntityOfPage\":{\"@id\":\"https:\\\/\\\/www.btv.md\\\/ro\\\/a-furat-dintr-o-stomatologie-din-balti-faptasul-a-fost-prins-imediat-dupa-savarsirea-infractiunii\\\/\"},\"wordCount\":158,\"image\":{\"@id\":\"https:\\\/\\\/www.btv.md\\\/ro\\\/a-furat-dintr-o-stomatologie-din-balti-faptasul-a-fost-prins-imediat-dupa-savarsirea-infractiunii\\\/#primaryimage\"},\"thumbnailUrl\":\"https:\\\/\\\/www.btv.md\\\/wp-content\\\/uploads\\\/2018\\\/02\\\/vor.jpg\",\"articleSection\":[\"Incidente\"],\"inLanguage\":\"ro-RO\"},{\"@type\":\"WebPage\",\"@id\":\"https:\\\/\\\/www.btv.md\\\/ro\\\/a-furat-dintr-o-stomatologie-din-balti-faptasul-a-fost-prins-imediat-dupa-savarsirea-infractiunii\\\/\",\"url\":\"https:\\\/\\\/www.btv.md\\\/ro\\\/a-furat-dintr-o-stomatologie-din-balti-faptasul-a-fost-prins-imediat-dupa-savarsirea-infractiunii\\\/\",\"name\":\"A furat dintr-o stomatologie din B\u0103l\u021bi. F\u0103pta\u0219ul a fost prins imediat dup\u0103 s\u0103v\u00e2r\u0219irea infrac\u021biunii\",\"isPartOf\":{\"@id\":\"https:\\\/\\\/www.btv.md\\\/#website\"},\"primaryImageOfPage\":{\"@id\":\"https:\\\/\\\/www.btv.md\\\/ro\\\/a-furat-dintr-o-stomatologie-din-balti-faptasul-a-fost-prins-imediat-dupa-savarsirea-infractiunii\\\/#primaryimage\"},\"image\":{\"@id\":\"https:\\\/\\\/www.btv.md\\\/ro\\\/a-furat-dintr-o-stomatologie-din-balti-faptasul-a-fost-prins-imediat-dupa-savarsirea-infractiunii\\\/#primaryimage\"},\"thumbnailUrl\":\"https:\\\/\\\/www.btv.md\\\/wp-content\\\/uploads\\\/2018\\\/02\\\/vor.jpg\",\"datePublished\":\"2018-02-19T19:34:48+00:00\",\"dateModified\":\"2018-02-19T19:35:05+00:00\",\"author\":{\"@id\":\"https:\\\/\\\/www.btv.md\\\/#\\\/schema\\\/person\\\/8fadce81561b3ce2c34c46dadc4ccbf2\"},\"description\":\"Un b\u0103rbat \u00een v\u00e2rst\u0103 de 40 de ani a fost re\u021binut de poli\u021bie dup\u0103 ce a furat dintr-o stomatologie din B\u0103l\u021bi. F\u0103pta\u0219ul a fost surprins de angaja\u021bii serviciului de paz\u0103, care au reac\u021bionat la declan\u0219area alarmei. Potrivit poli\u021biei, individul este anterior judecat.\",\"inLanguage\":\"ro-RO\",\"potentialAction\":[{\"@type\":\"ReadAction\",\"target\":[\"https:\\\/\\\/www.btv.md\\\/ro\\\/a-furat-dintr-o-stomatologie-din-balti-faptasul-a-fost-prins-imediat-dupa-savarsirea-infractiunii\\\/\"]}]},{\"@type\":\"ImageObject\",\"inLanguage\":\"ro-RO\",\"@id\":\"https:\\\/\\\/www.btv.md\\\/ro\\\/a-furat-dintr-o-stomatologie-din-balti-faptasul-a-fost-prins-imediat-dupa-savarsirea-infractiunii\\\/#primaryimage\",\"url\":\"https:\\\/\\\/www.btv.md\\\/wp-content\\\/uploads\\\/2018\\\/02\\\/vor.jpg\",\"contentUrl\":\"https:\\\/\\\/www.btv.md\\\/wp-content\\\/uploads\\\/2018\\\/02\\\/vor.jpg\",\"width\":700,\"height\":500},{\"@type\":\"WebSite\",\"@id\":\"https:\\\/\\\/www.btv.md\\\/#website\",\"url\":\"https:\\\/\\\/www.btv.md\\\/\",\"name\":\"BTV\",\"description\":\"\u0411\u0435\u043b\u044c\u0446\u043a\u043e\u0435 \u0442\u0435\u043b\u0435\u0432\u0438\u0434\u0435\u043d\u0438\u0435\",\"potentialAction\":[{\"@type\":\"SearchAction\",\"target\":{\"@type\":\"EntryPoint\",\"urlTemplate\":\"https:\\\/\\\/www.btv.md\\\/?s={search_term_string}\"},\"query-input\":{\"@type\":\"PropertyValueSpecification\",\"valueRequired\":true,\"valueName\":\"search_term_string\"}}],\"inLanguage\":\"ro-RO\"},{\"@type\":\"Person\",\"@id\":\"https:\\\/\\\/www.btv.md\\\/#\\\/schema\\\/person\\\/8fadce81561b3ce2c34c46dadc4ccbf2\",\"name\":\"admin\"}]}<\/script>\n<!-- \/ Yoast SEO plugin. -->","yoast_head_json":{"title":"A furat dintr-o stomatologie din B\u0103l\u021bi. F\u0103pta\u0219ul a fost prins imediat dup\u0103 s\u0103v\u00e2r\u0219irea infrac\u021biunii","description":"Un b\u0103rbat \u00een v\u00e2rst\u0103 de 40 de ani a fost re\u021binut de poli\u021bie dup\u0103 ce a furat dintr-o stomatologie din B\u0103l\u021bi. F\u0103pta\u0219ul a fost surprins de angaja\u021bii serviciului de paz\u0103, care au reac\u021bionat la declan\u0219area alarmei. Potrivit poli\u021biei, individul este anterior judecat.","robots":{"index":"index","follow":"follow","max-snippet":"max-snippet:-1","max-image-preview":"max-image-preview:large","max-video-preview":"max-video-preview:-1"},"canonical":"https:\/\/www.btv.md\/ro\/a-furat-dintr-o-stomatologie-din-balti-faptasul-a-fost-prins-imediat-dupa-savarsirea-infractiunii\/","og_locale":"ro_RO","og_type":"article","og_title":"A furat dintr-o stomatologie din B\u0103l\u021bi. F\u0103pta\u0219ul a fost prins imediat dup\u0103 s\u0103v\u00e2r\u0219irea infrac\u021biunii","og_description":"Un b\u0103rbat \u00een v\u00e2rst\u0103 de 40 de ani a fost re\u021binut de poli\u021bie dup\u0103 ce a furat dintr-o stomatologie din B\u0103l\u021bi. F\u0103pta\u0219ul a fost surprins de angaja\u021bii serviciului de paz\u0103, care au reac\u021bionat la declan\u0219area alarmei. Potrivit poli\u021biei, individul este anterior judecat.","og_url":"https:\/\/www.btv.md\/ro\/a-furat-dintr-o-stomatologie-din-balti-faptasul-a-fost-prins-imediat-dupa-savarsirea-infractiunii\/","og_site_name":"BTV","article_publisher":"https:\/\/www.facebook.com\/btvmoldova\/","article_published_time":"2018-02-19T19:34:48+00:00","article_modified_time":"2018-02-19T19:35:05+00:00","og_image":[{"width":700,"height":500,"url":"https:\/\/www.btv.md\/wp-content\/uploads\/2018\/02\/vor.jpg","type":"image\/jpeg"}],"author":"admin","twitter_misc":{"Scris de":"admin","Timp estimat pentru citire":"1 minut"},"schema":{"@context":"https:\/\/schema.org","@graph":[{"@type":"Article","@id":"https:\/\/www.btv.md\/ro\/a-furat-dintr-o-stomatologie-din-balti-faptasul-a-fost-prins-imediat-dupa-savarsirea-infractiunii\/#article","isPartOf":{"@id":"https:\/\/www.btv.md\/ro\/a-furat-dintr-o-stomatologie-din-balti-faptasul-a-fost-prins-imediat-dupa-savarsirea-infractiunii\/"},"author":{"name":"admin","@id":"https:\/\/www.btv.md\/#\/schema\/person\/8fadce81561b3ce2c34c46dadc4ccbf2"},"headline":"A furat dintr-o stomatologie din B\u0103l\u021bi. F\u0103pta\u0219ul a fost prins imediat dup\u0103 s\u0103v\u00e2r\u0219irea infrac\u021biunii","datePublished":"2018-02-19T19:34:48+00:00","dateModified":"2018-02-19T19:35:05+00:00","mainEntityOfPage":{"@id":"https:\/\/www.btv.md\/ro\/a-furat-dintr-o-stomatologie-din-balti-faptasul-a-fost-prins-imediat-dupa-savarsirea-infractiunii\/"},"wordCount":158,"image":{"@id":"https:\/\/www.btv.md\/ro\/a-furat-dintr-o-stomatologie-din-balti-faptasul-a-fost-prins-imediat-dupa-savarsirea-infractiunii\/#primaryimage"},"thumbnailUrl":"https:\/\/www.btv.md\/wp-content\/uploads\/2018\/02\/vor.jpg","articleSection":["Incidente"],"inLanguage":"ro-RO"},{"@type":"WebPage","@id":"https:\/\/www.btv.md\/ro\/a-furat-dintr-o-stomatologie-din-balti-faptasul-a-fost-prins-imediat-dupa-savarsirea-infractiunii\/","url":"https:\/\/www.btv.md\/ro\/a-furat-dintr-o-stomatologie-din-balti-faptasul-a-fost-prins-imediat-dupa-savarsirea-infractiunii\/","name":"A furat dintr-o stomatologie din B\u0103l\u021bi. F\u0103pta\u0219ul a fost prins imediat dup\u0103 s\u0103v\u00e2r\u0219irea infrac\u021biunii","isPartOf":{"@id":"https:\/\/www.btv.md\/#website"},"primaryImageOfPage":{"@id":"https:\/\/www.btv.md\/ro\/a-furat-dintr-o-stomatologie-din-balti-faptasul-a-fost-prins-imediat-dupa-savarsirea-infractiunii\/#primaryimage"},"image":{"@id":"https:\/\/www.btv.md\/ro\/a-furat-dintr-o-stomatologie-din-balti-faptasul-a-fost-prins-imediat-dupa-savarsirea-infractiunii\/#primaryimage"},"thumbnailUrl":"https:\/\/www.btv.md\/wp-content\/uploads\/2018\/02\/vor.jpg","datePublished":"2018-02-19T19:34:48+00:00","dateModified":"2018-02-19T19:35:05+00:00","author":{"@id":"https:\/\/www.btv.md\/#\/schema\/person\/8fadce81561b3ce2c34c46dadc4ccbf2"},"description":"Un b\u0103rbat \u00een v\u00e2rst\u0103 de 40 de ani a fost re\u021binut de poli\u021bie dup\u0103 ce a furat dintr-o stomatologie din B\u0103l\u021bi. F\u0103pta\u0219ul a fost surprins de angaja\u021bii serviciului de paz\u0103, care au reac\u021bionat la declan\u0219area alarmei. Potrivit poli\u021biei, individul este anterior judecat.","inLanguage":"ro-RO","potentialAction":[{"@type":"ReadAction","target":["https:\/\/www.btv.md\/ro\/a-furat-dintr-o-stomatologie-din-balti-faptasul-a-fost-prins-imediat-dupa-savarsirea-infractiunii\/"]}]},{"@type":"ImageObject","inLanguage":"ro-RO","@id":"https:\/\/www.btv.md\/ro\/a-furat-dintr-o-stomatologie-din-balti-faptasul-a-fost-prins-imediat-dupa-savarsirea-infractiunii\/#primaryimage","url":"https:\/\/www.btv.md\/wp-content\/uploads\/2018\/02\/vor.jpg","contentUrl":"https:\/\/www.btv.md\/wp-content\/uploads\/2018\/02\/vor.jpg","width":700,"height":500},{"@type":"WebSite","@id":"https:\/\/www.btv.md\/#website","url":"https:\/\/www.btv.md\/","name":"BTV","description":"\u0411\u0435\u043b\u044c\u0446\u043a\u043e\u0435 \u0442\u0435\u043b\u0435\u0432\u0438\u0434\u0435\u043d\u0438\u0435","potentialAction":[{"@type":"SearchAction","target":{"@type":"EntryPoint","urlTemplate":"https:\/\/www.btv.md\/?s={search_term_string}"},"query-input":{"@type":"PropertyValueSpecification","valueRequired":true,"valueName":"search_term_string"}}],"inLanguage":"ro-RO"},{"@type":"Person","@id":"https:\/\/www.btv.md\/#\/schema\/person\/8fadce81561b3ce2c34c46dadc4ccbf2","name":"admin"}]}},"_links":{"self":[{"href":"https:\/\/www.btv.md\/ro\/wp-json\/wp\/v2\/posts\/41170","targetHints":{"allow":["GET"]}}],"collection":[{"href":"https:\/\/www.btv.md\/ro\/wp-json\/wp\/v2\/posts"}],"about":[{"href":"https:\/\/www.btv.md\/ro\/wp-json\/wp\/v2\/types\/post"}],"author":[{"embeddable":true,"href":"https:\/\/www.btv.md\/ro\/wp-json\/wp\/v2\/users\/4"}],"replies":[{"embeddable":true,"href":"https:\/\/www.btv.md\/ro\/wp-json\/wp\/v2\/comments?post=41170"}],"version-history":[{"count":0,"href":"https:\/\/www.btv.md\/ro\/wp-json\/wp\/v2\/posts\/41170\/revisions"}],"wp:featuredmedia":[{"embeddable":true,"href":"https:\/\/www.btv.md\/ro\/wp-json\/wp\/v2\/media\/41171"}],"wp:attachment":[{"href":"https:\/\/www.btv.md\/ro\/wp-json\/wp\/v2\/media?parent=41170"}],"wp:term":[{"taxonomy":"category","embeddable":true,"href":"https:\/\/www.btv.md\/ro\/wp-json\/wp\/v2\/categories?post=41170"},{"taxonomy":"post_tag","embeddable":true,"href":"https:\/\/www.btv.md\/ro\/wp-json\/wp\/v2\/tags?post=41170"}],"curies":[{"name":"wp","href":"https:\/\/api.w.org\/{rel}","templated":true}]}}