{"id":41185,"date":"2018-02-19T23:13:12","date_gmt":"2018-02-19T20:13:12","guid":{"rendered":"https:\/\/btv.md\/?p=41185"},"modified":"2018-02-19T23:13:12","modified_gmt":"2018-02-19T20:13:12","slug":"pot-sau-nu-moldovenii-sa-munceasca-in-ue-in-baza-pasapoartelor-biometrice-noi","status":"publish","type":"post","link":"https:\/\/www.btv.md\/ro\/pot-sau-nu-moldovenii-sa-munceasca-in-ue-in-baza-pasapoartelor-biometrice-noi\/","title":{"rendered":"Pot sau nu moldovenii s\u0103 munceasc\u0103 \u00een ue \u00een baza pa\u0219apoartelor biometrice noi"},"content":{"rendered":"<p style=\"text-align: center;\"><iframe data-src=\"https:\/\/www.youtube.com\/embed\/eBmWmR3UwYY\" width=\"854\" height=\"480\" frameborder=\"0\" allowfullscreen=\"allowfullscreen\" src=\"data:image\/svg+xml;base64,PHN2ZyB3aWR0aD0iMSIgaGVpZ2h0PSIxIiB4bWxucz0iaHR0cDovL3d3dy53My5vcmcvMjAwMC9zdmciPjwvc3ZnPg==\" class=\"lazyload\" data-load-mode=\"1\"><\/iframe><\/p>\n<h4>\u00cencep\u00eend cu 5 februarie curent,\u00a0Agen\u021bia Servicii Publice a \u00eenceput eliberarea pa\u0219apoartelor moldovene\u015fti de tip nou.\u00a0Noile documente vor avea un grad sporit de protec\u021bie, dar \u0219i un design nou, noteaz\u0103 <a href=\"http:\/\/noi.md\/md\/societate\/pot-sau-nu-moldovenii-sa-munceasca-in-ue-in-baza-pasapoartelor-biometrice-noi\">noi.md<\/a>.<\/h4>\n<p>Chiar \u015fi a\u015fa, mul\u0163i moldoveni se \u00eentreab\u0103 dac\u0103\u00a0odat\u0103 cu ob\u0163inerea noilor pa\u015fapoarte vor putea munci legal \u00een \u0163\u0103rile Uniunii Europene. Aceasta este \u015fi \u00eentrebarea lui Sergiu Coseri, care a venit pe adresa redac\u0163iei noastre la \u00eenceputul acestei s\u0103pt\u0103m\u00eeni.<\/p>\n<p>Pentru a g\u0103si un r\u0103spuns corect, am apelat la speciali\u015ftii \u00een domeniu, potrivit c\u0103rora\u00a0c\u0103l\u0103toria f\u0103r\u0103 vize \u00een statele UE cu pa\u0219aportul biometric moldovenesc valabil (inclusiv cu cel de tip nou) NU OFER\u0102 dreptul la: MUNC\u0102, STUDII (sejur mai mult de 90 de zile), MIGRARE \u0219i RE\u00ceNTREGIREA FAMILIEI. De regul\u0103, pentru a munci, migra sau studia, este necesar\u0103\u00a0ob\u021binerea\u00a0vizei\u00a0de lung sejur &#8211; Viza de tip D (Viza na\u021bional\u0103).<\/p>\n<p>Cu titlu aparte me\u021bion\u0103m c\u0103 exist\u0103 numeroase mituri despre pa\u0219aportul biometric moldovenesc. Astfel, dac\u0103 a\u021bi ob\u021binut un pa\u0219aport biometric moldovenesc sau v\u0103 g\u00eendi\u021bi s\u0103-l solicita\u021bi \u00een cur\u00eend pentru a c\u0103l\u0103tori f\u0103r\u0103 viz\u0103, \u021bine\u021bi cont c\u0103:<\/p>\n<ol>\n<li>Pa\u0219aportul biometric nu anuleaz\u0103 interdic\u021biile de intrare \u00een statele UE\/spa\u021biul Schengen aplicate anterior pe numele Dvs;<\/li>\n<li>Pa\u0219aportul biometric nu anuleaz\u0103 ordinele de p\u0103r\u0103sire for\u021bat\u0103 (expulzare-deportare) emise pe numele Dvs. de c\u0103tre un stat UE\/al spa\u021biului Schengen;<\/li>\n<li>Cu pa\u0219aportul biometric moldovenesc NU pute\u021bi c\u0103l\u0103tori f\u0103r\u0103 vize \u00een toate statele lumii, ci doar \u00een anumite state.<\/li>\n<\/ol>\n<p>V\u0103 recomnad\u0103m s\u0103 privi\u021bi urm\u0103torul material\u00a0<a href=\"http:\/\/www.viza.md\/content\/despre-angajarea-%C3%AEn-c%C3%AEmpul-muncii-pe-teritoriul-ue-cu-pa%C8%99aport-biometric-1\">video<\/a>\u00a0care con\u021bine unele preciz\u0103ri referitoare la posibilitatea angaj\u0103rii \u00een c\u00eempul muncii pe teritoriul UE cu pa\u0219aport biometric moldovenesc sau ucrainean, oferite de c\u0103tre \u0219eful Sec\u021biei consulare a Ambasadei Ungariei la\u00a0<a href=\"http:\/\/moldovenii.md\/md\/city\/details\/id\/67\">Chi\u0219in\u0103u<\/a>, Gyula Levente Sass, \u00een cadrul unei conferin\u021be de pres\u0103.<\/p>\n","protected":false},"excerpt":{"rendered":"<p>\u00cencep\u00eend cu 5 februarie curent,\u00a0Agen\u021bia Servicii Publice a \u00eenceput eliberarea pa\u0219apoartelor moldovene\u015fti de tip nou.\u00a0Noile documente vor avea un grad sporit de protec\u021bie, dar \u0219i un design nou, noteaz\u0103 noi.md. Chiar \u015fi a\u015fa, mul\u0163i moldoveni se \u00eentreab\u0103 dac\u0103\u00a0odat\u0103 cu ob\u0163inerea noilor pa\u015fapoarte vor putea munci legal \u00een \u0163\u0103rile Uniunii Europene. Aceasta este \u015fi \u00eentrebarea lui [&hellip;]<\/p>\n","protected":false},"author":4,"featured_media":41186,"comment_status":"closed","ping_status":"closed","sticky":false,"template":"","format":"standard","meta":{"footnotes":""},"categories":[6349],"tags":[],"class_list":["post-41185","post","type-post","status-publish","format-standard","has-post-thumbnail","hentry","category-social"],"yoast_head":"<!-- This site is optimized with the Yoast SEO plugin v27.4 - https:\/\/yoast.com\/product\/yoast-seo-wordpress\/ -->\n<title>Pot sau nu moldovenii s\u0103 munceasc\u0103 \u00een ue \u00een baza pa\u0219apoartelor biometrice noi<\/title>\n<meta name=\"description\" content=\"\u00cencep\u00eend cu 5 februarie curent,\u00a0Agen\u021bia Servicii Publice a \u00eenceput eliberarea pa\u0219apoartelor moldovene\u015fti de tip nou.\u00a0Noile documente vor avea un grad sporit de protec\u021bie, dar \u0219i un design nou, noteaz\u0103 noi.md.\" \/>\n<meta name=\"robots\" content=\"index, follow, max-snippet:-1, max-image-preview:large, max-video-preview:-1\" \/>\n<link rel=\"canonical\" href=\"https:\/\/www.btv.md\/ro\/pot-sau-nu-moldovenii-sa-munceasca-in-ue-in-baza-pasapoartelor-biometrice-noi\/\" \/>\n<meta property=\"og:locale\" content=\"ro_RO\" \/>\n<meta property=\"og:type\" content=\"article\" \/>\n<meta property=\"og:title\" content=\"Pot sau nu moldovenii s\u0103 munceasc\u0103 \u00een ue \u00een baza pa\u0219apoartelor biometrice noi\" \/>\n<meta property=\"og:description\" content=\"\u00cencep\u00eend cu 5 februarie curent,\u00a0Agen\u021bia Servicii Publice a \u00eenceput eliberarea pa\u0219apoartelor moldovene\u015fti de tip nou.\u00a0Noile documente vor avea un grad sporit de protec\u021bie, dar \u0219i un design nou, noteaz\u0103 noi.md.\" \/>\n<meta property=\"og:url\" content=\"https:\/\/www.btv.md\/ro\/pot-sau-nu-moldovenii-sa-munceasca-in-ue-in-baza-pasapoartelor-biometrice-noi\/\" \/>\n<meta property=\"og:site_name\" content=\"BTV\" \/>\n<meta property=\"article:publisher\" content=\"https:\/\/www.facebook.com\/btvmoldova\/\" \/>\n<meta property=\"article:published_time\" content=\"2018-02-19T20:13:12+00:00\" \/>\n<meta property=\"og:image\" content=\"https:\/\/www.btv.md\/wp-content\/uploads\/2018\/02\/biompasport.jpg\" \/>\n\t<meta property=\"og:image:width\" content=\"700\" \/>\n\t<meta property=\"og:image:height\" content=\"500\" \/>\n\t<meta property=\"og:image:type\" content=\"image\/jpeg\" \/>\n<meta name=\"author\" content=\"admin\" \/>\n<meta name=\"twitter:label1\" content=\"Scris de\" \/>\n\t<meta name=\"twitter:data1\" content=\"admin\" \/>\n\t<meta name=\"twitter:label2\" content=\"Timp estimat pentru citire\" \/>\n\t<meta name=\"twitter:data2\" content=\"2 minute\" \/>\n<script type=\"application\/ld+json\" class=\"yoast-schema-graph\">{\"@context\":\"https:\\\/\\\/schema.org\",\"@graph\":[{\"@type\":\"Article\",\"@id\":\"https:\\\/\\\/www.btv.md\\\/ro\\\/pot-sau-nu-moldovenii-sa-munceasca-in-ue-in-baza-pasapoartelor-biometrice-noi\\\/#article\",\"isPartOf\":{\"@id\":\"https:\\\/\\\/www.btv.md\\\/ro\\\/pot-sau-nu-moldovenii-sa-munceasca-in-ue-in-baza-pasapoartelor-biometrice-noi\\\/\"},\"author\":{\"name\":\"admin\",\"@id\":\"https:\\\/\\\/www.btv.md\\\/#\\\/schema\\\/person\\\/8fadce81561b3ce2c34c46dadc4ccbf2\"},\"headline\":\"Pot sau nu moldovenii s\u0103 munceasc\u0103 \u00een ue \u00een baza pa\u0219apoartelor biometrice noi\",\"datePublished\":\"2018-02-19T20:13:12+00:00\",\"mainEntityOfPage\":{\"@id\":\"https:\\\/\\\/www.btv.md\\\/ro\\\/pot-sau-nu-moldovenii-sa-munceasca-in-ue-in-baza-pasapoartelor-biometrice-noi\\\/\"},\"wordCount\":358,\"image\":{\"@id\":\"https:\\\/\\\/www.btv.md\\\/ro\\\/pot-sau-nu-moldovenii-sa-munceasca-in-ue-in-baza-pasapoartelor-biometrice-noi\\\/#primaryimage\"},\"thumbnailUrl\":\"https:\\\/\\\/www.btv.md\\\/wp-content\\\/uploads\\\/2018\\\/02\\\/biompasport.jpg\",\"articleSection\":[\"Social\"],\"inLanguage\":\"ro-RO\"},{\"@type\":\"WebPage\",\"@id\":\"https:\\\/\\\/www.btv.md\\\/ro\\\/pot-sau-nu-moldovenii-sa-munceasca-in-ue-in-baza-pasapoartelor-biometrice-noi\\\/\",\"url\":\"https:\\\/\\\/www.btv.md\\\/ro\\\/pot-sau-nu-moldovenii-sa-munceasca-in-ue-in-baza-pasapoartelor-biometrice-noi\\\/\",\"name\":\"Pot sau nu moldovenii s\u0103 munceasc\u0103 \u00een ue \u00een baza pa\u0219apoartelor biometrice noi\",\"isPartOf\":{\"@id\":\"https:\\\/\\\/www.btv.md\\\/#website\"},\"primaryImageOfPage\":{\"@id\":\"https:\\\/\\\/www.btv.md\\\/ro\\\/pot-sau-nu-moldovenii-sa-munceasca-in-ue-in-baza-pasapoartelor-biometrice-noi\\\/#primaryimage\"},\"image\":{\"@id\":\"https:\\\/\\\/www.btv.md\\\/ro\\\/pot-sau-nu-moldovenii-sa-munceasca-in-ue-in-baza-pasapoartelor-biometrice-noi\\\/#primaryimage\"},\"thumbnailUrl\":\"https:\\\/\\\/www.btv.md\\\/wp-content\\\/uploads\\\/2018\\\/02\\\/biompasport.jpg\",\"datePublished\":\"2018-02-19T20:13:12+00:00\",\"author\":{\"@id\":\"https:\\\/\\\/www.btv.md\\\/#\\\/schema\\\/person\\\/8fadce81561b3ce2c34c46dadc4ccbf2\"},\"description\":\"\u00cencep\u00eend cu 5 februarie curent,\u00a0Agen\u021bia Servicii Publice a \u00eenceput eliberarea pa\u0219apoartelor moldovene\u015fti de tip nou.\u00a0Noile documente vor avea un grad sporit de protec\u021bie, dar \u0219i un design nou, noteaz\u0103 noi.md.\",\"inLanguage\":\"ro-RO\",\"potentialAction\":[{\"@type\":\"ReadAction\",\"target\":[\"https:\\\/\\\/www.btv.md\\\/ro\\\/pot-sau-nu-moldovenii-sa-munceasca-in-ue-in-baza-pasapoartelor-biometrice-noi\\\/\"]}]},{\"@type\":\"ImageObject\",\"inLanguage\":\"ro-RO\",\"@id\":\"https:\\\/\\\/www.btv.md\\\/ro\\\/pot-sau-nu-moldovenii-sa-munceasca-in-ue-in-baza-pasapoartelor-biometrice-noi\\\/#primaryimage\",\"url\":\"https:\\\/\\\/www.btv.md\\\/wp-content\\\/uploads\\\/2018\\\/02\\\/biompasport.jpg\",\"contentUrl\":\"https:\\\/\\\/www.btv.md\\\/wp-content\\\/uploads\\\/2018\\\/02\\\/biompasport.jpg\",\"width\":700,\"height\":500},{\"@type\":\"WebSite\",\"@id\":\"https:\\\/\\\/www.btv.md\\\/#website\",\"url\":\"https:\\\/\\\/www.btv.md\\\/\",\"name\":\"BTV\",\"description\":\"\u0411\u0435\u043b\u044c\u0446\u043a\u043e\u0435 \u0442\u0435\u043b\u0435\u0432\u0438\u0434\u0435\u043d\u0438\u0435\",\"potentialAction\":[{\"@type\":\"SearchAction\",\"target\":{\"@type\":\"EntryPoint\",\"urlTemplate\":\"https:\\\/\\\/www.btv.md\\\/?s={search_term_string}\"},\"query-input\":{\"@type\":\"PropertyValueSpecification\",\"valueRequired\":true,\"valueName\":\"search_term_string\"}}],\"inLanguage\":\"ro-RO\"},{\"@type\":\"Person\",\"@id\":\"https:\\\/\\\/www.btv.md\\\/#\\\/schema\\\/person\\\/8fadce81561b3ce2c34c46dadc4ccbf2\",\"name\":\"admin\"}]}<\/script>\n<!-- \/ Yoast SEO plugin. -->","yoast_head_json":{"title":"Pot sau nu moldovenii s\u0103 munceasc\u0103 \u00een ue \u00een baza pa\u0219apoartelor biometrice noi","description":"\u00cencep\u00eend cu 5 februarie curent,\u00a0Agen\u021bia Servicii Publice a \u00eenceput eliberarea pa\u0219apoartelor moldovene\u015fti de tip nou.\u00a0Noile documente vor avea un grad sporit de protec\u021bie, dar \u0219i un design nou, noteaz\u0103 noi.md.","robots":{"index":"index","follow":"follow","max-snippet":"max-snippet:-1","max-image-preview":"max-image-preview:large","max-video-preview":"max-video-preview:-1"},"canonical":"https:\/\/www.btv.md\/ro\/pot-sau-nu-moldovenii-sa-munceasca-in-ue-in-baza-pasapoartelor-biometrice-noi\/","og_locale":"ro_RO","og_type":"article","og_title":"Pot sau nu moldovenii s\u0103 munceasc\u0103 \u00een ue \u00een baza pa\u0219apoartelor biometrice noi","og_description":"\u00cencep\u00eend cu 5 februarie curent,\u00a0Agen\u021bia Servicii Publice a \u00eenceput eliberarea pa\u0219apoartelor moldovene\u015fti de tip nou.\u00a0Noile documente vor avea un grad sporit de protec\u021bie, dar \u0219i un design nou, noteaz\u0103 noi.md.","og_url":"https:\/\/www.btv.md\/ro\/pot-sau-nu-moldovenii-sa-munceasca-in-ue-in-baza-pasapoartelor-biometrice-noi\/","og_site_name":"BTV","article_publisher":"https:\/\/www.facebook.com\/btvmoldova\/","article_published_time":"2018-02-19T20:13:12+00:00","og_image":[{"width":700,"height":500,"url":"https:\/\/www.btv.md\/wp-content\/uploads\/2018\/02\/biompasport.jpg","type":"image\/jpeg"}],"author":"admin","twitter_misc":{"Scris de":"admin","Timp estimat pentru citire":"2 minute"},"schema":{"@context":"https:\/\/schema.org","@graph":[{"@type":"Article","@id":"https:\/\/www.btv.md\/ro\/pot-sau-nu-moldovenii-sa-munceasca-in-ue-in-baza-pasapoartelor-biometrice-noi\/#article","isPartOf":{"@id":"https:\/\/www.btv.md\/ro\/pot-sau-nu-moldovenii-sa-munceasca-in-ue-in-baza-pasapoartelor-biometrice-noi\/"},"author":{"name":"admin","@id":"https:\/\/www.btv.md\/#\/schema\/person\/8fadce81561b3ce2c34c46dadc4ccbf2"},"headline":"Pot sau nu moldovenii s\u0103 munceasc\u0103 \u00een ue \u00een baza pa\u0219apoartelor biometrice noi","datePublished":"2018-02-19T20:13:12+00:00","mainEntityOfPage":{"@id":"https:\/\/www.btv.md\/ro\/pot-sau-nu-moldovenii-sa-munceasca-in-ue-in-baza-pasapoartelor-biometrice-noi\/"},"wordCount":358,"image":{"@id":"https:\/\/www.btv.md\/ro\/pot-sau-nu-moldovenii-sa-munceasca-in-ue-in-baza-pasapoartelor-biometrice-noi\/#primaryimage"},"thumbnailUrl":"https:\/\/www.btv.md\/wp-content\/uploads\/2018\/02\/biompasport.jpg","articleSection":["Social"],"inLanguage":"ro-RO"},{"@type":"WebPage","@id":"https:\/\/www.btv.md\/ro\/pot-sau-nu-moldovenii-sa-munceasca-in-ue-in-baza-pasapoartelor-biometrice-noi\/","url":"https:\/\/www.btv.md\/ro\/pot-sau-nu-moldovenii-sa-munceasca-in-ue-in-baza-pasapoartelor-biometrice-noi\/","name":"Pot sau nu moldovenii s\u0103 munceasc\u0103 \u00een ue \u00een baza pa\u0219apoartelor biometrice noi","isPartOf":{"@id":"https:\/\/www.btv.md\/#website"},"primaryImageOfPage":{"@id":"https:\/\/www.btv.md\/ro\/pot-sau-nu-moldovenii-sa-munceasca-in-ue-in-baza-pasapoartelor-biometrice-noi\/#primaryimage"},"image":{"@id":"https:\/\/www.btv.md\/ro\/pot-sau-nu-moldovenii-sa-munceasca-in-ue-in-baza-pasapoartelor-biometrice-noi\/#primaryimage"},"thumbnailUrl":"https:\/\/www.btv.md\/wp-content\/uploads\/2018\/02\/biompasport.jpg","datePublished":"2018-02-19T20:13:12+00:00","author":{"@id":"https:\/\/www.btv.md\/#\/schema\/person\/8fadce81561b3ce2c34c46dadc4ccbf2"},"description":"\u00cencep\u00eend cu 5 februarie curent,\u00a0Agen\u021bia Servicii Publice a \u00eenceput eliberarea pa\u0219apoartelor moldovene\u015fti de tip nou.\u00a0Noile documente vor avea un grad sporit de protec\u021bie, dar \u0219i un design nou, noteaz\u0103 noi.md.","inLanguage":"ro-RO","potentialAction":[{"@type":"ReadAction","target":["https:\/\/www.btv.md\/ro\/pot-sau-nu-moldovenii-sa-munceasca-in-ue-in-baza-pasapoartelor-biometrice-noi\/"]}]},{"@type":"ImageObject","inLanguage":"ro-RO","@id":"https:\/\/www.btv.md\/ro\/pot-sau-nu-moldovenii-sa-munceasca-in-ue-in-baza-pasapoartelor-biometrice-noi\/#primaryimage","url":"https:\/\/www.btv.md\/wp-content\/uploads\/2018\/02\/biompasport.jpg","contentUrl":"https:\/\/www.btv.md\/wp-content\/uploads\/2018\/02\/biompasport.jpg","width":700,"height":500},{"@type":"WebSite","@id":"https:\/\/www.btv.md\/#website","url":"https:\/\/www.btv.md\/","name":"BTV","description":"\u0411\u0435\u043b\u044c\u0446\u043a\u043e\u0435 \u0442\u0435\u043b\u0435\u0432\u0438\u0434\u0435\u043d\u0438\u0435","potentialAction":[{"@type":"SearchAction","target":{"@type":"EntryPoint","urlTemplate":"https:\/\/www.btv.md\/?s={search_term_string}"},"query-input":{"@type":"PropertyValueSpecification","valueRequired":true,"valueName":"search_term_string"}}],"inLanguage":"ro-RO"},{"@type":"Person","@id":"https:\/\/www.btv.md\/#\/schema\/person\/8fadce81561b3ce2c34c46dadc4ccbf2","name":"admin"}]}},"_links":{"self":[{"href":"https:\/\/www.btv.md\/ro\/wp-json\/wp\/v2\/posts\/41185","targetHints":{"allow":["GET"]}}],"collection":[{"href":"https:\/\/www.btv.md\/ro\/wp-json\/wp\/v2\/posts"}],"about":[{"href":"https:\/\/www.btv.md\/ro\/wp-json\/wp\/v2\/types\/post"}],"author":[{"embeddable":true,"href":"https:\/\/www.btv.md\/ro\/wp-json\/wp\/v2\/users\/4"}],"replies":[{"embeddable":true,"href":"https:\/\/www.btv.md\/ro\/wp-json\/wp\/v2\/comments?post=41185"}],"version-history":[{"count":0,"href":"https:\/\/www.btv.md\/ro\/wp-json\/wp\/v2\/posts\/41185\/revisions"}],"wp:featuredmedia":[{"embeddable":true,"href":"https:\/\/www.btv.md\/ro\/wp-json\/wp\/v2\/media\/41186"}],"wp:attachment":[{"href":"https:\/\/www.btv.md\/ro\/wp-json\/wp\/v2\/media?parent=41185"}],"wp:term":[{"taxonomy":"category","embeddable":true,"href":"https:\/\/www.btv.md\/ro\/wp-json\/wp\/v2\/categories?post=41185"},{"taxonomy":"post_tag","embeddable":true,"href":"https:\/\/www.btv.md\/ro\/wp-json\/wp\/v2\/tags?post=41185"}],"curies":[{"name":"wp","href":"https:\/\/api.w.org\/{rel}","templated":true}]}}