{"id":41188,"date":"2018-02-19T23:16:19","date_gmt":"2018-02-19T20:16:19","guid":{"rendered":"https:\/\/btv.md\/?p=41188"},"modified":"2018-02-19T23:16:19","modified_gmt":"2018-02-19T20:16:19","slug":"automobilele-vechi-vor-fi-interzise-in-republica-moldova","status":"publish","type":"post","link":"https:\/\/www.btv.md\/ro\/automobilele-vechi-vor-fi-interzise-in-republica-moldova\/","title":{"rendered":"Automobilele vechi vor fi interzise \u00een republica Moldova"},"content":{"rendered":"<p style=\"text-align: center;\"><iframe data-src=\"https:\/\/www.youtube.com\/embed\/5JQ27FaJXCk\" width=\"854\" height=\"480\" frameborder=\"0\" allowfullscreen=\"allowfullscreen\" src=\"data:image\/svg+xml;base64,PHN2ZyB3aWR0aD0iMSIgaGVpZ2h0PSIxIiB4bWxucz0iaHR0cDovL3d3dy53My5vcmcvMjAwMC9zdmciPjwvc3ZnPg==\" class=\"lazyload\" data-load-mode=\"1\"><\/iframe><\/p>\n<h4>Programul de promovare a economiei \u201everzi\u201d \u00een Republica Moldova pentru anii 2018-2020, sus\u021binut de Guvernul de la Chi\u0219in\u0103u, prevede interzicerea automobilelor vechi \u0219i promovarea importului de ma\u0219ini cu motor electric \u0219i hibride, transmite <a href=\"https:\/\/www.sputnik.md\/moldova\/20180218\/17368531\/automobile-vechi-interzise.html\">Sputnik<\/a>.\u00a0<\/h4>\n<p>Automobilele vechi vor fi declarate \u00een afara legii, potrivit Programului de promovare a economiei \u201everzi\u201d \u00een Republica Moldova pentru anii 2018-2020, sus\u021binut de Guvernul de la Chi\u0219in\u0103u.\u00a0<\/p>\n<p>Conform documentului, pentru reducerea polu\u0103rii aerului cu 30 la sut\u0103 p\u00e2n\u0103 \u00een anul 2020 prin dezvoltarea transportului durabil, se propun un \u0219ir de ac\u021biuni. Printre acestea se reg\u0103sesc: promovarea elimin\u0103rii treptate a ma\u0219inilor vechi prin dezvoltarea \u0219i implementarea unui program de stat \u00een colaborare cu companiile private.\u00a0<\/p>\n<p>De asemenea, autorul Programului, Ministerul Agriculturii, Dezvolt\u0103rii Regionale \u015fi Mediului, sus\u021bine c\u0103 pentru a reduce nivelul de poluare a aerului este necesar\u0103\u00a0 elaborarea stimulentelor fiscale pentru importul ma\u0219inilor cu motor electric \u0219i hibride, precum \u0219i dezvoltarea infrastructurii na\u021bionale necesare pentru ma\u0219inile electrice.\u00a0<\/p>\n<p>Programul mai prevede aplicarea restric\u021biilor pentru circula\u021bia autovehiculelor de toate tipurile, inclusiv pentru transportul public \u0219i cel industrial\/comercial, mai vechi de 15 ani; modernizarea transportului public vechi prin substituirea acestuia cu mijloace de transport ecologic (electric).\u00a0<\/p>\n<p>Dac\u0103 va fi aplicat \u00een practic\u0103 acest document, atunci \u00een viitorul apropiat va fi interzis importul de autovehicule mai vechi de 7 ani \u0219i inferioare standardelor Euro 5. \u00cen acest sens, urmeaz\u0103 s\u0103 fie elaborate \u0219i promovate deciziile de interzicere a importului unor astfel de autovehicule.<\/p>\n<p>Pentru\u00a0 a reduce ambuteiajele \u0219i poluarea aerului, se propune reglementarea intr\u0103rii autovehiculelor \u00een ora\u0219e \u0219i \u00een centrul ora\u0219elor, elaborarea reglement\u0103rilor privind promovarea utiliz\u0103rii mijloacelor de transport \u00een comun, dezvoltarea prioritar\u0103 a transportului public urban \u0219i reducerea semnificativ\u0103 (cu 30%) a num\u0103rului de microbuze, redirec\u021bionarea rutelor urbane \u0219i diminuarea traficului de pe arterele centrale, crearea traseelor de ocolire a centrelor urbane.<\/p>\n<p>Programul mai prevede integrarea \u00een politicile cu privire la transport a prevederilor de mediu ce \u021bin de \u00eencurajarea utiliz\u0103rii combustibililor alternativi \u0219i a noilor tehnologii \u00een toate tipurile de transport.\u00a0<\/p>\n","protected":false},"excerpt":{"rendered":"<p>Programul de promovare a economiei \u201everzi\u201d \u00een Republica Moldova pentru anii 2018-2020, sus\u021binut de Guvernul de la Chi\u0219in\u0103u, prevede interzicerea automobilelor vechi \u0219i promovarea importului de ma\u0219ini cu motor electric \u0219i hibride, transmite Sputnik.\u00a0 Automobilele vechi vor fi declarate \u00een afara legii, potrivit Programului de promovare a economiei \u201everzi\u201d \u00een Republica Moldova pentru anii 2018-2020, [&hellip;]<\/p>\n","protected":false},"author":4,"featured_media":41189,"comment_status":"closed","ping_status":"closed","sticky":false,"template":"","format":"standard","meta":{"footnotes":""},"categories":[6349],"tags":[],"class_list":["post-41188","post","type-post","status-publish","format-standard","has-post-thumbnail","hentry","category-social"],"yoast_head":"<!-- This site is optimized with the Yoast SEO plugin v27.4 - https:\/\/yoast.com\/product\/yoast-seo-wordpress\/ -->\n<title>Automobilele vechi vor fi interzise \u00een republica Moldova<\/title>\n<meta name=\"description\" content=\"Programul de promovare a economiei \u201everzi\u201d \u00een Republica Moldova pentru anii 2018-2020, sus\u021binut de Guvernul de la Chi\u0219in\u0103u, prevede interzicerea automobilelor vechi \u0219i promovarea importului de ma\u0219ini cu motor electric \u0219i hibride, transmite Sputnik.\u00a0\" \/>\n<meta name=\"robots\" content=\"index, follow, max-snippet:-1, max-image-preview:large, max-video-preview:-1\" \/>\n<link rel=\"canonical\" href=\"https:\/\/www.btv.md\/ro\/automobilele-vechi-vor-fi-interzise-in-republica-moldova\/\" \/>\n<meta property=\"og:locale\" content=\"ro_RO\" \/>\n<meta property=\"og:type\" content=\"article\" \/>\n<meta property=\"og:title\" content=\"Automobilele vechi vor fi interzise \u00een republica Moldova\" \/>\n<meta property=\"og:description\" content=\"Programul de promovare a economiei \u201everzi\u201d \u00een Republica Moldova pentru anii 2018-2020, sus\u021binut de Guvernul de la Chi\u0219in\u0103u, prevede interzicerea automobilelor vechi \u0219i promovarea importului de ma\u0219ini cu motor electric \u0219i hibride, transmite Sputnik.\u00a0\" \/>\n<meta property=\"og:url\" content=\"https:\/\/www.btv.md\/ro\/automobilele-vechi-vor-fi-interzise-in-republica-moldova\/\" \/>\n<meta property=\"og:site_name\" content=\"BTV\" \/>\n<meta property=\"article:publisher\" content=\"https:\/\/www.facebook.com\/btvmoldova\/\" \/>\n<meta property=\"article:published_time\" content=\"2018-02-19T20:16:19+00:00\" \/>\n<meta property=\"og:image\" content=\"https:\/\/www.btv.md\/wp-content\/uploads\/2018\/02\/avtomibili.jpg\" \/>\n\t<meta property=\"og:image:width\" content=\"700\" \/>\n\t<meta property=\"og:image:height\" content=\"500\" \/>\n\t<meta property=\"og:image:type\" content=\"image\/jpeg\" \/>\n<meta name=\"author\" content=\"admin\" \/>\n<meta name=\"twitter:label1\" content=\"Scris de\" \/>\n\t<meta name=\"twitter:data1\" content=\"admin\" \/>\n\t<meta name=\"twitter:label2\" content=\"Timp estimat pentru citire\" \/>\n\t<meta name=\"twitter:data2\" content=\"2 minute\" \/>\n<script type=\"application\/ld+json\" class=\"yoast-schema-graph\">{\"@context\":\"https:\\\/\\\/schema.org\",\"@graph\":[{\"@type\":\"Article\",\"@id\":\"https:\\\/\\\/www.btv.md\\\/ro\\\/automobilele-vechi-vor-fi-interzise-in-republica-moldova\\\/#article\",\"isPartOf\":{\"@id\":\"https:\\\/\\\/www.btv.md\\\/ro\\\/automobilele-vechi-vor-fi-interzise-in-republica-moldova\\\/\"},\"author\":{\"name\":\"admin\",\"@id\":\"https:\\\/\\\/www.btv.md\\\/#\\\/schema\\\/person\\\/8fadce81561b3ce2c34c46dadc4ccbf2\"},\"headline\":\"Automobilele vechi vor fi interzise \u00een republica Moldova\",\"datePublished\":\"2018-02-19T20:16:19+00:00\",\"mainEntityOfPage\":{\"@id\":\"https:\\\/\\\/www.btv.md\\\/ro\\\/automobilele-vechi-vor-fi-interzise-in-republica-moldova\\\/\"},\"wordCount\":353,\"image\":{\"@id\":\"https:\\\/\\\/www.btv.md\\\/ro\\\/automobilele-vechi-vor-fi-interzise-in-republica-moldova\\\/#primaryimage\"},\"thumbnailUrl\":\"https:\\\/\\\/www.btv.md\\\/wp-content\\\/uploads\\\/2018\\\/02\\\/avtomibili.jpg\",\"articleSection\":[\"Social\"],\"inLanguage\":\"ro-RO\"},{\"@type\":\"WebPage\",\"@id\":\"https:\\\/\\\/www.btv.md\\\/ro\\\/automobilele-vechi-vor-fi-interzise-in-republica-moldova\\\/\",\"url\":\"https:\\\/\\\/www.btv.md\\\/ro\\\/automobilele-vechi-vor-fi-interzise-in-republica-moldova\\\/\",\"name\":\"Automobilele vechi vor fi interzise \u00een republica Moldova\",\"isPartOf\":{\"@id\":\"https:\\\/\\\/www.btv.md\\\/#website\"},\"primaryImageOfPage\":{\"@id\":\"https:\\\/\\\/www.btv.md\\\/ro\\\/automobilele-vechi-vor-fi-interzise-in-republica-moldova\\\/#primaryimage\"},\"image\":{\"@id\":\"https:\\\/\\\/www.btv.md\\\/ro\\\/automobilele-vechi-vor-fi-interzise-in-republica-moldova\\\/#primaryimage\"},\"thumbnailUrl\":\"https:\\\/\\\/www.btv.md\\\/wp-content\\\/uploads\\\/2018\\\/02\\\/avtomibili.jpg\",\"datePublished\":\"2018-02-19T20:16:19+00:00\",\"author\":{\"@id\":\"https:\\\/\\\/www.btv.md\\\/#\\\/schema\\\/person\\\/8fadce81561b3ce2c34c46dadc4ccbf2\"},\"description\":\"Programul de promovare a economiei \u201everzi\u201d \u00een Republica Moldova pentru anii 2018-2020, sus\u021binut de Guvernul de la Chi\u0219in\u0103u, prevede interzicerea automobilelor vechi \u0219i promovarea importului de ma\u0219ini cu motor electric \u0219i hibride, transmite Sputnik.\u00a0\",\"inLanguage\":\"ro-RO\",\"potentialAction\":[{\"@type\":\"ReadAction\",\"target\":[\"https:\\\/\\\/www.btv.md\\\/ro\\\/automobilele-vechi-vor-fi-interzise-in-republica-moldova\\\/\"]}]},{\"@type\":\"ImageObject\",\"inLanguage\":\"ro-RO\",\"@id\":\"https:\\\/\\\/www.btv.md\\\/ro\\\/automobilele-vechi-vor-fi-interzise-in-republica-moldova\\\/#primaryimage\",\"url\":\"https:\\\/\\\/www.btv.md\\\/wp-content\\\/uploads\\\/2018\\\/02\\\/avtomibili.jpg\",\"contentUrl\":\"https:\\\/\\\/www.btv.md\\\/wp-content\\\/uploads\\\/2018\\\/02\\\/avtomibili.jpg\",\"width\":700,\"height\":500},{\"@type\":\"WebSite\",\"@id\":\"https:\\\/\\\/www.btv.md\\\/#website\",\"url\":\"https:\\\/\\\/www.btv.md\\\/\",\"name\":\"BTV\",\"description\":\"\u0411\u0435\u043b\u044c\u0446\u043a\u043e\u0435 \u0442\u0435\u043b\u0435\u0432\u0438\u0434\u0435\u043d\u0438\u0435\",\"potentialAction\":[{\"@type\":\"SearchAction\",\"target\":{\"@type\":\"EntryPoint\",\"urlTemplate\":\"https:\\\/\\\/www.btv.md\\\/?s={search_term_string}\"},\"query-input\":{\"@type\":\"PropertyValueSpecification\",\"valueRequired\":true,\"valueName\":\"search_term_string\"}}],\"inLanguage\":\"ro-RO\"},{\"@type\":\"Person\",\"@id\":\"https:\\\/\\\/www.btv.md\\\/#\\\/schema\\\/person\\\/8fadce81561b3ce2c34c46dadc4ccbf2\",\"name\":\"admin\"}]}<\/script>\n<!-- \/ Yoast SEO plugin. -->","yoast_head_json":{"title":"Automobilele vechi vor fi interzise \u00een republica Moldova","description":"Programul de promovare a economiei \u201everzi\u201d \u00een Republica Moldova pentru anii 2018-2020, sus\u021binut de Guvernul de la Chi\u0219in\u0103u, prevede interzicerea automobilelor vechi \u0219i promovarea importului de ma\u0219ini cu motor electric \u0219i hibride, transmite Sputnik.\u00a0","robots":{"index":"index","follow":"follow","max-snippet":"max-snippet:-1","max-image-preview":"max-image-preview:large","max-video-preview":"max-video-preview:-1"},"canonical":"https:\/\/www.btv.md\/ro\/automobilele-vechi-vor-fi-interzise-in-republica-moldova\/","og_locale":"ro_RO","og_type":"article","og_title":"Automobilele vechi vor fi interzise \u00een republica Moldova","og_description":"Programul de promovare a economiei \u201everzi\u201d \u00een Republica Moldova pentru anii 2018-2020, sus\u021binut de Guvernul de la Chi\u0219in\u0103u, prevede interzicerea automobilelor vechi \u0219i promovarea importului de ma\u0219ini cu motor electric \u0219i hibride, transmite Sputnik.\u00a0","og_url":"https:\/\/www.btv.md\/ro\/automobilele-vechi-vor-fi-interzise-in-republica-moldova\/","og_site_name":"BTV","article_publisher":"https:\/\/www.facebook.com\/btvmoldova\/","article_published_time":"2018-02-19T20:16:19+00:00","og_image":[{"width":700,"height":500,"url":"https:\/\/www.btv.md\/wp-content\/uploads\/2018\/02\/avtomibili.jpg","type":"image\/jpeg"}],"author":"admin","twitter_misc":{"Scris de":"admin","Timp estimat pentru citire":"2 minute"},"schema":{"@context":"https:\/\/schema.org","@graph":[{"@type":"Article","@id":"https:\/\/www.btv.md\/ro\/automobilele-vechi-vor-fi-interzise-in-republica-moldova\/#article","isPartOf":{"@id":"https:\/\/www.btv.md\/ro\/automobilele-vechi-vor-fi-interzise-in-republica-moldova\/"},"author":{"name":"admin","@id":"https:\/\/www.btv.md\/#\/schema\/person\/8fadce81561b3ce2c34c46dadc4ccbf2"},"headline":"Automobilele vechi vor fi interzise \u00een republica Moldova","datePublished":"2018-02-19T20:16:19+00:00","mainEntityOfPage":{"@id":"https:\/\/www.btv.md\/ro\/automobilele-vechi-vor-fi-interzise-in-republica-moldova\/"},"wordCount":353,"image":{"@id":"https:\/\/www.btv.md\/ro\/automobilele-vechi-vor-fi-interzise-in-republica-moldova\/#primaryimage"},"thumbnailUrl":"https:\/\/www.btv.md\/wp-content\/uploads\/2018\/02\/avtomibili.jpg","articleSection":["Social"],"inLanguage":"ro-RO"},{"@type":"WebPage","@id":"https:\/\/www.btv.md\/ro\/automobilele-vechi-vor-fi-interzise-in-republica-moldova\/","url":"https:\/\/www.btv.md\/ro\/automobilele-vechi-vor-fi-interzise-in-republica-moldova\/","name":"Automobilele vechi vor fi interzise \u00een republica Moldova","isPartOf":{"@id":"https:\/\/www.btv.md\/#website"},"primaryImageOfPage":{"@id":"https:\/\/www.btv.md\/ro\/automobilele-vechi-vor-fi-interzise-in-republica-moldova\/#primaryimage"},"image":{"@id":"https:\/\/www.btv.md\/ro\/automobilele-vechi-vor-fi-interzise-in-republica-moldova\/#primaryimage"},"thumbnailUrl":"https:\/\/www.btv.md\/wp-content\/uploads\/2018\/02\/avtomibili.jpg","datePublished":"2018-02-19T20:16:19+00:00","author":{"@id":"https:\/\/www.btv.md\/#\/schema\/person\/8fadce81561b3ce2c34c46dadc4ccbf2"},"description":"Programul de promovare a economiei \u201everzi\u201d \u00een Republica Moldova pentru anii 2018-2020, sus\u021binut de Guvernul de la Chi\u0219in\u0103u, prevede interzicerea automobilelor vechi \u0219i promovarea importului de ma\u0219ini cu motor electric \u0219i hibride, transmite Sputnik.\u00a0","inLanguage":"ro-RO","potentialAction":[{"@type":"ReadAction","target":["https:\/\/www.btv.md\/ro\/automobilele-vechi-vor-fi-interzise-in-republica-moldova\/"]}]},{"@type":"ImageObject","inLanguage":"ro-RO","@id":"https:\/\/www.btv.md\/ro\/automobilele-vechi-vor-fi-interzise-in-republica-moldova\/#primaryimage","url":"https:\/\/www.btv.md\/wp-content\/uploads\/2018\/02\/avtomibili.jpg","contentUrl":"https:\/\/www.btv.md\/wp-content\/uploads\/2018\/02\/avtomibili.jpg","width":700,"height":500},{"@type":"WebSite","@id":"https:\/\/www.btv.md\/#website","url":"https:\/\/www.btv.md\/","name":"BTV","description":"\u0411\u0435\u043b\u044c\u0446\u043a\u043e\u0435 \u0442\u0435\u043b\u0435\u0432\u0438\u0434\u0435\u043d\u0438\u0435","potentialAction":[{"@type":"SearchAction","target":{"@type":"EntryPoint","urlTemplate":"https:\/\/www.btv.md\/?s={search_term_string}"},"query-input":{"@type":"PropertyValueSpecification","valueRequired":true,"valueName":"search_term_string"}}],"inLanguage":"ro-RO"},{"@type":"Person","@id":"https:\/\/www.btv.md\/#\/schema\/person\/8fadce81561b3ce2c34c46dadc4ccbf2","name":"admin"}]}},"_links":{"self":[{"href":"https:\/\/www.btv.md\/ro\/wp-json\/wp\/v2\/posts\/41188","targetHints":{"allow":["GET"]}}],"collection":[{"href":"https:\/\/www.btv.md\/ro\/wp-json\/wp\/v2\/posts"}],"about":[{"href":"https:\/\/www.btv.md\/ro\/wp-json\/wp\/v2\/types\/post"}],"author":[{"embeddable":true,"href":"https:\/\/www.btv.md\/ro\/wp-json\/wp\/v2\/users\/4"}],"replies":[{"embeddable":true,"href":"https:\/\/www.btv.md\/ro\/wp-json\/wp\/v2\/comments?post=41188"}],"version-history":[{"count":0,"href":"https:\/\/www.btv.md\/ro\/wp-json\/wp\/v2\/posts\/41188\/revisions"}],"wp:featuredmedia":[{"embeddable":true,"href":"https:\/\/www.btv.md\/ro\/wp-json\/wp\/v2\/media\/41189"}],"wp:attachment":[{"href":"https:\/\/www.btv.md\/ro\/wp-json\/wp\/v2\/media?parent=41188"}],"wp:term":[{"taxonomy":"category","embeddable":true,"href":"https:\/\/www.btv.md\/ro\/wp-json\/wp\/v2\/categories?post=41188"},{"taxonomy":"post_tag","embeddable":true,"href":"https:\/\/www.btv.md\/ro\/wp-json\/wp\/v2\/tags?post=41188"}],"curies":[{"name":"wp","href":"https:\/\/api.w.org\/{rel}","templated":true}]}}