{"id":41194,"date":"2018-02-19T23:24:00","date_gmt":"2018-02-19T20:24:00","guid":{"rendered":"https:\/\/btv.md\/?p=41194"},"modified":"2018-02-19T23:24:00","modified_gmt":"2018-02-19T20:24:00","slug":"cine-a-confiscat-averea-lui-vladimir-filat","status":"publish","type":"post","link":"https:\/\/www.btv.md\/ro\/cine-a-confiscat-averea-lui-vladimir-filat\/","title":{"rendered":"Cine a confiscat averea lui Vladimir Filat"},"content":{"rendered":"<p style=\"text-align: center;\"><iframe data-src=\"https:\/\/www.youtube.com\/embed\/_WWmCLyUWAY\" width=\"854\" height=\"480\" frameborder=\"0\" allowfullscreen=\"allowfullscreen\" src=\"data:image\/svg+xml;base64,PHN2ZyB3aWR0aD0iMSIgaGVpZ2h0PSIxIiB4bWxucz0iaHR0cDovL3d3dy53My5vcmcvMjAwMC9zdmciPjwvc3ZnPg==\" class=\"lazyload\" data-load-mode=\"1\"><\/iframe><\/p>\n<h4>Prin sentin\u021ba dat\u0103 de magistra\u021bi, o parte din averea fostului \u0219ef al Guvernului, Vladimir Filat, urmeaz\u0103 s\u0103 fie supus\u0103 confisc\u0103rii speciale, informeaz\u0103 <a href=\"https:\/\/www.sputnik.md\/moldova\/20180217\/17363264\/vladimir-filat-avere-confiscat.html\">Sputnik<\/a>.\u00a0<\/h4>\n<p>Fostul premier al Republicii Moldova, Vladimir Filat, se afl\u0103 de doi ani \u0219i patru luni \u00een \u00eenchisoare. Acesta a fost condamnat la 9 ani de deten\u021bie pentru corup\u021bie \u0219i trafic de influen\u021b\u0103. Prin sentin\u021ba dat\u0103 de magistra\u021bi, o parte din averea fostului \u0219ef al Guvernului de la Chi\u0219in\u0103u urmeaz\u0103 s\u0103 fie supus\u0103 confisc\u0103rii speciale.\u00a0<\/p>\n<p>Potrivit Codului Penal al Republicii Moldova, confiscarea special\u0103 const\u0103 \u00een trecerea, for\u021bat\u0103 \u0219i gratuit\u0103, \u00een proprietatea statului a bunurilor. \u00cen cazul \u00een care aceste bunuri nu mai exist\u0103, nu pot fi g\u0103site sau nu pot fi recuperate, se confisc\u0103 contravaloarea acestora. Sunt supuse confisc\u0103rii speciale bunurile utilizate sau destinate pentru s\u0103v\u00e2r\u0219irea unei infrac\u021biuni; rezultate din infrac\u021biuni, precum \u0219i orice venituri din valorificarea acestor bunuri; date pentru a determina s\u0103v\u00e2r\u015firea unei infrac\u0163iuni sau pentru a-l r\u0103spl\u0103ti pe infractor; de\u0163inute contrar dispozi\u0163iilor legale; convertite sau transformate, par\u0163ial sau integral, din bunurile rezultate din infrac\u0163iuni \u015fi din veniturile de la aceste bunuri; care constituie obiectul infrac\u021biunilor de sp\u0103lare a banilor sau de finan\u021bare a terorismului. Confiscarea special\u0103 se poate aplica chiar dac\u0103 f\u0103ptuitorului nu i se stabile\u015fte o pedeaps\u0103 penal\u0103.<\/p>\n<p>Procurorul \u0219ef anticorup\u021bie, Viorel Morari, a declarat c\u0103 procedura de confiscare a averii lui Filat \u021bine de executorul judec\u0103toresc. Morari a precizat c\u0103 procurorii nu au dreptul s\u0103 verifice acest proces, de aceea nu poate spune la ce etap\u0103 se afl\u0103 procedura de confiscare.\u00a0<\/p>\n<p>\u201dPrin sentin\u021ba de judecat\u0103 a fost dispus\u0103 confiscarea special\u0103 \u00een suma valorii mitei care a fost constatat\u0103 \u00een actul de condamnare. Procedura de confiscare \u021bine de executorul judec\u0103toresc. Procurorii nu au dreptul s\u0103 efectueze controale\u201d, a declarat Morari.<\/p>\n<p>La 15 ianuarie, Plenul Colegiului Penal al Cur\u021bii Supreme de Justi\u021bie a publicat decizia integral\u0103 \u00een dosarul fostului premier Vladimir Filat, condamnat la 9 ani de pu\u0219c\u0103rie pentru corup\u021bie. Ultima instan\u021b\u0103 a respins ca inadmisibil recursul \u00een anulare depus de avoca\u021bii fostului premier. Avocatul Igor Popa i-a solicitat Cur\u021bii casarea hot\u0103r\u00e2rilor instan\u021belor na\u021bionale, rejudecarea cauzei \u0219i pronun\u021barea unei noi hot\u0103r\u00e2ri prin care Filat s\u0103 fie achitat \u0219i eliberat din deten\u021bie.<\/p>\n<p>Pe 27 iunie 2016, Filat a fost condamnat de prima instan\u0163\u0103 la nou\u0103 ani de pu\u015fc\u0103rie \u00een penitenciar de tip \u00eenchis. Pe 11 noiembrie, Curtea de Apel a men\u0163inut \u00een vigoare decizia Judec\u0103toriei Buiucani cu privire la termenul de deten\u0163ie. Pe data de 22 februarie 2017, Curtea Suprem\u0103 de Justi\u021bie, de asemenea, a respins recursurile \u00eenaintate de avoca\u021bii lui Filat \u0219i procurori. Avoca\u021bii cereau achitarea fostului premier, iar procurorii \u2013 majorarea num\u0103rului anilor de deten\u021bie p\u00e2n\u0103 la 19.<\/p>\n<p>Ex-premierul se afl\u0103 acum \u00een arest \u00een Penitenciarul nr.13 din Chi\u0219in\u0103u. Acesta urma s\u0103 fie transferat \u00een \u00eenchisoarea din Lipcani, amplasat\u0103 \u00een nordul \u021b\u0103rii.<\/p>\n<p>Procurorul-\u0219ef Anticorup\u021bie, Viorel Morari, a declarat anterior pentru\u00a0<a href=\"https:\/\/sputnik.md\/\">Sputnik<\/a>\u00a0c\u0103 pe numele ex-premierului Vladimir Filat mai exist\u0103 \u0219i alte capete de acuzare.<\/p>\n<p>Fostul \u015fef al Guvernului \u015fi deputat PLDM a fost re\u0163inut la 15 octombrie 2015, imediat ce Parlamentul i-a retras imunitatea de deputat.<\/p>\n<p>Vladimir Filat va ie\u0219i din \u00eenchisoare la 15 octombrie 2024.<\/p>\n","protected":false},"excerpt":{"rendered":"<p>Prin sentin\u021ba dat\u0103 de magistra\u021bi, o parte din averea fostului \u0219ef al Guvernului, Vladimir Filat, urmeaz\u0103 s\u0103 fie supus\u0103 confisc\u0103rii speciale, informeaz\u0103 Sputnik.\u00a0 Fostul premier al Republicii Moldova, Vladimir Filat, se afl\u0103 de doi ani \u0219i patru luni \u00een \u00eenchisoare. Acesta a fost condamnat la 9 ani de deten\u021bie pentru corup\u021bie \u0219i trafic de influen\u021b\u0103. [&hellip;]<\/p>\n","protected":false},"author":4,"featured_media":41195,"comment_status":"closed","ping_status":"closed","sticky":false,"template":"","format":"standard","meta":{"footnotes":""},"categories":[6368],"tags":[],"class_list":["post-41194","post","type-post","status-publish","format-standard","has-post-thumbnail","hentry","category-politica-ro"],"yoast_head":"<!-- This site is optimized with the Yoast SEO plugin v27.4 - https:\/\/yoast.com\/product\/yoast-seo-wordpress\/ -->\n<title>Cine a confiscat averea lui Vladimir Filat<\/title>\n<meta name=\"description\" content=\"Prin sentin\u021ba dat\u0103 de magistra\u021bi, o parte din averea fostului \u0219ef al Guvernului, Vladimir Filat, urmeaz\u0103 s\u0103 fie supus\u0103 confisc\u0103rii speciale, informeaz\u0103 Sputnik.\u00a0\" \/>\n<meta name=\"robots\" content=\"index, follow, max-snippet:-1, max-image-preview:large, max-video-preview:-1\" \/>\n<link rel=\"canonical\" href=\"https:\/\/www.btv.md\/ro\/cine-a-confiscat-averea-lui-vladimir-filat\/\" \/>\n<meta property=\"og:locale\" content=\"ro_RO\" \/>\n<meta property=\"og:type\" content=\"article\" \/>\n<meta property=\"og:title\" content=\"Cine a confiscat averea lui Vladimir Filat\" \/>\n<meta property=\"og:description\" content=\"Prin sentin\u021ba dat\u0103 de magistra\u021bi, o parte din averea fostului \u0219ef al Guvernului, Vladimir Filat, urmeaz\u0103 s\u0103 fie supus\u0103 confisc\u0103rii speciale, informeaz\u0103 Sputnik.\u00a0\" \/>\n<meta property=\"og:url\" content=\"https:\/\/www.btv.md\/ro\/cine-a-confiscat-averea-lui-vladimir-filat\/\" \/>\n<meta property=\"og:site_name\" content=\"BTV\" \/>\n<meta property=\"article:publisher\" content=\"https:\/\/www.facebook.com\/btvmoldova\/\" \/>\n<meta property=\"article:published_time\" content=\"2018-02-19T20:24:00+00:00\" \/>\n<meta property=\"og:image\" content=\"https:\/\/www.btv.md\/wp-content\/uploads\/2018\/02\/Filat.jpg\" \/>\n\t<meta property=\"og:image:width\" content=\"700\" \/>\n\t<meta property=\"og:image:height\" content=\"500\" \/>\n\t<meta property=\"og:image:type\" content=\"image\/jpeg\" \/>\n<meta name=\"author\" content=\"admin\" \/>\n<meta name=\"twitter:label1\" content=\"Scris de\" \/>\n\t<meta name=\"twitter:data1\" content=\"admin\" \/>\n\t<meta name=\"twitter:label2\" content=\"Timp estimat pentru citire\" \/>\n\t<meta name=\"twitter:data2\" content=\"3 minute\" \/>\n<script type=\"application\/ld+json\" class=\"yoast-schema-graph\">{\"@context\":\"https:\\\/\\\/schema.org\",\"@graph\":[{\"@type\":\"Article\",\"@id\":\"https:\\\/\\\/www.btv.md\\\/ro\\\/cine-a-confiscat-averea-lui-vladimir-filat\\\/#article\",\"isPartOf\":{\"@id\":\"https:\\\/\\\/www.btv.md\\\/ro\\\/cine-a-confiscat-averea-lui-vladimir-filat\\\/\"},\"author\":{\"name\":\"admin\",\"@id\":\"https:\\\/\\\/www.btv.md\\\/#\\\/schema\\\/person\\\/8fadce81561b3ce2c34c46dadc4ccbf2\"},\"headline\":\"Cine a confiscat averea lui Vladimir Filat\",\"datePublished\":\"2018-02-19T20:24:00+00:00\",\"mainEntityOfPage\":{\"@id\":\"https:\\\/\\\/www.btv.md\\\/ro\\\/cine-a-confiscat-averea-lui-vladimir-filat\\\/\"},\"wordCount\":574,\"image\":{\"@id\":\"https:\\\/\\\/www.btv.md\\\/ro\\\/cine-a-confiscat-averea-lui-vladimir-filat\\\/#primaryimage\"},\"thumbnailUrl\":\"https:\\\/\\\/www.btv.md\\\/wp-content\\\/uploads\\\/2018\\\/02\\\/filat.jpg\",\"articleSection\":[\"Politic\u0103\"],\"inLanguage\":\"ro-RO\"},{\"@type\":\"WebPage\",\"@id\":\"https:\\\/\\\/www.btv.md\\\/ro\\\/cine-a-confiscat-averea-lui-vladimir-filat\\\/\",\"url\":\"https:\\\/\\\/www.btv.md\\\/ro\\\/cine-a-confiscat-averea-lui-vladimir-filat\\\/\",\"name\":\"Cine a confiscat averea lui Vladimir Filat\",\"isPartOf\":{\"@id\":\"https:\\\/\\\/www.btv.md\\\/#website\"},\"primaryImageOfPage\":{\"@id\":\"https:\\\/\\\/www.btv.md\\\/ro\\\/cine-a-confiscat-averea-lui-vladimir-filat\\\/#primaryimage\"},\"image\":{\"@id\":\"https:\\\/\\\/www.btv.md\\\/ro\\\/cine-a-confiscat-averea-lui-vladimir-filat\\\/#primaryimage\"},\"thumbnailUrl\":\"https:\\\/\\\/www.btv.md\\\/wp-content\\\/uploads\\\/2018\\\/02\\\/filat.jpg\",\"datePublished\":\"2018-02-19T20:24:00+00:00\",\"author\":{\"@id\":\"https:\\\/\\\/www.btv.md\\\/#\\\/schema\\\/person\\\/8fadce81561b3ce2c34c46dadc4ccbf2\"},\"description\":\"Prin sentin\u021ba dat\u0103 de magistra\u021bi, o parte din averea fostului \u0219ef al Guvernului, Vladimir Filat, urmeaz\u0103 s\u0103 fie supus\u0103 confisc\u0103rii speciale, informeaz\u0103 Sputnik.\u00a0\",\"inLanguage\":\"ro-RO\",\"potentialAction\":[{\"@type\":\"ReadAction\",\"target\":[\"https:\\\/\\\/www.btv.md\\\/ro\\\/cine-a-confiscat-averea-lui-vladimir-filat\\\/\"]}]},{\"@type\":\"ImageObject\",\"inLanguage\":\"ro-RO\",\"@id\":\"https:\\\/\\\/www.btv.md\\\/ro\\\/cine-a-confiscat-averea-lui-vladimir-filat\\\/#primaryimage\",\"url\":\"https:\\\/\\\/www.btv.md\\\/wp-content\\\/uploads\\\/2018\\\/02\\\/filat.jpg\",\"contentUrl\":\"https:\\\/\\\/www.btv.md\\\/wp-content\\\/uploads\\\/2018\\\/02\\\/filat.jpg\",\"width\":700,\"height\":500},{\"@type\":\"WebSite\",\"@id\":\"https:\\\/\\\/www.btv.md\\\/#website\",\"url\":\"https:\\\/\\\/www.btv.md\\\/\",\"name\":\"BTV\",\"description\":\"\u0411\u0435\u043b\u044c\u0446\u043a\u043e\u0435 \u0442\u0435\u043b\u0435\u0432\u0438\u0434\u0435\u043d\u0438\u0435\",\"potentialAction\":[{\"@type\":\"SearchAction\",\"target\":{\"@type\":\"EntryPoint\",\"urlTemplate\":\"https:\\\/\\\/www.btv.md\\\/?s={search_term_string}\"},\"query-input\":{\"@type\":\"PropertyValueSpecification\",\"valueRequired\":true,\"valueName\":\"search_term_string\"}}],\"inLanguage\":\"ro-RO\"},{\"@type\":\"Person\",\"@id\":\"https:\\\/\\\/www.btv.md\\\/#\\\/schema\\\/person\\\/8fadce81561b3ce2c34c46dadc4ccbf2\",\"name\":\"admin\"}]}<\/script>\n<!-- \/ Yoast SEO plugin. -->","yoast_head_json":{"title":"Cine a confiscat averea lui Vladimir Filat","description":"Prin sentin\u021ba dat\u0103 de magistra\u021bi, o parte din averea fostului \u0219ef al Guvernului, Vladimir Filat, urmeaz\u0103 s\u0103 fie supus\u0103 confisc\u0103rii speciale, informeaz\u0103 Sputnik.\u00a0","robots":{"index":"index","follow":"follow","max-snippet":"max-snippet:-1","max-image-preview":"max-image-preview:large","max-video-preview":"max-video-preview:-1"},"canonical":"https:\/\/www.btv.md\/ro\/cine-a-confiscat-averea-lui-vladimir-filat\/","og_locale":"ro_RO","og_type":"article","og_title":"Cine a confiscat averea lui Vladimir Filat","og_description":"Prin sentin\u021ba dat\u0103 de magistra\u021bi, o parte din averea fostului \u0219ef al Guvernului, Vladimir Filat, urmeaz\u0103 s\u0103 fie supus\u0103 confisc\u0103rii speciale, informeaz\u0103 Sputnik.\u00a0","og_url":"https:\/\/www.btv.md\/ro\/cine-a-confiscat-averea-lui-vladimir-filat\/","og_site_name":"BTV","article_publisher":"https:\/\/www.facebook.com\/btvmoldova\/","article_published_time":"2018-02-19T20:24:00+00:00","og_image":[{"width":700,"height":500,"url":"https:\/\/www.btv.md\/wp-content\/uploads\/2018\/02\/Filat.jpg","type":"image\/jpeg"}],"author":"admin","twitter_misc":{"Scris de":"admin","Timp estimat pentru citire":"3 minute"},"schema":{"@context":"https:\/\/schema.org","@graph":[{"@type":"Article","@id":"https:\/\/www.btv.md\/ro\/cine-a-confiscat-averea-lui-vladimir-filat\/#article","isPartOf":{"@id":"https:\/\/www.btv.md\/ro\/cine-a-confiscat-averea-lui-vladimir-filat\/"},"author":{"name":"admin","@id":"https:\/\/www.btv.md\/#\/schema\/person\/8fadce81561b3ce2c34c46dadc4ccbf2"},"headline":"Cine a confiscat averea lui Vladimir Filat","datePublished":"2018-02-19T20:24:00+00:00","mainEntityOfPage":{"@id":"https:\/\/www.btv.md\/ro\/cine-a-confiscat-averea-lui-vladimir-filat\/"},"wordCount":574,"image":{"@id":"https:\/\/www.btv.md\/ro\/cine-a-confiscat-averea-lui-vladimir-filat\/#primaryimage"},"thumbnailUrl":"https:\/\/www.btv.md\/wp-content\/uploads\/2018\/02\/filat.jpg","articleSection":["Politic\u0103"],"inLanguage":"ro-RO"},{"@type":"WebPage","@id":"https:\/\/www.btv.md\/ro\/cine-a-confiscat-averea-lui-vladimir-filat\/","url":"https:\/\/www.btv.md\/ro\/cine-a-confiscat-averea-lui-vladimir-filat\/","name":"Cine a confiscat averea lui Vladimir Filat","isPartOf":{"@id":"https:\/\/www.btv.md\/#website"},"primaryImageOfPage":{"@id":"https:\/\/www.btv.md\/ro\/cine-a-confiscat-averea-lui-vladimir-filat\/#primaryimage"},"image":{"@id":"https:\/\/www.btv.md\/ro\/cine-a-confiscat-averea-lui-vladimir-filat\/#primaryimage"},"thumbnailUrl":"https:\/\/www.btv.md\/wp-content\/uploads\/2018\/02\/filat.jpg","datePublished":"2018-02-19T20:24:00+00:00","author":{"@id":"https:\/\/www.btv.md\/#\/schema\/person\/8fadce81561b3ce2c34c46dadc4ccbf2"},"description":"Prin sentin\u021ba dat\u0103 de magistra\u021bi, o parte din averea fostului \u0219ef al Guvernului, Vladimir Filat, urmeaz\u0103 s\u0103 fie supus\u0103 confisc\u0103rii speciale, informeaz\u0103 Sputnik.\u00a0","inLanguage":"ro-RO","potentialAction":[{"@type":"ReadAction","target":["https:\/\/www.btv.md\/ro\/cine-a-confiscat-averea-lui-vladimir-filat\/"]}]},{"@type":"ImageObject","inLanguage":"ro-RO","@id":"https:\/\/www.btv.md\/ro\/cine-a-confiscat-averea-lui-vladimir-filat\/#primaryimage","url":"https:\/\/www.btv.md\/wp-content\/uploads\/2018\/02\/filat.jpg","contentUrl":"https:\/\/www.btv.md\/wp-content\/uploads\/2018\/02\/filat.jpg","width":700,"height":500},{"@type":"WebSite","@id":"https:\/\/www.btv.md\/#website","url":"https:\/\/www.btv.md\/","name":"BTV","description":"\u0411\u0435\u043b\u044c\u0446\u043a\u043e\u0435 \u0442\u0435\u043b\u0435\u0432\u0438\u0434\u0435\u043d\u0438\u0435","potentialAction":[{"@type":"SearchAction","target":{"@type":"EntryPoint","urlTemplate":"https:\/\/www.btv.md\/?s={search_term_string}"},"query-input":{"@type":"PropertyValueSpecification","valueRequired":true,"valueName":"search_term_string"}}],"inLanguage":"ro-RO"},{"@type":"Person","@id":"https:\/\/www.btv.md\/#\/schema\/person\/8fadce81561b3ce2c34c46dadc4ccbf2","name":"admin"}]}},"_links":{"self":[{"href":"https:\/\/www.btv.md\/ro\/wp-json\/wp\/v2\/posts\/41194","targetHints":{"allow":["GET"]}}],"collection":[{"href":"https:\/\/www.btv.md\/ro\/wp-json\/wp\/v2\/posts"}],"about":[{"href":"https:\/\/www.btv.md\/ro\/wp-json\/wp\/v2\/types\/post"}],"author":[{"embeddable":true,"href":"https:\/\/www.btv.md\/ro\/wp-json\/wp\/v2\/users\/4"}],"replies":[{"embeddable":true,"href":"https:\/\/www.btv.md\/ro\/wp-json\/wp\/v2\/comments?post=41194"}],"version-history":[{"count":0,"href":"https:\/\/www.btv.md\/ro\/wp-json\/wp\/v2\/posts\/41194\/revisions"}],"wp:featuredmedia":[{"embeddable":true,"href":"https:\/\/www.btv.md\/ro\/wp-json\/wp\/v2\/media\/41195"}],"wp:attachment":[{"href":"https:\/\/www.btv.md\/ro\/wp-json\/wp\/v2\/media?parent=41194"}],"wp:term":[{"taxonomy":"category","embeddable":true,"href":"https:\/\/www.btv.md\/ro\/wp-json\/wp\/v2\/categories?post=41194"},{"taxonomy":"post_tag","embeddable":true,"href":"https:\/\/www.btv.md\/ro\/wp-json\/wp\/v2\/tags?post=41194"}],"curies":[{"name":"wp","href":"https:\/\/api.w.org\/{rel}","templated":true}]}}