{"id":41264,"date":"2018-02-20T16:37:51","date_gmt":"2018-02-20T13:37:51","guid":{"rendered":"https:\/\/btv.md\/?p=41264"},"modified":"2018-02-20T16:38:14","modified_gmt":"2018-02-20T13:38:14","slug":"baltenii-sunt-asteptati-la-munca-in-israel-mii-de-moldoveni-au-fost-deja-angajati-oficial","status":"publish","type":"post","link":"https:\/\/www.btv.md\/ro\/baltenii-sunt-asteptati-la-munca-in-israel-mii-de-moldoveni-au-fost-deja-angajati-oficial\/","title":{"rendered":"B\u0103l\u021benii sunt a\u0219tepta\u021bi la munc\u0103 \u00een Israel. Mii de moldoveni au fost deja angaja\u021bi oficial"},"content":{"rendered":"<p style=\"text-align: center;\"><iframe data-src=\"https:\/\/www.youtube.com\/embed\/faX7oAPrq7k\" width=\"854\" height=\"480\" frameborder=\"0\" allowfullscreen=\"allowfullscreen\" src=\"data:image\/svg+xml;base64,PHN2ZyB3aWR0aD0iMSIgaGVpZ2h0PSIxIiB4bWxucz0iaHR0cDovL3d3dy53My5vcmcvMjAwMC9zdmciPjwvc3ZnPg==\" class=\"lazyload\" data-load-mode=\"1\"><\/iframe><\/p>\n<h4>Num\u0103rul moldovenilor care aleg s\u0103 munceasc\u0103 legal \u00een Israel este \u00een cre\u0219tere. \u00cen cei cinci ani de la semnarea unui acord bilateral dintre guvernul Republicii Moldova \u0219i statul Israel, circa 5000 de moldoveni au fost angaja\u021bi la munc\u0103 peste hotare, \u00een domeniul construc\u021biilor.<\/h4>\n<p>Potrivit datelor Agen\u021biei\u00a0 Na\u021bionale\u00a0 pentru\u00a0 Ocuparea\u00a0 For\u021bei\u00a0 de\u00a0 Munc\u0103, 140 de \u0219omeri, care s-au ales cu un loc de munc\u0103 bine pl\u0103tit sunt locuitori ai municipiului B\u0103l\u021bi.<\/p>\n<blockquote>\n<p>Ilie\u00a0 Chi\u021bac, \u0219ef agen\u021bia ocuparea for\u021bei de munc\u0103 B\u0103l\u021bi: <em>\u201eDac\u0103 am \u00eenceput \u00een 2012, c\u00e2nd contractul a fost semnat, c\u0103tre 2013 au fost 180-200 de persoane, apoi \u00een 2014 num\u0103ram 1000-1200 de persoane, de acum \u00een 2015, 2016, 2017, \u00een fiecare an p\u00e2n\u0103 la 1800-2000 de persoaned din toat\u0103 republica.\u201d<\/em><\/p>\n<\/blockquote>\n<p>Candida\u0163ii pentru un loc de munc\u0103 \u00een Israel trebuie s\u0103 fie cet\u0103\u0163eni ai Republicii Moldova, s\u0103 aib\u0103 v\u00e2rsta cuprins\u0103 \u00eentre 25 \u015fi 50 de ani, f\u0103r\u0103 antecedente penale. O alt\u0103 cerin\u0163\u0103 este ca ace\u015ftia s\u0103 nu fi lucrat anterior \u00een Israel \u015fi s\u0103 nu aib\u0103 rude de gradul \u00eent\u00e2i \u00een aceast\u0103 \u0163ar\u0103.\u00a0<\/p>\n<blockquote>\n<p><em>\u201eLa Chi\u0219in\u0103u trec testele, practice \u0219i teoretice, apoi trec comisia medical\u0103. Dup\u0103 aceste procedure se deschide viza \u0219i persoanele pleac\u0103 peste hotare la munc\u0103. Contractul este pe un an de zile, dar dup\u0103 un an cunoa\u0219tem c\u0103 foarte multe personae au prelungit. Depinde cum te prezin\u021bi \u0219i \u00ee\u021bi desf\u0103\u0219ori activitatea acolo. Trebuie s\u0103 lucrezi cinstit, iar disciplina este pe primul plan.\u201d<\/em><\/p>\n<\/blockquote>\n<p>Pe \u015fantierele din Israel sunt solicita\u0163i speciali\u015fti \u00een cofraj, sudori placatori \u015fi tencuitori. Ace\u0219tia ridic\u0103 salarii de p\u00e2na la 2000 de dolari pe lun\u0103.<\/p>\n","protected":false},"excerpt":{"rendered":"<p>Num\u0103rul moldovenilor care aleg s\u0103 munceasc\u0103 legal \u00een Israel este \u00een cre\u0219tere. \u00cen cei cinci ani de la semnarea unui acord bilateral dintre guvernul Republicii Moldova \u0219i statul Israel, circa 5000 de moldoveni au fost angaja\u021bi la munc\u0103 peste hotare, \u00een domeniul construc\u021biilor. Potrivit datelor Agen\u021biei\u00a0 Na\u021bionale\u00a0 pentru\u00a0 Ocuparea\u00a0 For\u021bei\u00a0 de\u00a0 Munc\u0103, 140 de \u0219omeri, [&hellip;]<\/p>\n","protected":false},"author":4,"featured_media":41265,"comment_status":"closed","ping_status":"closed","sticky":false,"template":"","format":"standard","meta":{"footnotes":""},"categories":[12],"tags":[],"class_list":["post-41264","post","type-post","status-publish","format-standard","has-post-thumbnail","hentry","category-balti"],"yoast_head":"<!-- This site is optimized with the Yoast SEO plugin v27.4 - https:\/\/yoast.com\/product\/yoast-seo-wordpress\/ -->\n<title>B\u0103l\u021benii sunt a\u0219tepta\u021bi la munc\u0103 \u00een Israel. Mii de moldoveni au fost deja angaja\u021bi oficial<\/title>\n<meta name=\"description\" content=\"Num\u0103rul moldovenilor care aleg s\u0103 munceasc\u0103 legal \u00een Israel este \u00een cre\u0219tere. \u00cen cei cinci ani de la semnarea unui acord bilateral dintre guvernul Republicii Moldova \u0219i statul Israel, circa 5000 de moldoveni au fost angaja\u021bi la munc\u0103 peste hotare, \u00een domeniul construc\u021biilor.\" \/>\n<meta name=\"robots\" content=\"index, follow, max-snippet:-1, max-image-preview:large, max-video-preview:-1\" \/>\n<link rel=\"canonical\" href=\"https:\/\/www.btv.md\/ro\/amp\/baltenii-sunt-asteptati-la-munca-in-israel-mii-de-moldoveni-au-fost-deja-angajati-oficial\/\" \/>\n<meta property=\"og:locale\" content=\"ro_RO\" \/>\n<meta property=\"og:type\" content=\"article\" \/>\n<meta property=\"og:title\" content=\"B\u0103l\u021benii sunt a\u0219tepta\u021bi la munc\u0103 \u00een Israel. Mii de moldoveni au fost deja angaja\u021bi oficial\" \/>\n<meta property=\"og:description\" content=\"Num\u0103rul moldovenilor care aleg s\u0103 munceasc\u0103 legal \u00een Israel este \u00een cre\u0219tere. \u00cen cei cinci ani de la semnarea unui acord bilateral dintre guvernul Republicii Moldova \u0219i statul Israel, circa 5000 de moldoveni au fost angaja\u021bi la munc\u0103 peste hotare, \u00een domeniul construc\u021biilor.\" \/>\n<meta property=\"og:url\" content=\"https:\/\/www.btv.md\/ro\/amp\/baltenii-sunt-asteptati-la-munca-in-israel-mii-de-moldoveni-au-fost-deja-angajati-oficial\/\" \/>\n<meta property=\"og:site_name\" content=\"BTV\" \/>\n<meta property=\"article:publisher\" content=\"https:\/\/www.facebook.com\/btvmoldova\/\" \/>\n<meta property=\"article:published_time\" content=\"2018-02-20T13:37:51+00:00\" \/>\n<meta property=\"article:modified_time\" content=\"2018-02-20T13:38:14+00:00\" \/>\n<meta property=\"og:image\" content=\"https:\/\/www.btv.md\/wp-content\/uploads\/2018\/02\/big.jpg\" \/>\n\t<meta property=\"og:image:width\" content=\"700\" \/>\n\t<meta property=\"og:image:height\" content=\"500\" \/>\n\t<meta property=\"og:image:type\" content=\"image\/jpeg\" \/>\n<meta name=\"author\" content=\"admin\" \/>\n<meta name=\"twitter:label1\" content=\"Scris de\" \/>\n\t<meta name=\"twitter:data1\" content=\"admin\" \/>\n\t<meta name=\"twitter:label2\" content=\"Timp estimat pentru citire\" \/>\n\t<meta name=\"twitter:data2\" content=\"1 minut\" \/>\n<script type=\"application\/ld+json\" class=\"yoast-schema-graph\">{\"@context\":\"https:\\\/\\\/schema.org\",\"@graph\":[{\"@type\":\"Article\",\"@id\":\"https:\\\/\\\/www.btv.md\\\/ro\\\/amp\\\/baltenii-sunt-asteptati-la-munca-in-israel-mii-de-moldoveni-au-fost-deja-angajati-oficial\\\/#article\",\"isPartOf\":{\"@id\":\"https:\\\/\\\/www.btv.md\\\/ro\\\/amp\\\/baltenii-sunt-asteptati-la-munca-in-israel-mii-de-moldoveni-au-fost-deja-angajati-oficial\\\/\"},\"author\":{\"name\":\"admin\",\"@id\":\"https:\\\/\\\/www.btv.md\\\/#\\\/schema\\\/person\\\/8fadce81561b3ce2c34c46dadc4ccbf2\"},\"headline\":\"B\u0103l\u021benii sunt a\u0219tepta\u021bi la munc\u0103 \u00een Israel. Mii de moldoveni au fost deja angaja\u021bi oficial\",\"datePublished\":\"2018-02-20T13:37:51+00:00\",\"dateModified\":\"2018-02-20T13:38:14+00:00\",\"mainEntityOfPage\":{\"@id\":\"https:\\\/\\\/www.btv.md\\\/ro\\\/amp\\\/baltenii-sunt-asteptati-la-munca-in-israel-mii-de-moldoveni-au-fost-deja-angajati-oficial\\\/\"},\"wordCount\":300,\"image\":{\"@id\":\"https:\\\/\\\/www.btv.md\\\/ro\\\/amp\\\/baltenii-sunt-asteptati-la-munca-in-israel-mii-de-moldoveni-au-fost-deja-angajati-oficial\\\/#primaryimage\"},\"thumbnailUrl\":\"https:\\\/\\\/www.btv.md\\\/wp-content\\\/uploads\\\/2018\\\/02\\\/big.jpg\",\"articleSection\":[\"\u0413\u043e\u0440\u043e\u0434\"],\"inLanguage\":\"ro-RO\"},{\"@type\":\"WebPage\",\"@id\":\"https:\\\/\\\/www.btv.md\\\/ro\\\/amp\\\/baltenii-sunt-asteptati-la-munca-in-israel-mii-de-moldoveni-au-fost-deja-angajati-oficial\\\/\",\"url\":\"https:\\\/\\\/www.btv.md\\\/ro\\\/amp\\\/baltenii-sunt-asteptati-la-munca-in-israel-mii-de-moldoveni-au-fost-deja-angajati-oficial\\\/\",\"name\":\"B\u0103l\u021benii sunt a\u0219tepta\u021bi la munc\u0103 \u00een Israel. Mii de moldoveni au fost deja angaja\u021bi oficial\",\"isPartOf\":{\"@id\":\"https:\\\/\\\/www.btv.md\\\/#website\"},\"primaryImageOfPage\":{\"@id\":\"https:\\\/\\\/www.btv.md\\\/ro\\\/amp\\\/baltenii-sunt-asteptati-la-munca-in-israel-mii-de-moldoveni-au-fost-deja-angajati-oficial\\\/#primaryimage\"},\"image\":{\"@id\":\"https:\\\/\\\/www.btv.md\\\/ro\\\/amp\\\/baltenii-sunt-asteptati-la-munca-in-israel-mii-de-moldoveni-au-fost-deja-angajati-oficial\\\/#primaryimage\"},\"thumbnailUrl\":\"https:\\\/\\\/www.btv.md\\\/wp-content\\\/uploads\\\/2018\\\/02\\\/big.jpg\",\"datePublished\":\"2018-02-20T13:37:51+00:00\",\"dateModified\":\"2018-02-20T13:38:14+00:00\",\"author\":{\"@id\":\"https:\\\/\\\/www.btv.md\\\/#\\\/schema\\\/person\\\/8fadce81561b3ce2c34c46dadc4ccbf2\"},\"description\":\"Num\u0103rul moldovenilor care aleg s\u0103 munceasc\u0103 legal \u00een Israel este \u00een cre\u0219tere. \u00cen cei cinci ani de la semnarea unui acord bilateral dintre guvernul Republicii Moldova \u0219i statul Israel, circa 5000 de moldoveni au fost angaja\u021bi la munc\u0103 peste hotare, \u00een domeniul construc\u021biilor.\",\"inLanguage\":\"ro-RO\",\"potentialAction\":[{\"@type\":\"ReadAction\",\"target\":[\"https:\\\/\\\/www.btv.md\\\/ro\\\/amp\\\/baltenii-sunt-asteptati-la-munca-in-israel-mii-de-moldoveni-au-fost-deja-angajati-oficial\\\/\"]}]},{\"@type\":\"ImageObject\",\"inLanguage\":\"ro-RO\",\"@id\":\"https:\\\/\\\/www.btv.md\\\/ro\\\/amp\\\/baltenii-sunt-asteptati-la-munca-in-israel-mii-de-moldoveni-au-fost-deja-angajati-oficial\\\/#primaryimage\",\"url\":\"https:\\\/\\\/www.btv.md\\\/wp-content\\\/uploads\\\/2018\\\/02\\\/big.jpg\",\"contentUrl\":\"https:\\\/\\\/www.btv.md\\\/wp-content\\\/uploads\\\/2018\\\/02\\\/big.jpg\",\"width\":700,\"height\":500},{\"@type\":\"WebSite\",\"@id\":\"https:\\\/\\\/www.btv.md\\\/#website\",\"url\":\"https:\\\/\\\/www.btv.md\\\/\",\"name\":\"BTV\",\"description\":\"\u0411\u0435\u043b\u044c\u0446\u043a\u043e\u0435 \u0442\u0435\u043b\u0435\u0432\u0438\u0434\u0435\u043d\u0438\u0435\",\"potentialAction\":[{\"@type\":\"SearchAction\",\"target\":{\"@type\":\"EntryPoint\",\"urlTemplate\":\"https:\\\/\\\/www.btv.md\\\/?s={search_term_string}\"},\"query-input\":{\"@type\":\"PropertyValueSpecification\",\"valueRequired\":true,\"valueName\":\"search_term_string\"}}],\"inLanguage\":\"ro-RO\"},{\"@type\":\"Person\",\"@id\":\"https:\\\/\\\/www.btv.md\\\/#\\\/schema\\\/person\\\/8fadce81561b3ce2c34c46dadc4ccbf2\",\"name\":\"admin\"}]}<\/script>\n<!-- \/ Yoast SEO plugin. -->","yoast_head_json":{"title":"B\u0103l\u021benii sunt a\u0219tepta\u021bi la munc\u0103 \u00een Israel. Mii de moldoveni au fost deja angaja\u021bi oficial","description":"Num\u0103rul moldovenilor care aleg s\u0103 munceasc\u0103 legal \u00een Israel este \u00een cre\u0219tere. \u00cen cei cinci ani de la semnarea unui acord bilateral dintre guvernul Republicii Moldova \u0219i statul Israel, circa 5000 de moldoveni au fost angaja\u021bi la munc\u0103 peste hotare, \u00een domeniul construc\u021biilor.","robots":{"index":"index","follow":"follow","max-snippet":"max-snippet:-1","max-image-preview":"max-image-preview:large","max-video-preview":"max-video-preview:-1"},"canonical":"https:\/\/www.btv.md\/ro\/amp\/baltenii-sunt-asteptati-la-munca-in-israel-mii-de-moldoveni-au-fost-deja-angajati-oficial\/","og_locale":"ro_RO","og_type":"article","og_title":"B\u0103l\u021benii sunt a\u0219tepta\u021bi la munc\u0103 \u00een Israel. Mii de moldoveni au fost deja angaja\u021bi oficial","og_description":"Num\u0103rul moldovenilor care aleg s\u0103 munceasc\u0103 legal \u00een Israel este \u00een cre\u0219tere. \u00cen cei cinci ani de la semnarea unui acord bilateral dintre guvernul Republicii Moldova \u0219i statul Israel, circa 5000 de moldoveni au fost angaja\u021bi la munc\u0103 peste hotare, \u00een domeniul construc\u021biilor.","og_url":"https:\/\/www.btv.md\/ro\/amp\/baltenii-sunt-asteptati-la-munca-in-israel-mii-de-moldoveni-au-fost-deja-angajati-oficial\/","og_site_name":"BTV","article_publisher":"https:\/\/www.facebook.com\/btvmoldova\/","article_published_time":"2018-02-20T13:37:51+00:00","article_modified_time":"2018-02-20T13:38:14+00:00","og_image":[{"width":700,"height":500,"url":"https:\/\/www.btv.md\/wp-content\/uploads\/2018\/02\/big.jpg","type":"image\/jpeg"}],"author":"admin","twitter_misc":{"Scris de":"admin","Timp estimat pentru citire":"1 minut"},"schema":{"@context":"https:\/\/schema.org","@graph":[{"@type":"Article","@id":"https:\/\/www.btv.md\/ro\/amp\/baltenii-sunt-asteptati-la-munca-in-israel-mii-de-moldoveni-au-fost-deja-angajati-oficial\/#article","isPartOf":{"@id":"https:\/\/www.btv.md\/ro\/amp\/baltenii-sunt-asteptati-la-munca-in-israel-mii-de-moldoveni-au-fost-deja-angajati-oficial\/"},"author":{"name":"admin","@id":"https:\/\/www.btv.md\/#\/schema\/person\/8fadce81561b3ce2c34c46dadc4ccbf2"},"headline":"B\u0103l\u021benii sunt a\u0219tepta\u021bi la munc\u0103 \u00een Israel. Mii de moldoveni au fost deja angaja\u021bi oficial","datePublished":"2018-02-20T13:37:51+00:00","dateModified":"2018-02-20T13:38:14+00:00","mainEntityOfPage":{"@id":"https:\/\/www.btv.md\/ro\/amp\/baltenii-sunt-asteptati-la-munca-in-israel-mii-de-moldoveni-au-fost-deja-angajati-oficial\/"},"wordCount":300,"image":{"@id":"https:\/\/www.btv.md\/ro\/amp\/baltenii-sunt-asteptati-la-munca-in-israel-mii-de-moldoveni-au-fost-deja-angajati-oficial\/#primaryimage"},"thumbnailUrl":"https:\/\/www.btv.md\/wp-content\/uploads\/2018\/02\/big.jpg","articleSection":["\u0413\u043e\u0440\u043e\u0434"],"inLanguage":"ro-RO"},{"@type":"WebPage","@id":"https:\/\/www.btv.md\/ro\/amp\/baltenii-sunt-asteptati-la-munca-in-israel-mii-de-moldoveni-au-fost-deja-angajati-oficial\/","url":"https:\/\/www.btv.md\/ro\/amp\/baltenii-sunt-asteptati-la-munca-in-israel-mii-de-moldoveni-au-fost-deja-angajati-oficial\/","name":"B\u0103l\u021benii sunt a\u0219tepta\u021bi la munc\u0103 \u00een Israel. Mii de moldoveni au fost deja angaja\u021bi oficial","isPartOf":{"@id":"https:\/\/www.btv.md\/#website"},"primaryImageOfPage":{"@id":"https:\/\/www.btv.md\/ro\/amp\/baltenii-sunt-asteptati-la-munca-in-israel-mii-de-moldoveni-au-fost-deja-angajati-oficial\/#primaryimage"},"image":{"@id":"https:\/\/www.btv.md\/ro\/amp\/baltenii-sunt-asteptati-la-munca-in-israel-mii-de-moldoveni-au-fost-deja-angajati-oficial\/#primaryimage"},"thumbnailUrl":"https:\/\/www.btv.md\/wp-content\/uploads\/2018\/02\/big.jpg","datePublished":"2018-02-20T13:37:51+00:00","dateModified":"2018-02-20T13:38:14+00:00","author":{"@id":"https:\/\/www.btv.md\/#\/schema\/person\/8fadce81561b3ce2c34c46dadc4ccbf2"},"description":"Num\u0103rul moldovenilor care aleg s\u0103 munceasc\u0103 legal \u00een Israel este \u00een cre\u0219tere. \u00cen cei cinci ani de la semnarea unui acord bilateral dintre guvernul Republicii Moldova \u0219i statul Israel, circa 5000 de moldoveni au fost angaja\u021bi la munc\u0103 peste hotare, \u00een domeniul construc\u021biilor.","inLanguage":"ro-RO","potentialAction":[{"@type":"ReadAction","target":["https:\/\/www.btv.md\/ro\/amp\/baltenii-sunt-asteptati-la-munca-in-israel-mii-de-moldoveni-au-fost-deja-angajati-oficial\/"]}]},{"@type":"ImageObject","inLanguage":"ro-RO","@id":"https:\/\/www.btv.md\/ro\/amp\/baltenii-sunt-asteptati-la-munca-in-israel-mii-de-moldoveni-au-fost-deja-angajati-oficial\/#primaryimage","url":"https:\/\/www.btv.md\/wp-content\/uploads\/2018\/02\/big.jpg","contentUrl":"https:\/\/www.btv.md\/wp-content\/uploads\/2018\/02\/big.jpg","width":700,"height":500},{"@type":"WebSite","@id":"https:\/\/www.btv.md\/#website","url":"https:\/\/www.btv.md\/","name":"BTV","description":"\u0411\u0435\u043b\u044c\u0446\u043a\u043e\u0435 \u0442\u0435\u043b\u0435\u0432\u0438\u0434\u0435\u043d\u0438\u0435","potentialAction":[{"@type":"SearchAction","target":{"@type":"EntryPoint","urlTemplate":"https:\/\/www.btv.md\/?s={search_term_string}"},"query-input":{"@type":"PropertyValueSpecification","valueRequired":true,"valueName":"search_term_string"}}],"inLanguage":"ro-RO"},{"@type":"Person","@id":"https:\/\/www.btv.md\/#\/schema\/person\/8fadce81561b3ce2c34c46dadc4ccbf2","name":"admin"}]}},"_links":{"self":[{"href":"https:\/\/www.btv.md\/ro\/wp-json\/wp\/v2\/posts\/41264","targetHints":{"allow":["GET"]}}],"collection":[{"href":"https:\/\/www.btv.md\/ro\/wp-json\/wp\/v2\/posts"}],"about":[{"href":"https:\/\/www.btv.md\/ro\/wp-json\/wp\/v2\/types\/post"}],"author":[{"embeddable":true,"href":"https:\/\/www.btv.md\/ro\/wp-json\/wp\/v2\/users\/4"}],"replies":[{"embeddable":true,"href":"https:\/\/www.btv.md\/ro\/wp-json\/wp\/v2\/comments?post=41264"}],"version-history":[{"count":0,"href":"https:\/\/www.btv.md\/ro\/wp-json\/wp\/v2\/posts\/41264\/revisions"}],"wp:featuredmedia":[{"embeddable":true,"href":"https:\/\/www.btv.md\/ro\/wp-json\/wp\/v2\/media\/41265"}],"wp:attachment":[{"href":"https:\/\/www.btv.md\/ro\/wp-json\/wp\/v2\/media?parent=41264"}],"wp:term":[{"taxonomy":"category","embeddable":true,"href":"https:\/\/www.btv.md\/ro\/wp-json\/wp\/v2\/categories?post=41264"},{"taxonomy":"post_tag","embeddable":true,"href":"https:\/\/www.btv.md\/ro\/wp-json\/wp\/v2\/tags?post=41264"}],"curies":[{"name":"wp","href":"https:\/\/api.w.org\/{rel}","templated":true}]}}