{"id":41300,"date":"2018-02-21T15:14:52","date_gmt":"2018-02-21T12:14:52","guid":{"rendered":"https:\/\/btv.md\/?p=41300"},"modified":"2018-02-21T22:30:51","modified_gmt":"2018-02-21T19:30:51","slug":"moldova-a-semnat-o-declaratie-privind-importanta-imunizarii","status":"publish","type":"post","link":"https:\/\/www.btv.md\/ro\/moldova-a-semnat-o-declaratie-privind-importanta-imunizarii\/","title":{"rendered":"Moldova a semnat o declara\u021bie privind importan\u021ba imuniz\u0103rii"},"content":{"rendered":"<p style=\"text-align: center;\"><iframe data-src=\"https:\/\/www.youtube.com\/embed\/U2NL0a8lchE\" width=\"854\" height=\"480\" frameborder=\"0\" allowfullscreen=\"allowfullscreen\" src=\"data:image\/svg+xml;base64,PHN2ZyB3aWR0aD0iMSIgaGVpZ2h0PSIxIiB4bWxucz0iaHR0cDovL3d3dy53My5vcmcvMjAwMC9zdmciPjwvc3ZnPg==\" class=\"lazyload\" data-load-mode=\"1\"><\/iframe><\/p>\n<h4>Republica Moldova, al\u0103turi de alte 10 \u0163\u0103ri din Europa de Sud-Est, au semnat o Declara\u0163ie de inten\u0163ie privind importan\u0163a imuniz\u0103rii, ce reprezint\u0103 o interven\u0163ie esen\u0163ial\u0103 pentru s\u0103n\u0103tatea public\u0103.<\/h4>\n<p>Potrivit unui comunicat, ministra S\u0103n\u0103t\u0103\u0163ii, Muncii \u015fi Protec\u0163iei Sociale, Svetlana Cebotari, a participat ast\u0103zi, 20 februarie 2018, la reuniunea Mini\u015ftrilor S\u0103n\u0103t\u0103\u0163ii din Europa de Sud-Est de la Podgorica (Muntenegru), \u00een cadrul c\u0103reia s-a discutat despre importan\u0163a vaccin\u0103rii, transmite <a href=\"http:\/\/trm.md\/ro\/social\/moldova-a-semnat-o-declaratie-privind-importan-a-imunizarii\/\">trm.md<\/a>.<\/p>\n<p>Conform documentului, p\u0103r\u021bile semnatare \u00a0urmeaz\u0103 s\u0103 contribuie la elaborarea \u0219i\u00a0 implementarea unui cadru de imunizare pe un termen de 5 ani pentru Europa de Sud-Est.<br \/>\n \u00a0<br \/>\n \u201e\u021a\u0103rile din Europa de Sud-Est se confrunt\u0103 cu provoc\u0103ri comune privind imunizarea, inclusiv deficien\u021be de finan\u021bare, pre\u021buri mari la vaccinuri, \u00eent\u00e2rzieri \u00een procesul de procurare \u0219i aprovizionare cu vaccinuri, ezitarea de a administra vaccinurile. Toate aceste provoc\u0103ri afecteaz\u0103 progresul de prevenire \u0219i combatere a bolilor precum rujeola, rubeola, difteria la nivel na\u021bional \u0219i regional. Prin semnarea Declara\u021biei de inten\u021bie de la Montenegro, cele 11 \u021b\u0103ri au decis s\u0103 depun\u0103 mai mult efort \u0219i s\u0103 stabileasc\u0103 o mai bun\u0103 colaborare \u00een vederea solu\u021bion\u0103rii acestor provoc\u0103ri, pentru a ne asigura c\u0103 fiecare copil este protejat de bolile ce pot fi prevenite prin vaccinare\u201d, a men\u021bionat Dr Zsuzsanna Jakab, directorul regional pentru Europa al Organiza\u021biei Mondiale a Comer\u021bului (OMS).<br \/>\n \u00a0<br \/>\n \u00cen discursul s\u0103u, Svetlana Cebotari a men\u021bionat c\u0103 imunizarea popula\u021biei este o prioritate a Republicii Moldova.<br \/>\n \u00a0<br \/>\n \u201eProgramul de imunizare \u00een Republica Moldova continu\u0103 s\u0103 aduc\u0103 rezultate pozitive, nivelul de acoperire cu vaccinare fiind de aproximativ 90%. Ne bucur\u0103m de statutul de \u201e\u021bar\u0103 f\u0103r\u0103 poliomielit\u0103\u201d, precum \u0219i de \u021bar\u0103 unde sunt eliminate rujeola \u0219i rubeola. Vom consolida \u00een continuare capacit\u0103\u021bile na\u021bionale \u00een domeniul imuniz\u0103rii prin derularea campaniilor de comunicare, utilizarea inova\u021biilor \u0219i reactualizarea instrumentelor de promovare a imuniz\u0103rilor \u0219i eliminarea ne\u00eencrederii popula\u021biei privind imunizarea\u201d, a declarat Svetlana Cebotari.<br \/>\n \u00a0<br \/>\n Ministrul a prezentat realiz\u0103rile Republicii Moldova \u00een domeniul imuniz\u0103rii, ob\u021binute cu sprijinul Organiza\u021biei Mondiale a S\u0103n\u0103t\u0103\u021bii \u0219i organiza\u021biilor interna\u021bionale.<br \/>\n \u00a0<br \/>\n Discu\u021biile au fost axate \u0219i pe introducerea de noi vaccinuri, asigurarea furniz\u0103rii vaccinurilor la pre\u021buri accesibile, extinderea echitabil\u0103 a serviciilor de imunizare, finan\u021barea durabil\u0103 a imuniz\u0103rii. Totodat\u0103, ace\u0219tia \u0219i-au \u00eemp\u0103rt\u0103\u0219it bunele practici \u0219i posibilit\u0103\u021bile de atingere a scopurilor \u0219i obiectivelor strategice prev\u0103zute \u00een Planul European de ac\u021biune pentru vaccinare (2015-2020) \u00een regiunea Europei de Sud-Est.<br \/>\n \u00a0<br \/>\n Reuniunea este organizat\u0103 de Ministerul S\u0103n\u0103t\u0103\u021bii din Muntenegru \u0219i Oficiul Regional pentru Europa al OMS.<\/p>\n","protected":false},"excerpt":{"rendered":"<p>Republica Moldova, al\u0103turi de alte 10 \u0163\u0103ri din Europa de Sud-Est, au semnat o Declara\u0163ie de inten\u0163ie privind importan\u0163a imuniz\u0103rii, ce reprezint\u0103 o interven\u0163ie esen\u0163ial\u0103 pentru s\u0103n\u0103tatea public\u0103. Potrivit unui comunicat, ministra S\u0103n\u0103t\u0103\u0163ii, Muncii \u015fi Protec\u0163iei Sociale, Svetlana Cebotari, a participat ast\u0103zi, 20 februarie 2018, la reuniunea Mini\u015ftrilor S\u0103n\u0103t\u0103\u0163ii din Europa de Sud-Est de la [&hellip;]<\/p>\n","protected":false},"author":4,"featured_media":41302,"comment_status":"closed","ping_status":"closed","sticky":false,"template":"","format":"standard","meta":{"footnotes":""},"categories":[8],"tags":[],"class_list":["post-41300","post","type-post","status-publish","format-standard","has-post-thumbnail","hentry","category-obshestvo"],"yoast_head":"<!-- This site is optimized with the Yoast SEO plugin v27.4 - https:\/\/yoast.com\/product\/yoast-seo-wordpress\/ -->\n<title>Moldova a semnat o declara\u021bie privind importan\u021ba imuniz\u0103rii<\/title>\n<meta name=\"description\" content=\"Republica Moldova, al\u0103turi de alte 10 \u0163\u0103ri din Europa de Sud-Est, au semnat o Declara\u0163ie de inten\u0163ie privind importan\u0163a imuniz\u0103rii, ce reprezint\u0103 o interven\u0163ie esen\u0163ial\u0103 pentru s\u0103n\u0103tatea public\u0103.\" \/>\n<meta name=\"robots\" content=\"index, follow, max-snippet:-1, max-image-preview:large, max-video-preview:-1\" \/>\n<link rel=\"canonical\" href=\"https:\/\/www.btv.md\/ro\/moldova-a-semnat-o-declaratie-privind-importanta-imunizarii\/\" \/>\n<meta property=\"og:locale\" content=\"ro_RO\" \/>\n<meta property=\"og:type\" content=\"article\" \/>\n<meta property=\"og:title\" content=\"Moldova a semnat o declara\u021bie privind importan\u021ba imuniz\u0103rii\" \/>\n<meta property=\"og:description\" content=\"Republica Moldova, al\u0103turi de alte 10 \u0163\u0103ri din Europa de Sud-Est, au semnat o Declara\u0163ie de inten\u0163ie privind importan\u0163a imuniz\u0103rii, ce reprezint\u0103 o interven\u0163ie esen\u0163ial\u0103 pentru s\u0103n\u0103tatea public\u0103.\" \/>\n<meta property=\"og:url\" content=\"https:\/\/www.btv.md\/ro\/moldova-a-semnat-o-declaratie-privind-importanta-imunizarii\/\" \/>\n<meta property=\"og:site_name\" content=\"BTV\" \/>\n<meta property=\"article:publisher\" content=\"https:\/\/www.facebook.com\/btvmoldova\/\" \/>\n<meta property=\"article:published_time\" content=\"2018-02-21T12:14:52+00:00\" \/>\n<meta property=\"article:modified_time\" content=\"2018-02-21T19:30:51+00:00\" \/>\n<meta property=\"og:image\" content=\"https:\/\/www.btv.md\/wp-content\/uploads\/2018\/02\/ukoli.jpg\" \/>\n\t<meta property=\"og:image:width\" content=\"700\" \/>\n\t<meta property=\"og:image:height\" content=\"500\" \/>\n\t<meta property=\"og:image:type\" content=\"image\/jpeg\" \/>\n<meta name=\"author\" content=\"admin\" \/>\n<meta name=\"twitter:label1\" content=\"Scris de\" \/>\n\t<meta name=\"twitter:data1\" content=\"admin\" \/>\n\t<meta name=\"twitter:label2\" content=\"Timp estimat pentru citire\" \/>\n\t<meta name=\"twitter:data2\" content=\"2 minute\" \/>\n<script type=\"application\/ld+json\" class=\"yoast-schema-graph\">{\"@context\":\"https:\\\/\\\/schema.org\",\"@graph\":[{\"@type\":\"Article\",\"@id\":\"https:\\\/\\\/www.btv.md\\\/ro\\\/moldova-a-semnat-o-declaratie-privind-importanta-imunizarii\\\/#article\",\"isPartOf\":{\"@id\":\"https:\\\/\\\/www.btv.md\\\/ro\\\/moldova-a-semnat-o-declaratie-privind-importanta-imunizarii\\\/\"},\"author\":{\"name\":\"admin\",\"@id\":\"https:\\\/\\\/www.btv.md\\\/#\\\/schema\\\/person\\\/8fadce81561b3ce2c34c46dadc4ccbf2\"},\"headline\":\"Moldova a semnat o declara\u021bie privind importan\u021ba imuniz\u0103rii\",\"datePublished\":\"2018-02-21T12:14:52+00:00\",\"dateModified\":\"2018-02-21T19:30:51+00:00\",\"mainEntityOfPage\":{\"@id\":\"https:\\\/\\\/www.btv.md\\\/ro\\\/moldova-a-semnat-o-declaratie-privind-importanta-imunizarii\\\/\"},\"wordCount\":463,\"image\":{\"@id\":\"https:\\\/\\\/www.btv.md\\\/ro\\\/moldova-a-semnat-o-declaratie-privind-importanta-imunizarii\\\/#primaryimage\"},\"thumbnailUrl\":\"https:\\\/\\\/www.btv.md\\\/wp-content\\\/uploads\\\/2018\\\/02\\\/ukoli.jpg\",\"articleSection\":[\"\u041e\u0431\u0449\u0435\u0441\u0442\u0432\u043e\"],\"inLanguage\":\"ro-RO\"},{\"@type\":\"WebPage\",\"@id\":\"https:\\\/\\\/www.btv.md\\\/ro\\\/moldova-a-semnat-o-declaratie-privind-importanta-imunizarii\\\/\",\"url\":\"https:\\\/\\\/www.btv.md\\\/ro\\\/moldova-a-semnat-o-declaratie-privind-importanta-imunizarii\\\/\",\"name\":\"Moldova a semnat o declara\u021bie privind importan\u021ba imuniz\u0103rii\",\"isPartOf\":{\"@id\":\"https:\\\/\\\/www.btv.md\\\/#website\"},\"primaryImageOfPage\":{\"@id\":\"https:\\\/\\\/www.btv.md\\\/ro\\\/moldova-a-semnat-o-declaratie-privind-importanta-imunizarii\\\/#primaryimage\"},\"image\":{\"@id\":\"https:\\\/\\\/www.btv.md\\\/ro\\\/moldova-a-semnat-o-declaratie-privind-importanta-imunizarii\\\/#primaryimage\"},\"thumbnailUrl\":\"https:\\\/\\\/www.btv.md\\\/wp-content\\\/uploads\\\/2018\\\/02\\\/ukoli.jpg\",\"datePublished\":\"2018-02-21T12:14:52+00:00\",\"dateModified\":\"2018-02-21T19:30:51+00:00\",\"author\":{\"@id\":\"https:\\\/\\\/www.btv.md\\\/#\\\/schema\\\/person\\\/8fadce81561b3ce2c34c46dadc4ccbf2\"},\"description\":\"Republica Moldova, al\u0103turi de alte 10 \u0163\u0103ri din Europa de Sud-Est, au semnat o Declara\u0163ie de inten\u0163ie privind importan\u0163a imuniz\u0103rii, ce reprezint\u0103 o interven\u0163ie esen\u0163ial\u0103 pentru s\u0103n\u0103tatea public\u0103.\",\"inLanguage\":\"ro-RO\",\"potentialAction\":[{\"@type\":\"ReadAction\",\"target\":[\"https:\\\/\\\/www.btv.md\\\/ro\\\/moldova-a-semnat-o-declaratie-privind-importanta-imunizarii\\\/\"]}]},{\"@type\":\"ImageObject\",\"inLanguage\":\"ro-RO\",\"@id\":\"https:\\\/\\\/www.btv.md\\\/ro\\\/moldova-a-semnat-o-declaratie-privind-importanta-imunizarii\\\/#primaryimage\",\"url\":\"https:\\\/\\\/www.btv.md\\\/wp-content\\\/uploads\\\/2018\\\/02\\\/ukoli.jpg\",\"contentUrl\":\"https:\\\/\\\/www.btv.md\\\/wp-content\\\/uploads\\\/2018\\\/02\\\/ukoli.jpg\",\"width\":700,\"height\":500},{\"@type\":\"WebSite\",\"@id\":\"https:\\\/\\\/www.btv.md\\\/#website\",\"url\":\"https:\\\/\\\/www.btv.md\\\/\",\"name\":\"BTV\",\"description\":\"\u0411\u0435\u043b\u044c\u0446\u043a\u043e\u0435 \u0442\u0435\u043b\u0435\u0432\u0438\u0434\u0435\u043d\u0438\u0435\",\"potentialAction\":[{\"@type\":\"SearchAction\",\"target\":{\"@type\":\"EntryPoint\",\"urlTemplate\":\"https:\\\/\\\/www.btv.md\\\/?s={search_term_string}\"},\"query-input\":{\"@type\":\"PropertyValueSpecification\",\"valueRequired\":true,\"valueName\":\"search_term_string\"}}],\"inLanguage\":\"ro-RO\"},{\"@type\":\"Person\",\"@id\":\"https:\\\/\\\/www.btv.md\\\/#\\\/schema\\\/person\\\/8fadce81561b3ce2c34c46dadc4ccbf2\",\"name\":\"admin\"}]}<\/script>\n<!-- \/ Yoast SEO plugin. -->","yoast_head_json":{"title":"Moldova a semnat o declara\u021bie privind importan\u021ba imuniz\u0103rii","description":"Republica Moldova, al\u0103turi de alte 10 \u0163\u0103ri din Europa de Sud-Est, au semnat o Declara\u0163ie de inten\u0163ie privind importan\u0163a imuniz\u0103rii, ce reprezint\u0103 o interven\u0163ie esen\u0163ial\u0103 pentru s\u0103n\u0103tatea public\u0103.","robots":{"index":"index","follow":"follow","max-snippet":"max-snippet:-1","max-image-preview":"max-image-preview:large","max-video-preview":"max-video-preview:-1"},"canonical":"https:\/\/www.btv.md\/ro\/moldova-a-semnat-o-declaratie-privind-importanta-imunizarii\/","og_locale":"ro_RO","og_type":"article","og_title":"Moldova a semnat o declara\u021bie privind importan\u021ba imuniz\u0103rii","og_description":"Republica Moldova, al\u0103turi de alte 10 \u0163\u0103ri din Europa de Sud-Est, au semnat o Declara\u0163ie de inten\u0163ie privind importan\u0163a imuniz\u0103rii, ce reprezint\u0103 o interven\u0163ie esen\u0163ial\u0103 pentru s\u0103n\u0103tatea public\u0103.","og_url":"https:\/\/www.btv.md\/ro\/moldova-a-semnat-o-declaratie-privind-importanta-imunizarii\/","og_site_name":"BTV","article_publisher":"https:\/\/www.facebook.com\/btvmoldova\/","article_published_time":"2018-02-21T12:14:52+00:00","article_modified_time":"2018-02-21T19:30:51+00:00","og_image":[{"width":700,"height":500,"url":"https:\/\/www.btv.md\/wp-content\/uploads\/2018\/02\/ukoli.jpg","type":"image\/jpeg"}],"author":"admin","twitter_misc":{"Scris de":"admin","Timp estimat pentru citire":"2 minute"},"schema":{"@context":"https:\/\/schema.org","@graph":[{"@type":"Article","@id":"https:\/\/www.btv.md\/ro\/moldova-a-semnat-o-declaratie-privind-importanta-imunizarii\/#article","isPartOf":{"@id":"https:\/\/www.btv.md\/ro\/moldova-a-semnat-o-declaratie-privind-importanta-imunizarii\/"},"author":{"name":"admin","@id":"https:\/\/www.btv.md\/#\/schema\/person\/8fadce81561b3ce2c34c46dadc4ccbf2"},"headline":"Moldova a semnat o declara\u021bie privind importan\u021ba imuniz\u0103rii","datePublished":"2018-02-21T12:14:52+00:00","dateModified":"2018-02-21T19:30:51+00:00","mainEntityOfPage":{"@id":"https:\/\/www.btv.md\/ro\/moldova-a-semnat-o-declaratie-privind-importanta-imunizarii\/"},"wordCount":463,"image":{"@id":"https:\/\/www.btv.md\/ro\/moldova-a-semnat-o-declaratie-privind-importanta-imunizarii\/#primaryimage"},"thumbnailUrl":"https:\/\/www.btv.md\/wp-content\/uploads\/2018\/02\/ukoli.jpg","articleSection":["\u041e\u0431\u0449\u0435\u0441\u0442\u0432\u043e"],"inLanguage":"ro-RO"},{"@type":"WebPage","@id":"https:\/\/www.btv.md\/ro\/moldova-a-semnat-o-declaratie-privind-importanta-imunizarii\/","url":"https:\/\/www.btv.md\/ro\/moldova-a-semnat-o-declaratie-privind-importanta-imunizarii\/","name":"Moldova a semnat o declara\u021bie privind importan\u021ba imuniz\u0103rii","isPartOf":{"@id":"https:\/\/www.btv.md\/#website"},"primaryImageOfPage":{"@id":"https:\/\/www.btv.md\/ro\/moldova-a-semnat-o-declaratie-privind-importanta-imunizarii\/#primaryimage"},"image":{"@id":"https:\/\/www.btv.md\/ro\/moldova-a-semnat-o-declaratie-privind-importanta-imunizarii\/#primaryimage"},"thumbnailUrl":"https:\/\/www.btv.md\/wp-content\/uploads\/2018\/02\/ukoli.jpg","datePublished":"2018-02-21T12:14:52+00:00","dateModified":"2018-02-21T19:30:51+00:00","author":{"@id":"https:\/\/www.btv.md\/#\/schema\/person\/8fadce81561b3ce2c34c46dadc4ccbf2"},"description":"Republica Moldova, al\u0103turi de alte 10 \u0163\u0103ri din Europa de Sud-Est, au semnat o Declara\u0163ie de inten\u0163ie privind importan\u0163a imuniz\u0103rii, ce reprezint\u0103 o interven\u0163ie esen\u0163ial\u0103 pentru s\u0103n\u0103tatea public\u0103.","inLanguage":"ro-RO","potentialAction":[{"@type":"ReadAction","target":["https:\/\/www.btv.md\/ro\/moldova-a-semnat-o-declaratie-privind-importanta-imunizarii\/"]}]},{"@type":"ImageObject","inLanguage":"ro-RO","@id":"https:\/\/www.btv.md\/ro\/moldova-a-semnat-o-declaratie-privind-importanta-imunizarii\/#primaryimage","url":"https:\/\/www.btv.md\/wp-content\/uploads\/2018\/02\/ukoli.jpg","contentUrl":"https:\/\/www.btv.md\/wp-content\/uploads\/2018\/02\/ukoli.jpg","width":700,"height":500},{"@type":"WebSite","@id":"https:\/\/www.btv.md\/#website","url":"https:\/\/www.btv.md\/","name":"BTV","description":"\u0411\u0435\u043b\u044c\u0446\u043a\u043e\u0435 \u0442\u0435\u043b\u0435\u0432\u0438\u0434\u0435\u043d\u0438\u0435","potentialAction":[{"@type":"SearchAction","target":{"@type":"EntryPoint","urlTemplate":"https:\/\/www.btv.md\/?s={search_term_string}"},"query-input":{"@type":"PropertyValueSpecification","valueRequired":true,"valueName":"search_term_string"}}],"inLanguage":"ro-RO"},{"@type":"Person","@id":"https:\/\/www.btv.md\/#\/schema\/person\/8fadce81561b3ce2c34c46dadc4ccbf2","name":"admin"}]}},"_links":{"self":[{"href":"https:\/\/www.btv.md\/ro\/wp-json\/wp\/v2\/posts\/41300","targetHints":{"allow":["GET"]}}],"collection":[{"href":"https:\/\/www.btv.md\/ro\/wp-json\/wp\/v2\/posts"}],"about":[{"href":"https:\/\/www.btv.md\/ro\/wp-json\/wp\/v2\/types\/post"}],"author":[{"embeddable":true,"href":"https:\/\/www.btv.md\/ro\/wp-json\/wp\/v2\/users\/4"}],"replies":[{"embeddable":true,"href":"https:\/\/www.btv.md\/ro\/wp-json\/wp\/v2\/comments?post=41300"}],"version-history":[{"count":0,"href":"https:\/\/www.btv.md\/ro\/wp-json\/wp\/v2\/posts\/41300\/revisions"}],"wp:featuredmedia":[{"embeddable":true,"href":"https:\/\/www.btv.md\/ro\/wp-json\/wp\/v2\/media\/41302"}],"wp:attachment":[{"href":"https:\/\/www.btv.md\/ro\/wp-json\/wp\/v2\/media?parent=41300"}],"wp:term":[{"taxonomy":"category","embeddable":true,"href":"https:\/\/www.btv.md\/ro\/wp-json\/wp\/v2\/categories?post=41300"},{"taxonomy":"post_tag","embeddable":true,"href":"https:\/\/www.btv.md\/ro\/wp-json\/wp\/v2\/tags?post=41300"}],"curies":[{"name":"wp","href":"https:\/\/api.w.org\/{rel}","templated":true}]}}