{"id":41310,"date":"2018-02-21T15:26:29","date_gmt":"2018-02-21T12:26:29","guid":{"rendered":"https:\/\/btv.md\/?p=41310"},"modified":"2018-02-21T22:49:29","modified_gmt":"2018-02-21T19:49:29","slug":"mitropolia-moldovei-ar-putea-fi-obligata-sa-instaleze-rampe-de-acces-in-biserici","status":"publish","type":"post","link":"https:\/\/www.btv.md\/ro\/mitropolia-moldovei-ar-putea-fi-obligata-sa-instaleze-rampe-de-acces-in-biserici\/","title":{"rendered":"Mitropolia Moldovei ar putea fi obligat\u0103 s\u0103 instaleze rampe de acces \u00een biserici"},"content":{"rendered":"<p style=\"text-align: center;\"><iframe data-src=\"https:\/\/www.youtube.com\/embed\/I6-YVwrjElY\" width=\"854\" height=\"480\" frameborder=\"0\" allowfullscreen=\"allowfullscreen\" src=\"data:image\/svg+xml;base64,PHN2ZyB3aWR0aD0iMSIgaGVpZ2h0PSIxIiB4bWxucz0iaHR0cDovL3d3dy53My5vcmcvMjAwMC9zdmciPjwvc3ZnPg==\" class=\"lazyload\" data-load-mode=\"1\"><\/iframe><\/p>\n<h4>Mitropolia Chi\u015fin\u0103ului \u015fi a \u00centregii Moldove discrimineaz\u0103 persoanele cu dizabilit\u0103\u0163i. La aceast\u0103 concluzie a ajuns Consiliul pentru Prevenirea \u0219i Eliminarea Discrimin\u0103rii care a constatat c\u0103 persoanelor cu dizabilit\u0103\u021bi le este \u00eenc\u0103lcat dreptul la libertatea religiei, relateaz\u0103 <a href=\"http:\/\/tv8.md\/2018\/02\/19\/doc-mitropolia-moldovei-ar-putea-fi-obligata-sa-instaleze-rampe-de-acces-in-toate-bisericile\/\">TV8<\/a>.<\/h4>\n<p>Pe 21 noiembrie 2017, pre\u0219edinta Asocia\u021biei Antreprenorilor cu Dizabilit\u0103\u021bi din Republica Moldova, Irina Revin, a scris o pl\u00e2ngere c\u0103tre Consiliul pentru Prevenirea \u0219i Eliminarea Discrimin\u0103rii \u0219i Asigurarea Egalit\u0103\u021bii \u00een care a sesizat despre neaccesibilitatea \u00een loca\u0219ul de cult Catedrala Na\u0219terea Domnului din Chi\u0219in\u0103u, fapt ce constituie discriminare pe criteriul de dizabilitate \u00een realizarea dreptului la libertatea religiei.<\/p>\n<p>\u00cen data de 12 ianuarie 2018 a avut loc \u0219edin\u021ba public\u0103 unde a fost examinat\u0103 cererea, la care reprezentan\u021bii Mitropoliei nu au fost prezen\u021bi pentru a\u0219i exprima pozi\u021bia.<\/p>\n<p>\u00cen urma audierilor, Consiliul pentru Prevenirea \u0219i Eliminarea Discrimin\u0103rii \u0219i Asigurarea Egalit\u0103\u021bii a constatat prezen\u021ba discrimin\u0103rii indirecte pe criteriu de dizabilitate, iar BOM a fost impus\u0103 s\u0103 accesibilizeze accesul \u00een Catedrala Na\u0219terea Domnului din Chi\u0219in\u0103u, precum \u0219i \u00een toate loca\u0219ele de cult afiliate Mitropoliei Chi\u0219in\u0103ului \u0219i a \u00centregii Moldove.<\/p>\n<p>Autoarea pl\u00e2ngerii Irina Revin, \u00eempreun\u0103 cu avocatul Vadim Vieru, \u00een caz de nerespectarea deciziei Consiliului, vor merge \u00een instan\u021ba de judecat\u0103.<\/p>\n","protected":false},"excerpt":{"rendered":"<p>Mitropolia Chi\u015fin\u0103ului \u015fi a \u00centregii Moldove discrimineaz\u0103 persoanele cu dizabilit\u0103\u0163i. La aceast\u0103 concluzie a ajuns Consiliul pentru Prevenirea \u0219i Eliminarea Discrimin\u0103rii care a constatat c\u0103 persoanelor cu dizabilit\u0103\u021bi le este \u00eenc\u0103lcat dreptul la libertatea religiei, relateaz\u0103 TV8. Pe 21 noiembrie 2017, pre\u0219edinta Asocia\u021biei Antreprenorilor cu Dizabilit\u0103\u021bi din Republica Moldova, Irina Revin, a scris o pl\u00e2ngere [&hellip;]<\/p>\n","protected":false},"author":4,"featured_media":41311,"comment_status":"closed","ping_status":"closed","sticky":false,"template":"","format":"standard","meta":{"footnotes":""},"categories":[6349],"tags":[],"class_list":["post-41310","post","type-post","status-publish","format-standard","has-post-thumbnail","hentry","category-social"],"yoast_head":"<!-- This site is optimized with the Yoast SEO plugin v27.4 - https:\/\/yoast.com\/product\/yoast-seo-wordpress\/ -->\n<title>Mitropolia Moldovei ar putea fi obligat\u0103 s\u0103 instaleze rampe de acces \u00een biserici<\/title>\n<meta name=\"description\" content=\"Mitropolia Chi\u015fin\u0103ului \u015fi a \u00centregii Moldove discrimineaz\u0103 persoanele cu dizabilit\u0103\u0163i. La aceast\u0103 concluzie a ajuns Consiliul pentru Prevenirea \u0219i Eliminarea Discrimin\u0103rii care a constatat c\u0103 persoanelor cu dizabilit\u0103\u021bi le este \u00eenc\u0103lcat dreptul la libertatea religiei, relateaz\u0103 TV8.\" \/>\n<meta name=\"robots\" content=\"index, follow, max-snippet:-1, max-image-preview:large, max-video-preview:-1\" \/>\n<link rel=\"canonical\" href=\"https:\/\/www.btv.md\/ro\/mitropolia-moldovei-ar-putea-fi-obligata-sa-instaleze-rampe-de-acces-in-biserici\/\" \/>\n<meta property=\"og:locale\" content=\"ro_RO\" \/>\n<meta property=\"og:type\" content=\"article\" \/>\n<meta property=\"og:title\" content=\"Mitropolia Moldovei ar putea fi obligat\u0103 s\u0103 instaleze rampe de acces \u00een biserici\" \/>\n<meta property=\"og:description\" content=\"Mitropolia Chi\u015fin\u0103ului \u015fi a \u00centregii Moldove discrimineaz\u0103 persoanele cu dizabilit\u0103\u0163i. La aceast\u0103 concluzie a ajuns Consiliul pentru Prevenirea \u0219i Eliminarea Discrimin\u0103rii care a constatat c\u0103 persoanelor cu dizabilit\u0103\u021bi le este \u00eenc\u0103lcat dreptul la libertatea religiei, relateaz\u0103 TV8.\" \/>\n<meta property=\"og:url\" content=\"https:\/\/www.btv.md\/ro\/mitropolia-moldovei-ar-putea-fi-obligata-sa-instaleze-rampe-de-acces-in-biserici\/\" \/>\n<meta property=\"og:site_name\" content=\"BTV\" \/>\n<meta property=\"article:publisher\" content=\"https:\/\/www.facebook.com\/btvmoldova\/\" \/>\n<meta property=\"article:published_time\" content=\"2018-02-21T12:26:29+00:00\" \/>\n<meta property=\"article:modified_time\" content=\"2018-02-21T19:49:29+00:00\" \/>\n<meta property=\"og:image\" content=\"https:\/\/www.btv.md\/wp-content\/uploads\/2018\/02\/mitropolia_moldova.jpg\" \/>\n\t<meta property=\"og:image:width\" content=\"700\" \/>\n\t<meta property=\"og:image:height\" content=\"500\" \/>\n\t<meta property=\"og:image:type\" content=\"image\/jpeg\" \/>\n<meta name=\"author\" content=\"admin\" \/>\n<meta name=\"twitter:label1\" content=\"Scris de\" \/>\n\t<meta name=\"twitter:data1\" content=\"admin\" \/>\n\t<meta name=\"twitter:label2\" content=\"Timp estimat pentru citire\" \/>\n\t<meta name=\"twitter:data2\" content=\"1 minut\" \/>\n<script type=\"application\/ld+json\" class=\"yoast-schema-graph\">{\"@context\":\"https:\\\/\\\/schema.org\",\"@graph\":[{\"@type\":\"Article\",\"@id\":\"https:\\\/\\\/www.btv.md\\\/ro\\\/mitropolia-moldovei-ar-putea-fi-obligata-sa-instaleze-rampe-de-acces-in-biserici\\\/#article\",\"isPartOf\":{\"@id\":\"https:\\\/\\\/www.btv.md\\\/ro\\\/mitropolia-moldovei-ar-putea-fi-obligata-sa-instaleze-rampe-de-acces-in-biserici\\\/\"},\"author\":{\"name\":\"admin\",\"@id\":\"https:\\\/\\\/www.btv.md\\\/#\\\/schema\\\/person\\\/8fadce81561b3ce2c34c46dadc4ccbf2\"},\"headline\":\"Mitropolia Moldovei ar putea fi obligat\u0103 s\u0103 instaleze rampe de acces \u00een biserici\",\"datePublished\":\"2018-02-21T12:26:29+00:00\",\"dateModified\":\"2018-02-21T19:49:29+00:00\",\"mainEntityOfPage\":{\"@id\":\"https:\\\/\\\/www.btv.md\\\/ro\\\/mitropolia-moldovei-ar-putea-fi-obligata-sa-instaleze-rampe-de-acces-in-biserici\\\/\"},\"wordCount\":235,\"image\":{\"@id\":\"https:\\\/\\\/www.btv.md\\\/ro\\\/mitropolia-moldovei-ar-putea-fi-obligata-sa-instaleze-rampe-de-acces-in-biserici\\\/#primaryimage\"},\"thumbnailUrl\":\"https:\\\/\\\/www.btv.md\\\/wp-content\\\/uploads\\\/2018\\\/02\\\/mitropolia_moldova.jpg\",\"articleSection\":[\"Social\"],\"inLanguage\":\"ro-RO\"},{\"@type\":\"WebPage\",\"@id\":\"https:\\\/\\\/www.btv.md\\\/ro\\\/mitropolia-moldovei-ar-putea-fi-obligata-sa-instaleze-rampe-de-acces-in-biserici\\\/\",\"url\":\"https:\\\/\\\/www.btv.md\\\/ro\\\/mitropolia-moldovei-ar-putea-fi-obligata-sa-instaleze-rampe-de-acces-in-biserici\\\/\",\"name\":\"Mitropolia Moldovei ar putea fi obligat\u0103 s\u0103 instaleze rampe de acces \u00een biserici\",\"isPartOf\":{\"@id\":\"https:\\\/\\\/www.btv.md\\\/#website\"},\"primaryImageOfPage\":{\"@id\":\"https:\\\/\\\/www.btv.md\\\/ro\\\/mitropolia-moldovei-ar-putea-fi-obligata-sa-instaleze-rampe-de-acces-in-biserici\\\/#primaryimage\"},\"image\":{\"@id\":\"https:\\\/\\\/www.btv.md\\\/ro\\\/mitropolia-moldovei-ar-putea-fi-obligata-sa-instaleze-rampe-de-acces-in-biserici\\\/#primaryimage\"},\"thumbnailUrl\":\"https:\\\/\\\/www.btv.md\\\/wp-content\\\/uploads\\\/2018\\\/02\\\/mitropolia_moldova.jpg\",\"datePublished\":\"2018-02-21T12:26:29+00:00\",\"dateModified\":\"2018-02-21T19:49:29+00:00\",\"author\":{\"@id\":\"https:\\\/\\\/www.btv.md\\\/#\\\/schema\\\/person\\\/8fadce81561b3ce2c34c46dadc4ccbf2\"},\"description\":\"Mitropolia Chi\u015fin\u0103ului \u015fi a \u00centregii Moldove discrimineaz\u0103 persoanele cu dizabilit\u0103\u0163i. La aceast\u0103 concluzie a ajuns Consiliul pentru Prevenirea \u0219i Eliminarea Discrimin\u0103rii care a constatat c\u0103 persoanelor cu dizabilit\u0103\u021bi le este \u00eenc\u0103lcat dreptul la libertatea religiei, relateaz\u0103 TV8.\",\"inLanguage\":\"ro-RO\",\"potentialAction\":[{\"@type\":\"ReadAction\",\"target\":[\"https:\\\/\\\/www.btv.md\\\/ro\\\/mitropolia-moldovei-ar-putea-fi-obligata-sa-instaleze-rampe-de-acces-in-biserici\\\/\"]}]},{\"@type\":\"ImageObject\",\"inLanguage\":\"ro-RO\",\"@id\":\"https:\\\/\\\/www.btv.md\\\/ro\\\/mitropolia-moldovei-ar-putea-fi-obligata-sa-instaleze-rampe-de-acces-in-biserici\\\/#primaryimage\",\"url\":\"https:\\\/\\\/www.btv.md\\\/wp-content\\\/uploads\\\/2018\\\/02\\\/mitropolia_moldova.jpg\",\"contentUrl\":\"https:\\\/\\\/www.btv.md\\\/wp-content\\\/uploads\\\/2018\\\/02\\\/mitropolia_moldova.jpg\",\"width\":700,\"height\":500},{\"@type\":\"WebSite\",\"@id\":\"https:\\\/\\\/www.btv.md\\\/#website\",\"url\":\"https:\\\/\\\/www.btv.md\\\/\",\"name\":\"BTV\",\"description\":\"\u0411\u0435\u043b\u044c\u0446\u043a\u043e\u0435 \u0442\u0435\u043b\u0435\u0432\u0438\u0434\u0435\u043d\u0438\u0435\",\"potentialAction\":[{\"@type\":\"SearchAction\",\"target\":{\"@type\":\"EntryPoint\",\"urlTemplate\":\"https:\\\/\\\/www.btv.md\\\/?s={search_term_string}\"},\"query-input\":{\"@type\":\"PropertyValueSpecification\",\"valueRequired\":true,\"valueName\":\"search_term_string\"}}],\"inLanguage\":\"ro-RO\"},{\"@type\":\"Person\",\"@id\":\"https:\\\/\\\/www.btv.md\\\/#\\\/schema\\\/person\\\/8fadce81561b3ce2c34c46dadc4ccbf2\",\"name\":\"admin\"}]}<\/script>\n<!-- \/ Yoast SEO plugin. -->","yoast_head_json":{"title":"Mitropolia Moldovei ar putea fi obligat\u0103 s\u0103 instaleze rampe de acces \u00een biserici","description":"Mitropolia Chi\u015fin\u0103ului \u015fi a \u00centregii Moldove discrimineaz\u0103 persoanele cu dizabilit\u0103\u0163i. La aceast\u0103 concluzie a ajuns Consiliul pentru Prevenirea \u0219i Eliminarea Discrimin\u0103rii care a constatat c\u0103 persoanelor cu dizabilit\u0103\u021bi le este \u00eenc\u0103lcat dreptul la libertatea religiei, relateaz\u0103 TV8.","robots":{"index":"index","follow":"follow","max-snippet":"max-snippet:-1","max-image-preview":"max-image-preview:large","max-video-preview":"max-video-preview:-1"},"canonical":"https:\/\/www.btv.md\/ro\/mitropolia-moldovei-ar-putea-fi-obligata-sa-instaleze-rampe-de-acces-in-biserici\/","og_locale":"ro_RO","og_type":"article","og_title":"Mitropolia Moldovei ar putea fi obligat\u0103 s\u0103 instaleze rampe de acces \u00een biserici","og_description":"Mitropolia Chi\u015fin\u0103ului \u015fi a \u00centregii Moldove discrimineaz\u0103 persoanele cu dizabilit\u0103\u0163i. La aceast\u0103 concluzie a ajuns Consiliul pentru Prevenirea \u0219i Eliminarea Discrimin\u0103rii care a constatat c\u0103 persoanelor cu dizabilit\u0103\u021bi le este \u00eenc\u0103lcat dreptul la libertatea religiei, relateaz\u0103 TV8.","og_url":"https:\/\/www.btv.md\/ro\/mitropolia-moldovei-ar-putea-fi-obligata-sa-instaleze-rampe-de-acces-in-biserici\/","og_site_name":"BTV","article_publisher":"https:\/\/www.facebook.com\/btvmoldova\/","article_published_time":"2018-02-21T12:26:29+00:00","article_modified_time":"2018-02-21T19:49:29+00:00","og_image":[{"width":700,"height":500,"url":"https:\/\/www.btv.md\/wp-content\/uploads\/2018\/02\/mitropolia_moldova.jpg","type":"image\/jpeg"}],"author":"admin","twitter_misc":{"Scris de":"admin","Timp estimat pentru citire":"1 minut"},"schema":{"@context":"https:\/\/schema.org","@graph":[{"@type":"Article","@id":"https:\/\/www.btv.md\/ro\/mitropolia-moldovei-ar-putea-fi-obligata-sa-instaleze-rampe-de-acces-in-biserici\/#article","isPartOf":{"@id":"https:\/\/www.btv.md\/ro\/mitropolia-moldovei-ar-putea-fi-obligata-sa-instaleze-rampe-de-acces-in-biserici\/"},"author":{"name":"admin","@id":"https:\/\/www.btv.md\/#\/schema\/person\/8fadce81561b3ce2c34c46dadc4ccbf2"},"headline":"Mitropolia Moldovei ar putea fi obligat\u0103 s\u0103 instaleze rampe de acces \u00een biserici","datePublished":"2018-02-21T12:26:29+00:00","dateModified":"2018-02-21T19:49:29+00:00","mainEntityOfPage":{"@id":"https:\/\/www.btv.md\/ro\/mitropolia-moldovei-ar-putea-fi-obligata-sa-instaleze-rampe-de-acces-in-biserici\/"},"wordCount":235,"image":{"@id":"https:\/\/www.btv.md\/ro\/mitropolia-moldovei-ar-putea-fi-obligata-sa-instaleze-rampe-de-acces-in-biserici\/#primaryimage"},"thumbnailUrl":"https:\/\/www.btv.md\/wp-content\/uploads\/2018\/02\/mitropolia_moldova.jpg","articleSection":["Social"],"inLanguage":"ro-RO"},{"@type":"WebPage","@id":"https:\/\/www.btv.md\/ro\/mitropolia-moldovei-ar-putea-fi-obligata-sa-instaleze-rampe-de-acces-in-biserici\/","url":"https:\/\/www.btv.md\/ro\/mitropolia-moldovei-ar-putea-fi-obligata-sa-instaleze-rampe-de-acces-in-biserici\/","name":"Mitropolia Moldovei ar putea fi obligat\u0103 s\u0103 instaleze rampe de acces \u00een biserici","isPartOf":{"@id":"https:\/\/www.btv.md\/#website"},"primaryImageOfPage":{"@id":"https:\/\/www.btv.md\/ro\/mitropolia-moldovei-ar-putea-fi-obligata-sa-instaleze-rampe-de-acces-in-biserici\/#primaryimage"},"image":{"@id":"https:\/\/www.btv.md\/ro\/mitropolia-moldovei-ar-putea-fi-obligata-sa-instaleze-rampe-de-acces-in-biserici\/#primaryimage"},"thumbnailUrl":"https:\/\/www.btv.md\/wp-content\/uploads\/2018\/02\/mitropolia_moldova.jpg","datePublished":"2018-02-21T12:26:29+00:00","dateModified":"2018-02-21T19:49:29+00:00","author":{"@id":"https:\/\/www.btv.md\/#\/schema\/person\/8fadce81561b3ce2c34c46dadc4ccbf2"},"description":"Mitropolia Chi\u015fin\u0103ului \u015fi a \u00centregii Moldove discrimineaz\u0103 persoanele cu dizabilit\u0103\u0163i. La aceast\u0103 concluzie a ajuns Consiliul pentru Prevenirea \u0219i Eliminarea Discrimin\u0103rii care a constatat c\u0103 persoanelor cu dizabilit\u0103\u021bi le este \u00eenc\u0103lcat dreptul la libertatea religiei, relateaz\u0103 TV8.","inLanguage":"ro-RO","potentialAction":[{"@type":"ReadAction","target":["https:\/\/www.btv.md\/ro\/mitropolia-moldovei-ar-putea-fi-obligata-sa-instaleze-rampe-de-acces-in-biserici\/"]}]},{"@type":"ImageObject","inLanguage":"ro-RO","@id":"https:\/\/www.btv.md\/ro\/mitropolia-moldovei-ar-putea-fi-obligata-sa-instaleze-rampe-de-acces-in-biserici\/#primaryimage","url":"https:\/\/www.btv.md\/wp-content\/uploads\/2018\/02\/mitropolia_moldova.jpg","contentUrl":"https:\/\/www.btv.md\/wp-content\/uploads\/2018\/02\/mitropolia_moldova.jpg","width":700,"height":500},{"@type":"WebSite","@id":"https:\/\/www.btv.md\/#website","url":"https:\/\/www.btv.md\/","name":"BTV","description":"\u0411\u0435\u043b\u044c\u0446\u043a\u043e\u0435 \u0442\u0435\u043b\u0435\u0432\u0438\u0434\u0435\u043d\u0438\u0435","potentialAction":[{"@type":"SearchAction","target":{"@type":"EntryPoint","urlTemplate":"https:\/\/www.btv.md\/?s={search_term_string}"},"query-input":{"@type":"PropertyValueSpecification","valueRequired":true,"valueName":"search_term_string"}}],"inLanguage":"ro-RO"},{"@type":"Person","@id":"https:\/\/www.btv.md\/#\/schema\/person\/8fadce81561b3ce2c34c46dadc4ccbf2","name":"admin"}]}},"_links":{"self":[{"href":"https:\/\/www.btv.md\/ro\/wp-json\/wp\/v2\/posts\/41310","targetHints":{"allow":["GET"]}}],"collection":[{"href":"https:\/\/www.btv.md\/ro\/wp-json\/wp\/v2\/posts"}],"about":[{"href":"https:\/\/www.btv.md\/ro\/wp-json\/wp\/v2\/types\/post"}],"author":[{"embeddable":true,"href":"https:\/\/www.btv.md\/ro\/wp-json\/wp\/v2\/users\/4"}],"replies":[{"embeddable":true,"href":"https:\/\/www.btv.md\/ro\/wp-json\/wp\/v2\/comments?post=41310"}],"version-history":[{"count":0,"href":"https:\/\/www.btv.md\/ro\/wp-json\/wp\/v2\/posts\/41310\/revisions"}],"wp:featuredmedia":[{"embeddable":true,"href":"https:\/\/www.btv.md\/ro\/wp-json\/wp\/v2\/media\/41311"}],"wp:attachment":[{"href":"https:\/\/www.btv.md\/ro\/wp-json\/wp\/v2\/media?parent=41310"}],"wp:term":[{"taxonomy":"category","embeddable":true,"href":"https:\/\/www.btv.md\/ro\/wp-json\/wp\/v2\/categories?post=41310"},{"taxonomy":"post_tag","embeddable":true,"href":"https:\/\/www.btv.md\/ro\/wp-json\/wp\/v2\/tags?post=41310"}],"curies":[{"name":"wp","href":"https:\/\/api.w.org\/{rel}","templated":true}]}}