{"id":41313,"date":"2018-02-21T15:31:01","date_gmt":"2018-02-21T12:31:01","guid":{"rendered":"https:\/\/btv.md\/?p=41313"},"modified":"2018-02-21T22:53:45","modified_gmt":"2018-02-21T19:53:45","slug":"pretul-pentru-energia-electrica-ar-trebui-sa-fie-mai-mic","status":"publish","type":"post","link":"https:\/\/www.btv.md\/ro\/pretul-pentru-energia-electrica-ar-trebui-sa-fie-mai-mic\/","title":{"rendered":"Pre\u021bul pentru energia electric\u0103 ar trebui s\u0103 fie mai mic"},"content":{"rendered":"<p style=\"text-align: center;\"><iframe data-src=\"https:\/\/www.youtube.com\/embed\/nEcCkO7o248\" width=\"854\" height=\"480\" frameborder=\"0\" allowfullscreen=\"allowfullscreen\" src=\"data:image\/svg+xml;base64,PHN2ZyB3aWR0aD0iMSIgaGVpZ2h0PSIxIiB4bWxucz0iaHR0cDovL3d3dy53My5vcmcvMjAwMC9zdmciPjwvc3ZnPg==\" class=\"lazyload\" data-load-mode=\"1\"><\/iframe><\/p>\n<h4>Operatorii de pe pia\u021ba energiei electrice din Republica Moldova urmeaz\u0103 s\u0103 negocieze noi contracte de achizi\u021bie care vor determina pre\u021burile pentru perioada 1 aprilie 2018 &#8211; 31 martie 2019.<\/h4>\n<p>Fostul director ANRE, expertul \u00een energetic\u0103 Victor Parlicov a declarat pentru studioul radio <a href=\"https:\/\/www.sputnik.md\/radio_rubrica_opinia_expertului\/20180220\/17407245\/victor-parlicov-pretul-pentru-energia-electrica-mai-mic.html\">Sputnik Moldova<\/a> c\u0103, \u00een condi\u021biile \u00een care furnizorilor de energie electric\u0103 li s-au prezentat mai multe oferte, pre\u021bul energiei electrice ar trebui s\u0103 scad\u0103.<\/p>\n<p>Ofertele celor dou\u0103 companii din Ucraina ar trebui analizate chiar dac\u0103 pia\u021ba energetic\u0103 ucrainean\u0103 este una instabila. Totu\u0219i Republica Moldova ar trebui s\u0103 fructifice actuala conjunctur\u0103 energetic\u0103 pentru a-\u0219i negocia un pre\u021b mai mic la energia electric\u0103, sus\u021bine Parlicov.<\/p>\n<p>Furnizorii priva\u021bi interni, dar \u0219i companiile de stat care furnizeaz\u0103 energie electric\u0103 sunt la etapa colect\u0103rii ofertelor privind procurarea energiei electrice pentru perioada 1 aprilie 2018 &#8211; 31 martie 2019.<\/p>\n<p>Secretarul de Stat al Ministerului Economiei, Vitalie Iurcu, a declarat pentru studioul radio <a href=\"https:\/\/www.sputnik.md\/radio_rubrica_opinia_expertului\/20180220\/17407245\/victor-parlicov-pretul-pentru-energia-electrica-mai-mic.html\">Sputnik Moldova<\/a> c\u0103, p\u00e2n\u0103 \u00een data de 7 martie curent, ofertele respective trebuie s\u0103 fie prezentate pe adresa furnizorilor de energie electric\u0103, astfel \u00eenc\u00e2t p\u00e2n\u0103 la mijlocul lunii martie s\u0103 existe o claritate la acest subiect. Vitalie Iurcu mai spune c\u0103 deocamdat\u0103 este prematur s\u0103 vorbim despre o diminuare a pre\u021bului la energia electric\u0103.<\/p>\n<p>Recent, Guvernul a solicitat regulatorului pie\u021bei energetice o reducere a pre\u021bului la gaze cu 20%. Dar acest fapt, a precizat Vitalie Iurcu, nu va influen\u021ba pre\u021bul final al energiei electrice, \u00een condi\u021biile \u00een care ponderea producerii electricit\u0103\u021bii rezultat\u0103 din gaz este de doar 30%.<\/p>\n<p>Patru companii, inclusiv dou\u0103 str\u0103ine, \u0219i-au anun\u021bat inten\u021bia de a livra energie electric\u0103. La ora actual\u0103, doar 20% din necesarul de curent electric este asigurat de centralele locale, alte circa 30% sunt livr\u0103ri din Ucraina, iar peste 50%\u00a0\u2014 de la CERS Moldoveneasc\u0103.<\/p>\n","protected":false},"excerpt":{"rendered":"<p>Operatorii de pe pia\u021ba energiei electrice din Republica Moldova urmeaz\u0103 s\u0103 negocieze noi contracte de achizi\u021bie care vor determina pre\u021burile pentru perioada 1 aprilie 2018 &#8211; 31 martie 2019. Fostul director ANRE, expertul \u00een energetic\u0103 Victor Parlicov a declarat pentru studioul radio Sputnik Moldova c\u0103, \u00een condi\u021biile \u00een care furnizorilor de energie electric\u0103 li s-au [&hellip;]<\/p>\n","protected":false},"author":4,"featured_media":41314,"comment_status":"closed","ping_status":"closed","sticky":false,"template":"","format":"standard","meta":{"footnotes":""},"categories":[6349],"tags":[],"class_list":["post-41313","post","type-post","status-publish","format-standard","has-post-thumbnail","hentry","category-social"],"yoast_head":"<!-- This site is optimized with the Yoast SEO plugin v27.4 - https:\/\/yoast.com\/product\/yoast-seo-wordpress\/ -->\n<title>Pre\u021bul pentru energia electric\u0103 ar trebui s\u0103 fie mai mic<\/title>\n<meta name=\"description\" content=\"Operatorii de pe pia\u021ba energiei electrice din Republica Moldova urmeaz\u0103 s\u0103 negocieze noi contracte de achizi\u021bie care vor determina pre\u021burile pentru perioada 1 aprilie 2018 - 31 martie 2019.\" \/>\n<meta name=\"robots\" content=\"index, follow, max-snippet:-1, max-image-preview:large, max-video-preview:-1\" \/>\n<link rel=\"canonical\" href=\"https:\/\/www.btv.md\/ro\/pretul-pentru-energia-electrica-ar-trebui-sa-fie-mai-mic\/\" \/>\n<meta property=\"og:locale\" content=\"ro_RO\" \/>\n<meta property=\"og:type\" content=\"article\" \/>\n<meta property=\"og:title\" content=\"Pre\u021bul pentru energia electric\u0103 ar trebui s\u0103 fie mai mic\" \/>\n<meta property=\"og:description\" content=\"Operatorii de pe pia\u021ba energiei electrice din Republica Moldova urmeaz\u0103 s\u0103 negocieze noi contracte de achizi\u021bie care vor determina pre\u021burile pentru perioada 1 aprilie 2018 - 31 martie 2019.\" \/>\n<meta property=\"og:url\" content=\"https:\/\/www.btv.md\/ro\/pretul-pentru-energia-electrica-ar-trebui-sa-fie-mai-mic\/\" \/>\n<meta property=\"og:site_name\" content=\"BTV\" \/>\n<meta property=\"article:publisher\" content=\"https:\/\/www.facebook.com\/btvmoldova\/\" \/>\n<meta property=\"article:published_time\" content=\"2018-02-21T12:31:01+00:00\" \/>\n<meta property=\"article:modified_time\" content=\"2018-02-21T19:53:45+00:00\" \/>\n<meta property=\"og:image\" content=\"https:\/\/www.btv.md\/wp-content\/uploads\/2018\/02\/electricestvo.jpg\" \/>\n\t<meta property=\"og:image:width\" content=\"700\" \/>\n\t<meta property=\"og:image:height\" content=\"500\" \/>\n\t<meta property=\"og:image:type\" content=\"image\/jpeg\" \/>\n<meta name=\"author\" content=\"admin\" \/>\n<meta name=\"twitter:label1\" content=\"Scris de\" \/>\n\t<meta name=\"twitter:data1\" content=\"admin\" \/>\n\t<meta name=\"twitter:label2\" content=\"Timp estimat pentru citire\" \/>\n\t<meta name=\"twitter:data2\" content=\"1 minut\" \/>\n<script type=\"application\/ld+json\" class=\"yoast-schema-graph\">{\"@context\":\"https:\\\/\\\/schema.org\",\"@graph\":[{\"@type\":\"Article\",\"@id\":\"https:\\\/\\\/www.btv.md\\\/ro\\\/pretul-pentru-energia-electrica-ar-trebui-sa-fie-mai-mic\\\/#article\",\"isPartOf\":{\"@id\":\"https:\\\/\\\/www.btv.md\\\/ro\\\/pretul-pentru-energia-electrica-ar-trebui-sa-fie-mai-mic\\\/\"},\"author\":{\"name\":\"admin\",\"@id\":\"https:\\\/\\\/www.btv.md\\\/#\\\/schema\\\/person\\\/8fadce81561b3ce2c34c46dadc4ccbf2\"},\"headline\":\"Pre\u021bul pentru energia electric\u0103 ar trebui s\u0103 fie mai mic\",\"datePublished\":\"2018-02-21T12:31:01+00:00\",\"dateModified\":\"2018-02-21T19:53:45+00:00\",\"mainEntityOfPage\":{\"@id\":\"https:\\\/\\\/www.btv.md\\\/ro\\\/pretul-pentru-energia-electrica-ar-trebui-sa-fie-mai-mic\\\/\"},\"wordCount\":310,\"image\":{\"@id\":\"https:\\\/\\\/www.btv.md\\\/ro\\\/pretul-pentru-energia-electrica-ar-trebui-sa-fie-mai-mic\\\/#primaryimage\"},\"thumbnailUrl\":\"https:\\\/\\\/www.btv.md\\\/wp-content\\\/uploads\\\/2018\\\/02\\\/electricestvo.jpg\",\"articleSection\":[\"Social\"],\"inLanguage\":\"ro-RO\"},{\"@type\":\"WebPage\",\"@id\":\"https:\\\/\\\/www.btv.md\\\/ro\\\/pretul-pentru-energia-electrica-ar-trebui-sa-fie-mai-mic\\\/\",\"url\":\"https:\\\/\\\/www.btv.md\\\/ro\\\/pretul-pentru-energia-electrica-ar-trebui-sa-fie-mai-mic\\\/\",\"name\":\"Pre\u021bul pentru energia electric\u0103 ar trebui s\u0103 fie mai mic\",\"isPartOf\":{\"@id\":\"https:\\\/\\\/www.btv.md\\\/#website\"},\"primaryImageOfPage\":{\"@id\":\"https:\\\/\\\/www.btv.md\\\/ro\\\/pretul-pentru-energia-electrica-ar-trebui-sa-fie-mai-mic\\\/#primaryimage\"},\"image\":{\"@id\":\"https:\\\/\\\/www.btv.md\\\/ro\\\/pretul-pentru-energia-electrica-ar-trebui-sa-fie-mai-mic\\\/#primaryimage\"},\"thumbnailUrl\":\"https:\\\/\\\/www.btv.md\\\/wp-content\\\/uploads\\\/2018\\\/02\\\/electricestvo.jpg\",\"datePublished\":\"2018-02-21T12:31:01+00:00\",\"dateModified\":\"2018-02-21T19:53:45+00:00\",\"author\":{\"@id\":\"https:\\\/\\\/www.btv.md\\\/#\\\/schema\\\/person\\\/8fadce81561b3ce2c34c46dadc4ccbf2\"},\"description\":\"Operatorii de pe pia\u021ba energiei electrice din Republica Moldova urmeaz\u0103 s\u0103 negocieze noi contracte de achizi\u021bie care vor determina pre\u021burile pentru perioada 1 aprilie 2018 - 31 martie 2019.\",\"inLanguage\":\"ro-RO\",\"potentialAction\":[{\"@type\":\"ReadAction\",\"target\":[\"https:\\\/\\\/www.btv.md\\\/ro\\\/pretul-pentru-energia-electrica-ar-trebui-sa-fie-mai-mic\\\/\"]}]},{\"@type\":\"ImageObject\",\"inLanguage\":\"ro-RO\",\"@id\":\"https:\\\/\\\/www.btv.md\\\/ro\\\/pretul-pentru-energia-electrica-ar-trebui-sa-fie-mai-mic\\\/#primaryimage\",\"url\":\"https:\\\/\\\/www.btv.md\\\/wp-content\\\/uploads\\\/2018\\\/02\\\/electricestvo.jpg\",\"contentUrl\":\"https:\\\/\\\/www.btv.md\\\/wp-content\\\/uploads\\\/2018\\\/02\\\/electricestvo.jpg\",\"width\":700,\"height\":500},{\"@type\":\"WebSite\",\"@id\":\"https:\\\/\\\/www.btv.md\\\/#website\",\"url\":\"https:\\\/\\\/www.btv.md\\\/\",\"name\":\"BTV\",\"description\":\"\u0411\u0435\u043b\u044c\u0446\u043a\u043e\u0435 \u0442\u0435\u043b\u0435\u0432\u0438\u0434\u0435\u043d\u0438\u0435\",\"potentialAction\":[{\"@type\":\"SearchAction\",\"target\":{\"@type\":\"EntryPoint\",\"urlTemplate\":\"https:\\\/\\\/www.btv.md\\\/?s={search_term_string}\"},\"query-input\":{\"@type\":\"PropertyValueSpecification\",\"valueRequired\":true,\"valueName\":\"search_term_string\"}}],\"inLanguage\":\"ro-RO\"},{\"@type\":\"Person\",\"@id\":\"https:\\\/\\\/www.btv.md\\\/#\\\/schema\\\/person\\\/8fadce81561b3ce2c34c46dadc4ccbf2\",\"name\":\"admin\"}]}<\/script>\n<!-- \/ Yoast SEO plugin. -->","yoast_head_json":{"title":"Pre\u021bul pentru energia electric\u0103 ar trebui s\u0103 fie mai mic","description":"Operatorii de pe pia\u021ba energiei electrice din Republica Moldova urmeaz\u0103 s\u0103 negocieze noi contracte de achizi\u021bie care vor determina pre\u021burile pentru perioada 1 aprilie 2018 - 31 martie 2019.","robots":{"index":"index","follow":"follow","max-snippet":"max-snippet:-1","max-image-preview":"max-image-preview:large","max-video-preview":"max-video-preview:-1"},"canonical":"https:\/\/www.btv.md\/ro\/pretul-pentru-energia-electrica-ar-trebui-sa-fie-mai-mic\/","og_locale":"ro_RO","og_type":"article","og_title":"Pre\u021bul pentru energia electric\u0103 ar trebui s\u0103 fie mai mic","og_description":"Operatorii de pe pia\u021ba energiei electrice din Republica Moldova urmeaz\u0103 s\u0103 negocieze noi contracte de achizi\u021bie care vor determina pre\u021burile pentru perioada 1 aprilie 2018 - 31 martie 2019.","og_url":"https:\/\/www.btv.md\/ro\/pretul-pentru-energia-electrica-ar-trebui-sa-fie-mai-mic\/","og_site_name":"BTV","article_publisher":"https:\/\/www.facebook.com\/btvmoldova\/","article_published_time":"2018-02-21T12:31:01+00:00","article_modified_time":"2018-02-21T19:53:45+00:00","og_image":[{"width":700,"height":500,"url":"https:\/\/www.btv.md\/wp-content\/uploads\/2018\/02\/electricestvo.jpg","type":"image\/jpeg"}],"author":"admin","twitter_misc":{"Scris de":"admin","Timp estimat pentru citire":"1 minut"},"schema":{"@context":"https:\/\/schema.org","@graph":[{"@type":"Article","@id":"https:\/\/www.btv.md\/ro\/pretul-pentru-energia-electrica-ar-trebui-sa-fie-mai-mic\/#article","isPartOf":{"@id":"https:\/\/www.btv.md\/ro\/pretul-pentru-energia-electrica-ar-trebui-sa-fie-mai-mic\/"},"author":{"name":"admin","@id":"https:\/\/www.btv.md\/#\/schema\/person\/8fadce81561b3ce2c34c46dadc4ccbf2"},"headline":"Pre\u021bul pentru energia electric\u0103 ar trebui s\u0103 fie mai mic","datePublished":"2018-02-21T12:31:01+00:00","dateModified":"2018-02-21T19:53:45+00:00","mainEntityOfPage":{"@id":"https:\/\/www.btv.md\/ro\/pretul-pentru-energia-electrica-ar-trebui-sa-fie-mai-mic\/"},"wordCount":310,"image":{"@id":"https:\/\/www.btv.md\/ro\/pretul-pentru-energia-electrica-ar-trebui-sa-fie-mai-mic\/#primaryimage"},"thumbnailUrl":"https:\/\/www.btv.md\/wp-content\/uploads\/2018\/02\/electricestvo.jpg","articleSection":["Social"],"inLanguage":"ro-RO"},{"@type":"WebPage","@id":"https:\/\/www.btv.md\/ro\/pretul-pentru-energia-electrica-ar-trebui-sa-fie-mai-mic\/","url":"https:\/\/www.btv.md\/ro\/pretul-pentru-energia-electrica-ar-trebui-sa-fie-mai-mic\/","name":"Pre\u021bul pentru energia electric\u0103 ar trebui s\u0103 fie mai mic","isPartOf":{"@id":"https:\/\/www.btv.md\/#website"},"primaryImageOfPage":{"@id":"https:\/\/www.btv.md\/ro\/pretul-pentru-energia-electrica-ar-trebui-sa-fie-mai-mic\/#primaryimage"},"image":{"@id":"https:\/\/www.btv.md\/ro\/pretul-pentru-energia-electrica-ar-trebui-sa-fie-mai-mic\/#primaryimage"},"thumbnailUrl":"https:\/\/www.btv.md\/wp-content\/uploads\/2018\/02\/electricestvo.jpg","datePublished":"2018-02-21T12:31:01+00:00","dateModified":"2018-02-21T19:53:45+00:00","author":{"@id":"https:\/\/www.btv.md\/#\/schema\/person\/8fadce81561b3ce2c34c46dadc4ccbf2"},"description":"Operatorii de pe pia\u021ba energiei electrice din Republica Moldova urmeaz\u0103 s\u0103 negocieze noi contracte de achizi\u021bie care vor determina pre\u021burile pentru perioada 1 aprilie 2018 - 31 martie 2019.","inLanguage":"ro-RO","potentialAction":[{"@type":"ReadAction","target":["https:\/\/www.btv.md\/ro\/pretul-pentru-energia-electrica-ar-trebui-sa-fie-mai-mic\/"]}]},{"@type":"ImageObject","inLanguage":"ro-RO","@id":"https:\/\/www.btv.md\/ro\/pretul-pentru-energia-electrica-ar-trebui-sa-fie-mai-mic\/#primaryimage","url":"https:\/\/www.btv.md\/wp-content\/uploads\/2018\/02\/electricestvo.jpg","contentUrl":"https:\/\/www.btv.md\/wp-content\/uploads\/2018\/02\/electricestvo.jpg","width":700,"height":500},{"@type":"WebSite","@id":"https:\/\/www.btv.md\/#website","url":"https:\/\/www.btv.md\/","name":"BTV","description":"\u0411\u0435\u043b\u044c\u0446\u043a\u043e\u0435 \u0442\u0435\u043b\u0435\u0432\u0438\u0434\u0435\u043d\u0438\u0435","potentialAction":[{"@type":"SearchAction","target":{"@type":"EntryPoint","urlTemplate":"https:\/\/www.btv.md\/?s={search_term_string}"},"query-input":{"@type":"PropertyValueSpecification","valueRequired":true,"valueName":"search_term_string"}}],"inLanguage":"ro-RO"},{"@type":"Person","@id":"https:\/\/www.btv.md\/#\/schema\/person\/8fadce81561b3ce2c34c46dadc4ccbf2","name":"admin"}]}},"_links":{"self":[{"href":"https:\/\/www.btv.md\/ro\/wp-json\/wp\/v2\/posts\/41313","targetHints":{"allow":["GET"]}}],"collection":[{"href":"https:\/\/www.btv.md\/ro\/wp-json\/wp\/v2\/posts"}],"about":[{"href":"https:\/\/www.btv.md\/ro\/wp-json\/wp\/v2\/types\/post"}],"author":[{"embeddable":true,"href":"https:\/\/www.btv.md\/ro\/wp-json\/wp\/v2\/users\/4"}],"replies":[{"embeddable":true,"href":"https:\/\/www.btv.md\/ro\/wp-json\/wp\/v2\/comments?post=41313"}],"version-history":[{"count":0,"href":"https:\/\/www.btv.md\/ro\/wp-json\/wp\/v2\/posts\/41313\/revisions"}],"wp:featuredmedia":[{"embeddable":true,"href":"https:\/\/www.btv.md\/ro\/wp-json\/wp\/v2\/media\/41314"}],"wp:attachment":[{"href":"https:\/\/www.btv.md\/ro\/wp-json\/wp\/v2\/media?parent=41313"}],"wp:term":[{"taxonomy":"category","embeddable":true,"href":"https:\/\/www.btv.md\/ro\/wp-json\/wp\/v2\/categories?post=41313"},{"taxonomy":"post_tag","embeddable":true,"href":"https:\/\/www.btv.md\/ro\/wp-json\/wp\/v2\/tags?post=41313"}],"curies":[{"name":"wp","href":"https:\/\/api.w.org\/{rel}","templated":true}]}}