{"id":41319,"date":"2018-02-21T15:39:54","date_gmt":"2018-02-21T12:39:54","guid":{"rendered":"https:\/\/btv.md\/?p=41319"},"modified":"2018-02-21T15:39:54","modified_gmt":"2018-02-21T12:39:54","slug":"inca-o-tara-vrea-sa-introduca-castrarea-chimica-a-pedofililor","status":"publish","type":"post","link":"https:\/\/www.btv.md\/ro\/inca-o-tara-vrea-sa-introduca-castrarea-chimica-a-pedofililor\/","title":{"rendered":"\u00cenc\u0103 o \u021bar\u0103 vrea s\u0103 introduc\u0103 castrarea chimic\u0103 a pedofililor"},"content":{"rendered":"<h4>Autorit\u0103\u0163ile turce vor s\u0103 introduc\u0103 castrarea chimic\u0103 a celor care comit agresiuni sexuale asupra minorilor, a indicat ministrul turc al justi\u0163iei, Abd\u00fclhamit G\u00fcl. \u00abTribunalele vor decide \u00een ce prive\u015fte punerea \u00een aplicare \u015fi durata castr\u0103rii chimice pentru suprimarea sau reducerea dorin\u0163ei sexuale. Vom repune aceasta \u00een discu\u0163ie peste c\u00e2teva zile\u00bb, &#8211; a afirmat G\u00fcl.<\/h4>\n<p>Declara\u0163ia ministrului justi\u0163iei survine pe fondul indign\u0103rii declan\u015fate \u00een Turcia de agresarea unui copil de patru ani \u015fi jum\u0103tate de c\u0103tre un b\u0103rbat de 20 de ani, s\u0103pt\u0103m\u00e2na trecut\u0103, la o petrecere de nunt\u0103 \u00een provincia Adana.<\/p>\n<p>Conform agen\u0163iei Anadolu, citat\u0103 de <a href=\"https:\/\/www.digi24.ro\/stiri\/externe\/ue\/inca-o-tara-vrea-sa-introduca-castrarea-chimica-a-pedofililor-881778\">Digi24<\/a>, Parchetul a cerut 66 de ani de \u00eenchisoare pentru presupusul agresor.<\/p>\n<p>Castrarea chimic\u0103 fusese introdus\u0103 \u00een Turcia \u00een iulie 2016 \u00een cazul autorilor de crime sexuale, dar Consiliul de Stat s-a opus aplic\u0103rii sale, motiv\u00e2nd c\u0103 \u00abdefini\u0163ia tratamentului \u015fi limitele sale sunt vagi\u00bb.<\/p>\n<p>\u00abToate op\u0163iunile, toate m\u0103surile ce trebuie luate pentru rezolvarea problemei vor fi luate \u00een discu\u0163ie\u00bb, &#8211; a spus G\u00fcl.<\/p>\n<p>Purt\u0103torul de cuv\u00e2nt al guvernului, Bekir Bozdag, a anun\u0163at luni c\u0103 o comisie format\u0103 din \u015fase mini\u015ftri, printre care \u015fi G\u00fcl, va examina mijloacele de lupt\u0103 \u00eempotriva abuzurilor care \u00eei vizeaz\u0103 pe copii.<\/p>\n<p>Num\u0103rul cazurilor de abuzuri sexuale asupra copiilor a crescut de la 3.778 \u00een 2006 la 21.189 \u00een 2016, arat\u0103 cifrele Ministerului Justi\u0163iei, difuzate de organiza\u0163ii de ap\u0103rare a drepturilor omului. \u00cen 2016, aproape 60% dintre suspec\u0163i au fost condamna\u0163i, a indicat Asocia\u0163ia turc\u0103 pentru drepturile omului (IHD).<\/p>\n<p>\u00cen opinia ONG-ului \u00abAdunarea femeilor\u00bb, castrarea chimic\u0103 constituie \u00abo pedeaps\u0103 \u00een neconcordan\u0163\u0103 cu legile moderne\u00bb \u015fi care \u00abmerge \u00eempotriva drepturilor omului\u00bb, asocia\u0163ia fiind de p\u0103rere c\u0103 \u00absolu\u0163ia este s\u0103 se renun\u0163e la aplicarea de pedepse reduse \u00een cazurile de abuzuri \u00eempotriva copiilor\u00bb.<\/p>\n<p>Pe de alt\u0103 parte, pre\u015fedintele Recep Tayyip Erdogan a ridicat mar\u0163i problema incrimin\u0103rii adulterului, un subiect care a provocat deja o polemic\u0103 \u00een Turcia \u00een 2004, c\u00e2nd actualul \u015fef al statului era prim-ministru.<\/p>\n<p>El a dorit atunci s\u0103 treac\u0103 aceast\u0103 m\u0103sur\u0103 odat\u0103 cu reforma codului penal, dar a renun\u0163at la presiunea Uniunii Europene.<\/p>\n<p>\u00ab\u00cen timpul procesului (de aderare la) UE, noi am f\u0103cut o gre\u015feal\u0103 pe tema adulterului\u00bb, &#8211; a declarat Erdogan, apreciind c\u0103 subiectul ar trebui redeschis, dup\u0103 cum a relatat cotidianul H\u00fcrriyet.<\/p>\n","protected":false},"excerpt":{"rendered":"<p>Autorit\u0103\u0163ile turce vor s\u0103 introduc\u0103 castrarea chimic\u0103 a celor care comit agresiuni sexuale asupra minorilor, a indicat ministrul turc al justi\u0163iei, Abd\u00fclhamit G\u00fcl. \u00abTribunalele vor decide \u00een ce prive\u015fte punerea \u00een aplicare \u015fi durata castr\u0103rii chimice pentru suprimarea sau reducerea dorin\u0163ei sexuale. Vom repune aceasta \u00een discu\u0163ie peste c\u00e2teva zile\u00bb, &#8211; a afirmat G\u00fcl. Declara\u0163ia [&hellip;]<\/p>\n","protected":false},"author":4,"featured_media":41320,"comment_status":"closed","ping_status":"closed","sticky":false,"template":"","format":"standard","meta":{"footnotes":""},"categories":[6354],"tags":[],"class_list":["post-41319","post","type-post","status-publish","format-standard","has-post-thumbnail","hentry","category-externe-ro"],"yoast_head":"<!-- This site is optimized with the Yoast SEO plugin v27.4 - https:\/\/yoast.com\/product\/yoast-seo-wordpress\/ -->\n<title>\u00cenc\u0103 o \u021bar\u0103 vrea s\u0103 introduc\u0103 castrarea chimic\u0103 a pedofililor<\/title>\n<meta name=\"description\" content=\"Autorit\u0103\u0163ile turce vor s\u0103 introduc\u0103 castrarea chimic\u0103 a celor care comit agresiuni sexuale asupra minorilor, a indicat ministrul turc al justi\u0163iei, Abd\u00fclhamit G\u00fcl. \u00abTribunalele vor decide \u00een ce prive\u015fte punerea \u00een aplicare \u015fi durata castr\u0103rii chimice pentru suprimarea sau reducerea dorin\u0163ei sexuale.\" \/>\n<meta name=\"robots\" content=\"index, follow, max-snippet:-1, max-image-preview:large, max-video-preview:-1\" \/>\n<link rel=\"canonical\" href=\"https:\/\/www.btv.md\/ro\/inca-o-tara-vrea-sa-introduca-castrarea-chimica-a-pedofililor\/\" \/>\n<meta property=\"og:locale\" content=\"ro_RO\" \/>\n<meta property=\"og:type\" content=\"article\" \/>\n<meta property=\"og:title\" content=\"\u00cenc\u0103 o \u021bar\u0103 vrea s\u0103 introduc\u0103 castrarea chimic\u0103 a pedofililor\" \/>\n<meta property=\"og:description\" content=\"Autorit\u0103\u0163ile turce vor s\u0103 introduc\u0103 castrarea chimic\u0103 a celor care comit agresiuni sexuale asupra minorilor, a indicat ministrul turc al justi\u0163iei, Abd\u00fclhamit G\u00fcl. \u00abTribunalele vor decide \u00een ce prive\u015fte punerea \u00een aplicare \u015fi durata castr\u0103rii chimice pentru suprimarea sau reducerea dorin\u0163ei sexuale. Vom repune aceasta \u00een discu\u0163ie peste c\u00e2teva zile\u00bb, - a afirmat G\u00fcl.\" \/>\n<meta property=\"og:url\" content=\"https:\/\/www.btv.md\/ro\/inca-o-tara-vrea-sa-introduca-castrarea-chimica-a-pedofililor\/\" \/>\n<meta property=\"og:site_name\" content=\"BTV\" \/>\n<meta property=\"article:publisher\" content=\"https:\/\/www.facebook.com\/btvmoldova\/\" \/>\n<meta property=\"article:published_time\" content=\"2018-02-21T12:39:54+00:00\" \/>\n<meta property=\"og:image\" content=\"https:\/\/www.btv.md\/wp-content\/uploads\/2018\/02\/pedofilia_nasilie.jpg\" \/>\n\t<meta property=\"og:image:width\" content=\"700\" \/>\n\t<meta property=\"og:image:height\" content=\"500\" \/>\n\t<meta property=\"og:image:type\" content=\"image\/jpeg\" \/>\n<meta name=\"author\" content=\"admin\" \/>\n<meta name=\"twitter:label1\" content=\"Scris de\" \/>\n\t<meta name=\"twitter:data1\" content=\"admin\" \/>\n\t<meta name=\"twitter:label2\" content=\"Timp estimat pentru citire\" \/>\n\t<meta name=\"twitter:data2\" content=\"2 minute\" \/>\n<script type=\"application\/ld+json\" class=\"yoast-schema-graph\">{\"@context\":\"https:\\\/\\\/schema.org\",\"@graph\":[{\"@type\":\"Article\",\"@id\":\"https:\\\/\\\/www.btv.md\\\/ro\\\/inca-o-tara-vrea-sa-introduca-castrarea-chimica-a-pedofililor\\\/#article\",\"isPartOf\":{\"@id\":\"https:\\\/\\\/www.btv.md\\\/ro\\\/inca-o-tara-vrea-sa-introduca-castrarea-chimica-a-pedofililor\\\/\"},\"author\":{\"name\":\"admin\",\"@id\":\"https:\\\/\\\/www.btv.md\\\/#\\\/schema\\\/person\\\/8fadce81561b3ce2c34c46dadc4ccbf2\"},\"headline\":\"\u00cenc\u0103 o \u021bar\u0103 vrea s\u0103 introduc\u0103 castrarea chimic\u0103 a pedofililor\",\"datePublished\":\"2018-02-21T12:39:54+00:00\",\"mainEntityOfPage\":{\"@id\":\"https:\\\/\\\/www.btv.md\\\/ro\\\/inca-o-tara-vrea-sa-introduca-castrarea-chimica-a-pedofililor\\\/\"},\"wordCount\":418,\"image\":{\"@id\":\"https:\\\/\\\/www.btv.md\\\/ro\\\/inca-o-tara-vrea-sa-introduca-castrarea-chimica-a-pedofililor\\\/#primaryimage\"},\"thumbnailUrl\":\"https:\\\/\\\/www.btv.md\\\/wp-content\\\/uploads\\\/2018\\\/02\\\/pedofilia_nasilie.jpg\",\"articleSection\":[\"Externe\"],\"inLanguage\":\"ro-RO\"},{\"@type\":\"WebPage\",\"@id\":\"https:\\\/\\\/www.btv.md\\\/ro\\\/inca-o-tara-vrea-sa-introduca-castrarea-chimica-a-pedofililor\\\/\",\"url\":\"https:\\\/\\\/www.btv.md\\\/ro\\\/inca-o-tara-vrea-sa-introduca-castrarea-chimica-a-pedofililor\\\/\",\"name\":\"\u00cenc\u0103 o \u021bar\u0103 vrea s\u0103 introduc\u0103 castrarea chimic\u0103 a pedofililor\",\"isPartOf\":{\"@id\":\"https:\\\/\\\/www.btv.md\\\/#website\"},\"primaryImageOfPage\":{\"@id\":\"https:\\\/\\\/www.btv.md\\\/ro\\\/inca-o-tara-vrea-sa-introduca-castrarea-chimica-a-pedofililor\\\/#primaryimage\"},\"image\":{\"@id\":\"https:\\\/\\\/www.btv.md\\\/ro\\\/inca-o-tara-vrea-sa-introduca-castrarea-chimica-a-pedofililor\\\/#primaryimage\"},\"thumbnailUrl\":\"https:\\\/\\\/www.btv.md\\\/wp-content\\\/uploads\\\/2018\\\/02\\\/pedofilia_nasilie.jpg\",\"datePublished\":\"2018-02-21T12:39:54+00:00\",\"author\":{\"@id\":\"https:\\\/\\\/www.btv.md\\\/#\\\/schema\\\/person\\\/8fadce81561b3ce2c34c46dadc4ccbf2\"},\"description\":\"Autorit\u0103\u0163ile turce vor s\u0103 introduc\u0103 castrarea chimic\u0103 a celor care comit agresiuni sexuale asupra minorilor, a indicat ministrul turc al justi\u0163iei, Abd\u00fclhamit G\u00fcl. \u00abTribunalele vor decide \u00een ce prive\u015fte punerea \u00een aplicare \u015fi durata castr\u0103rii chimice pentru suprimarea sau reducerea dorin\u0163ei sexuale.\",\"inLanguage\":\"ro-RO\",\"potentialAction\":[{\"@type\":\"ReadAction\",\"target\":[\"https:\\\/\\\/www.btv.md\\\/ro\\\/inca-o-tara-vrea-sa-introduca-castrarea-chimica-a-pedofililor\\\/\"]}]},{\"@type\":\"ImageObject\",\"inLanguage\":\"ro-RO\",\"@id\":\"https:\\\/\\\/www.btv.md\\\/ro\\\/inca-o-tara-vrea-sa-introduca-castrarea-chimica-a-pedofililor\\\/#primaryimage\",\"url\":\"https:\\\/\\\/www.btv.md\\\/wp-content\\\/uploads\\\/2018\\\/02\\\/pedofilia_nasilie.jpg\",\"contentUrl\":\"https:\\\/\\\/www.btv.md\\\/wp-content\\\/uploads\\\/2018\\\/02\\\/pedofilia_nasilie.jpg\",\"width\":700,\"height\":500},{\"@type\":\"WebSite\",\"@id\":\"https:\\\/\\\/www.btv.md\\\/#website\",\"url\":\"https:\\\/\\\/www.btv.md\\\/\",\"name\":\"BTV\",\"description\":\"\u0411\u0435\u043b\u044c\u0446\u043a\u043e\u0435 \u0442\u0435\u043b\u0435\u0432\u0438\u0434\u0435\u043d\u0438\u0435\",\"potentialAction\":[{\"@type\":\"SearchAction\",\"target\":{\"@type\":\"EntryPoint\",\"urlTemplate\":\"https:\\\/\\\/www.btv.md\\\/?s={search_term_string}\"},\"query-input\":{\"@type\":\"PropertyValueSpecification\",\"valueRequired\":true,\"valueName\":\"search_term_string\"}}],\"inLanguage\":\"ro-RO\"},{\"@type\":\"Person\",\"@id\":\"https:\\\/\\\/www.btv.md\\\/#\\\/schema\\\/person\\\/8fadce81561b3ce2c34c46dadc4ccbf2\",\"name\":\"admin\"}]}<\/script>\n<!-- \/ Yoast SEO plugin. -->","yoast_head_json":{"title":"\u00cenc\u0103 o \u021bar\u0103 vrea s\u0103 introduc\u0103 castrarea chimic\u0103 a pedofililor","description":"Autorit\u0103\u0163ile turce vor s\u0103 introduc\u0103 castrarea chimic\u0103 a celor care comit agresiuni sexuale asupra minorilor, a indicat ministrul turc al justi\u0163iei, Abd\u00fclhamit G\u00fcl. \u00abTribunalele vor decide \u00een ce prive\u015fte punerea \u00een aplicare \u015fi durata castr\u0103rii chimice pentru suprimarea sau reducerea dorin\u0163ei sexuale.","robots":{"index":"index","follow":"follow","max-snippet":"max-snippet:-1","max-image-preview":"max-image-preview:large","max-video-preview":"max-video-preview:-1"},"canonical":"https:\/\/www.btv.md\/ro\/inca-o-tara-vrea-sa-introduca-castrarea-chimica-a-pedofililor\/","og_locale":"ro_RO","og_type":"article","og_title":"\u00cenc\u0103 o \u021bar\u0103 vrea s\u0103 introduc\u0103 castrarea chimic\u0103 a pedofililor","og_description":"Autorit\u0103\u0163ile turce vor s\u0103 introduc\u0103 castrarea chimic\u0103 a celor care comit agresiuni sexuale asupra minorilor, a indicat ministrul turc al justi\u0163iei, Abd\u00fclhamit G\u00fcl. \u00abTribunalele vor decide \u00een ce prive\u015fte punerea \u00een aplicare \u015fi durata castr\u0103rii chimice pentru suprimarea sau reducerea dorin\u0163ei sexuale. Vom repune aceasta \u00een discu\u0163ie peste c\u00e2teva zile\u00bb, - a afirmat G\u00fcl.","og_url":"https:\/\/www.btv.md\/ro\/inca-o-tara-vrea-sa-introduca-castrarea-chimica-a-pedofililor\/","og_site_name":"BTV","article_publisher":"https:\/\/www.facebook.com\/btvmoldova\/","article_published_time":"2018-02-21T12:39:54+00:00","og_image":[{"width":700,"height":500,"url":"https:\/\/www.btv.md\/wp-content\/uploads\/2018\/02\/pedofilia_nasilie.jpg","type":"image\/jpeg"}],"author":"admin","twitter_misc":{"Scris de":"admin","Timp estimat pentru citire":"2 minute"},"schema":{"@context":"https:\/\/schema.org","@graph":[{"@type":"Article","@id":"https:\/\/www.btv.md\/ro\/inca-o-tara-vrea-sa-introduca-castrarea-chimica-a-pedofililor\/#article","isPartOf":{"@id":"https:\/\/www.btv.md\/ro\/inca-o-tara-vrea-sa-introduca-castrarea-chimica-a-pedofililor\/"},"author":{"name":"admin","@id":"https:\/\/www.btv.md\/#\/schema\/person\/8fadce81561b3ce2c34c46dadc4ccbf2"},"headline":"\u00cenc\u0103 o \u021bar\u0103 vrea s\u0103 introduc\u0103 castrarea chimic\u0103 a pedofililor","datePublished":"2018-02-21T12:39:54+00:00","mainEntityOfPage":{"@id":"https:\/\/www.btv.md\/ro\/inca-o-tara-vrea-sa-introduca-castrarea-chimica-a-pedofililor\/"},"wordCount":418,"image":{"@id":"https:\/\/www.btv.md\/ro\/inca-o-tara-vrea-sa-introduca-castrarea-chimica-a-pedofililor\/#primaryimage"},"thumbnailUrl":"https:\/\/www.btv.md\/wp-content\/uploads\/2018\/02\/pedofilia_nasilie.jpg","articleSection":["Externe"],"inLanguage":"ro-RO"},{"@type":"WebPage","@id":"https:\/\/www.btv.md\/ro\/inca-o-tara-vrea-sa-introduca-castrarea-chimica-a-pedofililor\/","url":"https:\/\/www.btv.md\/ro\/inca-o-tara-vrea-sa-introduca-castrarea-chimica-a-pedofililor\/","name":"\u00cenc\u0103 o \u021bar\u0103 vrea s\u0103 introduc\u0103 castrarea chimic\u0103 a pedofililor","isPartOf":{"@id":"https:\/\/www.btv.md\/#website"},"primaryImageOfPage":{"@id":"https:\/\/www.btv.md\/ro\/inca-o-tara-vrea-sa-introduca-castrarea-chimica-a-pedofililor\/#primaryimage"},"image":{"@id":"https:\/\/www.btv.md\/ro\/inca-o-tara-vrea-sa-introduca-castrarea-chimica-a-pedofililor\/#primaryimage"},"thumbnailUrl":"https:\/\/www.btv.md\/wp-content\/uploads\/2018\/02\/pedofilia_nasilie.jpg","datePublished":"2018-02-21T12:39:54+00:00","author":{"@id":"https:\/\/www.btv.md\/#\/schema\/person\/8fadce81561b3ce2c34c46dadc4ccbf2"},"description":"Autorit\u0103\u0163ile turce vor s\u0103 introduc\u0103 castrarea chimic\u0103 a celor care comit agresiuni sexuale asupra minorilor, a indicat ministrul turc al justi\u0163iei, Abd\u00fclhamit G\u00fcl. \u00abTribunalele vor decide \u00een ce prive\u015fte punerea \u00een aplicare \u015fi durata castr\u0103rii chimice pentru suprimarea sau reducerea dorin\u0163ei sexuale.","inLanguage":"ro-RO","potentialAction":[{"@type":"ReadAction","target":["https:\/\/www.btv.md\/ro\/inca-o-tara-vrea-sa-introduca-castrarea-chimica-a-pedofililor\/"]}]},{"@type":"ImageObject","inLanguage":"ro-RO","@id":"https:\/\/www.btv.md\/ro\/inca-o-tara-vrea-sa-introduca-castrarea-chimica-a-pedofililor\/#primaryimage","url":"https:\/\/www.btv.md\/wp-content\/uploads\/2018\/02\/pedofilia_nasilie.jpg","contentUrl":"https:\/\/www.btv.md\/wp-content\/uploads\/2018\/02\/pedofilia_nasilie.jpg","width":700,"height":500},{"@type":"WebSite","@id":"https:\/\/www.btv.md\/#website","url":"https:\/\/www.btv.md\/","name":"BTV","description":"\u0411\u0435\u043b\u044c\u0446\u043a\u043e\u0435 \u0442\u0435\u043b\u0435\u0432\u0438\u0434\u0435\u043d\u0438\u0435","potentialAction":[{"@type":"SearchAction","target":{"@type":"EntryPoint","urlTemplate":"https:\/\/www.btv.md\/?s={search_term_string}"},"query-input":{"@type":"PropertyValueSpecification","valueRequired":true,"valueName":"search_term_string"}}],"inLanguage":"ro-RO"},{"@type":"Person","@id":"https:\/\/www.btv.md\/#\/schema\/person\/8fadce81561b3ce2c34c46dadc4ccbf2","name":"admin"}]}},"_links":{"self":[{"href":"https:\/\/www.btv.md\/ro\/wp-json\/wp\/v2\/posts\/41319","targetHints":{"allow":["GET"]}}],"collection":[{"href":"https:\/\/www.btv.md\/ro\/wp-json\/wp\/v2\/posts"}],"about":[{"href":"https:\/\/www.btv.md\/ro\/wp-json\/wp\/v2\/types\/post"}],"author":[{"embeddable":true,"href":"https:\/\/www.btv.md\/ro\/wp-json\/wp\/v2\/users\/4"}],"replies":[{"embeddable":true,"href":"https:\/\/www.btv.md\/ro\/wp-json\/wp\/v2\/comments?post=41319"}],"version-history":[{"count":0,"href":"https:\/\/www.btv.md\/ro\/wp-json\/wp\/v2\/posts\/41319\/revisions"}],"wp:featuredmedia":[{"embeddable":true,"href":"https:\/\/www.btv.md\/ro\/wp-json\/wp\/v2\/media\/41320"}],"wp:attachment":[{"href":"https:\/\/www.btv.md\/ro\/wp-json\/wp\/v2\/media?parent=41319"}],"wp:term":[{"taxonomy":"category","embeddable":true,"href":"https:\/\/www.btv.md\/ro\/wp-json\/wp\/v2\/categories?post=41319"},{"taxonomy":"post_tag","embeddable":true,"href":"https:\/\/www.btv.md\/ro\/wp-json\/wp\/v2\/tags?post=41319"}],"curies":[{"name":"wp","href":"https:\/\/api.w.org\/{rel}","templated":true}]}}