{"id":41323,"date":"2018-02-21T15:45:31","date_gmt":"2018-02-21T12:45:31","guid":{"rendered":"https:\/\/btv.md\/?p=41323"},"modified":"2018-02-21T15:45:31","modified_gmt":"2018-02-21T12:45:31","slug":"protest-extrem-80-de-mineri-s-au-blocat-in-subteran","status":"publish","type":"post","link":"https:\/\/www.btv.md\/ro\/protest-extrem-80-de-mineri-s-au-blocat-in-subteran\/","title":{"rendered":"Protest extrem: 80 de mineri s-au blocat \u00een subteran"},"content":{"rendered":"<h4>Angaja\u0163ii Salinei de la Sl\u0103nic, jude\u0163ul Prahova (Rom\u00e2nia), au intrat \u00een grev\u0103, mar\u0163i, 20 februarie. Circa 80 de mineri sunt bloca\u0163i \u00een subteran \u015fi refuz\u0103 s\u0103 ias\u0103, \u00een timp ce al\u0163ii protesteaz\u0103 la suprafa\u0163\u0103 pentru a atrage aten\u0163ia asupra salariilor mici \u015fi a lipsei investi\u0163iilor.<\/h4>\n<p>\u00cen total, aproape 200 de angaja\u0163i ai Salinei Sl\u0103nic particip\u0103 la protest.<\/p>\n<p>\u201eUn salariu negociat al unui miner este de 1.900 de lei. Iar unul de la instala\u0163ia de preparare este de 1.769. Deci salariile sunt foarte mici\u201d, &#8211; a spus Alexandru Dr\u0103goi, lider sindical, citat de <a href=\"https:\/\/www.digi24.ro\/stiri\/actualitate\/social\/protest-extrem-80-de-mineri-s-au-blocat-in-subteran-881840\">Digi24<\/a>.<\/p>\n<p>Acesta a precizat c\u0103 mar\u0163i au avut loc discu\u0163ii \u00eentre reprezentan\u0163ii angaja\u0163ilor \u015fi conducerea Salrom, de care apa\u0163ine Salina Sl\u0103nic, \u015fi c\u0103 directorul le-a promis protestatarilor c\u0103 va anun\u0163a situa\u0163ia Consiliului de Administra\u0163ie al companiei \u015fi autorit\u0103\u0163ilor guvernamentale.<\/p>\n","protected":false},"excerpt":{"rendered":"<p>Angaja\u0163ii Salinei de la Sl\u0103nic, jude\u0163ul Prahova (Rom\u00e2nia), au intrat \u00een grev\u0103, mar\u0163i, 20 februarie. Circa 80 de mineri sunt bloca\u0163i \u00een subteran \u015fi refuz\u0103 s\u0103 ias\u0103, \u00een timp ce al\u0163ii protesteaz\u0103 la suprafa\u0163\u0103 pentru a atrage aten\u0163ia asupra salariilor mici \u015fi a lipsei investi\u0163iilor. \u00cen total, aproape 200 de angaja\u0163i ai Salinei Sl\u0103nic particip\u0103 [&hellip;]<\/p>\n","protected":false},"author":4,"featured_media":41324,"comment_status":"closed","ping_status":"closed","sticky":false,"template":"","format":"standard","meta":{"footnotes":""},"categories":[6349],"tags":[],"class_list":["post-41323","post","type-post","status-publish","format-standard","has-post-thumbnail","hentry","category-social"],"yoast_head":"<!-- This site is optimized with the Yoast SEO plugin v27.4 - https:\/\/yoast.com\/product\/yoast-seo-wordpress\/ -->\n<title>Protest extrem: 80 de mineri s-au blocat \u00een subteran<\/title>\n<meta name=\"description\" content=\"Angaja\u0163ii Salinei de la Sl\u0103nic, jude\u0163ul Prahova (Rom\u00e2nia), au intrat \u00een grev\u0103, mar\u0163i, 20 februarie. Circa 80 de mineri sunt bloca\u0163i \u00een subteran \u015fi refuz\u0103 s\u0103 ias\u0103, \u00een timp ce al\u0163ii protesteaz\u0103 la suprafa\u0163\u0103 pentru a atrage aten\u0163ia asupra salariilor mici \u015fi a lipsei investi\u0163iilor.\" \/>\n<meta name=\"robots\" content=\"index, follow, max-snippet:-1, max-image-preview:large, max-video-preview:-1\" \/>\n<link rel=\"canonical\" href=\"https:\/\/www.btv.md\/ro\/protest-extrem-80-de-mineri-s-au-blocat-in-subteran\/\" \/>\n<meta property=\"og:locale\" content=\"ro_RO\" \/>\n<meta property=\"og:type\" content=\"article\" \/>\n<meta property=\"og:title\" content=\"Protest extrem: 80 de mineri s-au blocat \u00een subteran\" \/>\n<meta property=\"og:description\" content=\"Angaja\u0163ii Salinei de la Sl\u0103nic, jude\u0163ul Prahova (Rom\u00e2nia), au intrat \u00een grev\u0103, mar\u0163i, 20 februarie. Circa 80 de mineri sunt bloca\u0163i \u00een subteran \u015fi refuz\u0103 s\u0103 ias\u0103, \u00een timp ce al\u0163ii protesteaz\u0103 la suprafa\u0163\u0103 pentru a atrage aten\u0163ia asupra salariilor mici \u015fi a lipsei investi\u0163iilor.\" \/>\n<meta property=\"og:url\" content=\"https:\/\/www.btv.md\/ro\/protest-extrem-80-de-mineri-s-au-blocat-in-subteran\/\" \/>\n<meta property=\"og:site_name\" content=\"BTV\" \/>\n<meta property=\"article:publisher\" content=\"https:\/\/www.facebook.com\/btvmoldova\/\" \/>\n<meta property=\"article:published_time\" content=\"2018-02-21T12:45:31+00:00\" \/>\n<meta property=\"og:image\" content=\"https:\/\/www.btv.md\/wp-content\/uploads\/2018\/02\/rabochie.jpg\" \/>\n\t<meta property=\"og:image:width\" content=\"700\" \/>\n\t<meta property=\"og:image:height\" content=\"500\" \/>\n\t<meta property=\"og:image:type\" content=\"image\/jpeg\" \/>\n<meta name=\"author\" content=\"admin\" \/>\n<meta name=\"twitter:label1\" content=\"Scris de\" \/>\n\t<meta name=\"twitter:data1\" content=\"admin\" \/>\n\t<meta name=\"twitter:label2\" content=\"Timp estimat pentru citire\" \/>\n\t<meta name=\"twitter:data2\" content=\"1 minut\" \/>\n<script type=\"application\/ld+json\" class=\"yoast-schema-graph\">{\"@context\":\"https:\\\/\\\/schema.org\",\"@graph\":[{\"@type\":\"Article\",\"@id\":\"https:\\\/\\\/www.btv.md\\\/ro\\\/protest-extrem-80-de-mineri-s-au-blocat-in-subteran\\\/#article\",\"isPartOf\":{\"@id\":\"https:\\\/\\\/www.btv.md\\\/ro\\\/protest-extrem-80-de-mineri-s-au-blocat-in-subteran\\\/\"},\"author\":{\"name\":\"admin\",\"@id\":\"https:\\\/\\\/www.btv.md\\\/#\\\/schema\\\/person\\\/8fadce81561b3ce2c34c46dadc4ccbf2\"},\"headline\":\"Protest extrem: 80 de mineri s-au blocat \u00een subteran\",\"datePublished\":\"2018-02-21T12:45:31+00:00\",\"mainEntityOfPage\":{\"@id\":\"https:\\\/\\\/www.btv.md\\\/ro\\\/protest-extrem-80-de-mineri-s-au-blocat-in-subteran\\\/\"},\"wordCount\":157,\"image\":{\"@id\":\"https:\\\/\\\/www.btv.md\\\/ro\\\/protest-extrem-80-de-mineri-s-au-blocat-in-subteran\\\/#primaryimage\"},\"thumbnailUrl\":\"https:\\\/\\\/www.btv.md\\\/wp-content\\\/uploads\\\/2018\\\/02\\\/rabochie.jpg\",\"articleSection\":[\"Social\"],\"inLanguage\":\"ro-RO\"},{\"@type\":\"WebPage\",\"@id\":\"https:\\\/\\\/www.btv.md\\\/ro\\\/protest-extrem-80-de-mineri-s-au-blocat-in-subteran\\\/\",\"url\":\"https:\\\/\\\/www.btv.md\\\/ro\\\/protest-extrem-80-de-mineri-s-au-blocat-in-subteran\\\/\",\"name\":\"Protest extrem: 80 de mineri s-au blocat \u00een subteran\",\"isPartOf\":{\"@id\":\"https:\\\/\\\/www.btv.md\\\/#website\"},\"primaryImageOfPage\":{\"@id\":\"https:\\\/\\\/www.btv.md\\\/ro\\\/protest-extrem-80-de-mineri-s-au-blocat-in-subteran\\\/#primaryimage\"},\"image\":{\"@id\":\"https:\\\/\\\/www.btv.md\\\/ro\\\/protest-extrem-80-de-mineri-s-au-blocat-in-subteran\\\/#primaryimage\"},\"thumbnailUrl\":\"https:\\\/\\\/www.btv.md\\\/wp-content\\\/uploads\\\/2018\\\/02\\\/rabochie.jpg\",\"datePublished\":\"2018-02-21T12:45:31+00:00\",\"author\":{\"@id\":\"https:\\\/\\\/www.btv.md\\\/#\\\/schema\\\/person\\\/8fadce81561b3ce2c34c46dadc4ccbf2\"},\"description\":\"Angaja\u0163ii Salinei de la Sl\u0103nic, jude\u0163ul Prahova (Rom\u00e2nia), au intrat \u00een grev\u0103, mar\u0163i, 20 februarie. Circa 80 de mineri sunt bloca\u0163i \u00een subteran \u015fi refuz\u0103 s\u0103 ias\u0103, \u00een timp ce al\u0163ii protesteaz\u0103 la suprafa\u0163\u0103 pentru a atrage aten\u0163ia asupra salariilor mici \u015fi a lipsei investi\u0163iilor.\",\"inLanguage\":\"ro-RO\",\"potentialAction\":[{\"@type\":\"ReadAction\",\"target\":[\"https:\\\/\\\/www.btv.md\\\/ro\\\/protest-extrem-80-de-mineri-s-au-blocat-in-subteran\\\/\"]}]},{\"@type\":\"ImageObject\",\"inLanguage\":\"ro-RO\",\"@id\":\"https:\\\/\\\/www.btv.md\\\/ro\\\/protest-extrem-80-de-mineri-s-au-blocat-in-subteran\\\/#primaryimage\",\"url\":\"https:\\\/\\\/www.btv.md\\\/wp-content\\\/uploads\\\/2018\\\/02\\\/rabochie.jpg\",\"contentUrl\":\"https:\\\/\\\/www.btv.md\\\/wp-content\\\/uploads\\\/2018\\\/02\\\/rabochie.jpg\",\"width\":700,\"height\":500},{\"@type\":\"WebSite\",\"@id\":\"https:\\\/\\\/www.btv.md\\\/#website\",\"url\":\"https:\\\/\\\/www.btv.md\\\/\",\"name\":\"BTV\",\"description\":\"\u0411\u0435\u043b\u044c\u0446\u043a\u043e\u0435 \u0442\u0435\u043b\u0435\u0432\u0438\u0434\u0435\u043d\u0438\u0435\",\"potentialAction\":[{\"@type\":\"SearchAction\",\"target\":{\"@type\":\"EntryPoint\",\"urlTemplate\":\"https:\\\/\\\/www.btv.md\\\/?s={search_term_string}\"},\"query-input\":{\"@type\":\"PropertyValueSpecification\",\"valueRequired\":true,\"valueName\":\"search_term_string\"}}],\"inLanguage\":\"ro-RO\"},{\"@type\":\"Person\",\"@id\":\"https:\\\/\\\/www.btv.md\\\/#\\\/schema\\\/person\\\/8fadce81561b3ce2c34c46dadc4ccbf2\",\"name\":\"admin\"}]}<\/script>\n<!-- \/ Yoast SEO plugin. -->","yoast_head_json":{"title":"Protest extrem: 80 de mineri s-au blocat \u00een subteran","description":"Angaja\u0163ii Salinei de la Sl\u0103nic, jude\u0163ul Prahova (Rom\u00e2nia), au intrat \u00een grev\u0103, mar\u0163i, 20 februarie. Circa 80 de mineri sunt bloca\u0163i \u00een subteran \u015fi refuz\u0103 s\u0103 ias\u0103, \u00een timp ce al\u0163ii protesteaz\u0103 la suprafa\u0163\u0103 pentru a atrage aten\u0163ia asupra salariilor mici \u015fi a lipsei investi\u0163iilor.","robots":{"index":"index","follow":"follow","max-snippet":"max-snippet:-1","max-image-preview":"max-image-preview:large","max-video-preview":"max-video-preview:-1"},"canonical":"https:\/\/www.btv.md\/ro\/protest-extrem-80-de-mineri-s-au-blocat-in-subteran\/","og_locale":"ro_RO","og_type":"article","og_title":"Protest extrem: 80 de mineri s-au blocat \u00een subteran","og_description":"Angaja\u0163ii Salinei de la Sl\u0103nic, jude\u0163ul Prahova (Rom\u00e2nia), au intrat \u00een grev\u0103, mar\u0163i, 20 februarie. Circa 80 de mineri sunt bloca\u0163i \u00een subteran \u015fi refuz\u0103 s\u0103 ias\u0103, \u00een timp ce al\u0163ii protesteaz\u0103 la suprafa\u0163\u0103 pentru a atrage aten\u0163ia asupra salariilor mici \u015fi a lipsei investi\u0163iilor.","og_url":"https:\/\/www.btv.md\/ro\/protest-extrem-80-de-mineri-s-au-blocat-in-subteran\/","og_site_name":"BTV","article_publisher":"https:\/\/www.facebook.com\/btvmoldova\/","article_published_time":"2018-02-21T12:45:31+00:00","og_image":[{"width":700,"height":500,"url":"https:\/\/www.btv.md\/wp-content\/uploads\/2018\/02\/rabochie.jpg","type":"image\/jpeg"}],"author":"admin","twitter_misc":{"Scris de":"admin","Timp estimat pentru citire":"1 minut"},"schema":{"@context":"https:\/\/schema.org","@graph":[{"@type":"Article","@id":"https:\/\/www.btv.md\/ro\/protest-extrem-80-de-mineri-s-au-blocat-in-subteran\/#article","isPartOf":{"@id":"https:\/\/www.btv.md\/ro\/protest-extrem-80-de-mineri-s-au-blocat-in-subteran\/"},"author":{"name":"admin","@id":"https:\/\/www.btv.md\/#\/schema\/person\/8fadce81561b3ce2c34c46dadc4ccbf2"},"headline":"Protest extrem: 80 de mineri s-au blocat \u00een subteran","datePublished":"2018-02-21T12:45:31+00:00","mainEntityOfPage":{"@id":"https:\/\/www.btv.md\/ro\/protest-extrem-80-de-mineri-s-au-blocat-in-subteran\/"},"wordCount":157,"image":{"@id":"https:\/\/www.btv.md\/ro\/protest-extrem-80-de-mineri-s-au-blocat-in-subteran\/#primaryimage"},"thumbnailUrl":"https:\/\/www.btv.md\/wp-content\/uploads\/2018\/02\/rabochie.jpg","articleSection":["Social"],"inLanguage":"ro-RO"},{"@type":"WebPage","@id":"https:\/\/www.btv.md\/ro\/protest-extrem-80-de-mineri-s-au-blocat-in-subteran\/","url":"https:\/\/www.btv.md\/ro\/protest-extrem-80-de-mineri-s-au-blocat-in-subteran\/","name":"Protest extrem: 80 de mineri s-au blocat \u00een subteran","isPartOf":{"@id":"https:\/\/www.btv.md\/#website"},"primaryImageOfPage":{"@id":"https:\/\/www.btv.md\/ro\/protest-extrem-80-de-mineri-s-au-blocat-in-subteran\/#primaryimage"},"image":{"@id":"https:\/\/www.btv.md\/ro\/protest-extrem-80-de-mineri-s-au-blocat-in-subteran\/#primaryimage"},"thumbnailUrl":"https:\/\/www.btv.md\/wp-content\/uploads\/2018\/02\/rabochie.jpg","datePublished":"2018-02-21T12:45:31+00:00","author":{"@id":"https:\/\/www.btv.md\/#\/schema\/person\/8fadce81561b3ce2c34c46dadc4ccbf2"},"description":"Angaja\u0163ii Salinei de la Sl\u0103nic, jude\u0163ul Prahova (Rom\u00e2nia), au intrat \u00een grev\u0103, mar\u0163i, 20 februarie. Circa 80 de mineri sunt bloca\u0163i \u00een subteran \u015fi refuz\u0103 s\u0103 ias\u0103, \u00een timp ce al\u0163ii protesteaz\u0103 la suprafa\u0163\u0103 pentru a atrage aten\u0163ia asupra salariilor mici \u015fi a lipsei investi\u0163iilor.","inLanguage":"ro-RO","potentialAction":[{"@type":"ReadAction","target":["https:\/\/www.btv.md\/ro\/protest-extrem-80-de-mineri-s-au-blocat-in-subteran\/"]}]},{"@type":"ImageObject","inLanguage":"ro-RO","@id":"https:\/\/www.btv.md\/ro\/protest-extrem-80-de-mineri-s-au-blocat-in-subteran\/#primaryimage","url":"https:\/\/www.btv.md\/wp-content\/uploads\/2018\/02\/rabochie.jpg","contentUrl":"https:\/\/www.btv.md\/wp-content\/uploads\/2018\/02\/rabochie.jpg","width":700,"height":500},{"@type":"WebSite","@id":"https:\/\/www.btv.md\/#website","url":"https:\/\/www.btv.md\/","name":"BTV","description":"\u0411\u0435\u043b\u044c\u0446\u043a\u043e\u0435 \u0442\u0435\u043b\u0435\u0432\u0438\u0434\u0435\u043d\u0438\u0435","potentialAction":[{"@type":"SearchAction","target":{"@type":"EntryPoint","urlTemplate":"https:\/\/www.btv.md\/?s={search_term_string}"},"query-input":{"@type":"PropertyValueSpecification","valueRequired":true,"valueName":"search_term_string"}}],"inLanguage":"ro-RO"},{"@type":"Person","@id":"https:\/\/www.btv.md\/#\/schema\/person\/8fadce81561b3ce2c34c46dadc4ccbf2","name":"admin"}]}},"_links":{"self":[{"href":"https:\/\/www.btv.md\/ro\/wp-json\/wp\/v2\/posts\/41323","targetHints":{"allow":["GET"]}}],"collection":[{"href":"https:\/\/www.btv.md\/ro\/wp-json\/wp\/v2\/posts"}],"about":[{"href":"https:\/\/www.btv.md\/ro\/wp-json\/wp\/v2\/types\/post"}],"author":[{"embeddable":true,"href":"https:\/\/www.btv.md\/ro\/wp-json\/wp\/v2\/users\/4"}],"replies":[{"embeddable":true,"href":"https:\/\/www.btv.md\/ro\/wp-json\/wp\/v2\/comments?post=41323"}],"version-history":[{"count":0,"href":"https:\/\/www.btv.md\/ro\/wp-json\/wp\/v2\/posts\/41323\/revisions"}],"wp:featuredmedia":[{"embeddable":true,"href":"https:\/\/www.btv.md\/ro\/wp-json\/wp\/v2\/media\/41324"}],"wp:attachment":[{"href":"https:\/\/www.btv.md\/ro\/wp-json\/wp\/v2\/media?parent=41323"}],"wp:term":[{"taxonomy":"category","embeddable":true,"href":"https:\/\/www.btv.md\/ro\/wp-json\/wp\/v2\/categories?post=41323"},{"taxonomy":"post_tag","embeddable":true,"href":"https:\/\/www.btv.md\/ro\/wp-json\/wp\/v2\/tags?post=41323"}],"curies":[{"name":"wp","href":"https:\/\/api.w.org\/{rel}","templated":true}]}}