{"id":41326,"date":"2018-02-21T15:48:15","date_gmt":"2018-02-21T12:48:15","guid":{"rendered":"https:\/\/btv.md\/?p=41326"},"modified":"2018-02-21T15:48:15","modified_gmt":"2018-02-21T12:48:15","slug":"italia-ramane-expusa-riscului-de-atacuri-teroriste","status":"publish","type":"post","link":"https:\/\/www.btv.md\/ro\/italia-ramane-expusa-riscului-de-atacuri-teroriste\/","title":{"rendered":"Italia r\u0103m\u00e2ne expus\u0103 riscului de atacuri teroriste"},"content":{"rendered":"<h4>Italia se confrunt\u0103 \u00een continuare cu un risc tangibil de atacuri teroriste ale radicalilor \u015fi este &#8221;expus\u0103 activit\u0103\u0163ii de propagand\u0103 ostil\u0103&#8221; a grup\u0103rii jihadiste Statul Islamic, a avertizat mar\u0163i serviciul de informa\u0163ii \u00een raportul s\u0103u anual c\u0103tre parlamentul de la Roma, potrivit Xinhua.<\/h4>\n<p>Indivizi radicaliza\u0163i, printre care &#8221;cibernau\u0163i islami\u015fti n\u0103scu\u0163i \u00een Italia&#8221;, sau cel pu\u0163in vulnerabili unui proces de radicalizare au fost depista\u0163i \u00een \u0163ar\u0103 \u00een 2017, arat\u0103 raportul. \u00cen consecin\u0163\u0103, &#8221;amenin\u0163area (terorist\u0103) \u00een Italia r\u0103m\u00e2ne concret\u0103 \u015fi prezent\u0103&#8221;.<\/p>\n<p>Potrivit aceluia\u015fi document, o aten\u0163ie special\u0103 a fost acordat\u0103 &#8221;pericolului reprezentat de extremi\u015fti radicali de extrac\u0163ie intern\u0103&#8221;, care pot ac\u0163iona din motive personale sau sub influen\u0163a unor &#8221;min\u0163i teroriste&#8221; din afara \u0163\u0103rii.<\/p>\n<p>Prin istoria \u015fi geografia sa, Italia r\u0103m\u00e2ne cea mai expus\u0103 la tulbur\u0103ri \u015fi evenimente geopolitice din zona mediteranean\u0103 mai vast\u0103, care a cunoscut \u00een anii din urm\u0103 conflicte de intensitate mic\u0103 \u015fi medie, transmite <a href=\"https:\/\/wwwb.agerpres.ro\/politica-externa\/2018\/02\/20\/italia-ramane-expusa-riscului-de-atacuri-teroriste-avertizeaza-raportul-anual-al-serviciului-de-informatii--58908\">Agerpres<\/a>.<\/p>\n<p>Cu toate acestea, Italia a \u00eenceput s\u0103 resimt\u0103 \u00een ultimii ani \u015fi efectele critice ale unor evenimente care se produc mult mai departe de teritoriul s\u0103u.<\/p>\n<p>Per ansamblu, serviciul de informa\u0163ii italian consider\u0103 c\u0103 amenin\u0163area terorist\u0103 este principala prioritate de securitate \u015fi c\u0103 &#8221;radicalismul islamic r\u0103m\u00e2ne o amenin\u0163are de prim ordin, \u00een pofida pierderilor semnificative suferite de Daesh (Statului Islamic)&#8221; \u00een Irak \u015fi \u00een Siria.<\/p>\n<p>Potrivit Ministerului de Interne, 257 de cet\u0103\u0163eni str\u0103ini care tr\u0103iau \u00een Italia au fost expulza\u0163i sub suspiciunea de radicalism religios \u00eencep\u00e2nd din ianuarie 2015, dintre care 20 \u00een 2018.<\/p>\n<p>Pe l\u00e2ng\u0103 terorism, raportul serviciului de informa\u0163ii avertizeaz\u0103 \u015fi \u00een leg\u0103tur\u0103 cu alte c\u00e2teva poten\u0163iale amenin\u0163\u0103ri la adresa securit\u0103\u0163ii \u0163\u0103rii, printre care cre\u015fterea prezen\u0163ei unor grup\u0103ri de extrem\u0103 dreapta caracterizate de rasism \u015fi intoleran\u0163\u0103. &#8221;Noi grup\u0103ri au fost \u00eenfiin\u0163ate, care au o bun\u0103 implantare mai ales \u00een r\u00e2ndul celor mai tineri&#8221;, iar celor mai bine organizate &#8221;nu le lipsesc conexiunile cu re\u0163ele neonaziste feroce&#8221;, adaug\u0103 raportul.<\/p>\n<p>\u00cen fine, documentul avertizeaz\u0103 \u015fi fa\u0163\u0103 de posibilitatea \u00eenmul\u0163irii atacurilor cibernetice menite s\u0103 influen\u0163eze opinia public\u0103 \u015fi op\u0163iunile cet\u0103\u0163enilor, \u00een perspectiva scrutinului legislativ de pe 4 martie.<\/p>\n","protected":false},"excerpt":{"rendered":"<p>Italia se confrunt\u0103 \u00een continuare cu un risc tangibil de atacuri teroriste ale radicalilor \u015fi este &#8221;expus\u0103 activit\u0103\u0163ii de propagand\u0103 ostil\u0103&#8221; a grup\u0103rii jihadiste Statul Islamic, a avertizat mar\u0163i serviciul de informa\u0163ii \u00een raportul s\u0103u anual c\u0103tre parlamentul de la Roma, potrivit Xinhua. Indivizi radicaliza\u0163i, printre care &#8221;cibernau\u0163i islami\u015fti n\u0103scu\u0163i \u00een Italia&#8221;, sau cel pu\u0163in [&hellip;]<\/p>\n","protected":false},"author":4,"featured_media":41327,"comment_status":"closed","ping_status":"closed","sticky":false,"template":"","format":"standard","meta":{"footnotes":""},"categories":[6354],"tags":[],"class_list":["post-41326","post","type-post","status-publish","format-standard","has-post-thumbnail","hentry","category-externe-ro"],"yoast_head":"<!-- This site is optimized with the Yoast SEO plugin v27.4 - https:\/\/yoast.com\/product\/yoast-seo-wordpress\/ -->\n<title>Italia r\u0103m\u00e2ne expus\u0103 riscului de atacuri teroriste<\/title>\n<meta name=\"description\" content=\"Italia se confrunt\u0103 \u00een continuare cu un risc tangibil de atacuri teroriste ale radicalilor \u015fi este &#039;&#039;expus\u0103 activit\u0103\u0163ii de propagand\u0103 ostil\u0103&#039;&#039; a grup\u0103rii jihadiste Statul Islamic, a avertizat mar\u0163i serviciul de informa\u0163ii \u00een raportul s\u0103u anual c\u0103tre parlamentul de la Roma, potrivit Xinhua.\" \/>\n<meta name=\"robots\" content=\"index, follow, max-snippet:-1, max-image-preview:large, max-video-preview:-1\" \/>\n<link rel=\"canonical\" href=\"https:\/\/www.btv.md\/ro\/italia-ramane-expusa-riscului-de-atacuri-teroriste\/\" \/>\n<meta property=\"og:locale\" content=\"ro_RO\" \/>\n<meta property=\"og:type\" content=\"article\" \/>\n<meta property=\"og:title\" content=\"Italia r\u0103m\u00e2ne expus\u0103 riscului de atacuri teroriste\" \/>\n<meta property=\"og:description\" content=\"Italia se confrunt\u0103 \u00een continuare cu un risc tangibil de atacuri teroriste ale radicalilor \u015fi este &#039;&#039;expus\u0103 activit\u0103\u0163ii de propagand\u0103 ostil\u0103&#039;&#039; a grup\u0103rii jihadiste Statul Islamic, a avertizat mar\u0163i serviciul de informa\u0163ii \u00een raportul s\u0103u anual c\u0103tre parlamentul de la Roma, potrivit Xinhua.\" \/>\n<meta property=\"og:url\" content=\"https:\/\/www.btv.md\/ro\/italia-ramane-expusa-riscului-de-atacuri-teroriste\/\" \/>\n<meta property=\"og:site_name\" content=\"BTV\" \/>\n<meta property=\"article:publisher\" content=\"https:\/\/www.facebook.com\/btvmoldova\/\" \/>\n<meta property=\"article:published_time\" content=\"2018-02-21T12:48:15+00:00\" \/>\n<meta property=\"og:image\" content=\"https:\/\/www.btv.md\/wp-content\/uploads\/2018\/02\/italia.jpg\" \/>\n\t<meta property=\"og:image:width\" content=\"700\" \/>\n\t<meta property=\"og:image:height\" content=\"500\" \/>\n\t<meta property=\"og:image:type\" content=\"image\/jpeg\" \/>\n<meta name=\"author\" content=\"admin\" \/>\n<meta name=\"twitter:label1\" content=\"Scris de\" \/>\n\t<meta name=\"twitter:data1\" content=\"admin\" \/>\n\t<meta name=\"twitter:label2\" content=\"Timp estimat pentru citire\" \/>\n\t<meta name=\"twitter:data2\" content=\"2 minute\" \/>\n<script type=\"application\/ld+json\" class=\"yoast-schema-graph\">{\"@context\":\"https:\\\/\\\/schema.org\",\"@graph\":[{\"@type\":\"Article\",\"@id\":\"https:\\\/\\\/www.btv.md\\\/ro\\\/italia-ramane-expusa-riscului-de-atacuri-teroriste\\\/#article\",\"isPartOf\":{\"@id\":\"https:\\\/\\\/www.btv.md\\\/ro\\\/italia-ramane-expusa-riscului-de-atacuri-teroriste\\\/\"},\"author\":{\"name\":\"admin\",\"@id\":\"https:\\\/\\\/www.btv.md\\\/#\\\/schema\\\/person\\\/8fadce81561b3ce2c34c46dadc4ccbf2\"},\"headline\":\"Italia r\u0103m\u00e2ne expus\u0103 riscului de atacuri teroriste\",\"datePublished\":\"2018-02-21T12:48:15+00:00\",\"mainEntityOfPage\":{\"@id\":\"https:\\\/\\\/www.btv.md\\\/ro\\\/italia-ramane-expusa-riscului-de-atacuri-teroriste\\\/\"},\"wordCount\":391,\"image\":{\"@id\":\"https:\\\/\\\/www.btv.md\\\/ro\\\/italia-ramane-expusa-riscului-de-atacuri-teroriste\\\/#primaryimage\"},\"thumbnailUrl\":\"https:\\\/\\\/www.btv.md\\\/wp-content\\\/uploads\\\/2018\\\/02\\\/italia.jpg\",\"articleSection\":[\"Externe\"],\"inLanguage\":\"ro-RO\"},{\"@type\":\"WebPage\",\"@id\":\"https:\\\/\\\/www.btv.md\\\/ro\\\/italia-ramane-expusa-riscului-de-atacuri-teroriste\\\/\",\"url\":\"https:\\\/\\\/www.btv.md\\\/ro\\\/italia-ramane-expusa-riscului-de-atacuri-teroriste\\\/\",\"name\":\"Italia r\u0103m\u00e2ne expus\u0103 riscului de atacuri teroriste\",\"isPartOf\":{\"@id\":\"https:\\\/\\\/www.btv.md\\\/#website\"},\"primaryImageOfPage\":{\"@id\":\"https:\\\/\\\/www.btv.md\\\/ro\\\/italia-ramane-expusa-riscului-de-atacuri-teroriste\\\/#primaryimage\"},\"image\":{\"@id\":\"https:\\\/\\\/www.btv.md\\\/ro\\\/italia-ramane-expusa-riscului-de-atacuri-teroriste\\\/#primaryimage\"},\"thumbnailUrl\":\"https:\\\/\\\/www.btv.md\\\/wp-content\\\/uploads\\\/2018\\\/02\\\/italia.jpg\",\"datePublished\":\"2018-02-21T12:48:15+00:00\",\"author\":{\"@id\":\"https:\\\/\\\/www.btv.md\\\/#\\\/schema\\\/person\\\/8fadce81561b3ce2c34c46dadc4ccbf2\"},\"description\":\"Italia se confrunt\u0103 \u00een continuare cu un risc tangibil de atacuri teroriste ale radicalilor \u015fi este ''expus\u0103 activit\u0103\u0163ii de propagand\u0103 ostil\u0103'' a grup\u0103rii jihadiste Statul Islamic, a avertizat mar\u0163i serviciul de informa\u0163ii \u00een raportul s\u0103u anual c\u0103tre parlamentul de la Roma, potrivit Xinhua.\",\"inLanguage\":\"ro-RO\",\"potentialAction\":[{\"@type\":\"ReadAction\",\"target\":[\"https:\\\/\\\/www.btv.md\\\/ro\\\/italia-ramane-expusa-riscului-de-atacuri-teroriste\\\/\"]}]},{\"@type\":\"ImageObject\",\"inLanguage\":\"ro-RO\",\"@id\":\"https:\\\/\\\/www.btv.md\\\/ro\\\/italia-ramane-expusa-riscului-de-atacuri-teroriste\\\/#primaryimage\",\"url\":\"https:\\\/\\\/www.btv.md\\\/wp-content\\\/uploads\\\/2018\\\/02\\\/italia.jpg\",\"contentUrl\":\"https:\\\/\\\/www.btv.md\\\/wp-content\\\/uploads\\\/2018\\\/02\\\/italia.jpg\",\"width\":700,\"height\":500},{\"@type\":\"WebSite\",\"@id\":\"https:\\\/\\\/www.btv.md\\\/#website\",\"url\":\"https:\\\/\\\/www.btv.md\\\/\",\"name\":\"BTV\",\"description\":\"\u0411\u0435\u043b\u044c\u0446\u043a\u043e\u0435 \u0442\u0435\u043b\u0435\u0432\u0438\u0434\u0435\u043d\u0438\u0435\",\"potentialAction\":[{\"@type\":\"SearchAction\",\"target\":{\"@type\":\"EntryPoint\",\"urlTemplate\":\"https:\\\/\\\/www.btv.md\\\/?s={search_term_string}\"},\"query-input\":{\"@type\":\"PropertyValueSpecification\",\"valueRequired\":true,\"valueName\":\"search_term_string\"}}],\"inLanguage\":\"ro-RO\"},{\"@type\":\"Person\",\"@id\":\"https:\\\/\\\/www.btv.md\\\/#\\\/schema\\\/person\\\/8fadce81561b3ce2c34c46dadc4ccbf2\",\"name\":\"admin\"}]}<\/script>\n<!-- \/ Yoast SEO plugin. -->","yoast_head_json":{"title":"Italia r\u0103m\u00e2ne expus\u0103 riscului de atacuri teroriste","description":"Italia se confrunt\u0103 \u00een continuare cu un risc tangibil de atacuri teroriste ale radicalilor \u015fi este ''expus\u0103 activit\u0103\u0163ii de propagand\u0103 ostil\u0103'' a grup\u0103rii jihadiste Statul Islamic, a avertizat mar\u0163i serviciul de informa\u0163ii \u00een raportul s\u0103u anual c\u0103tre parlamentul de la Roma, potrivit Xinhua.","robots":{"index":"index","follow":"follow","max-snippet":"max-snippet:-1","max-image-preview":"max-image-preview:large","max-video-preview":"max-video-preview:-1"},"canonical":"https:\/\/www.btv.md\/ro\/italia-ramane-expusa-riscului-de-atacuri-teroriste\/","og_locale":"ro_RO","og_type":"article","og_title":"Italia r\u0103m\u00e2ne expus\u0103 riscului de atacuri teroriste","og_description":"Italia se confrunt\u0103 \u00een continuare cu un risc tangibil de atacuri teroriste ale radicalilor \u015fi este ''expus\u0103 activit\u0103\u0163ii de propagand\u0103 ostil\u0103'' a grup\u0103rii jihadiste Statul Islamic, a avertizat mar\u0163i serviciul de informa\u0163ii \u00een raportul s\u0103u anual c\u0103tre parlamentul de la Roma, potrivit Xinhua.","og_url":"https:\/\/www.btv.md\/ro\/italia-ramane-expusa-riscului-de-atacuri-teroriste\/","og_site_name":"BTV","article_publisher":"https:\/\/www.facebook.com\/btvmoldova\/","article_published_time":"2018-02-21T12:48:15+00:00","og_image":[{"width":700,"height":500,"url":"https:\/\/www.btv.md\/wp-content\/uploads\/2018\/02\/italia.jpg","type":"image\/jpeg"}],"author":"admin","twitter_misc":{"Scris de":"admin","Timp estimat pentru citire":"2 minute"},"schema":{"@context":"https:\/\/schema.org","@graph":[{"@type":"Article","@id":"https:\/\/www.btv.md\/ro\/italia-ramane-expusa-riscului-de-atacuri-teroriste\/#article","isPartOf":{"@id":"https:\/\/www.btv.md\/ro\/italia-ramane-expusa-riscului-de-atacuri-teroriste\/"},"author":{"name":"admin","@id":"https:\/\/www.btv.md\/#\/schema\/person\/8fadce81561b3ce2c34c46dadc4ccbf2"},"headline":"Italia r\u0103m\u00e2ne expus\u0103 riscului de atacuri teroriste","datePublished":"2018-02-21T12:48:15+00:00","mainEntityOfPage":{"@id":"https:\/\/www.btv.md\/ro\/italia-ramane-expusa-riscului-de-atacuri-teroriste\/"},"wordCount":391,"image":{"@id":"https:\/\/www.btv.md\/ro\/italia-ramane-expusa-riscului-de-atacuri-teroriste\/#primaryimage"},"thumbnailUrl":"https:\/\/www.btv.md\/wp-content\/uploads\/2018\/02\/italia.jpg","articleSection":["Externe"],"inLanguage":"ro-RO"},{"@type":"WebPage","@id":"https:\/\/www.btv.md\/ro\/italia-ramane-expusa-riscului-de-atacuri-teroriste\/","url":"https:\/\/www.btv.md\/ro\/italia-ramane-expusa-riscului-de-atacuri-teroriste\/","name":"Italia r\u0103m\u00e2ne expus\u0103 riscului de atacuri teroriste","isPartOf":{"@id":"https:\/\/www.btv.md\/#website"},"primaryImageOfPage":{"@id":"https:\/\/www.btv.md\/ro\/italia-ramane-expusa-riscului-de-atacuri-teroriste\/#primaryimage"},"image":{"@id":"https:\/\/www.btv.md\/ro\/italia-ramane-expusa-riscului-de-atacuri-teroriste\/#primaryimage"},"thumbnailUrl":"https:\/\/www.btv.md\/wp-content\/uploads\/2018\/02\/italia.jpg","datePublished":"2018-02-21T12:48:15+00:00","author":{"@id":"https:\/\/www.btv.md\/#\/schema\/person\/8fadce81561b3ce2c34c46dadc4ccbf2"},"description":"Italia se confrunt\u0103 \u00een continuare cu un risc tangibil de atacuri teroriste ale radicalilor \u015fi este ''expus\u0103 activit\u0103\u0163ii de propagand\u0103 ostil\u0103'' a grup\u0103rii jihadiste Statul Islamic, a avertizat mar\u0163i serviciul de informa\u0163ii \u00een raportul s\u0103u anual c\u0103tre parlamentul de la Roma, potrivit Xinhua.","inLanguage":"ro-RO","potentialAction":[{"@type":"ReadAction","target":["https:\/\/www.btv.md\/ro\/italia-ramane-expusa-riscului-de-atacuri-teroriste\/"]}]},{"@type":"ImageObject","inLanguage":"ro-RO","@id":"https:\/\/www.btv.md\/ro\/italia-ramane-expusa-riscului-de-atacuri-teroriste\/#primaryimage","url":"https:\/\/www.btv.md\/wp-content\/uploads\/2018\/02\/italia.jpg","contentUrl":"https:\/\/www.btv.md\/wp-content\/uploads\/2018\/02\/italia.jpg","width":700,"height":500},{"@type":"WebSite","@id":"https:\/\/www.btv.md\/#website","url":"https:\/\/www.btv.md\/","name":"BTV","description":"\u0411\u0435\u043b\u044c\u0446\u043a\u043e\u0435 \u0442\u0435\u043b\u0435\u0432\u0438\u0434\u0435\u043d\u0438\u0435","potentialAction":[{"@type":"SearchAction","target":{"@type":"EntryPoint","urlTemplate":"https:\/\/www.btv.md\/?s={search_term_string}"},"query-input":{"@type":"PropertyValueSpecification","valueRequired":true,"valueName":"search_term_string"}}],"inLanguage":"ro-RO"},{"@type":"Person","@id":"https:\/\/www.btv.md\/#\/schema\/person\/8fadce81561b3ce2c34c46dadc4ccbf2","name":"admin"}]}},"_links":{"self":[{"href":"https:\/\/www.btv.md\/ro\/wp-json\/wp\/v2\/posts\/41326","targetHints":{"allow":["GET"]}}],"collection":[{"href":"https:\/\/www.btv.md\/ro\/wp-json\/wp\/v2\/posts"}],"about":[{"href":"https:\/\/www.btv.md\/ro\/wp-json\/wp\/v2\/types\/post"}],"author":[{"embeddable":true,"href":"https:\/\/www.btv.md\/ro\/wp-json\/wp\/v2\/users\/4"}],"replies":[{"embeddable":true,"href":"https:\/\/www.btv.md\/ro\/wp-json\/wp\/v2\/comments?post=41326"}],"version-history":[{"count":0,"href":"https:\/\/www.btv.md\/ro\/wp-json\/wp\/v2\/posts\/41326\/revisions"}],"wp:featuredmedia":[{"embeddable":true,"href":"https:\/\/www.btv.md\/ro\/wp-json\/wp\/v2\/media\/41327"}],"wp:attachment":[{"href":"https:\/\/www.btv.md\/ro\/wp-json\/wp\/v2\/media?parent=41326"}],"wp:term":[{"taxonomy":"category","embeddable":true,"href":"https:\/\/www.btv.md\/ro\/wp-json\/wp\/v2\/categories?post=41326"},{"taxonomy":"post_tag","embeddable":true,"href":"https:\/\/www.btv.md\/ro\/wp-json\/wp\/v2\/tags?post=41326"}],"curies":[{"name":"wp","href":"https:\/\/api.w.org\/{rel}","templated":true}]}}