{"id":41329,"date":"2018-02-21T15:51:13","date_gmt":"2018-02-21T12:51:13","guid":{"rendered":"https:\/\/btv.md\/?p=41329"},"modified":"2018-02-21T15:51:13","modified_gmt":"2018-02-21T12:51:13","slug":"studiu-imigratia-ilegala-in-uniunea-europeana-a-scazut-puternic-in-2017","status":"publish","type":"post","link":"https:\/\/www.btv.md\/ro\/studiu-imigratia-ilegala-in-uniunea-europeana-a-scazut-puternic-in-2017\/","title":{"rendered":"Studiu: imigra\u0163ia ilegal\u0103 \u00een Uniunea European\u0103 a sc\u0103zut puternic \u00een 2017"},"content":{"rendered":"<h4>Num\u0103rul de treceri ilegale ale frontierelor Uniunii Europene a sc\u0103zut cu 60% \u00een 2017 fa\u0163\u0103 de anul precedent, dar r\u0103m\u00e2ne ridicat, a anun\u0163at mar\u0163i agen\u0163ia european\u0103 pentru poli\u0163ia de frontier\u0103 Frontex, cit\u00e2nd cifrele furnizate de \u0163\u0103rile membre.<\/h4>\n<p>Totalul acestor treceri detectate a ajuns anul trecut la 204.219, comparativ cu 511.074 \u00een 2016 \u015fi 1,8 milioane \u00een 2015, potrivit unui raport al Frontex intitulat \u201eAnaliza riscurilor 2018\u201d \u015fi publicat la Var\u015fovia, unde este sediul agen\u0163iei.<\/p>\n<p>Aceast\u0103 sc\u0103dere a fost observat\u0103 \u00een special pe ruta Mediteranei de Est (\u015fi, \u00een consecin\u0163\u0103, pe cea a Balcanilor de Vest) \u015fi pe cea a Mediteranei Centrale, \u00een timp ce pe ruta din Mediterana de Vest a fost \u00eenregistrat\u0103 o cre\u015ftere semnificativ\u0103.<\/p>\n<p>Totu\u015fi, num\u0103rul acestor treceri ilegale dep\u0103\u015fe\u015fte toate cifrele de dinainte de 2014 \u015fi arat\u0103 c\u0103 \u201epresiunea asupra frontierelor externe ale UE r\u0103m\u00e2ne ridicat\u0103\u201d, transmite <a href=\"https:\/\/www.agerpres.ro\/politica-externa\/2018\/02\/20\/frontex-imigratia-ilegala-in-uniunea-europeana-a-scazut-puternic-in-2017--58830\">Agerpres<\/a>.<\/p>\n<p>\u00cen zona Mediteranei Centrale, tendin\u0163a s-a inversat brusc \u00een iulie 2017, dup\u0103 primul semestru c\u00e2nd nivelul migra\u0163iei a r\u0103mas aproximativ la fel de ridicat ca \u00een 2016.<\/p>\n<p>Aceast\u0103 schimbare este determinat\u0103 \u201e\u00een principal de evolu\u0163ia situa\u0163iei interne din Libia\u201d, precizeaz\u0103 Frontex.<\/p>\n<p>Dar \u00een al treilea \u015fi al patrulea trimestru din 2017, num\u0103rul ambarca\u0163iunilor care au p\u0103r\u0103sit \u0163\u0103rmurile tunisiene sau algeriene a crescut.<\/p>\n<p>\u00cen schimb, pe ruta din Mediterana de Vest, num\u0103rul migran\u0163ilor detecta\u0163i s-a dublat \u00een 2017 \u00een compara\u0163ie cu 2016. Problemele interne din Maroc, \u0163ara principal\u0103 de tranzit pentru migran\u0163ii ce doresc sa ajung\u0103 \u00een Spania, au condus la cre\u015fterea num\u0103rului de plec\u0103ri \u00een b\u0103rci ce pot transporta un num\u0103r mare de migran\u0163i.<\/p>\n<p>Spre sf\u00e2r\u015fitul anului, num\u0103rul de migran\u0163i din Africa, \u00een special marocani, algerieni \u015fi tunisieni, a crescut rapid, iar num\u0103rul total de africani a ajuns la aproape dou\u0103 treimi din migran\u0163ii ilegali care sosesc pe malurile UE.<\/p>\n<p>\u00cen Est, dimpotriv\u0103, cifrele care se refer\u0103 la eritreeni, somalezi \u015fi etiopieni au sc\u0103zut la aproximativ un sfert fa\u0163\u0103 de 2016.<\/p>\n","protected":false},"excerpt":{"rendered":"<p>Num\u0103rul de treceri ilegale ale frontierelor Uniunii Europene a sc\u0103zut cu 60% \u00een 2017 fa\u0163\u0103 de anul precedent, dar r\u0103m\u00e2ne ridicat, a anun\u0163at mar\u0163i agen\u0163ia european\u0103 pentru poli\u0163ia de frontier\u0103 Frontex, cit\u00e2nd cifrele furnizate de \u0163\u0103rile membre. Totalul acestor treceri detectate a ajuns anul trecut la 204.219, comparativ cu 511.074 \u00een 2016 \u015fi 1,8 milioane [&hellip;]<\/p>\n","protected":false},"author":4,"featured_media":41330,"comment_status":"closed","ping_status":"closed","sticky":false,"template":"","format":"standard","meta":{"footnotes":""},"categories":[6354],"tags":[],"class_list":["post-41329","post","type-post","status-publish","format-standard","has-post-thumbnail","hentry","category-externe-ro"],"yoast_head":"<!-- This site is optimized with the Yoast SEO plugin v27.4 - https:\/\/yoast.com\/product\/yoast-seo-wordpress\/ -->\n<title>Studiu: imigra\u0163ia ilegal\u0103 \u00een Uniunea European\u0103 a sc\u0103zut puternic \u00een 2017<\/title>\n<meta name=\"description\" content=\"Num\u0103rul de treceri ilegale ale frontierelor Uniunii Europene a sc\u0103zut cu 60% \u00een 2017 fa\u0163\u0103 de anul precedent, dar r\u0103m\u00e2ne ridicat, a anun\u0163at mar\u0163i agen\u0163ia european\u0103 pentru poli\u0163ia de frontier\u0103 Frontex, cit\u00e2nd cifrele furnizate de \u0163\u0103rile membre.\" \/>\n<meta name=\"robots\" content=\"index, follow, max-snippet:-1, max-image-preview:large, max-video-preview:-1\" \/>\n<link rel=\"canonical\" href=\"https:\/\/www.btv.md\/ro\/studiu-imigratia-ilegala-in-uniunea-europeana-a-scazut-puternic-in-2017\/\" \/>\n<meta property=\"og:locale\" content=\"ro_RO\" \/>\n<meta property=\"og:type\" content=\"article\" \/>\n<meta property=\"og:title\" content=\"Studiu: imigra\u0163ia ilegal\u0103 \u00een Uniunea European\u0103 a sc\u0103zut puternic \u00een 2017\" \/>\n<meta property=\"og:description\" content=\"Num\u0103rul de treceri ilegale ale frontierelor Uniunii Europene a sc\u0103zut cu 60% \u00een 2017 fa\u0163\u0103 de anul precedent, dar r\u0103m\u00e2ne ridicat, a anun\u0163at mar\u0163i agen\u0163ia european\u0103 pentru poli\u0163ia de frontier\u0103 Frontex, cit\u00e2nd cifrele furnizate de \u0163\u0103rile membre.\" \/>\n<meta property=\"og:url\" content=\"https:\/\/www.btv.md\/ro\/studiu-imigratia-ilegala-in-uniunea-europeana-a-scazut-puternic-in-2017\/\" \/>\n<meta property=\"og:site_name\" content=\"BTV\" \/>\n<meta property=\"article:publisher\" content=\"https:\/\/www.facebook.com\/btvmoldova\/\" \/>\n<meta property=\"article:published_time\" content=\"2018-02-21T12:51:13+00:00\" \/>\n<meta property=\"og:image\" content=\"https:\/\/www.btv.md\/wp-content\/uploads\/2018\/02\/c85b0e2b-05cb-40bd-8787-201217be0645_large.jpg\" \/>\n\t<meta property=\"og:image:width\" content=\"700\" \/>\n\t<meta property=\"og:image:height\" content=\"500\" \/>\n\t<meta property=\"og:image:type\" content=\"image\/jpeg\" \/>\n<meta name=\"author\" content=\"admin\" \/>\n<meta name=\"twitter:label1\" content=\"Scris de\" \/>\n\t<meta name=\"twitter:data1\" content=\"admin\" \/>\n\t<meta name=\"twitter:label2\" content=\"Timp estimat pentru citire\" \/>\n\t<meta name=\"twitter:data2\" content=\"2 minute\" \/>\n<script type=\"application\/ld+json\" class=\"yoast-schema-graph\">{\"@context\":\"https:\\\/\\\/schema.org\",\"@graph\":[{\"@type\":\"Article\",\"@id\":\"https:\\\/\\\/www.btv.md\\\/ro\\\/studiu-imigratia-ilegala-in-uniunea-europeana-a-scazut-puternic-in-2017\\\/#article\",\"isPartOf\":{\"@id\":\"https:\\\/\\\/www.btv.md\\\/ro\\\/studiu-imigratia-ilegala-in-uniunea-europeana-a-scazut-puternic-in-2017\\\/\"},\"author\":{\"name\":\"admin\",\"@id\":\"https:\\\/\\\/www.btv.md\\\/#\\\/schema\\\/person\\\/8fadce81561b3ce2c34c46dadc4ccbf2\"},\"headline\":\"Studiu: imigra\u0163ia ilegal\u0103 \u00een Uniunea European\u0103 a sc\u0103zut puternic \u00een 2017\",\"datePublished\":\"2018-02-21T12:51:13+00:00\",\"mainEntityOfPage\":{\"@id\":\"https:\\\/\\\/www.btv.md\\\/ro\\\/studiu-imigratia-ilegala-in-uniunea-europeana-a-scazut-puternic-in-2017\\\/\"},\"wordCount\":356,\"image\":{\"@id\":\"https:\\\/\\\/www.btv.md\\\/ro\\\/studiu-imigratia-ilegala-in-uniunea-europeana-a-scazut-puternic-in-2017\\\/#primaryimage\"},\"thumbnailUrl\":\"https:\\\/\\\/www.btv.md\\\/wp-content\\\/uploads\\\/2018\\\/02\\\/c85b0e2b-05cb-40bd-8787-201217be0645_large.jpg\",\"articleSection\":[\"Externe\"],\"inLanguage\":\"ro-RO\"},{\"@type\":\"WebPage\",\"@id\":\"https:\\\/\\\/www.btv.md\\\/ro\\\/studiu-imigratia-ilegala-in-uniunea-europeana-a-scazut-puternic-in-2017\\\/\",\"url\":\"https:\\\/\\\/www.btv.md\\\/ro\\\/studiu-imigratia-ilegala-in-uniunea-europeana-a-scazut-puternic-in-2017\\\/\",\"name\":\"Studiu: imigra\u0163ia ilegal\u0103 \u00een Uniunea European\u0103 a sc\u0103zut puternic \u00een 2017\",\"isPartOf\":{\"@id\":\"https:\\\/\\\/www.btv.md\\\/#website\"},\"primaryImageOfPage\":{\"@id\":\"https:\\\/\\\/www.btv.md\\\/ro\\\/studiu-imigratia-ilegala-in-uniunea-europeana-a-scazut-puternic-in-2017\\\/#primaryimage\"},\"image\":{\"@id\":\"https:\\\/\\\/www.btv.md\\\/ro\\\/studiu-imigratia-ilegala-in-uniunea-europeana-a-scazut-puternic-in-2017\\\/#primaryimage\"},\"thumbnailUrl\":\"https:\\\/\\\/www.btv.md\\\/wp-content\\\/uploads\\\/2018\\\/02\\\/c85b0e2b-05cb-40bd-8787-201217be0645_large.jpg\",\"datePublished\":\"2018-02-21T12:51:13+00:00\",\"author\":{\"@id\":\"https:\\\/\\\/www.btv.md\\\/#\\\/schema\\\/person\\\/8fadce81561b3ce2c34c46dadc4ccbf2\"},\"description\":\"Num\u0103rul de treceri ilegale ale frontierelor Uniunii Europene a sc\u0103zut cu 60% \u00een 2017 fa\u0163\u0103 de anul precedent, dar r\u0103m\u00e2ne ridicat, a anun\u0163at mar\u0163i agen\u0163ia european\u0103 pentru poli\u0163ia de frontier\u0103 Frontex, cit\u00e2nd cifrele furnizate de \u0163\u0103rile membre.\",\"inLanguage\":\"ro-RO\",\"potentialAction\":[{\"@type\":\"ReadAction\",\"target\":[\"https:\\\/\\\/www.btv.md\\\/ro\\\/studiu-imigratia-ilegala-in-uniunea-europeana-a-scazut-puternic-in-2017\\\/\"]}]},{\"@type\":\"ImageObject\",\"inLanguage\":\"ro-RO\",\"@id\":\"https:\\\/\\\/www.btv.md\\\/ro\\\/studiu-imigratia-ilegala-in-uniunea-europeana-a-scazut-puternic-in-2017\\\/#primaryimage\",\"url\":\"https:\\\/\\\/www.btv.md\\\/wp-content\\\/uploads\\\/2018\\\/02\\\/c85b0e2b-05cb-40bd-8787-201217be0645_large.jpg\",\"contentUrl\":\"https:\\\/\\\/www.btv.md\\\/wp-content\\\/uploads\\\/2018\\\/02\\\/c85b0e2b-05cb-40bd-8787-201217be0645_large.jpg\",\"width\":700,\"height\":500},{\"@type\":\"WebSite\",\"@id\":\"https:\\\/\\\/www.btv.md\\\/#website\",\"url\":\"https:\\\/\\\/www.btv.md\\\/\",\"name\":\"BTV\",\"description\":\"\u0411\u0435\u043b\u044c\u0446\u043a\u043e\u0435 \u0442\u0435\u043b\u0435\u0432\u0438\u0434\u0435\u043d\u0438\u0435\",\"potentialAction\":[{\"@type\":\"SearchAction\",\"target\":{\"@type\":\"EntryPoint\",\"urlTemplate\":\"https:\\\/\\\/www.btv.md\\\/?s={search_term_string}\"},\"query-input\":{\"@type\":\"PropertyValueSpecification\",\"valueRequired\":true,\"valueName\":\"search_term_string\"}}],\"inLanguage\":\"ro-RO\"},{\"@type\":\"Person\",\"@id\":\"https:\\\/\\\/www.btv.md\\\/#\\\/schema\\\/person\\\/8fadce81561b3ce2c34c46dadc4ccbf2\",\"name\":\"admin\"}]}<\/script>\n<!-- \/ Yoast SEO plugin. -->","yoast_head_json":{"title":"Studiu: imigra\u0163ia ilegal\u0103 \u00een Uniunea European\u0103 a sc\u0103zut puternic \u00een 2017","description":"Num\u0103rul de treceri ilegale ale frontierelor Uniunii Europene a sc\u0103zut cu 60% \u00een 2017 fa\u0163\u0103 de anul precedent, dar r\u0103m\u00e2ne ridicat, a anun\u0163at mar\u0163i agen\u0163ia european\u0103 pentru poli\u0163ia de frontier\u0103 Frontex, cit\u00e2nd cifrele furnizate de \u0163\u0103rile membre.","robots":{"index":"index","follow":"follow","max-snippet":"max-snippet:-1","max-image-preview":"max-image-preview:large","max-video-preview":"max-video-preview:-1"},"canonical":"https:\/\/www.btv.md\/ro\/studiu-imigratia-ilegala-in-uniunea-europeana-a-scazut-puternic-in-2017\/","og_locale":"ro_RO","og_type":"article","og_title":"Studiu: imigra\u0163ia ilegal\u0103 \u00een Uniunea European\u0103 a sc\u0103zut puternic \u00een 2017","og_description":"Num\u0103rul de treceri ilegale ale frontierelor Uniunii Europene a sc\u0103zut cu 60% \u00een 2017 fa\u0163\u0103 de anul precedent, dar r\u0103m\u00e2ne ridicat, a anun\u0163at mar\u0163i agen\u0163ia european\u0103 pentru poli\u0163ia de frontier\u0103 Frontex, cit\u00e2nd cifrele furnizate de \u0163\u0103rile membre.","og_url":"https:\/\/www.btv.md\/ro\/studiu-imigratia-ilegala-in-uniunea-europeana-a-scazut-puternic-in-2017\/","og_site_name":"BTV","article_publisher":"https:\/\/www.facebook.com\/btvmoldova\/","article_published_time":"2018-02-21T12:51:13+00:00","og_image":[{"width":700,"height":500,"url":"https:\/\/www.btv.md\/wp-content\/uploads\/2018\/02\/c85b0e2b-05cb-40bd-8787-201217be0645_large.jpg","type":"image\/jpeg"}],"author":"admin","twitter_misc":{"Scris de":"admin","Timp estimat pentru citire":"2 minute"},"schema":{"@context":"https:\/\/schema.org","@graph":[{"@type":"Article","@id":"https:\/\/www.btv.md\/ro\/studiu-imigratia-ilegala-in-uniunea-europeana-a-scazut-puternic-in-2017\/#article","isPartOf":{"@id":"https:\/\/www.btv.md\/ro\/studiu-imigratia-ilegala-in-uniunea-europeana-a-scazut-puternic-in-2017\/"},"author":{"name":"admin","@id":"https:\/\/www.btv.md\/#\/schema\/person\/8fadce81561b3ce2c34c46dadc4ccbf2"},"headline":"Studiu: imigra\u0163ia ilegal\u0103 \u00een Uniunea European\u0103 a sc\u0103zut puternic \u00een 2017","datePublished":"2018-02-21T12:51:13+00:00","mainEntityOfPage":{"@id":"https:\/\/www.btv.md\/ro\/studiu-imigratia-ilegala-in-uniunea-europeana-a-scazut-puternic-in-2017\/"},"wordCount":356,"image":{"@id":"https:\/\/www.btv.md\/ro\/studiu-imigratia-ilegala-in-uniunea-europeana-a-scazut-puternic-in-2017\/#primaryimage"},"thumbnailUrl":"https:\/\/www.btv.md\/wp-content\/uploads\/2018\/02\/c85b0e2b-05cb-40bd-8787-201217be0645_large.jpg","articleSection":["Externe"],"inLanguage":"ro-RO"},{"@type":"WebPage","@id":"https:\/\/www.btv.md\/ro\/studiu-imigratia-ilegala-in-uniunea-europeana-a-scazut-puternic-in-2017\/","url":"https:\/\/www.btv.md\/ro\/studiu-imigratia-ilegala-in-uniunea-europeana-a-scazut-puternic-in-2017\/","name":"Studiu: imigra\u0163ia ilegal\u0103 \u00een Uniunea European\u0103 a sc\u0103zut puternic \u00een 2017","isPartOf":{"@id":"https:\/\/www.btv.md\/#website"},"primaryImageOfPage":{"@id":"https:\/\/www.btv.md\/ro\/studiu-imigratia-ilegala-in-uniunea-europeana-a-scazut-puternic-in-2017\/#primaryimage"},"image":{"@id":"https:\/\/www.btv.md\/ro\/studiu-imigratia-ilegala-in-uniunea-europeana-a-scazut-puternic-in-2017\/#primaryimage"},"thumbnailUrl":"https:\/\/www.btv.md\/wp-content\/uploads\/2018\/02\/c85b0e2b-05cb-40bd-8787-201217be0645_large.jpg","datePublished":"2018-02-21T12:51:13+00:00","author":{"@id":"https:\/\/www.btv.md\/#\/schema\/person\/8fadce81561b3ce2c34c46dadc4ccbf2"},"description":"Num\u0103rul de treceri ilegale ale frontierelor Uniunii Europene a sc\u0103zut cu 60% \u00een 2017 fa\u0163\u0103 de anul precedent, dar r\u0103m\u00e2ne ridicat, a anun\u0163at mar\u0163i agen\u0163ia european\u0103 pentru poli\u0163ia de frontier\u0103 Frontex, cit\u00e2nd cifrele furnizate de \u0163\u0103rile membre.","inLanguage":"ro-RO","potentialAction":[{"@type":"ReadAction","target":["https:\/\/www.btv.md\/ro\/studiu-imigratia-ilegala-in-uniunea-europeana-a-scazut-puternic-in-2017\/"]}]},{"@type":"ImageObject","inLanguage":"ro-RO","@id":"https:\/\/www.btv.md\/ro\/studiu-imigratia-ilegala-in-uniunea-europeana-a-scazut-puternic-in-2017\/#primaryimage","url":"https:\/\/www.btv.md\/wp-content\/uploads\/2018\/02\/c85b0e2b-05cb-40bd-8787-201217be0645_large.jpg","contentUrl":"https:\/\/www.btv.md\/wp-content\/uploads\/2018\/02\/c85b0e2b-05cb-40bd-8787-201217be0645_large.jpg","width":700,"height":500},{"@type":"WebSite","@id":"https:\/\/www.btv.md\/#website","url":"https:\/\/www.btv.md\/","name":"BTV","description":"\u0411\u0435\u043b\u044c\u0446\u043a\u043e\u0435 \u0442\u0435\u043b\u0435\u0432\u0438\u0434\u0435\u043d\u0438\u0435","potentialAction":[{"@type":"SearchAction","target":{"@type":"EntryPoint","urlTemplate":"https:\/\/www.btv.md\/?s={search_term_string}"},"query-input":{"@type":"PropertyValueSpecification","valueRequired":true,"valueName":"search_term_string"}}],"inLanguage":"ro-RO"},{"@type":"Person","@id":"https:\/\/www.btv.md\/#\/schema\/person\/8fadce81561b3ce2c34c46dadc4ccbf2","name":"admin"}]}},"_links":{"self":[{"href":"https:\/\/www.btv.md\/ro\/wp-json\/wp\/v2\/posts\/41329","targetHints":{"allow":["GET"]}}],"collection":[{"href":"https:\/\/www.btv.md\/ro\/wp-json\/wp\/v2\/posts"}],"about":[{"href":"https:\/\/www.btv.md\/ro\/wp-json\/wp\/v2\/types\/post"}],"author":[{"embeddable":true,"href":"https:\/\/www.btv.md\/ro\/wp-json\/wp\/v2\/users\/4"}],"replies":[{"embeddable":true,"href":"https:\/\/www.btv.md\/ro\/wp-json\/wp\/v2\/comments?post=41329"}],"version-history":[{"count":0,"href":"https:\/\/www.btv.md\/ro\/wp-json\/wp\/v2\/posts\/41329\/revisions"}],"wp:featuredmedia":[{"embeddable":true,"href":"https:\/\/www.btv.md\/ro\/wp-json\/wp\/v2\/media\/41330"}],"wp:attachment":[{"href":"https:\/\/www.btv.md\/ro\/wp-json\/wp\/v2\/media?parent=41329"}],"wp:term":[{"taxonomy":"category","embeddable":true,"href":"https:\/\/www.btv.md\/ro\/wp-json\/wp\/v2\/categories?post=41329"},{"taxonomy":"post_tag","embeddable":true,"href":"https:\/\/www.btv.md\/ro\/wp-json\/wp\/v2\/tags?post=41329"}],"curies":[{"name":"wp","href":"https:\/\/api.w.org\/{rel}","templated":true}]}}