{"id":41332,"date":"2018-02-21T15:54:34","date_gmt":"2018-02-21T12:54:34","guid":{"rendered":"https:\/\/btv.md\/?p=41332"},"modified":"2018-02-21T15:54:34","modified_gmt":"2018-02-21T12:54:34","slug":"kazahstan-nursultan-nazarbaev-a-aprobat-noua-redactare-a-alfabetului-latin","status":"publish","type":"post","link":"https:\/\/www.btv.md\/ro\/kazahstan-nursultan-nazarbaev-a-aprobat-noua-redactare-a-alfabetului-latin\/","title":{"rendered":"Kazahstan: Nursultan Nazarbaev a aprobat noua redactare a alfabetului latin"},"content":{"rendered":"<h4>Pre\u0219edintele Kazahstanului Nursultan Nazarbaev a aprobat noua redactare a alfabetului na\u021bional bazat pe grafia latin\u0103. Decretul a fost semnat la 19 februarie, transmite serviciul de pres\u0103 al pre\u0219edintelui kazah.<\/h4>\n<p>\u00cen textul de lege se precizeaz\u0103 c\u0103 noul alfabet va fi pus \u00een aplicare de la data public\u0103rii decretului preziden\u021bial, scrie <a href=\"http:\/\/www.paginaderusia.ro\/kazahstanul-a-trecut-la-alfabetul-latin\/\">paginaderusia.ro<\/a>.<\/p>\n<p>Ministrul Educa\u021biei \u0219i \u0218tiin\u021bei din Kazahstan, Erlan Sagadiev, a declarat c\u0103 punerea \u00een aplicare a acestuia \u00een \u0219coli va avea loc dup\u0103 o analiz\u0103 atent\u0103 \u0219i numai dup\u0103 o aprofundat\u0103 perioad\u0103 de testare.<\/p>\n<p>Ministrul a spus c\u0103 trecerea la alfabetul latin va \u00eencepe de la clasa zero, iar pentru aceasta este nevoie de un nou \u201e\u04d8l\u0456ppe\u201c (Abecedar \u2013 n.r.) expertizat, transmite Tengrinews.kz.<\/p>\n<p>\u00cen octombrie 2017, Nazarbaev a semnat un decret privind trecerea treptat\u0103 a alfabetului kazah spre grafia latin\u0103 p\u00e2n\u0103 \u00een 2025.<\/p>\n<p>Atunci a fost aprobat un alfabet alc\u0103tuit din 32 de litere. Dar, acesta utiliza pe larg apostroful, ceea ce face dificil\u0103 citirea \u0219i scrierea.<\/p>\n<p>De aceea, \u00een loc de apostrof, \u00een noua versiune a alfabetului unele litere au primit semne diacritice.<\/p>\n<p>&nbsp;<\/p>\n","protected":false},"excerpt":{"rendered":"<p>Pre\u0219edintele Kazahstanului Nursultan Nazarbaev a aprobat noua redactare a alfabetului na\u021bional bazat pe grafia latin\u0103. Decretul a fost semnat la 19 februarie, transmite serviciul de pres\u0103 al pre\u0219edintelui kazah. \u00cen textul de lege se precizeaz\u0103 c\u0103 noul alfabet va fi pus \u00een aplicare de la data public\u0103rii decretului preziden\u021bial, scrie paginaderusia.ro. Ministrul Educa\u021biei \u0219i \u0218tiin\u021bei [&hellip;]<\/p>\n","protected":false},"author":4,"featured_media":41333,"comment_status":"closed","ping_status":"closed","sticky":false,"template":"","format":"standard","meta":{"footnotes":""},"categories":[6354],"tags":[],"class_list":["post-41332","post","type-post","status-publish","format-standard","has-post-thumbnail","hentry","category-externe-ro"],"yoast_head":"<!-- This site is optimized with the Yoast SEO plugin v27.4 - https:\/\/yoast.com\/product\/yoast-seo-wordpress\/ -->\n<title>Kazahstan: Nursultan Nazarbaev a aprobat noua redactare a alfabetului latin<\/title>\n<meta name=\"description\" content=\"Pre\u0219edintele Kazahstanului Nursultan Nazarbaev a aprobat noua redactare a alfabetului na\u021bional bazat pe grafia latin\u0103. Decretul a fost semnat la 19 februarie, transmite serviciul de pres\u0103 al pre\u0219edintelui kazah.\" \/>\n<meta name=\"robots\" content=\"index, follow, max-snippet:-1, max-image-preview:large, max-video-preview:-1\" \/>\n<link rel=\"canonical\" href=\"https:\/\/www.btv.md\/ro\/kazahstan-nursultan-nazarbaev-a-aprobat-noua-redactare-a-alfabetului-latin\/\" \/>\n<meta property=\"og:locale\" content=\"ro_RO\" \/>\n<meta property=\"og:type\" content=\"article\" \/>\n<meta property=\"og:title\" content=\"Kazahstan: Nursultan Nazarbaev a aprobat noua redactare a alfabetului latin\" \/>\n<meta property=\"og:description\" content=\"Pre\u0219edintele Kazahstanului Nursultan Nazarbaev a aprobat noua redactare a alfabetului na\u021bional bazat pe grafia latin\u0103. Decretul a fost semnat la 19 februarie, transmite serviciul de pres\u0103 al pre\u0219edintelui kazah.\" \/>\n<meta property=\"og:url\" content=\"https:\/\/www.btv.md\/ro\/kazahstan-nursultan-nazarbaev-a-aprobat-noua-redactare-a-alfabetului-latin\/\" \/>\n<meta property=\"og:site_name\" content=\"BTV\" \/>\n<meta property=\"article:publisher\" content=\"https:\/\/www.facebook.com\/btvmoldova\/\" \/>\n<meta property=\"article:published_time\" content=\"2018-02-21T12:54:34+00:00\" \/>\n<meta property=\"og:image\" content=\"https:\/\/www.btv.md\/wp-content\/uploads\/2018\/02\/nursultan_nazarbaev.jpg\" \/>\n\t<meta property=\"og:image:width\" content=\"700\" \/>\n\t<meta property=\"og:image:height\" content=\"500\" \/>\n\t<meta property=\"og:image:type\" content=\"image\/jpeg\" \/>\n<meta name=\"author\" content=\"admin\" \/>\n<meta name=\"twitter:label1\" content=\"Scris de\" \/>\n\t<meta name=\"twitter:data1\" content=\"admin\" \/>\n\t<meta name=\"twitter:label2\" content=\"Timp estimat pentru citire\" \/>\n\t<meta name=\"twitter:data2\" content=\"1 minut\" \/>\n<script type=\"application\/ld+json\" class=\"yoast-schema-graph\">{\"@context\":\"https:\\\/\\\/schema.org\",\"@graph\":[{\"@type\":\"Article\",\"@id\":\"https:\\\/\\\/www.btv.md\\\/ro\\\/kazahstan-nursultan-nazarbaev-a-aprobat-noua-redactare-a-alfabetului-latin\\\/#article\",\"isPartOf\":{\"@id\":\"https:\\\/\\\/www.btv.md\\\/ro\\\/kazahstan-nursultan-nazarbaev-a-aprobat-noua-redactare-a-alfabetului-latin\\\/\"},\"author\":{\"name\":\"admin\",\"@id\":\"https:\\\/\\\/www.btv.md\\\/#\\\/schema\\\/person\\\/8fadce81561b3ce2c34c46dadc4ccbf2\"},\"headline\":\"Kazahstan: Nursultan Nazarbaev a aprobat noua redactare a alfabetului latin\",\"datePublished\":\"2018-02-21T12:54:34+00:00\",\"mainEntityOfPage\":{\"@id\":\"https:\\\/\\\/www.btv.md\\\/ro\\\/kazahstan-nursultan-nazarbaev-a-aprobat-noua-redactare-a-alfabetului-latin\\\/\"},\"wordCount\":193,\"image\":{\"@id\":\"https:\\\/\\\/www.btv.md\\\/ro\\\/kazahstan-nursultan-nazarbaev-a-aprobat-noua-redactare-a-alfabetului-latin\\\/#primaryimage\"},\"thumbnailUrl\":\"https:\\\/\\\/www.btv.md\\\/wp-content\\\/uploads\\\/2018\\\/02\\\/nursultan_nazarbaev.jpg\",\"articleSection\":[\"Externe\"],\"inLanguage\":\"ro-RO\"},{\"@type\":\"WebPage\",\"@id\":\"https:\\\/\\\/www.btv.md\\\/ro\\\/kazahstan-nursultan-nazarbaev-a-aprobat-noua-redactare-a-alfabetului-latin\\\/\",\"url\":\"https:\\\/\\\/www.btv.md\\\/ro\\\/kazahstan-nursultan-nazarbaev-a-aprobat-noua-redactare-a-alfabetului-latin\\\/\",\"name\":\"Kazahstan: Nursultan Nazarbaev a aprobat noua redactare a alfabetului latin\",\"isPartOf\":{\"@id\":\"https:\\\/\\\/www.btv.md\\\/#website\"},\"primaryImageOfPage\":{\"@id\":\"https:\\\/\\\/www.btv.md\\\/ro\\\/kazahstan-nursultan-nazarbaev-a-aprobat-noua-redactare-a-alfabetului-latin\\\/#primaryimage\"},\"image\":{\"@id\":\"https:\\\/\\\/www.btv.md\\\/ro\\\/kazahstan-nursultan-nazarbaev-a-aprobat-noua-redactare-a-alfabetului-latin\\\/#primaryimage\"},\"thumbnailUrl\":\"https:\\\/\\\/www.btv.md\\\/wp-content\\\/uploads\\\/2018\\\/02\\\/nursultan_nazarbaev.jpg\",\"datePublished\":\"2018-02-21T12:54:34+00:00\",\"author\":{\"@id\":\"https:\\\/\\\/www.btv.md\\\/#\\\/schema\\\/person\\\/8fadce81561b3ce2c34c46dadc4ccbf2\"},\"description\":\"Pre\u0219edintele Kazahstanului Nursultan Nazarbaev a aprobat noua redactare a alfabetului na\u021bional bazat pe grafia latin\u0103. Decretul a fost semnat la 19 februarie, transmite serviciul de pres\u0103 al pre\u0219edintelui kazah.\",\"inLanguage\":\"ro-RO\",\"potentialAction\":[{\"@type\":\"ReadAction\",\"target\":[\"https:\\\/\\\/www.btv.md\\\/ro\\\/kazahstan-nursultan-nazarbaev-a-aprobat-noua-redactare-a-alfabetului-latin\\\/\"]}]},{\"@type\":\"ImageObject\",\"inLanguage\":\"ro-RO\",\"@id\":\"https:\\\/\\\/www.btv.md\\\/ro\\\/kazahstan-nursultan-nazarbaev-a-aprobat-noua-redactare-a-alfabetului-latin\\\/#primaryimage\",\"url\":\"https:\\\/\\\/www.btv.md\\\/wp-content\\\/uploads\\\/2018\\\/02\\\/nursultan_nazarbaev.jpg\",\"contentUrl\":\"https:\\\/\\\/www.btv.md\\\/wp-content\\\/uploads\\\/2018\\\/02\\\/nursultan_nazarbaev.jpg\",\"width\":700,\"height\":500},{\"@type\":\"WebSite\",\"@id\":\"https:\\\/\\\/www.btv.md\\\/#website\",\"url\":\"https:\\\/\\\/www.btv.md\\\/\",\"name\":\"BTV\",\"description\":\"\u0411\u0435\u043b\u044c\u0446\u043a\u043e\u0435 \u0442\u0435\u043b\u0435\u0432\u0438\u0434\u0435\u043d\u0438\u0435\",\"potentialAction\":[{\"@type\":\"SearchAction\",\"target\":{\"@type\":\"EntryPoint\",\"urlTemplate\":\"https:\\\/\\\/www.btv.md\\\/?s={search_term_string}\"},\"query-input\":{\"@type\":\"PropertyValueSpecification\",\"valueRequired\":true,\"valueName\":\"search_term_string\"}}],\"inLanguage\":\"ro-RO\"},{\"@type\":\"Person\",\"@id\":\"https:\\\/\\\/www.btv.md\\\/#\\\/schema\\\/person\\\/8fadce81561b3ce2c34c46dadc4ccbf2\",\"name\":\"admin\"}]}<\/script>\n<!-- \/ Yoast SEO plugin. -->","yoast_head_json":{"title":"Kazahstan: Nursultan Nazarbaev a aprobat noua redactare a alfabetului latin","description":"Pre\u0219edintele Kazahstanului Nursultan Nazarbaev a aprobat noua redactare a alfabetului na\u021bional bazat pe grafia latin\u0103. Decretul a fost semnat la 19 februarie, transmite serviciul de pres\u0103 al pre\u0219edintelui kazah.","robots":{"index":"index","follow":"follow","max-snippet":"max-snippet:-1","max-image-preview":"max-image-preview:large","max-video-preview":"max-video-preview:-1"},"canonical":"https:\/\/www.btv.md\/ro\/kazahstan-nursultan-nazarbaev-a-aprobat-noua-redactare-a-alfabetului-latin\/","og_locale":"ro_RO","og_type":"article","og_title":"Kazahstan: Nursultan Nazarbaev a aprobat noua redactare a alfabetului latin","og_description":"Pre\u0219edintele Kazahstanului Nursultan Nazarbaev a aprobat noua redactare a alfabetului na\u021bional bazat pe grafia latin\u0103. Decretul a fost semnat la 19 februarie, transmite serviciul de pres\u0103 al pre\u0219edintelui kazah.","og_url":"https:\/\/www.btv.md\/ro\/kazahstan-nursultan-nazarbaev-a-aprobat-noua-redactare-a-alfabetului-latin\/","og_site_name":"BTV","article_publisher":"https:\/\/www.facebook.com\/btvmoldova\/","article_published_time":"2018-02-21T12:54:34+00:00","og_image":[{"width":700,"height":500,"url":"https:\/\/www.btv.md\/wp-content\/uploads\/2018\/02\/nursultan_nazarbaev.jpg","type":"image\/jpeg"}],"author":"admin","twitter_misc":{"Scris de":"admin","Timp estimat pentru citire":"1 minut"},"schema":{"@context":"https:\/\/schema.org","@graph":[{"@type":"Article","@id":"https:\/\/www.btv.md\/ro\/kazahstan-nursultan-nazarbaev-a-aprobat-noua-redactare-a-alfabetului-latin\/#article","isPartOf":{"@id":"https:\/\/www.btv.md\/ro\/kazahstan-nursultan-nazarbaev-a-aprobat-noua-redactare-a-alfabetului-latin\/"},"author":{"name":"admin","@id":"https:\/\/www.btv.md\/#\/schema\/person\/8fadce81561b3ce2c34c46dadc4ccbf2"},"headline":"Kazahstan: Nursultan Nazarbaev a aprobat noua redactare a alfabetului latin","datePublished":"2018-02-21T12:54:34+00:00","mainEntityOfPage":{"@id":"https:\/\/www.btv.md\/ro\/kazahstan-nursultan-nazarbaev-a-aprobat-noua-redactare-a-alfabetului-latin\/"},"wordCount":193,"image":{"@id":"https:\/\/www.btv.md\/ro\/kazahstan-nursultan-nazarbaev-a-aprobat-noua-redactare-a-alfabetului-latin\/#primaryimage"},"thumbnailUrl":"https:\/\/www.btv.md\/wp-content\/uploads\/2018\/02\/nursultan_nazarbaev.jpg","articleSection":["Externe"],"inLanguage":"ro-RO"},{"@type":"WebPage","@id":"https:\/\/www.btv.md\/ro\/kazahstan-nursultan-nazarbaev-a-aprobat-noua-redactare-a-alfabetului-latin\/","url":"https:\/\/www.btv.md\/ro\/kazahstan-nursultan-nazarbaev-a-aprobat-noua-redactare-a-alfabetului-latin\/","name":"Kazahstan: Nursultan Nazarbaev a aprobat noua redactare a alfabetului latin","isPartOf":{"@id":"https:\/\/www.btv.md\/#website"},"primaryImageOfPage":{"@id":"https:\/\/www.btv.md\/ro\/kazahstan-nursultan-nazarbaev-a-aprobat-noua-redactare-a-alfabetului-latin\/#primaryimage"},"image":{"@id":"https:\/\/www.btv.md\/ro\/kazahstan-nursultan-nazarbaev-a-aprobat-noua-redactare-a-alfabetului-latin\/#primaryimage"},"thumbnailUrl":"https:\/\/www.btv.md\/wp-content\/uploads\/2018\/02\/nursultan_nazarbaev.jpg","datePublished":"2018-02-21T12:54:34+00:00","author":{"@id":"https:\/\/www.btv.md\/#\/schema\/person\/8fadce81561b3ce2c34c46dadc4ccbf2"},"description":"Pre\u0219edintele Kazahstanului Nursultan Nazarbaev a aprobat noua redactare a alfabetului na\u021bional bazat pe grafia latin\u0103. Decretul a fost semnat la 19 februarie, transmite serviciul de pres\u0103 al pre\u0219edintelui kazah.","inLanguage":"ro-RO","potentialAction":[{"@type":"ReadAction","target":["https:\/\/www.btv.md\/ro\/kazahstan-nursultan-nazarbaev-a-aprobat-noua-redactare-a-alfabetului-latin\/"]}]},{"@type":"ImageObject","inLanguage":"ro-RO","@id":"https:\/\/www.btv.md\/ro\/kazahstan-nursultan-nazarbaev-a-aprobat-noua-redactare-a-alfabetului-latin\/#primaryimage","url":"https:\/\/www.btv.md\/wp-content\/uploads\/2018\/02\/nursultan_nazarbaev.jpg","contentUrl":"https:\/\/www.btv.md\/wp-content\/uploads\/2018\/02\/nursultan_nazarbaev.jpg","width":700,"height":500},{"@type":"WebSite","@id":"https:\/\/www.btv.md\/#website","url":"https:\/\/www.btv.md\/","name":"BTV","description":"\u0411\u0435\u043b\u044c\u0446\u043a\u043e\u0435 \u0442\u0435\u043b\u0435\u0432\u0438\u0434\u0435\u043d\u0438\u0435","potentialAction":[{"@type":"SearchAction","target":{"@type":"EntryPoint","urlTemplate":"https:\/\/www.btv.md\/?s={search_term_string}"},"query-input":{"@type":"PropertyValueSpecification","valueRequired":true,"valueName":"search_term_string"}}],"inLanguage":"ro-RO"},{"@type":"Person","@id":"https:\/\/www.btv.md\/#\/schema\/person\/8fadce81561b3ce2c34c46dadc4ccbf2","name":"admin"}]}},"_links":{"self":[{"href":"https:\/\/www.btv.md\/ro\/wp-json\/wp\/v2\/posts\/41332","targetHints":{"allow":["GET"]}}],"collection":[{"href":"https:\/\/www.btv.md\/ro\/wp-json\/wp\/v2\/posts"}],"about":[{"href":"https:\/\/www.btv.md\/ro\/wp-json\/wp\/v2\/types\/post"}],"author":[{"embeddable":true,"href":"https:\/\/www.btv.md\/ro\/wp-json\/wp\/v2\/users\/4"}],"replies":[{"embeddable":true,"href":"https:\/\/www.btv.md\/ro\/wp-json\/wp\/v2\/comments?post=41332"}],"version-history":[{"count":0,"href":"https:\/\/www.btv.md\/ro\/wp-json\/wp\/v2\/posts\/41332\/revisions"}],"wp:featuredmedia":[{"embeddable":true,"href":"https:\/\/www.btv.md\/ro\/wp-json\/wp\/v2\/media\/41333"}],"wp:attachment":[{"href":"https:\/\/www.btv.md\/ro\/wp-json\/wp\/v2\/media?parent=41332"}],"wp:term":[{"taxonomy":"category","embeddable":true,"href":"https:\/\/www.btv.md\/ro\/wp-json\/wp\/v2\/categories?post=41332"},{"taxonomy":"post_tag","embeddable":true,"href":"https:\/\/www.btv.md\/ro\/wp-json\/wp\/v2\/tags?post=41332"}],"curies":[{"name":"wp","href":"https:\/\/api.w.org\/{rel}","templated":true}]}}