{"id":41412,"date":"2018-02-22T18:08:20","date_gmt":"2018-02-22T15:08:20","guid":{"rendered":"https:\/\/btv.md\/?p=41412"},"modified":"2018-02-22T18:08:20","modified_gmt":"2018-02-22T15:08:20","slug":"poluarea-aerului-justitia-europeana-a-condamnat-polonia","status":"publish","type":"post","link":"https:\/\/www.btv.md\/ro\/poluarea-aerului-justitia-europeana-a-condamnat-polonia\/","title":{"rendered":"Poluarea aerului: justi\u021bia european\u0103 a condamnat Polonia"},"content":{"rendered":"<p style=\"text-align: center;\"><iframe data-src=\"https:\/\/www.youtube.com\/embed\/srNBtgg6iSk\" width=\"854\" height=\"480\" frameborder=\"0\" allowfullscreen=\"allowfullscreen\" src=\"data:image\/svg+xml;base64,PHN2ZyB3aWR0aD0iMSIgaGVpZ2h0PSIxIiB4bWxucz0iaHR0cDovL3d3dy53My5vcmcvMjAwMC9zdmciPjwvc3ZnPg==\" class=\"lazyload\" data-load-mode=\"1\"><\/iframe><\/p>\n<h4>Justi\u0163ia european\u0103 a condamnat joi Polonia pentru c\u0103 aceasta a \u00eenc\u0103lcat \u00een mod \u201epersistent&#8221; legisla\u0163ia european\u0103 asupra calit\u0103\u0163ii aerului, dep\u0103\u015find regulat pragurile privind particulele fine din atmosfer\u0103, informeaz\u0103 AFP.<\/h4>\n<p>Deciderea unor eventuale sanc\u0163iuni pentru aceast\u0103 abatere de la legisla\u0163ia comunitar\u0103 va face obiectul unei proceduri ulterioare \u00een fa\u0163a Cur\u0163ii de Justi\u0163ie a Uniunii Europene (CJUE), relateaz\u0103\u00a0<a href=\"https:\/\/www.agerpres.ro\/\">Agerpres<\/a>.<\/p>\n<p>Valorile limit\u0103 privind concentra\u0163ia \u00een aer a particulelor fine (PM10), at\u00e2t zilnice c\u00e2t \u015fi anuale, au fost dep\u0103\u015fite de mai multe ori \u00een perioada 2007-2015, a explic\u0103 CJUE \u00eentr-un comunicat.<\/p>\n<p>Recursul \u00eempotriva Var\u015foviei a fost introdus de Comisia European\u0103, garant\u0103 a aplic\u0103rii prevederilor dreptului comunitar.<\/p>\n<p>&#8222;Dep\u0103\u015firea valorilor limit\u0103 aplicabile concentra\u0163iilor de PM10 \u00een aerul ambiant este suficient\u0103 ea \u00eens\u0103\u015fi pentru a fi constatat\u0103 o abatere&#8221;, explic\u0103 CJUE.<\/p>\n<p>UE s-a dotat cu mai mute directive pentru lupta \u00eempotriva polu\u0103rii atmosferice, printre care una asupra calit\u0103\u0163ii aerului ambiant ce determin\u0103 praguri medii zilnice \u015fi anuale ce nu pot fi dep\u0103\u015fite pentru diferi\u0163i poluan\u0163i.<\/p>\n<p>Polonia sufer\u0103 \u00een special de pe urma prezen\u0163ei de particule fine, din cauza reziduurilor de la centralele sale pe c\u0103rbune.<\/p>\n<p>De altfel, Polonia nu este singura care \u00eenregistreaz\u0103 dep\u0103\u015firi: CJUE a declarat deja Bulgaria vinovat\u0103 de acelea\u015fi abateri, iar Comisia preconizeaz\u0103 foarte serios s\u0103 trimit\u0103 alte nou\u0103 state membre ale UE &#8211; Germania, Spania, Fran\u0163a, Ungaria, Italia, Republica Ceh\u0103, Rom\u00e2nia, Marea Britanie \u015fi Slovacia &#8211; \u00een fa\u0163a justi\u0163iei pentru probleme de poluare cu particule fine \u015fi dioxid de azot.<\/p>\n<p>CJUE \u00eei repro\u015feaz\u0103 de asemenea Var\u015foviei c\u0103 nu a elaborat programe pentru a remedia aceste dep\u0103\u015firi \u00een termene rapide. Planurile stabilite de Polonia prev\u0103d o solu\u0163ionare a acestei probleme \u00een 2020-2024, \u00eens\u0103 potrivit legisla\u0163iei europene perioada de dep\u0103\u015fire (a nivelurilor admise) trebuie s\u0103 fie &#8222;c\u00e2t mai scurt\u0103 posibil&#8221;, aminte\u015fte Curtea de Justi\u0163ie.<\/p>\n<p>Potrivit Var\u015foviei, investi\u0163ii tehnice &#8222;de anvergur\u0103&#8221; sunt necesare, iar acestea au o miz\u0103 &#8222;socio-economic\u0103 \u015fi bugetar\u0103&#8221;. \u00cens\u0103, &#8222;dac\u0103 astfel de elemente pot fi luate \u00een considerare, nu este cu toate acestea stabilit c\u0103 respectivele dificult\u0103\u0163i, care nu comport\u0103 un caracter excep\u0163ional, sunt de natur\u0103 s\u0103 exclud\u0103 am\u00e2n\u0103ri mai pu\u0163in \u00eendelungate&#8221;, a constatat CJUE.<\/p>\n","protected":false},"excerpt":{"rendered":"<p>Justi\u0163ia european\u0103 a condamnat joi Polonia pentru c\u0103 aceasta a \u00eenc\u0103lcat \u00een mod \u201epersistent&#8221; legisla\u0163ia european\u0103 asupra calit\u0103\u0163ii aerului, dep\u0103\u015find regulat pragurile privind particulele fine din atmosfer\u0103, informeaz\u0103 AFP. Deciderea unor eventuale sanc\u0163iuni pentru aceast\u0103 abatere de la legisla\u0163ia comunitar\u0103 va face obiectul unei proceduri ulterioare \u00een fa\u0163a Cur\u0163ii de Justi\u0163ie a Uniunii Europene (CJUE), [&hellip;]<\/p>\n","protected":false},"author":4,"featured_media":41414,"comment_status":"closed","ping_status":"closed","sticky":false,"template":"","format":"standard","meta":{"footnotes":""},"categories":[14],"tags":[],"class_list":["post-41412","post","type-post","status-publish","format-standard","has-post-thumbnail","hentry","category-externe"],"yoast_head":"<!-- This site is optimized with the Yoast SEO plugin v27.4 - https:\/\/yoast.com\/product\/yoast-seo-wordpress\/ -->\n<title>Poluarea aerului: justi\u021bia european\u0103 a condamnat Polonia<\/title>\n<meta name=\"description\" content=\"Justi\u0163ia european\u0103 a condamnat joi Polonia pentru c\u0103 aceasta a \u00eenc\u0103lcat \u00een mod \u201epersistent&quot; legisla\u0163ia european\u0103 asupra calit\u0103\u0163ii aerului, dep\u0103\u015find regulat pragurile privind particulele fine din atmosfer\u0103, informeaz\u0103 AFP.\" \/>\n<meta name=\"robots\" content=\"index, follow, max-snippet:-1, max-image-preview:large, max-video-preview:-1\" \/>\n<link rel=\"canonical\" href=\"https:\/\/www.btv.md\/ro\/poluarea-aerului-justitia-europeana-a-condamnat-polonia\/\" \/>\n<meta property=\"og:locale\" content=\"ro_RO\" \/>\n<meta property=\"og:type\" content=\"article\" \/>\n<meta property=\"og:title\" content=\"Poluarea aerului: justi\u021bia european\u0103 a condamnat Polonia\" \/>\n<meta property=\"og:description\" content=\"Justi\u0163ia european\u0103 a condamnat joi Polonia pentru c\u0103 aceasta a \u00eenc\u0103lcat \u00een mod \u201epersistent&quot; legisla\u0163ia european\u0103 asupra calit\u0103\u0163ii aerului, dep\u0103\u015find regulat pragurile privind particulele fine din atmosfer\u0103, informeaz\u0103 AFP.\" \/>\n<meta property=\"og:url\" content=\"https:\/\/www.btv.md\/ro\/poluarea-aerului-justitia-europeana-a-condamnat-polonia\/\" \/>\n<meta property=\"og:site_name\" content=\"BTV\" \/>\n<meta property=\"article:publisher\" content=\"https:\/\/www.facebook.com\/btvmoldova\/\" \/>\n<meta property=\"article:published_time\" content=\"2018-02-22T15:08:20+00:00\" \/>\n<meta property=\"og:image\" content=\"https:\/\/www.btv.md\/wp-content\/uploads\/2018\/02\/vozduh.jpg\" \/>\n\t<meta property=\"og:image:width\" content=\"700\" \/>\n\t<meta property=\"og:image:height\" content=\"500\" \/>\n\t<meta property=\"og:image:type\" content=\"image\/jpeg\" \/>\n<meta name=\"author\" content=\"admin\" \/>\n<meta name=\"twitter:label1\" content=\"Scris de\" \/>\n\t<meta name=\"twitter:data1\" content=\"admin\" \/>\n\t<meta name=\"twitter:label2\" content=\"Timp estimat pentru citire\" \/>\n\t<meta name=\"twitter:data2\" content=\"2 minute\" \/>\n<script type=\"application\/ld+json\" class=\"yoast-schema-graph\">{\"@context\":\"https:\\\/\\\/schema.org\",\"@graph\":[{\"@type\":\"Article\",\"@id\":\"https:\\\/\\\/www.btv.md\\\/ro\\\/poluarea-aerului-justitia-europeana-a-condamnat-polonia\\\/#article\",\"isPartOf\":{\"@id\":\"https:\\\/\\\/www.btv.md\\\/ro\\\/poluarea-aerului-justitia-europeana-a-condamnat-polonia\\\/\"},\"author\":{\"name\":\"admin\",\"@id\":\"https:\\\/\\\/www.btv.md\\\/#\\\/schema\\\/person\\\/8fadce81561b3ce2c34c46dadc4ccbf2\"},\"headline\":\"Poluarea aerului: justi\u021bia european\u0103 a condamnat Polonia\",\"datePublished\":\"2018-02-22T15:08:20+00:00\",\"mainEntityOfPage\":{\"@id\":\"https:\\\/\\\/www.btv.md\\\/ro\\\/poluarea-aerului-justitia-europeana-a-condamnat-polonia\\\/\"},\"wordCount\":399,\"image\":{\"@id\":\"https:\\\/\\\/www.btv.md\\\/ro\\\/poluarea-aerului-justitia-europeana-a-condamnat-polonia\\\/#primaryimage\"},\"thumbnailUrl\":\"https:\\\/\\\/www.btv.md\\\/wp-content\\\/uploads\\\/2018\\\/02\\\/vozduh.jpg\",\"articleSection\":[\"\u0417\u0430\u0440\u0443\u0431\u0435\u0436\u043d\u044b\u0435\"],\"inLanguage\":\"ro-RO\"},{\"@type\":\"WebPage\",\"@id\":\"https:\\\/\\\/www.btv.md\\\/ro\\\/poluarea-aerului-justitia-europeana-a-condamnat-polonia\\\/\",\"url\":\"https:\\\/\\\/www.btv.md\\\/ro\\\/poluarea-aerului-justitia-europeana-a-condamnat-polonia\\\/\",\"name\":\"Poluarea aerului: justi\u021bia european\u0103 a condamnat Polonia\",\"isPartOf\":{\"@id\":\"https:\\\/\\\/www.btv.md\\\/#website\"},\"primaryImageOfPage\":{\"@id\":\"https:\\\/\\\/www.btv.md\\\/ro\\\/poluarea-aerului-justitia-europeana-a-condamnat-polonia\\\/#primaryimage\"},\"image\":{\"@id\":\"https:\\\/\\\/www.btv.md\\\/ro\\\/poluarea-aerului-justitia-europeana-a-condamnat-polonia\\\/#primaryimage\"},\"thumbnailUrl\":\"https:\\\/\\\/www.btv.md\\\/wp-content\\\/uploads\\\/2018\\\/02\\\/vozduh.jpg\",\"datePublished\":\"2018-02-22T15:08:20+00:00\",\"author\":{\"@id\":\"https:\\\/\\\/www.btv.md\\\/#\\\/schema\\\/person\\\/8fadce81561b3ce2c34c46dadc4ccbf2\"},\"description\":\"Justi\u0163ia european\u0103 a condamnat joi Polonia pentru c\u0103 aceasta a \u00eenc\u0103lcat \u00een mod \u201epersistent\\\" legisla\u0163ia european\u0103 asupra calit\u0103\u0163ii aerului, dep\u0103\u015find regulat pragurile privind particulele fine din atmosfer\u0103, informeaz\u0103 AFP.\",\"inLanguage\":\"ro-RO\",\"potentialAction\":[{\"@type\":\"ReadAction\",\"target\":[\"https:\\\/\\\/www.btv.md\\\/ro\\\/poluarea-aerului-justitia-europeana-a-condamnat-polonia\\\/\"]}]},{\"@type\":\"ImageObject\",\"inLanguage\":\"ro-RO\",\"@id\":\"https:\\\/\\\/www.btv.md\\\/ro\\\/poluarea-aerului-justitia-europeana-a-condamnat-polonia\\\/#primaryimage\",\"url\":\"https:\\\/\\\/www.btv.md\\\/wp-content\\\/uploads\\\/2018\\\/02\\\/vozduh.jpg\",\"contentUrl\":\"https:\\\/\\\/www.btv.md\\\/wp-content\\\/uploads\\\/2018\\\/02\\\/vozduh.jpg\",\"width\":700,\"height\":500},{\"@type\":\"WebSite\",\"@id\":\"https:\\\/\\\/www.btv.md\\\/#website\",\"url\":\"https:\\\/\\\/www.btv.md\\\/\",\"name\":\"BTV\",\"description\":\"\u0411\u0435\u043b\u044c\u0446\u043a\u043e\u0435 \u0442\u0435\u043b\u0435\u0432\u0438\u0434\u0435\u043d\u0438\u0435\",\"potentialAction\":[{\"@type\":\"SearchAction\",\"target\":{\"@type\":\"EntryPoint\",\"urlTemplate\":\"https:\\\/\\\/www.btv.md\\\/?s={search_term_string}\"},\"query-input\":{\"@type\":\"PropertyValueSpecification\",\"valueRequired\":true,\"valueName\":\"search_term_string\"}}],\"inLanguage\":\"ro-RO\"},{\"@type\":\"Person\",\"@id\":\"https:\\\/\\\/www.btv.md\\\/#\\\/schema\\\/person\\\/8fadce81561b3ce2c34c46dadc4ccbf2\",\"name\":\"admin\"}]}<\/script>\n<!-- \/ Yoast SEO plugin. -->","yoast_head_json":{"title":"Poluarea aerului: justi\u021bia european\u0103 a condamnat Polonia","description":"Justi\u0163ia european\u0103 a condamnat joi Polonia pentru c\u0103 aceasta a \u00eenc\u0103lcat \u00een mod \u201epersistent\" legisla\u0163ia european\u0103 asupra calit\u0103\u0163ii aerului, dep\u0103\u015find regulat pragurile privind particulele fine din atmosfer\u0103, informeaz\u0103 AFP.","robots":{"index":"index","follow":"follow","max-snippet":"max-snippet:-1","max-image-preview":"max-image-preview:large","max-video-preview":"max-video-preview:-1"},"canonical":"https:\/\/www.btv.md\/ro\/poluarea-aerului-justitia-europeana-a-condamnat-polonia\/","og_locale":"ro_RO","og_type":"article","og_title":"Poluarea aerului: justi\u021bia european\u0103 a condamnat Polonia","og_description":"Justi\u0163ia european\u0103 a condamnat joi Polonia pentru c\u0103 aceasta a \u00eenc\u0103lcat \u00een mod \u201epersistent\" legisla\u0163ia european\u0103 asupra calit\u0103\u0163ii aerului, dep\u0103\u015find regulat pragurile privind particulele fine din atmosfer\u0103, informeaz\u0103 AFP.","og_url":"https:\/\/www.btv.md\/ro\/poluarea-aerului-justitia-europeana-a-condamnat-polonia\/","og_site_name":"BTV","article_publisher":"https:\/\/www.facebook.com\/btvmoldova\/","article_published_time":"2018-02-22T15:08:20+00:00","og_image":[{"width":700,"height":500,"url":"https:\/\/www.btv.md\/wp-content\/uploads\/2018\/02\/vozduh.jpg","type":"image\/jpeg"}],"author":"admin","twitter_misc":{"Scris de":"admin","Timp estimat pentru citire":"2 minute"},"schema":{"@context":"https:\/\/schema.org","@graph":[{"@type":"Article","@id":"https:\/\/www.btv.md\/ro\/poluarea-aerului-justitia-europeana-a-condamnat-polonia\/#article","isPartOf":{"@id":"https:\/\/www.btv.md\/ro\/poluarea-aerului-justitia-europeana-a-condamnat-polonia\/"},"author":{"name":"admin","@id":"https:\/\/www.btv.md\/#\/schema\/person\/8fadce81561b3ce2c34c46dadc4ccbf2"},"headline":"Poluarea aerului: justi\u021bia european\u0103 a condamnat Polonia","datePublished":"2018-02-22T15:08:20+00:00","mainEntityOfPage":{"@id":"https:\/\/www.btv.md\/ro\/poluarea-aerului-justitia-europeana-a-condamnat-polonia\/"},"wordCount":399,"image":{"@id":"https:\/\/www.btv.md\/ro\/poluarea-aerului-justitia-europeana-a-condamnat-polonia\/#primaryimage"},"thumbnailUrl":"https:\/\/www.btv.md\/wp-content\/uploads\/2018\/02\/vozduh.jpg","articleSection":["\u0417\u0430\u0440\u0443\u0431\u0435\u0436\u043d\u044b\u0435"],"inLanguage":"ro-RO"},{"@type":"WebPage","@id":"https:\/\/www.btv.md\/ro\/poluarea-aerului-justitia-europeana-a-condamnat-polonia\/","url":"https:\/\/www.btv.md\/ro\/poluarea-aerului-justitia-europeana-a-condamnat-polonia\/","name":"Poluarea aerului: justi\u021bia european\u0103 a condamnat Polonia","isPartOf":{"@id":"https:\/\/www.btv.md\/#website"},"primaryImageOfPage":{"@id":"https:\/\/www.btv.md\/ro\/poluarea-aerului-justitia-europeana-a-condamnat-polonia\/#primaryimage"},"image":{"@id":"https:\/\/www.btv.md\/ro\/poluarea-aerului-justitia-europeana-a-condamnat-polonia\/#primaryimage"},"thumbnailUrl":"https:\/\/www.btv.md\/wp-content\/uploads\/2018\/02\/vozduh.jpg","datePublished":"2018-02-22T15:08:20+00:00","author":{"@id":"https:\/\/www.btv.md\/#\/schema\/person\/8fadce81561b3ce2c34c46dadc4ccbf2"},"description":"Justi\u0163ia european\u0103 a condamnat joi Polonia pentru c\u0103 aceasta a \u00eenc\u0103lcat \u00een mod \u201epersistent\" legisla\u0163ia european\u0103 asupra calit\u0103\u0163ii aerului, dep\u0103\u015find regulat pragurile privind particulele fine din atmosfer\u0103, informeaz\u0103 AFP.","inLanguage":"ro-RO","potentialAction":[{"@type":"ReadAction","target":["https:\/\/www.btv.md\/ro\/poluarea-aerului-justitia-europeana-a-condamnat-polonia\/"]}]},{"@type":"ImageObject","inLanguage":"ro-RO","@id":"https:\/\/www.btv.md\/ro\/poluarea-aerului-justitia-europeana-a-condamnat-polonia\/#primaryimage","url":"https:\/\/www.btv.md\/wp-content\/uploads\/2018\/02\/vozduh.jpg","contentUrl":"https:\/\/www.btv.md\/wp-content\/uploads\/2018\/02\/vozduh.jpg","width":700,"height":500},{"@type":"WebSite","@id":"https:\/\/www.btv.md\/#website","url":"https:\/\/www.btv.md\/","name":"BTV","description":"\u0411\u0435\u043b\u044c\u0446\u043a\u043e\u0435 \u0442\u0435\u043b\u0435\u0432\u0438\u0434\u0435\u043d\u0438\u0435","potentialAction":[{"@type":"SearchAction","target":{"@type":"EntryPoint","urlTemplate":"https:\/\/www.btv.md\/?s={search_term_string}"},"query-input":{"@type":"PropertyValueSpecification","valueRequired":true,"valueName":"search_term_string"}}],"inLanguage":"ro-RO"},{"@type":"Person","@id":"https:\/\/www.btv.md\/#\/schema\/person\/8fadce81561b3ce2c34c46dadc4ccbf2","name":"admin"}]}},"_links":{"self":[{"href":"https:\/\/www.btv.md\/ro\/wp-json\/wp\/v2\/posts\/41412","targetHints":{"allow":["GET"]}}],"collection":[{"href":"https:\/\/www.btv.md\/ro\/wp-json\/wp\/v2\/posts"}],"about":[{"href":"https:\/\/www.btv.md\/ro\/wp-json\/wp\/v2\/types\/post"}],"author":[{"embeddable":true,"href":"https:\/\/www.btv.md\/ro\/wp-json\/wp\/v2\/users\/4"}],"replies":[{"embeddable":true,"href":"https:\/\/www.btv.md\/ro\/wp-json\/wp\/v2\/comments?post=41412"}],"version-history":[{"count":0,"href":"https:\/\/www.btv.md\/ro\/wp-json\/wp\/v2\/posts\/41412\/revisions"}],"wp:featuredmedia":[{"embeddable":true,"href":"https:\/\/www.btv.md\/ro\/wp-json\/wp\/v2\/media\/41414"}],"wp:attachment":[{"href":"https:\/\/www.btv.md\/ro\/wp-json\/wp\/v2\/media?parent=41412"}],"wp:term":[{"taxonomy":"category","embeddable":true,"href":"https:\/\/www.btv.md\/ro\/wp-json\/wp\/v2\/categories?post=41412"},{"taxonomy":"post_tag","embeddable":true,"href":"https:\/\/www.btv.md\/ro\/wp-json\/wp\/v2\/tags?post=41412"}],"curies":[{"name":"wp","href":"https:\/\/api.w.org\/{rel}","templated":true}]}}