{"id":41422,"date":"2018-02-22T18:27:00","date_gmt":"2018-02-22T15:27:00","guid":{"rendered":"https:\/\/btv.md\/?p=41422"},"modified":"2018-02-22T18:27:00","modified_gmt":"2018-02-22T15:27:00","slug":"numarul-deceselor-provocate-de-gripa-a-ajuns-la-47-in-romania","status":"publish","type":"post","link":"https:\/\/www.btv.md\/ro\/numarul-deceselor-provocate-de-gripa-a-ajuns-la-47-in-romania\/","title":{"rendered":"Num\u0103rul deceselor provocate de grip\u0103 a ajuns la 47 \u00een Rom\u00e2nia"},"content":{"rendered":"<p style=\"text-align: center;\"><iframe data-src=\"https:\/\/www.youtube.com\/embed\/zFo4CMKVYIE\" width=\"854\" height=\"480\" frameborder=\"0\" allowfullscreen=\"allowfullscreen\" src=\"data:image\/svg+xml;base64,PHN2ZyB3aWR0aD0iMSIgaGVpZ2h0PSIxIiB4bWxucz0iaHR0cDovL3d3dy53My5vcmcvMjAwMC9zdmciPjwvc3ZnPg==\" class=\"lazyload\" data-load-mode=\"1\"><\/iframe><\/p>\n<h4>Institutul Na\u0163ional de S\u0103n\u0103tate Public\u0103 (INSP) anun\u0163\u0103, miercuri sear\u0103, c\u0103 au fost confirmate alte dou\u0103 decese cauzate de virusul gripal. Num\u0103rul total al deceselor din acest sezon a ajuns la 47.<\/h4>\n<p>Este vorba despre un b\u0103rbat \u00een v\u00e2rst\u0103 de 53 de ani, din jude\u0163ul Tulcea, care avea virus gripal tip A (H1) pdm09 \u015fi condi\u0163ii medicale preexistente \u015fi de o femeie \u00een v\u00e2rst\u0103 de 35 de ani, din jude\u0163ul Ia\u015fi, cu virus gripal tip B, dar f\u0103r\u0103 condi\u0163ii medicale preexistente cunoscute,\u00a0scrie\u00a0<a href=\"http:\/\/www.mediafax.ro\/social\/inca-doi-oameni-au-murit-din-cauza-gripei-numarul-deceselor-a-ajuns-la-47-de-la-inceputul-sezonului-17026440\">mediafax.ro.<\/a><\/p>\n<p>Niciunul din cei deceda\u0163i nu era vaccinat antigripal.<\/p>\n<p>Num\u0103rul total de decese de la debutul sezonului 2017-2018 a ajuns astfel la 47.<\/p>\n<p>Ministerul S\u0103n\u0103t\u0103\u0163ii a transmis popula\u0163iei o serie de m\u0103suri care trebuie luate la nivelul at\u00e2t al spitalelor, \u015fcolilor sau al farmaciilor, c\u00e2t \u015fi de fiecare persoan\u0103 \u00een parte, pentru a preveni eventuale \u00eemboln\u0103viri cu grip\u0103.<\/p>\n<p>Astfel, managerii de spitale au obliga\u0163ia s\u0103 se asigure c\u0103 sunt respectate cu stricte\u0163e m\u0103surile igienico-sanitare \u00een unit\u0103\u0163ile sanitare \u015fi c\u0103 personalul medical are la dispozi\u0163ie \u015fi poart\u0103 echipamentul de protec\u0163ie.<\/p>\n<p>De asemenea, Ministerul S\u0103n\u0103t\u0103\u0163ii a solicitat direc\u0163iilor de s\u0103n\u0103tate public\u0103 s\u0103 prezinte, \u00een cel mai scurt timp, o situa\u0163ie a stocurilor de medicamente antivirale specifice pentru grip\u0103 existente \u00een spitale \u015fi, dup\u0103 caz, s\u0103 solicite suplimentarea stocurilor, astfel \u00eenc\u00e2t s\u0103 fie disponibile medicamentele necesare pentru tratamentul pacien\u0163ilor interna\u0163i.<\/p>\n<p>\u015ei farmaciile trebuie s\u0103 se asigure c\u0103 au medicamente \u015fi produse necesare prevenirii \u015fi trat\u0103rii gripei.<\/p>\n<p>Totodat\u0103, avertizeaz\u0103 MS, este necesar ca \u00een gr\u0103dini\u0163e \u015fi scoli, \u00een fiecare diminea\u0163\u0103, cadrele medicale s\u0103 realizeze un triaj, astfel \u00eenc\u00e2t s\u0103 poat\u0103 fi evitat\u0103 r\u0103sp\u00e2ndirea virusului gripal.<\/p>\n","protected":false},"excerpt":{"rendered":"<p>Institutul Na\u0163ional de S\u0103n\u0103tate Public\u0103 (INSP) anun\u0163\u0103, miercuri sear\u0103, c\u0103 au fost confirmate alte dou\u0103 decese cauzate de virusul gripal. Num\u0103rul total al deceselor din acest sezon a ajuns la 47. Este vorba despre un b\u0103rbat \u00een v\u00e2rst\u0103 de 53 de ani, din jude\u0163ul Tulcea, care avea virus gripal tip A (H1) pdm09 \u015fi condi\u0163ii [&hellip;]<\/p>\n","protected":false},"author":4,"featured_media":41423,"comment_status":"closed","ping_status":"closed","sticky":false,"template":"","format":"standard","meta":{"footnotes":""},"categories":[6349],"tags":[],"class_list":["post-41422","post","type-post","status-publish","format-standard","has-post-thumbnail","hentry","category-social"],"yoast_head":"<!-- This site is optimized with the Yoast SEO plugin v27.4 - https:\/\/yoast.com\/product\/yoast-seo-wordpress\/ -->\n<title>Num\u0103rul deceselor provocate de grip\u0103 a ajuns la 47 \u00een Rom\u00e2nia<\/title>\n<meta name=\"description\" content=\"Institutul Na\u0163ional de S\u0103n\u0103tate Public\u0103 (INSP) anun\u0163\u0103, miercuri sear\u0103, c\u0103 au fost confirmate alte dou\u0103 decese cauzate de virusul gripal. Num\u0103rul total al deceselor din acest sezon a ajuns la 47.\" \/>\n<meta name=\"robots\" content=\"index, follow, max-snippet:-1, max-image-preview:large, max-video-preview:-1\" \/>\n<link rel=\"canonical\" href=\"https:\/\/www.btv.md\/ro\/numarul-deceselor-provocate-de-gripa-a-ajuns-la-47-in-romania\/\" \/>\n<meta property=\"og:locale\" content=\"ro_RO\" \/>\n<meta property=\"og:type\" content=\"article\" \/>\n<meta property=\"og:title\" content=\"Num\u0103rul deceselor provocate de grip\u0103 a ajuns la 47 \u00een Rom\u00e2nia\" \/>\n<meta property=\"og:description\" content=\"Institutul Na\u0163ional de S\u0103n\u0103tate Public\u0103 (INSP) anun\u0163\u0103, miercuri sear\u0103, c\u0103 au fost confirmate alte dou\u0103 decese cauzate de virusul gripal. Num\u0103rul total al deceselor din acest sezon a ajuns la 47.\" \/>\n<meta property=\"og:url\" content=\"https:\/\/www.btv.md\/ro\/numarul-deceselor-provocate-de-gripa-a-ajuns-la-47-in-romania\/\" \/>\n<meta property=\"og:site_name\" content=\"BTV\" \/>\n<meta property=\"article:publisher\" content=\"https:\/\/www.facebook.com\/btvmoldova\/\" \/>\n<meta property=\"article:published_time\" content=\"2018-02-22T15:27:00+00:00\" \/>\n<meta property=\"og:image\" content=\"https:\/\/www.btv.md\/wp-content\/uploads\/2018\/02\/bolinitsa-4.jpg\" \/>\n\t<meta property=\"og:image:width\" content=\"700\" \/>\n\t<meta property=\"og:image:height\" content=\"500\" \/>\n\t<meta property=\"og:image:type\" content=\"image\/jpeg\" \/>\n<meta name=\"author\" content=\"admin\" \/>\n<meta name=\"twitter:label1\" content=\"Scris de\" \/>\n\t<meta name=\"twitter:data1\" content=\"admin\" \/>\n\t<meta name=\"twitter:label2\" content=\"Timp estimat pentru citire\" \/>\n\t<meta name=\"twitter:data2\" content=\"2 minute\" \/>\n<script type=\"application\/ld+json\" class=\"yoast-schema-graph\">{\"@context\":\"https:\\\/\\\/schema.org\",\"@graph\":[{\"@type\":\"Article\",\"@id\":\"https:\\\/\\\/www.btv.md\\\/ro\\\/numarul-deceselor-provocate-de-gripa-a-ajuns-la-47-in-romania\\\/#article\",\"isPartOf\":{\"@id\":\"https:\\\/\\\/www.btv.md\\\/ro\\\/numarul-deceselor-provocate-de-gripa-a-ajuns-la-47-in-romania\\\/\"},\"author\":{\"name\":\"admin\",\"@id\":\"https:\\\/\\\/www.btv.md\\\/#\\\/schema\\\/person\\\/8fadce81561b3ce2c34c46dadc4ccbf2\"},\"headline\":\"Num\u0103rul deceselor provocate de grip\u0103 a ajuns la 47 \u00een Rom\u00e2nia\",\"datePublished\":\"2018-02-22T15:27:00+00:00\",\"mainEntityOfPage\":{\"@id\":\"https:\\\/\\\/www.btv.md\\\/ro\\\/numarul-deceselor-provocate-de-gripa-a-ajuns-la-47-in-romania\\\/\"},\"wordCount\":317,\"image\":{\"@id\":\"https:\\\/\\\/www.btv.md\\\/ro\\\/numarul-deceselor-provocate-de-gripa-a-ajuns-la-47-in-romania\\\/#primaryimage\"},\"thumbnailUrl\":\"https:\\\/\\\/www.btv.md\\\/wp-content\\\/uploads\\\/2018\\\/02\\\/bolinitsa-4.jpg\",\"articleSection\":[\"Social\"],\"inLanguage\":\"ro-RO\"},{\"@type\":\"WebPage\",\"@id\":\"https:\\\/\\\/www.btv.md\\\/ro\\\/numarul-deceselor-provocate-de-gripa-a-ajuns-la-47-in-romania\\\/\",\"url\":\"https:\\\/\\\/www.btv.md\\\/ro\\\/numarul-deceselor-provocate-de-gripa-a-ajuns-la-47-in-romania\\\/\",\"name\":\"Num\u0103rul deceselor provocate de grip\u0103 a ajuns la 47 \u00een Rom\u00e2nia\",\"isPartOf\":{\"@id\":\"https:\\\/\\\/www.btv.md\\\/#website\"},\"primaryImageOfPage\":{\"@id\":\"https:\\\/\\\/www.btv.md\\\/ro\\\/numarul-deceselor-provocate-de-gripa-a-ajuns-la-47-in-romania\\\/#primaryimage\"},\"image\":{\"@id\":\"https:\\\/\\\/www.btv.md\\\/ro\\\/numarul-deceselor-provocate-de-gripa-a-ajuns-la-47-in-romania\\\/#primaryimage\"},\"thumbnailUrl\":\"https:\\\/\\\/www.btv.md\\\/wp-content\\\/uploads\\\/2018\\\/02\\\/bolinitsa-4.jpg\",\"datePublished\":\"2018-02-22T15:27:00+00:00\",\"author\":{\"@id\":\"https:\\\/\\\/www.btv.md\\\/#\\\/schema\\\/person\\\/8fadce81561b3ce2c34c46dadc4ccbf2\"},\"description\":\"Institutul Na\u0163ional de S\u0103n\u0103tate Public\u0103 (INSP) anun\u0163\u0103, miercuri sear\u0103, c\u0103 au fost confirmate alte dou\u0103 decese cauzate de virusul gripal. Num\u0103rul total al deceselor din acest sezon a ajuns la 47.\",\"inLanguage\":\"ro-RO\",\"potentialAction\":[{\"@type\":\"ReadAction\",\"target\":[\"https:\\\/\\\/www.btv.md\\\/ro\\\/numarul-deceselor-provocate-de-gripa-a-ajuns-la-47-in-romania\\\/\"]}]},{\"@type\":\"ImageObject\",\"inLanguage\":\"ro-RO\",\"@id\":\"https:\\\/\\\/www.btv.md\\\/ro\\\/numarul-deceselor-provocate-de-gripa-a-ajuns-la-47-in-romania\\\/#primaryimage\",\"url\":\"https:\\\/\\\/www.btv.md\\\/wp-content\\\/uploads\\\/2018\\\/02\\\/bolinitsa-4.jpg\",\"contentUrl\":\"https:\\\/\\\/www.btv.md\\\/wp-content\\\/uploads\\\/2018\\\/02\\\/bolinitsa-4.jpg\",\"width\":700,\"height\":500,\"caption\":\"Personal medical prezinta pentru presa o interventie medicala cu prilejul inaugurarii spitalului privat Ponderas, inaugurat in Bucuresti, miercuri, 18 martie 2014. MARIUS DUMBRAVEANU \\\/ MEDIAFAX FOTO\"},{\"@type\":\"WebSite\",\"@id\":\"https:\\\/\\\/www.btv.md\\\/#website\",\"url\":\"https:\\\/\\\/www.btv.md\\\/\",\"name\":\"BTV\",\"description\":\"\u0411\u0435\u043b\u044c\u0446\u043a\u043e\u0435 \u0442\u0435\u043b\u0435\u0432\u0438\u0434\u0435\u043d\u0438\u0435\",\"potentialAction\":[{\"@type\":\"SearchAction\",\"target\":{\"@type\":\"EntryPoint\",\"urlTemplate\":\"https:\\\/\\\/www.btv.md\\\/?s={search_term_string}\"},\"query-input\":{\"@type\":\"PropertyValueSpecification\",\"valueRequired\":true,\"valueName\":\"search_term_string\"}}],\"inLanguage\":\"ro-RO\"},{\"@type\":\"Person\",\"@id\":\"https:\\\/\\\/www.btv.md\\\/#\\\/schema\\\/person\\\/8fadce81561b3ce2c34c46dadc4ccbf2\",\"name\":\"admin\"}]}<\/script>\n<!-- \/ Yoast SEO plugin. -->","yoast_head_json":{"title":"Num\u0103rul deceselor provocate de grip\u0103 a ajuns la 47 \u00een Rom\u00e2nia","description":"Institutul Na\u0163ional de S\u0103n\u0103tate Public\u0103 (INSP) anun\u0163\u0103, miercuri sear\u0103, c\u0103 au fost confirmate alte dou\u0103 decese cauzate de virusul gripal. Num\u0103rul total al deceselor din acest sezon a ajuns la 47.","robots":{"index":"index","follow":"follow","max-snippet":"max-snippet:-1","max-image-preview":"max-image-preview:large","max-video-preview":"max-video-preview:-1"},"canonical":"https:\/\/www.btv.md\/ro\/numarul-deceselor-provocate-de-gripa-a-ajuns-la-47-in-romania\/","og_locale":"ro_RO","og_type":"article","og_title":"Num\u0103rul deceselor provocate de grip\u0103 a ajuns la 47 \u00een Rom\u00e2nia","og_description":"Institutul Na\u0163ional de S\u0103n\u0103tate Public\u0103 (INSP) anun\u0163\u0103, miercuri sear\u0103, c\u0103 au fost confirmate alte dou\u0103 decese cauzate de virusul gripal. Num\u0103rul total al deceselor din acest sezon a ajuns la 47.","og_url":"https:\/\/www.btv.md\/ro\/numarul-deceselor-provocate-de-gripa-a-ajuns-la-47-in-romania\/","og_site_name":"BTV","article_publisher":"https:\/\/www.facebook.com\/btvmoldova\/","article_published_time":"2018-02-22T15:27:00+00:00","og_image":[{"width":700,"height":500,"url":"https:\/\/www.btv.md\/wp-content\/uploads\/2018\/02\/bolinitsa-4.jpg","type":"image\/jpeg"}],"author":"admin","twitter_misc":{"Scris de":"admin","Timp estimat pentru citire":"2 minute"},"schema":{"@context":"https:\/\/schema.org","@graph":[{"@type":"Article","@id":"https:\/\/www.btv.md\/ro\/numarul-deceselor-provocate-de-gripa-a-ajuns-la-47-in-romania\/#article","isPartOf":{"@id":"https:\/\/www.btv.md\/ro\/numarul-deceselor-provocate-de-gripa-a-ajuns-la-47-in-romania\/"},"author":{"name":"admin","@id":"https:\/\/www.btv.md\/#\/schema\/person\/8fadce81561b3ce2c34c46dadc4ccbf2"},"headline":"Num\u0103rul deceselor provocate de grip\u0103 a ajuns la 47 \u00een Rom\u00e2nia","datePublished":"2018-02-22T15:27:00+00:00","mainEntityOfPage":{"@id":"https:\/\/www.btv.md\/ro\/numarul-deceselor-provocate-de-gripa-a-ajuns-la-47-in-romania\/"},"wordCount":317,"image":{"@id":"https:\/\/www.btv.md\/ro\/numarul-deceselor-provocate-de-gripa-a-ajuns-la-47-in-romania\/#primaryimage"},"thumbnailUrl":"https:\/\/www.btv.md\/wp-content\/uploads\/2018\/02\/bolinitsa-4.jpg","articleSection":["Social"],"inLanguage":"ro-RO"},{"@type":"WebPage","@id":"https:\/\/www.btv.md\/ro\/numarul-deceselor-provocate-de-gripa-a-ajuns-la-47-in-romania\/","url":"https:\/\/www.btv.md\/ro\/numarul-deceselor-provocate-de-gripa-a-ajuns-la-47-in-romania\/","name":"Num\u0103rul deceselor provocate de grip\u0103 a ajuns la 47 \u00een Rom\u00e2nia","isPartOf":{"@id":"https:\/\/www.btv.md\/#website"},"primaryImageOfPage":{"@id":"https:\/\/www.btv.md\/ro\/numarul-deceselor-provocate-de-gripa-a-ajuns-la-47-in-romania\/#primaryimage"},"image":{"@id":"https:\/\/www.btv.md\/ro\/numarul-deceselor-provocate-de-gripa-a-ajuns-la-47-in-romania\/#primaryimage"},"thumbnailUrl":"https:\/\/www.btv.md\/wp-content\/uploads\/2018\/02\/bolinitsa-4.jpg","datePublished":"2018-02-22T15:27:00+00:00","author":{"@id":"https:\/\/www.btv.md\/#\/schema\/person\/8fadce81561b3ce2c34c46dadc4ccbf2"},"description":"Institutul Na\u0163ional de S\u0103n\u0103tate Public\u0103 (INSP) anun\u0163\u0103, miercuri sear\u0103, c\u0103 au fost confirmate alte dou\u0103 decese cauzate de virusul gripal. Num\u0103rul total al deceselor din acest sezon a ajuns la 47.","inLanguage":"ro-RO","potentialAction":[{"@type":"ReadAction","target":["https:\/\/www.btv.md\/ro\/numarul-deceselor-provocate-de-gripa-a-ajuns-la-47-in-romania\/"]}]},{"@type":"ImageObject","inLanguage":"ro-RO","@id":"https:\/\/www.btv.md\/ro\/numarul-deceselor-provocate-de-gripa-a-ajuns-la-47-in-romania\/#primaryimage","url":"https:\/\/www.btv.md\/wp-content\/uploads\/2018\/02\/bolinitsa-4.jpg","contentUrl":"https:\/\/www.btv.md\/wp-content\/uploads\/2018\/02\/bolinitsa-4.jpg","width":700,"height":500,"caption":"Personal medical prezinta pentru presa o interventie medicala cu prilejul inaugurarii spitalului privat Ponderas, inaugurat in Bucuresti, miercuri, 18 martie 2014. MARIUS DUMBRAVEANU \/ MEDIAFAX FOTO"},{"@type":"WebSite","@id":"https:\/\/www.btv.md\/#website","url":"https:\/\/www.btv.md\/","name":"BTV","description":"\u0411\u0435\u043b\u044c\u0446\u043a\u043e\u0435 \u0442\u0435\u043b\u0435\u0432\u0438\u0434\u0435\u043d\u0438\u0435","potentialAction":[{"@type":"SearchAction","target":{"@type":"EntryPoint","urlTemplate":"https:\/\/www.btv.md\/?s={search_term_string}"},"query-input":{"@type":"PropertyValueSpecification","valueRequired":true,"valueName":"search_term_string"}}],"inLanguage":"ro-RO"},{"@type":"Person","@id":"https:\/\/www.btv.md\/#\/schema\/person\/8fadce81561b3ce2c34c46dadc4ccbf2","name":"admin"}]}},"_links":{"self":[{"href":"https:\/\/www.btv.md\/ro\/wp-json\/wp\/v2\/posts\/41422","targetHints":{"allow":["GET"]}}],"collection":[{"href":"https:\/\/www.btv.md\/ro\/wp-json\/wp\/v2\/posts"}],"about":[{"href":"https:\/\/www.btv.md\/ro\/wp-json\/wp\/v2\/types\/post"}],"author":[{"embeddable":true,"href":"https:\/\/www.btv.md\/ro\/wp-json\/wp\/v2\/users\/4"}],"replies":[{"embeddable":true,"href":"https:\/\/www.btv.md\/ro\/wp-json\/wp\/v2\/comments?post=41422"}],"version-history":[{"count":0,"href":"https:\/\/www.btv.md\/ro\/wp-json\/wp\/v2\/posts\/41422\/revisions"}],"wp:featuredmedia":[{"embeddable":true,"href":"https:\/\/www.btv.md\/ro\/wp-json\/wp\/v2\/media\/41423"}],"wp:attachment":[{"href":"https:\/\/www.btv.md\/ro\/wp-json\/wp\/v2\/media?parent=41422"}],"wp:term":[{"taxonomy":"category","embeddable":true,"href":"https:\/\/www.btv.md\/ro\/wp-json\/wp\/v2\/categories?post=41422"},{"taxonomy":"post_tag","embeddable":true,"href":"https:\/\/www.btv.md\/ro\/wp-json\/wp\/v2\/tags?post=41422"}],"curies":[{"name":"wp","href":"https:\/\/api.w.org\/{rel}","templated":true}]}}