{"id":41442,"date":"2018-02-22T20:10:35","date_gmt":"2018-02-22T17:10:35","guid":{"rendered":"https:\/\/btv.md\/?p=41442"},"modified":"2018-02-22T20:10:35","modified_gmt":"2018-02-22T17:10:35","slug":"bursele-pentru-elevi-si-studenti-se-vor-majora-cu-5","status":"publish","type":"post","link":"https:\/\/www.btv.md\/ro\/bursele-pentru-elevi-si-studenti-se-vor-majora-cu-5\/","title":{"rendered":"Bursele pentru elevi \u0219i studen\u021bi se vor majora cu 5%"},"content":{"rendered":"<p style=\"text-align: center;\"><iframe data-src=\"https:\/\/www.youtube.com\/embed\/YiLMNEm7gqk\" width=\"854\" height=\"480\" frameborder=\"0\" allowfullscreen=\"allowfullscreen\" src=\"data:image\/svg+xml;base64,PHN2ZyB3aWR0aD0iMSIgaGVpZ2h0PSIxIiB4bWxucz0iaHR0cDovL3d3dy53My5vcmcvMjAwMC9zdmciPjwvc3ZnPg==\" class=\"lazyload\" data-load-mode=\"1\"><\/iframe><\/p>\n<h4>Toate tipurile de burse pentru elevi \u0219i studen\u021bi ar putea s\u0103 se majoreze \u00een cur\u00e2nd cu 5%. Un proiect \u00een acest sens a fost elaborat de Ministerul Educa\u021biei, Culturii \u0219i Cercet\u0103rii, scrie <a href=\"https:\/\/deschide.md\/ro\/stiri\/social\/26635\/Bursele-pentru-elevi-\u0219i-studen\u021bi-se-vor-majora-cu-5.htm\">Deschide<\/a>.<\/h4>\n<p>Ini\u021biativa are ca scop sus\u021binerea material\u0103 a elevilor \u015fi studen\u0163ilor, dar \u015fi motivarea performan\u0163elor academice ale tinerilor, scrie\u00a0<a href=\"https:\/\/deschide.md\/ro\/stiri\/social\/26635\/Bursele-pentru-elevi-%C8%99i-studen%C8%9Bi-se-vor-majora-cu-5.htm\">deschide.md<\/a>.<\/p>\n<p>Viza\u021bi sunt elevii din \u00eenv\u0103\u0163\u0103m\u00e2ntul profesional tehnic \u015fi studen\u0163ii de la licen\u0163\u0103 \u015fi master, doctoranzi, postdoctoranzi, medici reziden\u0163i \u015fi medicii secundari clinici: de studii (categoriile I, II \u015fi III), social\u0103, de merit, de studii postuniversitare.<\/p>\n<p>Proiectul se \u00eencadreaz\u0103 \u00een limita aloca\u0163iilor prev\u0103zute pentru anul 2018. Astfel, volumul de mijloace suplimentat acoper\u0103 majorarea cuantumului burselor, \u00eencep\u00e2nd cu 1 ianuarie 2018, categoriilor respective de beneficiari cu 5 la sut\u0103.<\/p>\n<p>Proiectul respectiv, potrivit autorilor, se \u00eenscrie \u00een politica promovat\u0103 de Ministerul Educa\u0163iei, Culturii \u015fi Cercet\u0103rii pentru fortificarea sistemului \u00eenv\u0103\u0163\u0103m\u00e2ntului profesional \u00een direc\u0163ia \u00eenscrierii acestuia \u00een spa\u0163iul \u00eenv\u0103\u0163\u0103m\u00e2ntului european, precum \u015fi asigurarea cre\u015fterii atractivit\u0103\u0163ii \u015fi competitivit\u0103\u0163ii na\u0163ionale \/interna\u0163ionale a institu\u0163iilor de \u00eenv\u0103\u0163\u0103m\u00e2nt superior \u015fi profesional tehnic din \u0163ar\u0103.<\/p>\n","protected":false},"excerpt":{"rendered":"<p>Toate tipurile de burse pentru elevi \u0219i studen\u021bi ar putea s\u0103 se majoreze \u00een cur\u00e2nd cu 5%. Un proiect \u00een acest sens a fost elaborat de Ministerul Educa\u021biei, Culturii \u0219i Cercet\u0103rii, scrie Deschide. Ini\u021biativa are ca scop sus\u021binerea material\u0103 a elevilor \u015fi studen\u0163ilor, dar \u015fi motivarea performan\u0163elor academice ale tinerilor, scrie\u00a0deschide.md. Viza\u021bi sunt elevii din [&hellip;]<\/p>\n","protected":false},"author":4,"featured_media":41443,"comment_status":"closed","ping_status":"closed","sticky":false,"template":"","format":"standard","meta":{"footnotes":""},"categories":[6349],"tags":[],"class_list":["post-41442","post","type-post","status-publish","format-standard","has-post-thumbnail","hentry","category-social"],"yoast_head":"<!-- This site is optimized with the Yoast SEO plugin v27.4 - https:\/\/yoast.com\/product\/yoast-seo-wordpress\/ -->\n<title>Bursele pentru elevi \u0219i studen\u021bi se vor majora cu 5%<\/title>\n<meta name=\"description\" content=\"Toate tipurile de burse pentru elevi \u0219i studen\u021bi ar putea s\u0103 se majoreze \u00een cur\u00e2nd cu 5%. Un proiect \u00een acest sens a fost elaborat de Ministerul Educa\u021biei, Culturii \u0219i Cercet\u0103rii, scrie Deschide.\" \/>\n<meta name=\"robots\" content=\"index, follow, max-snippet:-1, max-image-preview:large, max-video-preview:-1\" \/>\n<link rel=\"canonical\" href=\"https:\/\/www.btv.md\/ro\/bursele-pentru-elevi-si-studenti-se-vor-majora-cu-5\/\" \/>\n<meta property=\"og:locale\" content=\"ro_RO\" \/>\n<meta property=\"og:type\" content=\"article\" \/>\n<meta property=\"og:title\" content=\"Bursele pentru elevi \u0219i studen\u021bi se vor majora cu 5%\" \/>\n<meta property=\"og:description\" content=\"Toate tipurile de burse pentru elevi \u0219i studen\u021bi ar putea s\u0103 se majoreze \u00een cur\u00e2nd cu 5%. Un proiect \u00een acest sens a fost elaborat de Ministerul Educa\u021biei, Culturii \u0219i Cercet\u0103rii, scrie Deschide.\" \/>\n<meta property=\"og:url\" content=\"https:\/\/www.btv.md\/ro\/bursele-pentru-elevi-si-studenti-se-vor-majora-cu-5\/\" \/>\n<meta property=\"og:site_name\" content=\"BTV\" \/>\n<meta property=\"article:publisher\" content=\"https:\/\/www.facebook.com\/btvmoldova\/\" \/>\n<meta property=\"article:published_time\" content=\"2018-02-22T17:10:35+00:00\" \/>\n<meta property=\"og:image\" content=\"https:\/\/www.btv.md\/wp-content\/uploads\/2018\/02\/studenti-1.jpg\" \/>\n\t<meta property=\"og:image:width\" content=\"700\" \/>\n\t<meta property=\"og:image:height\" content=\"500\" \/>\n\t<meta property=\"og:image:type\" content=\"image\/jpeg\" \/>\n<meta name=\"author\" content=\"admin\" \/>\n<meta name=\"twitter:label1\" content=\"Scris de\" \/>\n\t<meta name=\"twitter:data1\" content=\"admin\" \/>\n\t<meta name=\"twitter:label2\" content=\"Timp estimat pentru citire\" \/>\n\t<meta name=\"twitter:data2\" content=\"1 minut\" \/>\n<script type=\"application\/ld+json\" class=\"yoast-schema-graph\">{\"@context\":\"https:\\\/\\\/schema.org\",\"@graph\":[{\"@type\":\"Article\",\"@id\":\"https:\\\/\\\/www.btv.md\\\/ro\\\/bursele-pentru-elevi-si-studenti-se-vor-majora-cu-5\\\/#article\",\"isPartOf\":{\"@id\":\"https:\\\/\\\/www.btv.md\\\/ro\\\/bursele-pentru-elevi-si-studenti-se-vor-majora-cu-5\\\/\"},\"author\":{\"name\":\"admin\",\"@id\":\"https:\\\/\\\/www.btv.md\\\/#\\\/schema\\\/person\\\/8fadce81561b3ce2c34c46dadc4ccbf2\"},\"headline\":\"Bursele pentru elevi \u0219i studen\u021bi se vor majora cu 5%\",\"datePublished\":\"2018-02-22T17:10:35+00:00\",\"mainEntityOfPage\":{\"@id\":\"https:\\\/\\\/www.btv.md\\\/ro\\\/bursele-pentru-elevi-si-studenti-se-vor-majora-cu-5\\\/\"},\"wordCount\":204,\"image\":{\"@id\":\"https:\\\/\\\/www.btv.md\\\/ro\\\/bursele-pentru-elevi-si-studenti-se-vor-majora-cu-5\\\/#primaryimage\"},\"thumbnailUrl\":\"https:\\\/\\\/www.btv.md\\\/wp-content\\\/uploads\\\/2018\\\/02\\\/studenti-1.jpg\",\"articleSection\":[\"Social\"],\"inLanguage\":\"ro-RO\"},{\"@type\":\"WebPage\",\"@id\":\"https:\\\/\\\/www.btv.md\\\/ro\\\/bursele-pentru-elevi-si-studenti-se-vor-majora-cu-5\\\/\",\"url\":\"https:\\\/\\\/www.btv.md\\\/ro\\\/bursele-pentru-elevi-si-studenti-se-vor-majora-cu-5\\\/\",\"name\":\"Bursele pentru elevi \u0219i studen\u021bi se vor majora cu 5%\",\"isPartOf\":{\"@id\":\"https:\\\/\\\/www.btv.md\\\/#website\"},\"primaryImageOfPage\":{\"@id\":\"https:\\\/\\\/www.btv.md\\\/ro\\\/bursele-pentru-elevi-si-studenti-se-vor-majora-cu-5\\\/#primaryimage\"},\"image\":{\"@id\":\"https:\\\/\\\/www.btv.md\\\/ro\\\/bursele-pentru-elevi-si-studenti-se-vor-majora-cu-5\\\/#primaryimage\"},\"thumbnailUrl\":\"https:\\\/\\\/www.btv.md\\\/wp-content\\\/uploads\\\/2018\\\/02\\\/studenti-1.jpg\",\"datePublished\":\"2018-02-22T17:10:35+00:00\",\"author\":{\"@id\":\"https:\\\/\\\/www.btv.md\\\/#\\\/schema\\\/person\\\/8fadce81561b3ce2c34c46dadc4ccbf2\"},\"description\":\"Toate tipurile de burse pentru elevi \u0219i studen\u021bi ar putea s\u0103 se majoreze \u00een cur\u00e2nd cu 5%. Un proiect \u00een acest sens a fost elaborat de Ministerul Educa\u021biei, Culturii \u0219i Cercet\u0103rii, scrie Deschide.\",\"inLanguage\":\"ro-RO\",\"potentialAction\":[{\"@type\":\"ReadAction\",\"target\":[\"https:\\\/\\\/www.btv.md\\\/ro\\\/bursele-pentru-elevi-si-studenti-se-vor-majora-cu-5\\\/\"]}]},{\"@type\":\"ImageObject\",\"inLanguage\":\"ro-RO\",\"@id\":\"https:\\\/\\\/www.btv.md\\\/ro\\\/bursele-pentru-elevi-si-studenti-se-vor-majora-cu-5\\\/#primaryimage\",\"url\":\"https:\\\/\\\/www.btv.md\\\/wp-content\\\/uploads\\\/2018\\\/02\\\/studenti-1.jpg\",\"contentUrl\":\"https:\\\/\\\/www.btv.md\\\/wp-content\\\/uploads\\\/2018\\\/02\\\/studenti-1.jpg\",\"width\":700,\"height\":500},{\"@type\":\"WebSite\",\"@id\":\"https:\\\/\\\/www.btv.md\\\/#website\",\"url\":\"https:\\\/\\\/www.btv.md\\\/\",\"name\":\"BTV\",\"description\":\"\u0411\u0435\u043b\u044c\u0446\u043a\u043e\u0435 \u0442\u0435\u043b\u0435\u0432\u0438\u0434\u0435\u043d\u0438\u0435\",\"potentialAction\":[{\"@type\":\"SearchAction\",\"target\":{\"@type\":\"EntryPoint\",\"urlTemplate\":\"https:\\\/\\\/www.btv.md\\\/?s={search_term_string}\"},\"query-input\":{\"@type\":\"PropertyValueSpecification\",\"valueRequired\":true,\"valueName\":\"search_term_string\"}}],\"inLanguage\":\"ro-RO\"},{\"@type\":\"Person\",\"@id\":\"https:\\\/\\\/www.btv.md\\\/#\\\/schema\\\/person\\\/8fadce81561b3ce2c34c46dadc4ccbf2\",\"name\":\"admin\"}]}<\/script>\n<!-- \/ Yoast SEO plugin. -->","yoast_head_json":{"title":"Bursele pentru elevi \u0219i studen\u021bi se vor majora cu 5%","description":"Toate tipurile de burse pentru elevi \u0219i studen\u021bi ar putea s\u0103 se majoreze \u00een cur\u00e2nd cu 5%. Un proiect \u00een acest sens a fost elaborat de Ministerul Educa\u021biei, Culturii \u0219i Cercet\u0103rii, scrie Deschide.","robots":{"index":"index","follow":"follow","max-snippet":"max-snippet:-1","max-image-preview":"max-image-preview:large","max-video-preview":"max-video-preview:-1"},"canonical":"https:\/\/www.btv.md\/ro\/bursele-pentru-elevi-si-studenti-se-vor-majora-cu-5\/","og_locale":"ro_RO","og_type":"article","og_title":"Bursele pentru elevi \u0219i studen\u021bi se vor majora cu 5%","og_description":"Toate tipurile de burse pentru elevi \u0219i studen\u021bi ar putea s\u0103 se majoreze \u00een cur\u00e2nd cu 5%. Un proiect \u00een acest sens a fost elaborat de Ministerul Educa\u021biei, Culturii \u0219i Cercet\u0103rii, scrie Deschide.","og_url":"https:\/\/www.btv.md\/ro\/bursele-pentru-elevi-si-studenti-se-vor-majora-cu-5\/","og_site_name":"BTV","article_publisher":"https:\/\/www.facebook.com\/btvmoldova\/","article_published_time":"2018-02-22T17:10:35+00:00","og_image":[{"width":700,"height":500,"url":"https:\/\/www.btv.md\/wp-content\/uploads\/2018\/02\/studenti-1.jpg","type":"image\/jpeg"}],"author":"admin","twitter_misc":{"Scris de":"admin","Timp estimat pentru citire":"1 minut"},"schema":{"@context":"https:\/\/schema.org","@graph":[{"@type":"Article","@id":"https:\/\/www.btv.md\/ro\/bursele-pentru-elevi-si-studenti-se-vor-majora-cu-5\/#article","isPartOf":{"@id":"https:\/\/www.btv.md\/ro\/bursele-pentru-elevi-si-studenti-se-vor-majora-cu-5\/"},"author":{"name":"admin","@id":"https:\/\/www.btv.md\/#\/schema\/person\/8fadce81561b3ce2c34c46dadc4ccbf2"},"headline":"Bursele pentru elevi \u0219i studen\u021bi se vor majora cu 5%","datePublished":"2018-02-22T17:10:35+00:00","mainEntityOfPage":{"@id":"https:\/\/www.btv.md\/ro\/bursele-pentru-elevi-si-studenti-se-vor-majora-cu-5\/"},"wordCount":204,"image":{"@id":"https:\/\/www.btv.md\/ro\/bursele-pentru-elevi-si-studenti-se-vor-majora-cu-5\/#primaryimage"},"thumbnailUrl":"https:\/\/www.btv.md\/wp-content\/uploads\/2018\/02\/studenti-1.jpg","articleSection":["Social"],"inLanguage":"ro-RO"},{"@type":"WebPage","@id":"https:\/\/www.btv.md\/ro\/bursele-pentru-elevi-si-studenti-se-vor-majora-cu-5\/","url":"https:\/\/www.btv.md\/ro\/bursele-pentru-elevi-si-studenti-se-vor-majora-cu-5\/","name":"Bursele pentru elevi \u0219i studen\u021bi se vor majora cu 5%","isPartOf":{"@id":"https:\/\/www.btv.md\/#website"},"primaryImageOfPage":{"@id":"https:\/\/www.btv.md\/ro\/bursele-pentru-elevi-si-studenti-se-vor-majora-cu-5\/#primaryimage"},"image":{"@id":"https:\/\/www.btv.md\/ro\/bursele-pentru-elevi-si-studenti-se-vor-majora-cu-5\/#primaryimage"},"thumbnailUrl":"https:\/\/www.btv.md\/wp-content\/uploads\/2018\/02\/studenti-1.jpg","datePublished":"2018-02-22T17:10:35+00:00","author":{"@id":"https:\/\/www.btv.md\/#\/schema\/person\/8fadce81561b3ce2c34c46dadc4ccbf2"},"description":"Toate tipurile de burse pentru elevi \u0219i studen\u021bi ar putea s\u0103 se majoreze \u00een cur\u00e2nd cu 5%. Un proiect \u00een acest sens a fost elaborat de Ministerul Educa\u021biei, Culturii \u0219i Cercet\u0103rii, scrie Deschide.","inLanguage":"ro-RO","potentialAction":[{"@type":"ReadAction","target":["https:\/\/www.btv.md\/ro\/bursele-pentru-elevi-si-studenti-se-vor-majora-cu-5\/"]}]},{"@type":"ImageObject","inLanguage":"ro-RO","@id":"https:\/\/www.btv.md\/ro\/bursele-pentru-elevi-si-studenti-se-vor-majora-cu-5\/#primaryimage","url":"https:\/\/www.btv.md\/wp-content\/uploads\/2018\/02\/studenti-1.jpg","contentUrl":"https:\/\/www.btv.md\/wp-content\/uploads\/2018\/02\/studenti-1.jpg","width":700,"height":500},{"@type":"WebSite","@id":"https:\/\/www.btv.md\/#website","url":"https:\/\/www.btv.md\/","name":"BTV","description":"\u0411\u0435\u043b\u044c\u0446\u043a\u043e\u0435 \u0442\u0435\u043b\u0435\u0432\u0438\u0434\u0435\u043d\u0438\u0435","potentialAction":[{"@type":"SearchAction","target":{"@type":"EntryPoint","urlTemplate":"https:\/\/www.btv.md\/?s={search_term_string}"},"query-input":{"@type":"PropertyValueSpecification","valueRequired":true,"valueName":"search_term_string"}}],"inLanguage":"ro-RO"},{"@type":"Person","@id":"https:\/\/www.btv.md\/#\/schema\/person\/8fadce81561b3ce2c34c46dadc4ccbf2","name":"admin"}]}},"_links":{"self":[{"href":"https:\/\/www.btv.md\/ro\/wp-json\/wp\/v2\/posts\/41442","targetHints":{"allow":["GET"]}}],"collection":[{"href":"https:\/\/www.btv.md\/ro\/wp-json\/wp\/v2\/posts"}],"about":[{"href":"https:\/\/www.btv.md\/ro\/wp-json\/wp\/v2\/types\/post"}],"author":[{"embeddable":true,"href":"https:\/\/www.btv.md\/ro\/wp-json\/wp\/v2\/users\/4"}],"replies":[{"embeddable":true,"href":"https:\/\/www.btv.md\/ro\/wp-json\/wp\/v2\/comments?post=41442"}],"version-history":[{"count":0,"href":"https:\/\/www.btv.md\/ro\/wp-json\/wp\/v2\/posts\/41442\/revisions"}],"wp:featuredmedia":[{"embeddable":true,"href":"https:\/\/www.btv.md\/ro\/wp-json\/wp\/v2\/media\/41443"}],"wp:attachment":[{"href":"https:\/\/www.btv.md\/ro\/wp-json\/wp\/v2\/media?parent=41442"}],"wp:term":[{"taxonomy":"category","embeddable":true,"href":"https:\/\/www.btv.md\/ro\/wp-json\/wp\/v2\/categories?post=41442"},{"taxonomy":"post_tag","embeddable":true,"href":"https:\/\/www.btv.md\/ro\/wp-json\/wp\/v2\/tags?post=41442"}],"curies":[{"name":"wp","href":"https:\/\/api.w.org\/{rel}","templated":true}]}}