{"id":41445,"date":"2018-02-22T20:16:52","date_gmt":"2018-02-22T17:16:52","guid":{"rendered":"https:\/\/btv.md\/?p=41445"},"modified":"2018-02-22T20:16:52","modified_gmt":"2018-02-22T17:16:52","slug":"topul-tarilor-in-care-sa-nasti","status":"publish","type":"post","link":"https:\/\/www.btv.md\/ro\/topul-tarilor-in-care-sa-nasti\/","title":{"rendered":"Topul \u021b\u0103rilor \u00een care s\u0103 na\u0219ti"},"content":{"rendered":"<p style=\"text-align: center;\"><iframe data-src=\"https:\/\/www.youtube.com\/embed\/48d3Q4BKITw\" width=\"854\" height=\"480\" frameborder=\"0\" allowfullscreen=\"allowfullscreen\" src=\"data:image\/svg+xml;base64,PHN2ZyB3aWR0aD0iMSIgaGVpZ2h0PSIxIiB4bWxucz0iaHR0cDovL3d3dy53My5vcmcvMjAwMC9zdmciPjwvc3ZnPg==\" class=\"lazyload\" data-load-mode=\"1\"><\/iframe><\/p>\n<h4>Un raport publicat de UNICEF arat\u0103 c\u0103 2,6 milioane de copii nou-n\u0103scu\u021bi mor anual \u00een \u00eentreaga lume. \u00cen unele \u021b\u0103ri datele arat\u0103 c\u0103 situa\u021bia este foarte problematic\u0103, astfel \u00eenc\u00e2t 1 din 22 de bebelu\u0219i mor \u00een prima lun\u0103 de via\u021b\u0103, scrie <a href=\"http:\/\/jurnal.md\/ro\/social\/2018\/2\/21\/unicef-cele-mai-bune-si-rele-tari-in-care-sa-te-nasti-pe-ce-loc-se-afla-republica-moldova\/\">Jurnal<\/a>.<\/h4>\n<p>Potrivit raportului, \u0163ara cu cea mai mare rat\u0103 de mortalitate infantil\u0103 este Pakistan, cu 1 din 22 de bebelu\u015fi ce mor \u00een prima lun\u0103 de la na\u015ftere. La polul opus se afl\u0103 Japonia, cu un copil decedat din 1.111 de na\u015fteri. Datele sunt din 1990 (sau chiar mai devreme \u00een unele \u0163\u0103ri) \u015fi p\u00e2n\u0103 \u00een 2016, scrie<a href=\"http:\/\/jurnal.md\/ro\/social\/2018\/2\/21\/unicef-cele-mai-bune-si-rele-tari-in-care-sa-te-nasti-pe-ce-loc-se-afla-republica-moldova\/\">\u00a0jurnal.md<\/a>.<\/p>\n<p>CNN relateaz\u0103 c\u0103 un copil n\u0103scut \u00een Pakistan are \u015fanse de 50 de ori mai mari s\u0103 moar\u0103 dec\u00e2t unul n\u0103scut \u00een Japonia, Islanda ori Singapore.<\/p>\n<p>Republica Moldova se afl\u0103 pe locul 77 \u00een acest top, cu un deces la 84 de na\u015fteri.\u00a0<\/p>\n<p>Top 10 \u0163\u0103ri cu cea mai mare rat\u0103 de mortalitate \u00een r\u00e2ndul copiilor:<\/p>\n<p>&nbsp;<\/p>\n<ol>\n<li>Pakistan<\/li>\n<li>Republica Centralafrican\u0103<\/li>\n<li>Afghanistan<\/li>\n<li>Somalia<\/li>\n<li>Lesotho<\/li>\n<li>6.Guinea-Bissau<\/li>\n<li>Sudanul de Sud<\/li>\n<li>Costa de Filde\u015f<\/li>\n<li>Mali<\/li>\n<li>Ciad<\/li>\n<\/ol>\n<p>&nbsp;<\/p>\n<p>Multe dintre aceste \u0163\u0103ri sunt afectate de r\u0103zboaie, popula\u0163ia are acces limitat la ap\u0103 sau au fost afectate de dezastre naturale.<\/p>\n<p>Top 10 \u0163\u0103ri cu cea mai mic\u0103 mortalitate infantil\u0103<\/p>\n<p>&nbsp;<\/p>\n<ol>\n<li>Japonia<\/li>\n<li>Islanda<\/li>\n<li>Singapore<\/li>\n<li>Finlanda<\/li>\n<li>Slovenia<\/li>\n<li>Estonia<\/li>\n<li>Cipru<\/li>\n<li>Coreea de Sud<\/li>\n<li>Norvegia<\/li>\n<li>Luxembourg<\/li>\n<\/ol>\n<p>Cercet\u0103torii UNICEF spun c\u0103 meritele acestor \u0163\u0103ri sunt: o perioad\u0103 mai mare de combatere a mortalit\u0103\u0163ii infantile, ceea ce se traduce prin servicii de calitate \u00een spitale, grija mai \u00eendelungat\u0103 fa\u0163\u0103 de nou-n\u0103scu\u0163i \u015fi femei mai educate din punct de vedere sexual.<\/p>\n<p>\u00cen plus, potrivit raportului, rata mortalit\u0103\u0163ii infantile este str\u00e2ns legat\u0103 de nivelul de venituri din fiecare \u0163ar\u0103.<\/p>\n","protected":false},"excerpt":{"rendered":"<p>Un raport publicat de UNICEF arat\u0103 c\u0103 2,6 milioane de copii nou-n\u0103scu\u021bi mor anual \u00een \u00eentreaga lume. \u00cen unele \u021b\u0103ri datele arat\u0103 c\u0103 situa\u021bia este foarte problematic\u0103, astfel \u00eenc\u00e2t 1 din 22 de bebelu\u0219i mor \u00een prima lun\u0103 de via\u021b\u0103, scrie Jurnal. Potrivit raportului, \u0163ara cu cea mai mare rat\u0103 de mortalitate infantil\u0103 este Pakistan, [&hellip;]<\/p>\n","protected":false},"author":4,"featured_media":41446,"comment_status":"closed","ping_status":"closed","sticky":false,"template":"","format":"standard","meta":{"footnotes":""},"categories":[6349],"tags":[],"class_list":["post-41445","post","type-post","status-publish","format-standard","has-post-thumbnail","hentry","category-social"],"yoast_head":"<!-- This site is optimized with the Yoast SEO plugin v27.4 - https:\/\/yoast.com\/product\/yoast-seo-wordpress\/ -->\n<title>Topul \u021b\u0103rilor \u00een care s\u0103 na\u0219ti<\/title>\n<meta name=\"description\" content=\"Un raport publicat de UNICEF arat\u0103 c\u0103 2,6 milioane de copii nou-n\u0103scu\u021bi mor anual \u00een \u00eentreaga lume. \u00cen unele \u021b\u0103ri datele arat\u0103 c\u0103 situa\u021bia este foarte problematic\u0103, astfel \u00eenc\u00e2t 1 din 22 de bebelu\u0219i mor \u00een prima lun\u0103 de via\u021b\u0103, scrie Jurnal.\" \/>\n<meta name=\"robots\" content=\"index, follow, max-snippet:-1, max-image-preview:large, max-video-preview:-1\" \/>\n<link rel=\"canonical\" href=\"https:\/\/www.btv.md\/ro\/topul-tarilor-in-care-sa-nasti\/\" \/>\n<meta property=\"og:locale\" content=\"ro_RO\" \/>\n<meta property=\"og:type\" content=\"article\" \/>\n<meta property=\"og:title\" content=\"Topul \u021b\u0103rilor \u00een care s\u0103 na\u0219ti\" \/>\n<meta property=\"og:description\" content=\"Un raport publicat de UNICEF arat\u0103 c\u0103 2,6 milioane de copii nou-n\u0103scu\u021bi mor anual \u00een \u00eentreaga lume. \u00cen unele \u021b\u0103ri datele arat\u0103 c\u0103 situa\u021bia este foarte problematic\u0103, astfel \u00eenc\u00e2t 1 din 22 de bebelu\u0219i mor \u00een prima lun\u0103 de via\u021b\u0103, scrie Jurnal.\" \/>\n<meta property=\"og:url\" content=\"https:\/\/www.btv.md\/ro\/topul-tarilor-in-care-sa-nasti\/\" \/>\n<meta property=\"og:site_name\" content=\"BTV\" \/>\n<meta property=\"article:publisher\" content=\"https:\/\/www.facebook.com\/btvmoldova\/\" \/>\n<meta property=\"article:published_time\" content=\"2018-02-22T17:16:52+00:00\" \/>\n<meta property=\"og:image\" content=\"https:\/\/www.btv.md\/wp-content\/uploads\/2018\/02\/rebenok-2.jpg\" \/>\n\t<meta property=\"og:image:width\" content=\"700\" \/>\n\t<meta property=\"og:image:height\" content=\"500\" \/>\n\t<meta property=\"og:image:type\" content=\"image\/jpeg\" \/>\n<meta name=\"author\" content=\"admin\" \/>\n<meta name=\"twitter:label1\" content=\"Scris de\" \/>\n\t<meta name=\"twitter:data1\" content=\"admin\" \/>\n\t<meta name=\"twitter:label2\" content=\"Timp estimat pentru citire\" \/>\n\t<meta name=\"twitter:data2\" content=\"1 minut\" \/>\n<script type=\"application\/ld+json\" class=\"yoast-schema-graph\">{\"@context\":\"https:\\\/\\\/schema.org\",\"@graph\":[{\"@type\":\"Article\",\"@id\":\"https:\\\/\\\/www.btv.md\\\/ro\\\/topul-tarilor-in-care-sa-nasti\\\/#article\",\"isPartOf\":{\"@id\":\"https:\\\/\\\/www.btv.md\\\/ro\\\/topul-tarilor-in-care-sa-nasti\\\/\"},\"author\":{\"name\":\"admin\",\"@id\":\"https:\\\/\\\/www.btv.md\\\/#\\\/schema\\\/person\\\/8fadce81561b3ce2c34c46dadc4ccbf2\"},\"headline\":\"Topul \u021b\u0103rilor \u00een care s\u0103 na\u0219ti\",\"datePublished\":\"2018-02-22T17:16:52+00:00\",\"mainEntityOfPage\":{\"@id\":\"https:\\\/\\\/www.btv.md\\\/ro\\\/topul-tarilor-in-care-sa-nasti\\\/\"},\"wordCount\":292,\"image\":{\"@id\":\"https:\\\/\\\/www.btv.md\\\/ro\\\/topul-tarilor-in-care-sa-nasti\\\/#primaryimage\"},\"thumbnailUrl\":\"https:\\\/\\\/www.btv.md\\\/wp-content\\\/uploads\\\/2018\\\/02\\\/rebenok-2.jpg\",\"articleSection\":[\"Social\"],\"inLanguage\":\"ro-RO\"},{\"@type\":\"WebPage\",\"@id\":\"https:\\\/\\\/www.btv.md\\\/ro\\\/topul-tarilor-in-care-sa-nasti\\\/\",\"url\":\"https:\\\/\\\/www.btv.md\\\/ro\\\/topul-tarilor-in-care-sa-nasti\\\/\",\"name\":\"Topul \u021b\u0103rilor \u00een care s\u0103 na\u0219ti\",\"isPartOf\":{\"@id\":\"https:\\\/\\\/www.btv.md\\\/#website\"},\"primaryImageOfPage\":{\"@id\":\"https:\\\/\\\/www.btv.md\\\/ro\\\/topul-tarilor-in-care-sa-nasti\\\/#primaryimage\"},\"image\":{\"@id\":\"https:\\\/\\\/www.btv.md\\\/ro\\\/topul-tarilor-in-care-sa-nasti\\\/#primaryimage\"},\"thumbnailUrl\":\"https:\\\/\\\/www.btv.md\\\/wp-content\\\/uploads\\\/2018\\\/02\\\/rebenok-2.jpg\",\"datePublished\":\"2018-02-22T17:16:52+00:00\",\"author\":{\"@id\":\"https:\\\/\\\/www.btv.md\\\/#\\\/schema\\\/person\\\/8fadce81561b3ce2c34c46dadc4ccbf2\"},\"description\":\"Un raport publicat de UNICEF arat\u0103 c\u0103 2,6 milioane de copii nou-n\u0103scu\u021bi mor anual \u00een \u00eentreaga lume. \u00cen unele \u021b\u0103ri datele arat\u0103 c\u0103 situa\u021bia este foarte problematic\u0103, astfel \u00eenc\u00e2t 1 din 22 de bebelu\u0219i mor \u00een prima lun\u0103 de via\u021b\u0103, scrie Jurnal.\",\"inLanguage\":\"ro-RO\",\"potentialAction\":[{\"@type\":\"ReadAction\",\"target\":[\"https:\\\/\\\/www.btv.md\\\/ro\\\/topul-tarilor-in-care-sa-nasti\\\/\"]}]},{\"@type\":\"ImageObject\",\"inLanguage\":\"ro-RO\",\"@id\":\"https:\\\/\\\/www.btv.md\\\/ro\\\/topul-tarilor-in-care-sa-nasti\\\/#primaryimage\",\"url\":\"https:\\\/\\\/www.btv.md\\\/wp-content\\\/uploads\\\/2018\\\/02\\\/rebenok-2.jpg\",\"contentUrl\":\"https:\\\/\\\/www.btv.md\\\/wp-content\\\/uploads\\\/2018\\\/02\\\/rebenok-2.jpg\",\"width\":700,\"height\":500,\"caption\":\"Smiling baby girl lying on a bed sleeping on blue sheets\"},{\"@type\":\"WebSite\",\"@id\":\"https:\\\/\\\/www.btv.md\\\/#website\",\"url\":\"https:\\\/\\\/www.btv.md\\\/\",\"name\":\"BTV\",\"description\":\"\u0411\u0435\u043b\u044c\u0446\u043a\u043e\u0435 \u0442\u0435\u043b\u0435\u0432\u0438\u0434\u0435\u043d\u0438\u0435\",\"potentialAction\":[{\"@type\":\"SearchAction\",\"target\":{\"@type\":\"EntryPoint\",\"urlTemplate\":\"https:\\\/\\\/www.btv.md\\\/?s={search_term_string}\"},\"query-input\":{\"@type\":\"PropertyValueSpecification\",\"valueRequired\":true,\"valueName\":\"search_term_string\"}}],\"inLanguage\":\"ro-RO\"},{\"@type\":\"Person\",\"@id\":\"https:\\\/\\\/www.btv.md\\\/#\\\/schema\\\/person\\\/8fadce81561b3ce2c34c46dadc4ccbf2\",\"name\":\"admin\"}]}<\/script>\n<!-- \/ Yoast SEO plugin. -->","yoast_head_json":{"title":"Topul \u021b\u0103rilor \u00een care s\u0103 na\u0219ti","description":"Un raport publicat de UNICEF arat\u0103 c\u0103 2,6 milioane de copii nou-n\u0103scu\u021bi mor anual \u00een \u00eentreaga lume. \u00cen unele \u021b\u0103ri datele arat\u0103 c\u0103 situa\u021bia este foarte problematic\u0103, astfel \u00eenc\u00e2t 1 din 22 de bebelu\u0219i mor \u00een prima lun\u0103 de via\u021b\u0103, scrie Jurnal.","robots":{"index":"index","follow":"follow","max-snippet":"max-snippet:-1","max-image-preview":"max-image-preview:large","max-video-preview":"max-video-preview:-1"},"canonical":"https:\/\/www.btv.md\/ro\/topul-tarilor-in-care-sa-nasti\/","og_locale":"ro_RO","og_type":"article","og_title":"Topul \u021b\u0103rilor \u00een care s\u0103 na\u0219ti","og_description":"Un raport publicat de UNICEF arat\u0103 c\u0103 2,6 milioane de copii nou-n\u0103scu\u021bi mor anual \u00een \u00eentreaga lume. \u00cen unele \u021b\u0103ri datele arat\u0103 c\u0103 situa\u021bia este foarte problematic\u0103, astfel \u00eenc\u00e2t 1 din 22 de bebelu\u0219i mor \u00een prima lun\u0103 de via\u021b\u0103, scrie Jurnal.","og_url":"https:\/\/www.btv.md\/ro\/topul-tarilor-in-care-sa-nasti\/","og_site_name":"BTV","article_publisher":"https:\/\/www.facebook.com\/btvmoldova\/","article_published_time":"2018-02-22T17:16:52+00:00","og_image":[{"width":700,"height":500,"url":"https:\/\/www.btv.md\/wp-content\/uploads\/2018\/02\/rebenok-2.jpg","type":"image\/jpeg"}],"author":"admin","twitter_misc":{"Scris de":"admin","Timp estimat pentru citire":"1 minut"},"schema":{"@context":"https:\/\/schema.org","@graph":[{"@type":"Article","@id":"https:\/\/www.btv.md\/ro\/topul-tarilor-in-care-sa-nasti\/#article","isPartOf":{"@id":"https:\/\/www.btv.md\/ro\/topul-tarilor-in-care-sa-nasti\/"},"author":{"name":"admin","@id":"https:\/\/www.btv.md\/#\/schema\/person\/8fadce81561b3ce2c34c46dadc4ccbf2"},"headline":"Topul \u021b\u0103rilor \u00een care s\u0103 na\u0219ti","datePublished":"2018-02-22T17:16:52+00:00","mainEntityOfPage":{"@id":"https:\/\/www.btv.md\/ro\/topul-tarilor-in-care-sa-nasti\/"},"wordCount":292,"image":{"@id":"https:\/\/www.btv.md\/ro\/topul-tarilor-in-care-sa-nasti\/#primaryimage"},"thumbnailUrl":"https:\/\/www.btv.md\/wp-content\/uploads\/2018\/02\/rebenok-2.jpg","articleSection":["Social"],"inLanguage":"ro-RO"},{"@type":"WebPage","@id":"https:\/\/www.btv.md\/ro\/topul-tarilor-in-care-sa-nasti\/","url":"https:\/\/www.btv.md\/ro\/topul-tarilor-in-care-sa-nasti\/","name":"Topul \u021b\u0103rilor \u00een care s\u0103 na\u0219ti","isPartOf":{"@id":"https:\/\/www.btv.md\/#website"},"primaryImageOfPage":{"@id":"https:\/\/www.btv.md\/ro\/topul-tarilor-in-care-sa-nasti\/#primaryimage"},"image":{"@id":"https:\/\/www.btv.md\/ro\/topul-tarilor-in-care-sa-nasti\/#primaryimage"},"thumbnailUrl":"https:\/\/www.btv.md\/wp-content\/uploads\/2018\/02\/rebenok-2.jpg","datePublished":"2018-02-22T17:16:52+00:00","author":{"@id":"https:\/\/www.btv.md\/#\/schema\/person\/8fadce81561b3ce2c34c46dadc4ccbf2"},"description":"Un raport publicat de UNICEF arat\u0103 c\u0103 2,6 milioane de copii nou-n\u0103scu\u021bi mor anual \u00een \u00eentreaga lume. \u00cen unele \u021b\u0103ri datele arat\u0103 c\u0103 situa\u021bia este foarte problematic\u0103, astfel \u00eenc\u00e2t 1 din 22 de bebelu\u0219i mor \u00een prima lun\u0103 de via\u021b\u0103, scrie Jurnal.","inLanguage":"ro-RO","potentialAction":[{"@type":"ReadAction","target":["https:\/\/www.btv.md\/ro\/topul-tarilor-in-care-sa-nasti\/"]}]},{"@type":"ImageObject","inLanguage":"ro-RO","@id":"https:\/\/www.btv.md\/ro\/topul-tarilor-in-care-sa-nasti\/#primaryimage","url":"https:\/\/www.btv.md\/wp-content\/uploads\/2018\/02\/rebenok-2.jpg","contentUrl":"https:\/\/www.btv.md\/wp-content\/uploads\/2018\/02\/rebenok-2.jpg","width":700,"height":500,"caption":"Smiling baby girl lying on a bed sleeping on blue sheets"},{"@type":"WebSite","@id":"https:\/\/www.btv.md\/#website","url":"https:\/\/www.btv.md\/","name":"BTV","description":"\u0411\u0435\u043b\u044c\u0446\u043a\u043e\u0435 \u0442\u0435\u043b\u0435\u0432\u0438\u0434\u0435\u043d\u0438\u0435","potentialAction":[{"@type":"SearchAction","target":{"@type":"EntryPoint","urlTemplate":"https:\/\/www.btv.md\/?s={search_term_string}"},"query-input":{"@type":"PropertyValueSpecification","valueRequired":true,"valueName":"search_term_string"}}],"inLanguage":"ro-RO"},{"@type":"Person","@id":"https:\/\/www.btv.md\/#\/schema\/person\/8fadce81561b3ce2c34c46dadc4ccbf2","name":"admin"}]}},"_links":{"self":[{"href":"https:\/\/www.btv.md\/ro\/wp-json\/wp\/v2\/posts\/41445","targetHints":{"allow":["GET"]}}],"collection":[{"href":"https:\/\/www.btv.md\/ro\/wp-json\/wp\/v2\/posts"}],"about":[{"href":"https:\/\/www.btv.md\/ro\/wp-json\/wp\/v2\/types\/post"}],"author":[{"embeddable":true,"href":"https:\/\/www.btv.md\/ro\/wp-json\/wp\/v2\/users\/4"}],"replies":[{"embeddable":true,"href":"https:\/\/www.btv.md\/ro\/wp-json\/wp\/v2\/comments?post=41445"}],"version-history":[{"count":0,"href":"https:\/\/www.btv.md\/ro\/wp-json\/wp\/v2\/posts\/41445\/revisions"}],"wp:featuredmedia":[{"embeddable":true,"href":"https:\/\/www.btv.md\/ro\/wp-json\/wp\/v2\/media\/41446"}],"wp:attachment":[{"href":"https:\/\/www.btv.md\/ro\/wp-json\/wp\/v2\/media?parent=41445"}],"wp:term":[{"taxonomy":"category","embeddable":true,"href":"https:\/\/www.btv.md\/ro\/wp-json\/wp\/v2\/categories?post=41445"},{"taxonomy":"post_tag","embeddable":true,"href":"https:\/\/www.btv.md\/ro\/wp-json\/wp\/v2\/tags?post=41445"}],"curies":[{"name":"wp","href":"https:\/\/api.w.org\/{rel}","templated":true}]}}