{"id":42003,"date":"2018-02-26T13:38:12","date_gmt":"2018-02-26T10:38:12","guid":{"rendered":"https:\/\/btv.md\/?p=42003"},"modified":"2018-02-26T15:00:04","modified_gmt":"2018-02-26T12:00:04","slug":"la-cate-generatii-se-transmite-pacatul-blestemului-o-vorba-aruncata-la-suparare-poate-cantari-greu","status":"publish","type":"post","link":"https:\/\/www.btv.md\/ro\/la-cate-generatii-se-transmite-pacatul-blestemului-o-vorba-aruncata-la-suparare-poate-cantari-greu\/","title":{"rendered":"La c\u00e2te genera\u021bii se transmite p\u0103catul blestemului. O vorb\u0103 aruncat\u0103 la sup\u0103rare poate c\u00e2nt\u0103ri greu"},"content":{"rendered":"<p style=\"text-align: center;\"><iframe data-src=\"https:\/\/www.youtube.com\/embed\/wBQ0BJj6HbI\" width=\"854\" height=\"480\" frameborder=\"0\" allowfullscreen=\"allowfullscreen\" src=\"data:image\/svg+xml;base64,PHN2ZyB3aWR0aD0iMSIgaGVpZ2h0PSIxIiB4bWxucz0iaHR0cDovL3d3dy53My5vcmcvMjAwMC9zdmciPjwvc3ZnPg==\" class=\"lazyload\" data-load-mode=\"1\"><\/iframe><\/p>\n<h4>P\u0103catul blestemului este unul mare. \u0218i nu e pedepsit doar de Biseric\u0103. El se love\u0219te genera\u021bii la r\u00e2nd \u0219i e greu de sc\u0103pat de el. O vorb\u0103 aruncat\u0103 la sup\u0103rare poate c\u00e2nt\u0103ri greu.<\/h4>\n<p>De aceea a \u015fi ajuns p\u0103catul blestemului at\u00e2t de temut. Iar c\u00e2nd vine din partea fe\u0163elor biserice\u015fti, e \u015fi mai grav. Iat\u0103 de ce este un mare p\u0103cat s\u0103 blestemi, scrie <a href=\"https:\/\/www.antena3.ro\/life\/pacatul-blestemului-se-transmite-si-face-mult-rau-456531.html\">antena3.ro<\/a>.<\/p>\n<p>Potrivit dic\u021bionarelor explicative, cuv\u00e2ntul blestem se traduce prin invocarea urgiei divinit\u0103\u021bii asupra cuiva. Biserica recunoa\u0219te p\u0103catul blestemului ca fiind o cerere adresat\u0103 lui Dumnezeu sau diavolului, care se r\u0103sfr\u00e2nge asupra fiin\u021bei ori lucrului blestemat sau chiar asupra celui care blesteam\u0103. Se num\u0103r\u0103 printre cele mai mari p\u0103cate, fiind o abatere grav\u0103 de la legile cre\u0219tine\u0219ti. Pe de alt\u0103 parte, anatema este o formul\u0103 de blestem utilizat\u0103 de reprezentan\u021bii Bisericii. Aceasta reprezint\u0103 excluderea, pieirea etern\u0103. O alt\u0103 form\u0103 puternic\u0103 de blestem este defixio, o t\u0103bli\u021b\u0103 de plumb inscrip\u021bionat\u0103 cu mesaje negative, apoi \u00eengropat\u0103. Aceasta \u00ee\u0219i are originile \u00een vechime \u0219i se mai utilizeaz\u0103 \u0219i azi \u00een magia neagr\u0103.<\/p>\n<p>Chiar din Sf\u00e2nta Scriptur\u0103 reiese c\u0103 blestemul \u00ee\u0219i are originile \u00eenc\u0103 de la facerea lumii. \u00censu\u0219i Dumnezeu a blestemat \u0219arpele care i-a ispitit pe Adam \u0219i pe Eva, apoi pe Cain, cel care \u0219i-a ucis fratele, Abel. Mai t\u00e2rziu, blestemul a devenit o modalitate de manifestare a autorit\u0103\u021bii biserice\u0219ti, \u00eens\u0103 a fost \u00eendreptat numai asupra diavolului \u0219i a demonilor. Chiar \u0219i \u00een scrierile religioase, precum Moliftele Sf\u00e2ntului Vasile, este reg\u0103sit. \u00cempotriva ereziilor, Biserica face uz de anatem\u0103, \u00eenl\u0103tur\u00e2ndu-i astfel, pe o durat\u0103 limitat\u0103 sau pentru totdeauna, pe cei care \u00eei \u00eencalc\u0103 legile. Totu\u0219i, se consider\u0103 c\u0103, prin blestem, pred\u0103m cu bun\u0103 \u0219tiin\u021b\u0103 diavolului fiin\u021ba sau obiectul blestemat \u0219i chiar propria noastr\u0103 persoan\u0103.<\/p>\n","protected":false},"excerpt":{"rendered":"<p>P\u0103catul blestemului este unul mare. \u0218i nu e pedepsit doar de Biseric\u0103. El se love\u0219te genera\u021bii la r\u00e2nd \u0219i e greu de sc\u0103pat de el. O vorb\u0103 aruncat\u0103 la sup\u0103rare poate c\u00e2nt\u0103ri greu. De aceea a \u015fi ajuns p\u0103catul blestemului at\u00e2t de temut. Iar c\u00e2nd vine din partea fe\u0163elor biserice\u015fti, e \u015fi mai grav. Iat\u0103 [&hellip;]<\/p>\n","protected":false},"author":4,"featured_media":42004,"comment_status":"closed","ping_status":"closed","sticky":false,"template":"","format":"standard","meta":{"footnotes":""},"categories":[6349],"tags":[],"class_list":["post-42003","post","type-post","status-publish","format-standard","has-post-thumbnail","hentry","category-social"],"yoast_head":"<!-- This site is optimized with the Yoast SEO plugin v27.4 - https:\/\/yoast.com\/product\/yoast-seo-wordpress\/ -->\n<title>La c\u00e2te genera\u021bii se transmite p\u0103catul blestemului. O vorb\u0103 aruncat\u0103 la sup\u0103rare poate c\u00e2nt\u0103ri greu<\/title>\n<meta name=\"description\" content=\"P\u0103catul blestemului este unul mare. \u0218i nu e pedepsit doar de Biseric\u0103. El se love\u0219te genera\u021bii la r\u00e2nd \u0219i e greu de sc\u0103pat de el. O vorb\u0103 aruncat\u0103 la sup\u0103rare poate c\u00e2nt\u0103ri greu.\" \/>\n<meta name=\"robots\" content=\"index, follow, max-snippet:-1, max-image-preview:large, max-video-preview:-1\" \/>\n<link rel=\"canonical\" href=\"https:\/\/www.btv.md\/ro\/la-cate-generatii-se-transmite-pacatul-blestemului-o-vorba-aruncata-la-suparare-poate-cantari-greu\/\" \/>\n<meta property=\"og:locale\" content=\"ro_RO\" \/>\n<meta property=\"og:type\" content=\"article\" \/>\n<meta property=\"og:title\" content=\"La c\u00e2te genera\u021bii se transmite p\u0103catul blestemului. O vorb\u0103 aruncat\u0103 la sup\u0103rare poate c\u00e2nt\u0103ri greu\" \/>\n<meta property=\"og:description\" content=\"P\u0103catul blestemului este unul mare. \u0218i nu e pedepsit doar de Biseric\u0103. El se love\u0219te genera\u021bii la r\u00e2nd \u0219i e greu de sc\u0103pat de el. O vorb\u0103 aruncat\u0103 la sup\u0103rare poate c\u00e2nt\u0103ri greu.\" \/>\n<meta property=\"og:url\" content=\"https:\/\/www.btv.md\/ro\/la-cate-generatii-se-transmite-pacatul-blestemului-o-vorba-aruncata-la-suparare-poate-cantari-greu\/\" \/>\n<meta property=\"og:site_name\" content=\"BTV\" \/>\n<meta property=\"article:publisher\" content=\"https:\/\/www.facebook.com\/btvmoldova\/\" \/>\n<meta property=\"article:published_time\" content=\"2018-02-26T10:38:12+00:00\" \/>\n<meta property=\"article:modified_time\" content=\"2018-02-26T12:00:04+00:00\" \/>\n<meta property=\"og:image\" content=\"https:\/\/www.btv.md\/wp-content\/uploads\/2018\/02\/pokolenia.jpg\" \/>\n\t<meta property=\"og:image:width\" content=\"700\" \/>\n\t<meta property=\"og:image:height\" content=\"500\" \/>\n\t<meta property=\"og:image:type\" content=\"image\/jpeg\" \/>\n<meta name=\"author\" content=\"admin\" \/>\n<meta name=\"twitter:label1\" content=\"Scris de\" \/>\n\t<meta name=\"twitter:data1\" content=\"admin\" \/>\n\t<meta name=\"twitter:label2\" content=\"Timp estimat pentru citire\" \/>\n\t<meta name=\"twitter:data2\" content=\"2 minute\" \/>\n<script type=\"application\/ld+json\" class=\"yoast-schema-graph\">{\"@context\":\"https:\\\/\\\/schema.org\",\"@graph\":[{\"@type\":\"Article\",\"@id\":\"https:\\\/\\\/www.btv.md\\\/ro\\\/la-cate-generatii-se-transmite-pacatul-blestemului-o-vorba-aruncata-la-suparare-poate-cantari-greu\\\/#article\",\"isPartOf\":{\"@id\":\"https:\\\/\\\/www.btv.md\\\/ro\\\/la-cate-generatii-se-transmite-pacatul-blestemului-o-vorba-aruncata-la-suparare-poate-cantari-greu\\\/\"},\"author\":{\"name\":\"admin\",\"@id\":\"https:\\\/\\\/www.btv.md\\\/#\\\/schema\\\/person\\\/8fadce81561b3ce2c34c46dadc4ccbf2\"},\"headline\":\"La c\u00e2te genera\u021bii se transmite p\u0103catul blestemului. O vorb\u0103 aruncat\u0103 la sup\u0103rare poate c\u00e2nt\u0103ri greu\",\"datePublished\":\"2018-02-26T10:38:12+00:00\",\"dateModified\":\"2018-02-26T12:00:04+00:00\",\"mainEntityOfPage\":{\"@id\":\"https:\\\/\\\/www.btv.md\\\/ro\\\/la-cate-generatii-se-transmite-pacatul-blestemului-o-vorba-aruncata-la-suparare-poate-cantari-greu\\\/\"},\"wordCount\":347,\"image\":{\"@id\":\"https:\\\/\\\/www.btv.md\\\/ro\\\/la-cate-generatii-se-transmite-pacatul-blestemului-o-vorba-aruncata-la-suparare-poate-cantari-greu\\\/#primaryimage\"},\"thumbnailUrl\":\"https:\\\/\\\/www.btv.md\\\/wp-content\\\/uploads\\\/2018\\\/02\\\/pokolenia.jpg\",\"articleSection\":[\"Social\"],\"inLanguage\":\"ro-RO\"},{\"@type\":\"WebPage\",\"@id\":\"https:\\\/\\\/www.btv.md\\\/ro\\\/la-cate-generatii-se-transmite-pacatul-blestemului-o-vorba-aruncata-la-suparare-poate-cantari-greu\\\/\",\"url\":\"https:\\\/\\\/www.btv.md\\\/ro\\\/la-cate-generatii-se-transmite-pacatul-blestemului-o-vorba-aruncata-la-suparare-poate-cantari-greu\\\/\",\"name\":\"La c\u00e2te genera\u021bii se transmite p\u0103catul blestemului. O vorb\u0103 aruncat\u0103 la sup\u0103rare poate c\u00e2nt\u0103ri greu\",\"isPartOf\":{\"@id\":\"https:\\\/\\\/www.btv.md\\\/#website\"},\"primaryImageOfPage\":{\"@id\":\"https:\\\/\\\/www.btv.md\\\/ro\\\/la-cate-generatii-se-transmite-pacatul-blestemului-o-vorba-aruncata-la-suparare-poate-cantari-greu\\\/#primaryimage\"},\"image\":{\"@id\":\"https:\\\/\\\/www.btv.md\\\/ro\\\/la-cate-generatii-se-transmite-pacatul-blestemului-o-vorba-aruncata-la-suparare-poate-cantari-greu\\\/#primaryimage\"},\"thumbnailUrl\":\"https:\\\/\\\/www.btv.md\\\/wp-content\\\/uploads\\\/2018\\\/02\\\/pokolenia.jpg\",\"datePublished\":\"2018-02-26T10:38:12+00:00\",\"dateModified\":\"2018-02-26T12:00:04+00:00\",\"author\":{\"@id\":\"https:\\\/\\\/www.btv.md\\\/#\\\/schema\\\/person\\\/8fadce81561b3ce2c34c46dadc4ccbf2\"},\"description\":\"P\u0103catul blestemului este unul mare. \u0218i nu e pedepsit doar de Biseric\u0103. El se love\u0219te genera\u021bii la r\u00e2nd \u0219i e greu de sc\u0103pat de el. O vorb\u0103 aruncat\u0103 la sup\u0103rare poate c\u00e2nt\u0103ri greu.\",\"inLanguage\":\"ro-RO\",\"potentialAction\":[{\"@type\":\"ReadAction\",\"target\":[\"https:\\\/\\\/www.btv.md\\\/ro\\\/la-cate-generatii-se-transmite-pacatul-blestemului-o-vorba-aruncata-la-suparare-poate-cantari-greu\\\/\"]}]},{\"@type\":\"ImageObject\",\"inLanguage\":\"ro-RO\",\"@id\":\"https:\\\/\\\/www.btv.md\\\/ro\\\/la-cate-generatii-se-transmite-pacatul-blestemului-o-vorba-aruncata-la-suparare-poate-cantari-greu\\\/#primaryimage\",\"url\":\"https:\\\/\\\/www.btv.md\\\/wp-content\\\/uploads\\\/2018\\\/02\\\/pokolenia.jpg\",\"contentUrl\":\"https:\\\/\\\/www.btv.md\\\/wp-content\\\/uploads\\\/2018\\\/02\\\/pokolenia.jpg\",\"width\":700,\"height\":500},{\"@type\":\"WebSite\",\"@id\":\"https:\\\/\\\/www.btv.md\\\/#website\",\"url\":\"https:\\\/\\\/www.btv.md\\\/\",\"name\":\"BTV\",\"description\":\"\u0411\u0435\u043b\u044c\u0446\u043a\u043e\u0435 \u0442\u0435\u043b\u0435\u0432\u0438\u0434\u0435\u043d\u0438\u0435\",\"potentialAction\":[{\"@type\":\"SearchAction\",\"target\":{\"@type\":\"EntryPoint\",\"urlTemplate\":\"https:\\\/\\\/www.btv.md\\\/?s={search_term_string}\"},\"query-input\":{\"@type\":\"PropertyValueSpecification\",\"valueRequired\":true,\"valueName\":\"search_term_string\"}}],\"inLanguage\":\"ro-RO\"},{\"@type\":\"Person\",\"@id\":\"https:\\\/\\\/www.btv.md\\\/#\\\/schema\\\/person\\\/8fadce81561b3ce2c34c46dadc4ccbf2\",\"name\":\"admin\"}]}<\/script>\n<!-- \/ Yoast SEO plugin. -->","yoast_head_json":{"title":"La c\u00e2te genera\u021bii se transmite p\u0103catul blestemului. O vorb\u0103 aruncat\u0103 la sup\u0103rare poate c\u00e2nt\u0103ri greu","description":"P\u0103catul blestemului este unul mare. \u0218i nu e pedepsit doar de Biseric\u0103. El se love\u0219te genera\u021bii la r\u00e2nd \u0219i e greu de sc\u0103pat de el. O vorb\u0103 aruncat\u0103 la sup\u0103rare poate c\u00e2nt\u0103ri greu.","robots":{"index":"index","follow":"follow","max-snippet":"max-snippet:-1","max-image-preview":"max-image-preview:large","max-video-preview":"max-video-preview:-1"},"canonical":"https:\/\/www.btv.md\/ro\/la-cate-generatii-se-transmite-pacatul-blestemului-o-vorba-aruncata-la-suparare-poate-cantari-greu\/","og_locale":"ro_RO","og_type":"article","og_title":"La c\u00e2te genera\u021bii se transmite p\u0103catul blestemului. O vorb\u0103 aruncat\u0103 la sup\u0103rare poate c\u00e2nt\u0103ri greu","og_description":"P\u0103catul blestemului este unul mare. \u0218i nu e pedepsit doar de Biseric\u0103. El se love\u0219te genera\u021bii la r\u00e2nd \u0219i e greu de sc\u0103pat de el. O vorb\u0103 aruncat\u0103 la sup\u0103rare poate c\u00e2nt\u0103ri greu.","og_url":"https:\/\/www.btv.md\/ro\/la-cate-generatii-se-transmite-pacatul-blestemului-o-vorba-aruncata-la-suparare-poate-cantari-greu\/","og_site_name":"BTV","article_publisher":"https:\/\/www.facebook.com\/btvmoldova\/","article_published_time":"2018-02-26T10:38:12+00:00","article_modified_time":"2018-02-26T12:00:04+00:00","og_image":[{"width":700,"height":500,"url":"https:\/\/www.btv.md\/wp-content\/uploads\/2018\/02\/pokolenia.jpg","type":"image\/jpeg"}],"author":"admin","twitter_misc":{"Scris de":"admin","Timp estimat pentru citire":"2 minute"},"schema":{"@context":"https:\/\/schema.org","@graph":[{"@type":"Article","@id":"https:\/\/www.btv.md\/ro\/la-cate-generatii-se-transmite-pacatul-blestemului-o-vorba-aruncata-la-suparare-poate-cantari-greu\/#article","isPartOf":{"@id":"https:\/\/www.btv.md\/ro\/la-cate-generatii-se-transmite-pacatul-blestemului-o-vorba-aruncata-la-suparare-poate-cantari-greu\/"},"author":{"name":"admin","@id":"https:\/\/www.btv.md\/#\/schema\/person\/8fadce81561b3ce2c34c46dadc4ccbf2"},"headline":"La c\u00e2te genera\u021bii se transmite p\u0103catul blestemului. O vorb\u0103 aruncat\u0103 la sup\u0103rare poate c\u00e2nt\u0103ri greu","datePublished":"2018-02-26T10:38:12+00:00","dateModified":"2018-02-26T12:00:04+00:00","mainEntityOfPage":{"@id":"https:\/\/www.btv.md\/ro\/la-cate-generatii-se-transmite-pacatul-blestemului-o-vorba-aruncata-la-suparare-poate-cantari-greu\/"},"wordCount":347,"image":{"@id":"https:\/\/www.btv.md\/ro\/la-cate-generatii-se-transmite-pacatul-blestemului-o-vorba-aruncata-la-suparare-poate-cantari-greu\/#primaryimage"},"thumbnailUrl":"https:\/\/www.btv.md\/wp-content\/uploads\/2018\/02\/pokolenia.jpg","articleSection":["Social"],"inLanguage":"ro-RO"},{"@type":"WebPage","@id":"https:\/\/www.btv.md\/ro\/la-cate-generatii-se-transmite-pacatul-blestemului-o-vorba-aruncata-la-suparare-poate-cantari-greu\/","url":"https:\/\/www.btv.md\/ro\/la-cate-generatii-se-transmite-pacatul-blestemului-o-vorba-aruncata-la-suparare-poate-cantari-greu\/","name":"La c\u00e2te genera\u021bii se transmite p\u0103catul blestemului. O vorb\u0103 aruncat\u0103 la sup\u0103rare poate c\u00e2nt\u0103ri greu","isPartOf":{"@id":"https:\/\/www.btv.md\/#website"},"primaryImageOfPage":{"@id":"https:\/\/www.btv.md\/ro\/la-cate-generatii-se-transmite-pacatul-blestemului-o-vorba-aruncata-la-suparare-poate-cantari-greu\/#primaryimage"},"image":{"@id":"https:\/\/www.btv.md\/ro\/la-cate-generatii-se-transmite-pacatul-blestemului-o-vorba-aruncata-la-suparare-poate-cantari-greu\/#primaryimage"},"thumbnailUrl":"https:\/\/www.btv.md\/wp-content\/uploads\/2018\/02\/pokolenia.jpg","datePublished":"2018-02-26T10:38:12+00:00","dateModified":"2018-02-26T12:00:04+00:00","author":{"@id":"https:\/\/www.btv.md\/#\/schema\/person\/8fadce81561b3ce2c34c46dadc4ccbf2"},"description":"P\u0103catul blestemului este unul mare. \u0218i nu e pedepsit doar de Biseric\u0103. El se love\u0219te genera\u021bii la r\u00e2nd \u0219i e greu de sc\u0103pat de el. O vorb\u0103 aruncat\u0103 la sup\u0103rare poate c\u00e2nt\u0103ri greu.","inLanguage":"ro-RO","potentialAction":[{"@type":"ReadAction","target":["https:\/\/www.btv.md\/ro\/la-cate-generatii-se-transmite-pacatul-blestemului-o-vorba-aruncata-la-suparare-poate-cantari-greu\/"]}]},{"@type":"ImageObject","inLanguage":"ro-RO","@id":"https:\/\/www.btv.md\/ro\/la-cate-generatii-se-transmite-pacatul-blestemului-o-vorba-aruncata-la-suparare-poate-cantari-greu\/#primaryimage","url":"https:\/\/www.btv.md\/wp-content\/uploads\/2018\/02\/pokolenia.jpg","contentUrl":"https:\/\/www.btv.md\/wp-content\/uploads\/2018\/02\/pokolenia.jpg","width":700,"height":500},{"@type":"WebSite","@id":"https:\/\/www.btv.md\/#website","url":"https:\/\/www.btv.md\/","name":"BTV","description":"\u0411\u0435\u043b\u044c\u0446\u043a\u043e\u0435 \u0442\u0435\u043b\u0435\u0432\u0438\u0434\u0435\u043d\u0438\u0435","potentialAction":[{"@type":"SearchAction","target":{"@type":"EntryPoint","urlTemplate":"https:\/\/www.btv.md\/?s={search_term_string}"},"query-input":{"@type":"PropertyValueSpecification","valueRequired":true,"valueName":"search_term_string"}}],"inLanguage":"ro-RO"},{"@type":"Person","@id":"https:\/\/www.btv.md\/#\/schema\/person\/8fadce81561b3ce2c34c46dadc4ccbf2","name":"admin"}]}},"_links":{"self":[{"href":"https:\/\/www.btv.md\/ro\/wp-json\/wp\/v2\/posts\/42003","targetHints":{"allow":["GET"]}}],"collection":[{"href":"https:\/\/www.btv.md\/ro\/wp-json\/wp\/v2\/posts"}],"about":[{"href":"https:\/\/www.btv.md\/ro\/wp-json\/wp\/v2\/types\/post"}],"author":[{"embeddable":true,"href":"https:\/\/www.btv.md\/ro\/wp-json\/wp\/v2\/users\/4"}],"replies":[{"embeddable":true,"href":"https:\/\/www.btv.md\/ro\/wp-json\/wp\/v2\/comments?post=42003"}],"version-history":[{"count":0,"href":"https:\/\/www.btv.md\/ro\/wp-json\/wp\/v2\/posts\/42003\/revisions"}],"wp:featuredmedia":[{"embeddable":true,"href":"https:\/\/www.btv.md\/ro\/wp-json\/wp\/v2\/media\/42004"}],"wp:attachment":[{"href":"https:\/\/www.btv.md\/ro\/wp-json\/wp\/v2\/media?parent=42003"}],"wp:term":[{"taxonomy":"category","embeddable":true,"href":"https:\/\/www.btv.md\/ro\/wp-json\/wp\/v2\/categories?post=42003"},{"taxonomy":"post_tag","embeddable":true,"href":"https:\/\/www.btv.md\/ro\/wp-json\/wp\/v2\/tags?post=42003"}],"curies":[{"name":"wp","href":"https:\/\/api.w.org\/{rel}","templated":true}]}}